{"id":17815,"date":"2011-07-04T14:16:18","date_gmt":"2011-07-04T12:16:18","guid":{"rendered":"https:\/\/sandzakpress.net\/arhiva\/?p=17815"},"modified":"2011-07-04T14:16:18","modified_gmt":"2011-07-04T12:16:18","slug":"dvojica-povrijedena","status":"publish","type":"post","link":"https:\/\/sandzakpress.net\/arhiva\/dvojica-povrijedena\/","title":{"rendered":"Dvojica povrije\u0111ena"},"content":{"rendered":"<p><strong><a href=\"https:\/\/sandzakpress.net\/arhiva\/wp-content\/uploads\/2011\/07\/images3.jpeg\"><img loading=\"lazy\" decoding=\"async\" class=\"alignleft size-full wp-image-17816\" src=\"https:\/\/sandzakpress.net\/arhiva\/wp-content\/uploads\/2011\/07\/images3.jpeg\" alt=\"\" width=\"144\" height=\"144\" srcset=\"https:\/\/sandzakpress.net\/arhiva\/wp-content\/uploads\/2011\/07\/images3.jpeg 144w, https:\/\/sandzakpress.net\/arhiva\/wp-content\/uploads\/2011\/07\/images3-90x90.jpeg 90w, https:\/\/sandzakpress.net\/arhiva\/wp-content\/uploads\/2011\/07\/images3-125x125.jpeg 125w\" sizes=\"(max-width: 144px) 100vw, 144px\" \/><\/a>Ro\u017eaje &#8211; Mirza Luboder (37) i Erdan Avdi\u0107 (20) iz Ro\u017eaja povrije\u0111eni su u  saobra\u0107ajnom udesu koji se  preksino\u0107 oko 22 sata dogodila na  magistralnom putu u mjestu Baza u blizini Ro\u017eaja. <\/strong><\/p>\n<p>Njima je prva pomo\u0107 ukazana u Domu zdravlja, a potom su preba\u010deni  u beransku Op\u0161tu bolnicu. Do nezgode je do\u0161lo kada je \u201egolf tri\u201c, (RO  AN-246), kojim je upravljao Avdi\u0107 iz pravca Ro\u017eaja ka Beranama, pre\u0161ao  na suprotnu kolovoznu traku i sudario se sa \u201emercedesom\u201c (RO AM-113), za  \u010dijim volanom se nalazio Luboder, koji je dolazio iz suprotnog smjera.<\/p>\n<p>Od siline udara, \u201emercedes\u201c je izletio sa puta, a \u201egolf\u201c se na kolovoznoj traci okrenuo za 360 stepeni.<\/p>\n<p>U policiji nam je saop\u0161teno da je do udesa do\u0161lo najvjerovatnije  usljed brzine neprilago\u0111ene uslovima puta. Na vozilima je pri\u010dinjena  ve\u0107a materijalna \u0161teta.<\/p>\n<p>Uvi\u0111aj je obavila policija Ispostave Ro\u017eaje, po nalogu Rafeta Suljevi\u0107a, istra\u017enog sudije Osnovnog suda.<\/p>\n<p>Sabra\u0107aj je bio u prekidu vi\u0161e od sat.<\/p>\n<p>Izvor:<strong> Pobjeda.Co.me<\/strong><\/p>\n","protected":false},"excerpt":{"rendered":"<p>Ro\u017eaje &#8211; Mirza Luboder (37) i Erdan Avdi\u0107 (20) iz Ro\u017eaja povrije\u0111eni su u saobra\u0107ajnom udesu koji se preksino\u0107 oko 22 sata dogodila na magistralnom putu u mjestu Baza u blizini Ro\u017eaja. Njima je prva pomo\u0107 ukazana u Domu zdravlja, a potom su preba\u010deni u beransku Op\u0161tu bolnicu. Do nezgode je do\u0161lo kada je \u201egolf [&hellip;]<\/p>\n","protected":false},"author":13,"featured_media":17816,"comment_status":"open","ping_status":"open","sticky":false,"template":"","format":"standard","meta":{"footnotes":""},"categories":[398,801],"tags":[],"class_list":{"0":"post-17815","1":"post","2":"type-post","3":"status-publish","4":"format-standard","5":"has-post-thumbnail","7":"category-rozaje","8":"category-crna_hronika"},"yoast_head":"<!-- This site is optimized with the Yoast SEO Premium plugin v23.1 (Yoast SEO v24.9) - https:\/\/yoast.com\/wordpress\/plugins\/seo\/ -->\n<title>Dvojica povrije\u0111ena<\/title>\n<meta name=\"robots\" content=\"index, follow, max-snippet:-1, max-image-preview:large, max-video-preview:-1\" \/>\n<link rel=\"canonical\" href=\"https:\/\/sandzakpress.net\/arhiva\/dvojica-povrijedena\/\" \/>\n<meta property=\"og:locale\" content=\"bs_BA\" \/>\n<meta property=\"og:type\" content=\"article\" \/>\n<meta property=\"og:title\" content=\"Dvojica povrije\u0111ena\" \/>\n<meta property=\"og:description\" content=\"Ro\u017eaje &#8211; Mirza Luboder (37) i Erdan Avdi\u0107 (20) iz Ro\u017eaja povrije\u0111eni su u saobra\u0107ajnom udesu koji se preksino\u0107 oko 22 sata dogodila na magistralnom putu u mjestu Baza u blizini Ro\u017eaja. Njima je prva pomo\u0107 ukazana u Domu zdravlja, a potom su preba\u010deni u beransku Op\u0161tu bolnicu. Do nezgode je do\u0161lo kada je \u201egolf [&hellip;]\" \/>\n<meta property=\"og:url\" content=\"https:\/\/sandzakpress.net\/arhiva\/dvojica-povrijedena\/\" \/>\n<meta property=\"og:site_name\" content=\"Sand\u017eak PRESS\" \/>\n<meta property=\"article:published_time\" content=\"2011-07-04T12:16:18+00:00\" \/>\n<meta property=\"og:image\" content=\"https:\/\/sandzakpress.net\/arhiva\/wp-content\/uploads\/2011\/07\/images3.jpeg\" \/>\n\t<meta property=\"og:image:width\" content=\"144\" \/>\n\t<meta property=\"og:image:height\" content=\"144\" \/>\n\t<meta property=\"og:image:type\" content=\"image\/jpeg\" \/>\n<meta name=\"twitter:card\" content=\"summary_large_image\" \/>\n<meta name=\"twitter:label1\" content=\"Written by\" \/>\n\t<meta name=\"twitter:data1\" content=\"\" \/>\n\t<meta name=\"twitter:label2\" content=\"Est. reading time\" \/>\n\t<meta name=\"twitter:data2\" content=\"1 minuta\" \/>\n<script type=\"application\/ld+json\" class=\"yoast-schema-graph\">{\"@context\":\"https:\/\/schema.org\",\"@graph\":[{\"@type\":\"Article\",\"@id\":\"https:\/\/sandzakpress.net\/arhiva\/dvojica-povrijedena\/#article\",\"isPartOf\":{\"@id\":\"https:\/\/sandzakpress.net\/arhiva\/dvojica-povrijedena\/\"},\"author\":{\"name\":\"\",\"@id\":\"\"},\"headline\":\"Dvojica povrije\u0111ena\",\"datePublished\":\"2011-07-04T12:16:18+00:00\",\"mainEntityOfPage\":{\"@id\":\"https:\/\/sandzakpress.net\/arhiva\/dvojica-povrijedena\/\"},\"wordCount\":178,\"commentCount\":1,\"publisher\":{\"@id\":\"https:\/\/sandzakpress.net\/arhiva\/#\/schema\/person\/6e72b67d6e51910a1117b3b483ba20bd\"},\"image\":{\"@id\":\"https:\/\/sandzakpress.net\/arhiva\/dvojica-povrijedena\/#primaryimage\"},\"thumbnailUrl\":\"https:\/\/sandzakpress.net\/arhiva\/wp-content\/uploads\/2011\/07\/images3.jpeg\",\"articleSection\":[\"Ro\u017eaje\",\"Hronika\"],\"inLanguage\":\"bs-BA\",\"potentialAction\":[{\"@type\":\"CommentAction\",\"name\":\"Comment\",\"target\":[\"https:\/\/sandzakpress.net\/arhiva\/dvojica-povrijedena\/#respond\"]}]},{\"@type\":\"WebPage\",\"@id\":\"https:\/\/sandzakpress.net\/arhiva\/dvojica-povrijedena\/\",\"url\":\"https:\/\/sandzakpress.net\/arhiva\/dvojica-povrijedena\/\",\"name\":\"Dvojica povrije\u0111ena\",\"isPartOf\":{\"@id\":\"https:\/\/sandzakpress.net\/arhiva\/#website\"},\"primaryImageOfPage\":{\"@id\":\"https:\/\/sandzakpress.net\/arhiva\/dvojica-povrijedena\/#primaryimage\"},\"image\":{\"@id\":\"https:\/\/sandzakpress.net\/arhiva\/dvojica-povrijedena\/#primaryimage\"},\"thumbnailUrl\":\"https:\/\/sandzakpress.net\/arhiva\/wp-content\/uploads\/2011\/07\/images3.jpeg\",\"datePublished\":\"2011-07-04T12:16:18+00:00\",\"breadcrumb\":{\"@id\":\"https:\/\/sandzakpress.net\/arhiva\/dvojica-povrijedena\/#breadcrumb\"},\"inLanguage\":\"bs-BA\",\"potentialAction\":[{\"@type\":\"ReadAction\",\"target\":[\"https:\/\/sandzakpress.net\/arhiva\/dvojica-povrijedena\/\"]}]},{\"@type\":\"ImageObject\",\"inLanguage\":\"bs-BA\",\"@id\":\"https:\/\/sandzakpress.net\/arhiva\/dvojica-povrijedena\/#primaryimage\",\"url\":\"https:\/\/sandzakpress.net\/arhiva\/wp-content\/uploads\/2011\/07\/images3.jpeg\",\"contentUrl\":\"https:\/\/sandzakpress.net\/arhiva\/wp-content\/uploads\/2011\/07\/images3.jpeg\",\"width\":144,\"height\":144},{\"@type\":\"BreadcrumbList\",\"@id\":\"https:\/\/sandzakpress.net\/arhiva\/dvojica-povrijedena\/#breadcrumb\",\"itemListElement\":[{\"@type\":\"ListItem\",\"position\":1,\"name\":\"Home\",\"item\":\"https:\/\/sandzakpress.net\/arhiva\/\"},{\"@type\":\"ListItem\",\"position\":2,\"name\":\"Dvojica povrije\u0111ena\"}]},{\"@type\":\"WebSite\",\"@id\":\"https:\/\/sandzakpress.net\/arhiva\/#website\",\"url\":\"https:\/\/sandzakpress.net\/arhiva\/\",\"name\":\"Sand\u017eak PRESS\",\"description\":\"Prve elektronske novine u Sand\u017eaku\",\"publisher\":{\"@id\":\"https:\/\/sandzakpress.net\/arhiva\/#\/schema\/person\/6e72b67d6e51910a1117b3b483ba20bd\"},\"potentialAction\":[{\"@type\":\"SearchAction\",\"target\":{\"@type\":\"EntryPoint\",\"urlTemplate\":\"https:\/\/sandzakpress.net\/arhiva\/?s={search_term_string}\"},\"query-input\":{\"@type\":\"PropertyValueSpecification\",\"valueRequired\":true,\"valueName\":\"search_term_string\"}}],\"inLanguage\":\"bs-BA\"},{\"@type\":[\"Person\",\"Organization\"],\"@id\":\"https:\/\/sandzakpress.net\/arhiva\/#\/schema\/person\/6e72b67d6e51910a1117b3b483ba20bd\",\"name\":\"Kul\",\"image\":{\"@type\":\"ImageObject\",\"inLanguage\":\"bs-BA\",\"@id\":\"https:\/\/sandzakpress.net\/arhiva\/#\/schema\/person\/image\/\",\"url\":\"https:\/\/secure.gravatar.com\/avatar\/42263f39aa27ac04c43cab85c280eb2e?s=96&d=mm&r=pg\",\"contentUrl\":\"https:\/\/secure.gravatar.com\/avatar\/42263f39aa27ac04c43cab85c280eb2e?s=96&d=mm&r=pg\",\"caption\":\"Kul\"},\"logo\":{\"@id\":\"https:\/\/sandzakpress.net\/arhiva\/#\/schema\/person\/image\/\"}},{\"@type\":\"Person\",\"@id\":\"\",\"url\":\"https:\/\/sandzakpress.net\/arhiva\/author\/\"}]}<\/script>\n<!-- \/ Yoast SEO Premium plugin. -->","yoast_head_json":{"title":"Dvojica povrije\u0111ena","robots":{"index":"index","follow":"follow","max-snippet":"max-snippet:-1","max-image-preview":"max-image-preview:large","max-video-preview":"max-video-preview:-1"},"canonical":"https:\/\/sandzakpress.net\/arhiva\/dvojica-povrijedena\/","og_locale":"bs_BA","og_type":"article","og_title":"Dvojica povrije\u0111ena","og_description":"Ro\u017eaje &#8211; Mirza Luboder (37) i Erdan Avdi\u0107 (20) iz Ro\u017eaja povrije\u0111eni su u saobra\u0107ajnom udesu koji se preksino\u0107 oko 22 sata dogodila na magistralnom putu u mjestu Baza u blizini Ro\u017eaja. Njima je prva pomo\u0107 ukazana u Domu zdravlja, a potom su preba\u010deni u beransku Op\u0161tu bolnicu. Do nezgode je do\u0161lo kada je \u201egolf [&hellip;]","og_url":"https:\/\/sandzakpress.net\/arhiva\/dvojica-povrijedena\/","og_site_name":"Sand\u017eak PRESS","article_published_time":"2011-07-04T12:16:18+00:00","og_image":[{"width":144,"height":144,"url":"https:\/\/sandzakpress.net\/arhiva\/wp-content\/uploads\/2011\/07\/images3.jpeg","type":"image\/jpeg"}],"twitter_card":"summary_large_image","twitter_misc":{"Written by":"","Est. reading time":"1 minuta"},"schema":{"@context":"https:\/\/schema.org","@graph":[{"@type":"Article","@id":"https:\/\/sandzakpress.net\/arhiva\/dvojica-povrijedena\/#article","isPartOf":{"@id":"https:\/\/sandzakpress.net\/arhiva\/dvojica-povrijedena\/"},"author":{"name":"","@id":""},"headline":"Dvojica povrije\u0111ena","datePublished":"2011-07-04T12:16:18+00:00","mainEntityOfPage":{"@id":"https:\/\/sandzakpress.net\/arhiva\/dvojica-povrijedena\/"},"wordCount":178,"commentCount":1,"publisher":{"@id":"https:\/\/sandzakpress.net\/arhiva\/#\/schema\/person\/6e72b67d6e51910a1117b3b483ba20bd"},"image":{"@id":"https:\/\/sandzakpress.net\/arhiva\/dvojica-povrijedena\/#primaryimage"},"thumbnailUrl":"https:\/\/sandzakpress.net\/arhiva\/wp-content\/uploads\/2011\/07\/images3.jpeg","articleSection":["Ro\u017eaje","Hronika"],"inLanguage":"bs-BA","potentialAction":[{"@type":"CommentAction","name":"Comment","target":["https:\/\/sandzakpress.net\/arhiva\/dvojica-povrijedena\/#respond"]}]},{"@type":"WebPage","@id":"https:\/\/sandzakpress.net\/arhiva\/dvojica-povrijedena\/","url":"https:\/\/sandzakpress.net\/arhiva\/dvojica-povrijedena\/","name":"Dvojica povrije\u0111ena","isPartOf":{"@id":"https:\/\/sandzakpress.net\/arhiva\/#website"},"primaryImageOfPage":{"@id":"https:\/\/sandzakpress.net\/arhiva\/dvojica-povrijedena\/#primaryimage"},"image":{"@id":"https:\/\/sandzakpress.net\/arhiva\/dvojica-povrijedena\/#primaryimage"},"thumbnailUrl":"https:\/\/sandzakpress.net\/arhiva\/wp-content\/uploads\/2011\/07\/images3.jpeg","datePublished":"2011-07-04T12:16:18+00:00","breadcrumb":{"@id":"https:\/\/sandzakpress.net\/arhiva\/dvojica-povrijedena\/#breadcrumb"},"inLanguage":"bs-BA","potentialAction":[{"@type":"ReadAction","target":["https:\/\/sandzakpress.net\/arhiva\/dvojica-povrijedena\/"]}]},{"@type":"ImageObject","inLanguage":"bs-BA","@id":"https:\/\/sandzakpress.net\/arhiva\/dvojica-povrijedena\/#primaryimage","url":"https:\/\/sandzakpress.net\/arhiva\/wp-content\/uploads\/2011\/07\/images3.jpeg","contentUrl":"https:\/\/sandzakpress.net\/arhiva\/wp-content\/uploads\/2011\/07\/images3.jpeg","width":144,"height":144},{"@type":"BreadcrumbList","@id":"https:\/\/sandzakpress.net\/arhiva\/dvojica-povrijedena\/#breadcrumb","itemListElement":[{"@type":"ListItem","position":1,"name":"Home","item":"https:\/\/sandzakpress.net\/arhiva\/"},{"@type":"ListItem","position":2,"name":"Dvojica povrije\u0111ena"}]},{"@type":"WebSite","@id":"https:\/\/sandzakpress.net\/arhiva\/#website","url":"https:\/\/sandzakpress.net\/arhiva\/","name":"Sand\u017eak PRESS","description":"Prve elektronske novine u Sand\u017eaku","publisher":{"@id":"https:\/\/sandzakpress.net\/arhiva\/#\/schema\/person\/6e72b67d6e51910a1117b3b483ba20bd"},"potentialAction":[{"@type":"SearchAction","target":{"@type":"EntryPoint","urlTemplate":"https:\/\/sandzakpress.net\/arhiva\/?s={search_term_string}"},"query-input":{"@type":"PropertyValueSpecification","valueRequired":true,"valueName":"search_term_string"}}],"inLanguage":"bs-BA"},{"@type":["Person","Organization"],"@id":"https:\/\/sandzakpress.net\/arhiva\/#\/schema\/person\/6e72b67d6e51910a1117b3b483ba20bd","name":"Kul","image":{"@type":"ImageObject","inLanguage":"bs-BA","@id":"https:\/\/sandzakpress.net\/arhiva\/#\/schema\/person\/image\/","url":"https:\/\/secure.gravatar.com\/avatar\/42263f39aa27ac04c43cab85c280eb2e?s=96&d=mm&r=pg","contentUrl":"https:\/\/secure.gravatar.com\/avatar\/42263f39aa27ac04c43cab85c280eb2e?s=96&d=mm&r=pg","caption":"Kul"},"logo":{"@id":"https:\/\/sandzakpress.net\/arhiva\/#\/schema\/person\/image\/"}},{"@type":"Person","@id":"","url":"https:\/\/sandzakpress.net\/arhiva\/author\/"}]}},"_links":{"self":[{"href":"https:\/\/sandzakpress.net\/arhiva\/wp-json\/wp\/v2\/posts\/17815"}],"collection":[{"href":"https:\/\/sandzakpress.net\/arhiva\/wp-json\/wp\/v2\/posts"}],"about":[{"href":"https:\/\/sandzakpress.net\/arhiva\/wp-json\/wp\/v2\/types\/post"}],"author":[{"embeddable":true,"href":"https:\/\/sandzakpress.net\/arhiva\/wp-json\/wp\/v2\/users\/13"}],"replies":[{"embeddable":true,"href":"https:\/\/sandzakpress.net\/arhiva\/wp-json\/wp\/v2\/comments?post=17815"}],"version-history":[{"count":0,"href":"https:\/\/sandzakpress.net\/arhiva\/wp-json\/wp\/v2\/posts\/17815\/revisions"}],"wp:featuredmedia":[{"embeddable":true,"href":"https:\/\/sandzakpress.net\/arhiva\/wp-json\/wp\/v2\/media\/17816"}],"wp:attachment":[{"href":"https:\/\/sandzakpress.net\/arhiva\/wp-json\/wp\/v2\/media?parent=17815"}],"wp:term":[{"taxonomy":"category","embeddable":true,"href":"https:\/\/sandzakpress.net\/arhiva\/wp-json\/wp\/v2\/categories?post=17815"},{"taxonomy":"post_tag","embeddable":true,"href":"https:\/\/sandzakpress.net\/arhiva\/wp-json\/wp\/v2\/tags?post=17815"}],"curies":[{"name":"wp","href":"https:\/\/api.w.org\/{rel}","templated":true}]}}