{"id":177955,"date":"2017-01-27T15:31:58","date_gmt":"2017-01-27T14:31:58","guid":{"rendered":"https:\/\/sandzakpress.net\/arhiva\/?p=177955"},"modified":"2017-01-27T16:29:25","modified_gmt":"2017-01-27T15:29:25","slug":"uhapsen-jos-jedan-narko-diler-rasima-ljajica-drogu-prevozio-u-automobilu-vlade-srbije","status":"publish","type":"post","link":"https:\/\/sandzakpress.net\/arhiva\/uhapsen-jos-jedan-narko-diler-rasima-ljajica-drogu-prevozio-u-automobilu-vlade-srbije\/","title":{"rendered":"Uhap\u0161en jo\u0161 jedan narko diler Rasima Ljaji\u0107a &#8211; Drogu prevozio u automobilu vlade Srbije"},"content":{"rendered":"<p><img decoding=\"async\" src=\"https:\/\/sandzakpress.net\/arhiva\/wp-content\/uploads\/2012\/12\/RASIM.jpg\" alt=\"Slikovni rezultat za Uhap\u0161en jo\u0161 jedan narko diler Rasima Ljaji\u0107a\" \/><\/p>\n<p><strong>Prema informacijama ljudi bliskih SDP-u\u00a0u\u00a0srijedu je uhap\u0161en jo\u0161 jedan narko diler Rasima Ljaji\u0107a.<\/strong><\/p>\n<p>Naime ro\u0111eni brat dr\u017eavnog sekretara u Ministarstvu za rad Aleksandra Jablanovi\u0107a uhap\u0161en je zbog sumnje da diluje drogu.\u00a0<\/p>\n<p>Veze Aleksandra Jablanovi\u0107a i Rasima Ljaji\u0107a datiraju jo\u0161 od 2001. godine kada je Ljaji\u0107\u00a0bio potpredsjednika Koordinacionog centra za Kosovo i Metohiju. Jablanovi\u0107 je tada bio odbornik u Skup\u0161tini op\u0161tine Leposavi\u0107, a ne\u0161to kasnije je obavljao funkciju potpredsjednika Skup\u0161tine op\u0161tine Leposavi\u0107.\u00a0<\/p>\n<p>Revija Sand\u017eak je godinama unazad ukazivala na vezu Ljaji\u0107a sa albanskom mafijom i na\u010dinu na koju funkcioni\u0161u. Ljaji\u0107 je zadu\u017een za eskort automobila, gdje koristi svoj polo\u017eaj i kao voza\u010de slu\u017ebenih automobila anga\u017euje narko dilere.<\/p>\n<p>Povezane vijesti:\u00a0<\/p>\n<h3 class=\"entry-title cb-entry-title cb-title\"><span style=\"color: #ff0000;\"><a style=\"color: #ff0000;\" href=\"https:\/\/sandzakpress.net\/arhiva\/cija-je-droga-hikmeta-hajrovica\">PODSJE\u0106AMO: KADA JE PAO JEDAN OD VO\u0110A NARKO-KLANOVA<\/a>\u00a0<\/span><a style=\"color: #ff0000;\" href=\"https:\/\/sandzakpress.net\/arhiva\/cija-je-droga-hikmeta-hajrovica\">UMJESTO ADVOKATA JE TRA\u017dIO: \u201cZOVITE MI RASIMA LJAJI\u0106A!\u201d<\/a><\/h3>\n<h3 class=\"entry-title cb-entry-title cb-title\">\u00a0<\/h3>\n<h3 class=\"entry-title cb-entry-title cb-title\"><span style=\"color: #ff0000;\"><a style=\"color: #ff0000;\" href=\"https:\/\/sandzakpress.net\/arhiva\/laboratorija-kero-rasim-ljajic3\">GDJE JE LABORATORIJA KERA LJAJI\u0106A?<\/a><\/span><\/h3>\n<h3 class=\"entry-title cb-entry-title cb-title\"><span style=\"color: #ff0000;\"><a style=\"color: #ff0000;\" href=\"https:\/\/sandzakpress.net\/arhiva\/uhapseni-narko-dileri-babic-i-jusufovic-u-uskoj-vezi-sa-ministrom-ljajicem\">UHAP\u0160ENI NARKO-DILERI BIBI\u0106 I JUSUFOVI\u0106 U USKOJ VEZI SA<\/a>\u00a0<\/span><span style=\"color: #ff0000;\"><a style=\"color: #ff0000;\" href=\"https:\/\/sandzakpress.net\/arhiva\/uhapseni-narko-dileri-babic-i-jusufovic-u-uskoj-vezi-sa-ministrom-ljajicem\">MINISTROM LJAJI\u0106EM?<\/a><\/span><\/h3>\n<p>&nbsp;<\/p>\n<h3 class=\"entry-title\"><span style=\"color: #ff0000;\"><a style=\"color: #ff0000;\" href=\"http:\/\/www.sandzacke.rs\/vijesti\/srbija\/uhapsen-rasimov-tjelohranitelj-policajac-iz-pratnje-svercovao-preko-novog-pazara\/\">UHAP\u0160EN RASIMOV TJELOHRANITELJ: Policajac iz pratnje \u0161vercovao preko Novog Pazara!<\/a><\/span><\/h3>\n","protected":false},"excerpt":{"rendered":"<p>Prema informacijama ljudi bliskih SDP-u\u00a0u\u00a0srijedu je uhap\u0161en jo\u0161 jedan narko diler Rasima Ljaji\u0107a. Naime ro\u0111eni brat dr\u017eavnog sekretara u Ministarstvu za rad Aleksandra Jablanovi\u0107a uhap\u0161en je zbog sumnje da diluje drogu.\u00a0 Veze Aleksandra Jablanovi\u0107a i Rasima Ljaji\u0107a datiraju jo\u0161 od 2001. godine kada je Ljaji\u0107\u00a0bio potpredsjednika Koordinacionog centra za Kosovo i Metohiju. Jablanovi\u0107 je tada [&hellip;]<\/p>\n","protected":false},"author":83,"featured_media":59763,"comment_status":"open","ping_status":"open","sticky":false,"template":"","format":"standard","meta":{"footnotes":""},"categories":[72,801,8957,16],"tags":[],"class_list":{"0":"post-177955","1":"post","2":"type-post","3":"status-publish","4":"format-standard","5":"has-post-thumbnail","7":"category-novi-pazar","8":"category-crna_hronika","9":"category-vijesti-dana","10":"category-novine"},"yoast_head":"<!-- This site is optimized with the Yoast SEO Premium plugin v23.1 (Yoast SEO v24.9) - https:\/\/yoast.com\/wordpress\/plugins\/seo\/ -->\n<title>Uhap\u0161en jo\u0161 jedan narko diler Rasima Ljaji\u0107a - Drogu prevozio u automobilu vlade Srbije<\/title>\n<meta name=\"robots\" content=\"index, follow, max-snippet:-1, max-image-preview:large, max-video-preview:-1\" \/>\n<link rel=\"canonical\" href=\"https:\/\/sandzakpress.net\/arhiva\/uhapsen-jos-jedan-narko-diler-rasima-ljajica-drogu-prevozio-u-automobilu-vlade-srbije\/\" \/>\n<meta property=\"og:locale\" content=\"bs_BA\" \/>\n<meta property=\"og:type\" content=\"article\" \/>\n<meta property=\"og:title\" content=\"Uhap\u0161en jo\u0161 jedan narko diler Rasima Ljaji\u0107a - Drogu prevozio u automobilu vlade Srbije\" \/>\n<meta property=\"og:description\" content=\"Prema informacijama ljudi bliskih SDP-u\u00a0u\u00a0srijedu je uhap\u0161en jo\u0161 jedan narko diler Rasima Ljaji\u0107a. Naime ro\u0111eni brat dr\u017eavnog sekretara u Ministarstvu za rad Aleksandra Jablanovi\u0107a uhap\u0161en je zbog sumnje da diluje drogu.\u00a0 Veze Aleksandra Jablanovi\u0107a i Rasima Ljaji\u0107a datiraju jo\u0161 od 2001. godine kada je Ljaji\u0107\u00a0bio potpredsjednika Koordinacionog centra za Kosovo i Metohiju. Jablanovi\u0107 je tada [&hellip;]\" \/>\n<meta property=\"og:url\" content=\"https:\/\/sandzakpress.net\/arhiva\/uhapsen-jos-jedan-narko-diler-rasima-ljajica-drogu-prevozio-u-automobilu-vlade-srbije\/\" \/>\n<meta property=\"og:site_name\" content=\"Sand\u017eak PRESS\" \/>\n<meta property=\"article:published_time\" content=\"2017-01-27T14:31:58+00:00\" \/>\n<meta property=\"article:modified_time\" content=\"2017-01-27T15:29:25+00:00\" \/>\n<meta property=\"og:image\" content=\"https:\/\/sandzakpress.net\/arhiva\/wp-content\/uploads\/2012\/12\/RASIM.jpg\" \/>\n\t<meta property=\"og:image:width\" content=\"616\" \/>\n\t<meta property=\"og:image:height\" content=\"403\" \/>\n\t<meta property=\"og:image:type\" content=\"image\/jpeg\" \/>\n<meta name=\"author\" content=\"bosniak\" \/>\n<meta name=\"twitter:card\" content=\"summary_large_image\" \/>\n<meta name=\"twitter:label1\" content=\"Written by\" \/>\n\t<meta name=\"twitter:data1\" content=\"bosniak\" \/>\n\t<meta name=\"twitter:label2\" content=\"Est. reading time\" \/>\n\t<meta name=\"twitter:data2\" content=\"1 minuta\" \/>\n<script type=\"application\/ld+json\" class=\"yoast-schema-graph\">{\"@context\":\"https:\/\/schema.org\",\"@graph\":[{\"@type\":\"Article\",\"@id\":\"https:\/\/sandzakpress.net\/arhiva\/uhapsen-jos-jedan-narko-diler-rasima-ljajica-drogu-prevozio-u-automobilu-vlade-srbije\/#article\",\"isPartOf\":{\"@id\":\"https:\/\/sandzakpress.net\/arhiva\/uhapsen-jos-jedan-narko-diler-rasima-ljajica-drogu-prevozio-u-automobilu-vlade-srbije\/\"},\"author\":{\"name\":\"bosniak\",\"@id\":\"https:\/\/sandzakpress.net\/arhiva\/#\/schema\/person\/c8baee722073534b583ea7bdb2e36c02\"},\"headline\":\"Uhap\u0161en jo\u0161 jedan narko diler Rasima Ljaji\u0107a &#8211; Drogu prevozio u automobilu vlade Srbije\",\"datePublished\":\"2017-01-27T14:31:58+00:00\",\"dateModified\":\"2017-01-27T15:29:25+00:00\",\"mainEntityOfPage\":{\"@id\":\"https:\/\/sandzakpress.net\/arhiva\/uhapsen-jos-jedan-narko-diler-rasima-ljajica-drogu-prevozio-u-automobilu-vlade-srbije\/\"},\"wordCount\":199,\"commentCount\":16,\"publisher\":{\"@id\":\"https:\/\/sandzakpress.net\/arhiva\/#\/schema\/person\/6e72b67d6e51910a1117b3b483ba20bd\"},\"image\":{\"@id\":\"https:\/\/sandzakpress.net\/arhiva\/uhapsen-jos-jedan-narko-diler-rasima-ljajica-drogu-prevozio-u-automobilu-vlade-srbije\/#primaryimage\"},\"thumbnailUrl\":\"https:\/\/sandzakpress.net\/arhiva\/wp-content\/uploads\/2012\/12\/RASIM.jpg\",\"articleSection\":[\"Novi Pazar\",\"Hronika\",\"VIJESTI DANA\",\"Novine\"],\"inLanguage\":\"bs-BA\",\"potentialAction\":[{\"@type\":\"CommentAction\",\"name\":\"Comment\",\"target\":[\"https:\/\/sandzakpress.net\/arhiva\/uhapsen-jos-jedan-narko-diler-rasima-ljajica-drogu-prevozio-u-automobilu-vlade-srbije\/#respond\"]}]},{\"@type\":\"WebPage\",\"@id\":\"https:\/\/sandzakpress.net\/arhiva\/uhapsen-jos-jedan-narko-diler-rasima-ljajica-drogu-prevozio-u-automobilu-vlade-srbije\/\",\"url\":\"https:\/\/sandzakpress.net\/arhiva\/uhapsen-jos-jedan-narko-diler-rasima-ljajica-drogu-prevozio-u-automobilu-vlade-srbije\/\",\"name\":\"Uhap\u0161en jo\u0161 jedan narko diler Rasima Ljaji\u0107a - Drogu prevozio u automobilu vlade Srbije\",\"isPartOf\":{\"@id\":\"https:\/\/sandzakpress.net\/arhiva\/#website\"},\"primaryImageOfPage\":{\"@id\":\"https:\/\/sandzakpress.net\/arhiva\/uhapsen-jos-jedan-narko-diler-rasima-ljajica-drogu-prevozio-u-automobilu-vlade-srbije\/#primaryimage\"},\"image\":{\"@id\":\"https:\/\/sandzakpress.net\/arhiva\/uhapsen-jos-jedan-narko-diler-rasima-ljajica-drogu-prevozio-u-automobilu-vlade-srbije\/#primaryimage\"},\"thumbnailUrl\":\"https:\/\/sandzakpress.net\/arhiva\/wp-content\/uploads\/2012\/12\/RASIM.jpg\",\"datePublished\":\"2017-01-27T14:31:58+00:00\",\"dateModified\":\"2017-01-27T15:29:25+00:00\",\"breadcrumb\":{\"@id\":\"https:\/\/sandzakpress.net\/arhiva\/uhapsen-jos-jedan-narko-diler-rasima-ljajica-drogu-prevozio-u-automobilu-vlade-srbije\/#breadcrumb\"},\"inLanguage\":\"bs-BA\",\"potentialAction\":[{\"@type\":\"ReadAction\",\"target\":[\"https:\/\/sandzakpress.net\/arhiva\/uhapsen-jos-jedan-narko-diler-rasima-ljajica-drogu-prevozio-u-automobilu-vlade-srbije\/\"]}]},{\"@type\":\"ImageObject\",\"inLanguage\":\"bs-BA\",\"@id\":\"https:\/\/sandzakpress.net\/arhiva\/uhapsen-jos-jedan-narko-diler-rasima-ljajica-drogu-prevozio-u-automobilu-vlade-srbije\/#primaryimage\",\"url\":\"https:\/\/sandzakpress.net\/arhiva\/wp-content\/uploads\/2012\/12\/RASIM.jpg\",\"contentUrl\":\"https:\/\/sandzakpress.net\/arhiva\/wp-content\/uploads\/2012\/12\/RASIM.jpg\",\"width\":616,\"height\":403},{\"@type\":\"BreadcrumbList\",\"@id\":\"https:\/\/sandzakpress.net\/arhiva\/uhapsen-jos-jedan-narko-diler-rasima-ljajica-drogu-prevozio-u-automobilu-vlade-srbije\/#breadcrumb\",\"itemListElement\":[{\"@type\":\"ListItem\",\"position\":1,\"name\":\"Home\",\"item\":\"https:\/\/sandzakpress.net\/arhiva\/\"},{\"@type\":\"ListItem\",\"position\":2,\"name\":\"Uhap\u0161en jo\u0161 jedan narko diler Rasima Ljaji\u0107a &#8211; Drogu prevozio u automobilu vlade Srbije\"}]},{\"@type\":\"WebSite\",\"@id\":\"https:\/\/sandzakpress.net\/arhiva\/#website\",\"url\":\"https:\/\/sandzakpress.net\/arhiva\/\",\"name\":\"Sand\u017eak PRESS\",\"description\":\"Prve elektronske novine u Sand\u017eaku\",\"publisher\":{\"@id\":\"https:\/\/sandzakpress.net\/arhiva\/#\/schema\/person\/6e72b67d6e51910a1117b3b483ba20bd\"},\"potentialAction\":[{\"@type\":\"SearchAction\",\"target\":{\"@type\":\"EntryPoint\",\"urlTemplate\":\"https:\/\/sandzakpress.net\/arhiva\/?s={search_term_string}\"},\"query-input\":{\"@type\":\"PropertyValueSpecification\",\"valueRequired\":true,\"valueName\":\"search_term_string\"}}],\"inLanguage\":\"bs-BA\"},{\"@type\":[\"Person\",\"Organization\"],\"@id\":\"https:\/\/sandzakpress.net\/arhiva\/#\/schema\/person\/6e72b67d6e51910a1117b3b483ba20bd\",\"name\":\"Kul\",\"image\":{\"@type\":\"ImageObject\",\"inLanguage\":\"bs-BA\",\"@id\":\"https:\/\/sandzakpress.net\/arhiva\/#\/schema\/person\/image\/\",\"url\":\"https:\/\/secure.gravatar.com\/avatar\/42263f39aa27ac04c43cab85c280eb2e?s=96&d=mm&r=pg\",\"contentUrl\":\"https:\/\/secure.gravatar.com\/avatar\/42263f39aa27ac04c43cab85c280eb2e?s=96&d=mm&r=pg\",\"caption\":\"Kul\"},\"logo\":{\"@id\":\"https:\/\/sandzakpress.net\/arhiva\/#\/schema\/person\/image\/\"}},{\"@type\":\"Person\",\"@id\":\"https:\/\/sandzakpress.net\/arhiva\/#\/schema\/person\/c8baee722073534b583ea7bdb2e36c02\",\"name\":\"bosniak\",\"image\":{\"@type\":\"ImageObject\",\"inLanguage\":\"bs-BA\",\"@id\":\"https:\/\/sandzakpress.net\/arhiva\/#\/schema\/person\/image\/\",\"url\":\"https:\/\/secure.gravatar.com\/avatar\/a04fd330bfe3a36a72a0ad4a6d89fca7?s=96&d=mm&r=pg\",\"contentUrl\":\"https:\/\/secure.gravatar.com\/avatar\/a04fd330bfe3a36a72a0ad4a6d89fca7?s=96&d=mm&r=pg\",\"caption\":\"bosniak\"},\"url\":\"https:\/\/sandzakpress.net\/arhiva\/author\/bosniak\/\"}]}<\/script>\n<!-- \/ Yoast SEO Premium plugin. -->","yoast_head_json":{"title":"Uhap\u0161en jo\u0161 jedan narko diler Rasima Ljaji\u0107a - Drogu prevozio u automobilu vlade Srbije","robots":{"index":"index","follow":"follow","max-snippet":"max-snippet:-1","max-image-preview":"max-image-preview:large","max-video-preview":"max-video-preview:-1"},"canonical":"https:\/\/sandzakpress.net\/arhiva\/uhapsen-jos-jedan-narko-diler-rasima-ljajica-drogu-prevozio-u-automobilu-vlade-srbije\/","og_locale":"bs_BA","og_type":"article","og_title":"Uhap\u0161en jo\u0161 jedan narko diler Rasima Ljaji\u0107a - Drogu prevozio u automobilu vlade Srbije","og_description":"Prema informacijama ljudi bliskih SDP-u\u00a0u\u00a0srijedu je uhap\u0161en jo\u0161 jedan narko diler Rasima Ljaji\u0107a. Naime ro\u0111eni brat dr\u017eavnog sekretara u Ministarstvu za rad Aleksandra Jablanovi\u0107a uhap\u0161en je zbog sumnje da diluje drogu.\u00a0 Veze Aleksandra Jablanovi\u0107a i Rasima Ljaji\u0107a datiraju jo\u0161 od 2001. godine kada je Ljaji\u0107\u00a0bio potpredsjednika Koordinacionog centra za Kosovo i Metohiju. Jablanovi\u0107 je tada [&hellip;]","og_url":"https:\/\/sandzakpress.net\/arhiva\/uhapsen-jos-jedan-narko-diler-rasima-ljajica-drogu-prevozio-u-automobilu-vlade-srbije\/","og_site_name":"Sand\u017eak PRESS","article_published_time":"2017-01-27T14:31:58+00:00","article_modified_time":"2017-01-27T15:29:25+00:00","og_image":[{"width":616,"height":403,"url":"https:\/\/sandzakpress.net\/arhiva\/wp-content\/uploads\/2012\/12\/RASIM.jpg","type":"image\/jpeg"}],"author":"bosniak","twitter_card":"summary_large_image","twitter_misc":{"Written by":"bosniak","Est. reading time":"1 minuta"},"schema":{"@context":"https:\/\/schema.org","@graph":[{"@type":"Article","@id":"https:\/\/sandzakpress.net\/arhiva\/uhapsen-jos-jedan-narko-diler-rasima-ljajica-drogu-prevozio-u-automobilu-vlade-srbije\/#article","isPartOf":{"@id":"https:\/\/sandzakpress.net\/arhiva\/uhapsen-jos-jedan-narko-diler-rasima-ljajica-drogu-prevozio-u-automobilu-vlade-srbije\/"},"author":{"name":"bosniak","@id":"https:\/\/sandzakpress.net\/arhiva\/#\/schema\/person\/c8baee722073534b583ea7bdb2e36c02"},"headline":"Uhap\u0161en jo\u0161 jedan narko diler Rasima Ljaji\u0107a &#8211; Drogu prevozio u automobilu vlade Srbije","datePublished":"2017-01-27T14:31:58+00:00","dateModified":"2017-01-27T15:29:25+00:00","mainEntityOfPage":{"@id":"https:\/\/sandzakpress.net\/arhiva\/uhapsen-jos-jedan-narko-diler-rasima-ljajica-drogu-prevozio-u-automobilu-vlade-srbije\/"},"wordCount":199,"commentCount":16,"publisher":{"@id":"https:\/\/sandzakpress.net\/arhiva\/#\/schema\/person\/6e72b67d6e51910a1117b3b483ba20bd"},"image":{"@id":"https:\/\/sandzakpress.net\/arhiva\/uhapsen-jos-jedan-narko-diler-rasima-ljajica-drogu-prevozio-u-automobilu-vlade-srbije\/#primaryimage"},"thumbnailUrl":"https:\/\/sandzakpress.net\/arhiva\/wp-content\/uploads\/2012\/12\/RASIM.jpg","articleSection":["Novi Pazar","Hronika","VIJESTI DANA","Novine"],"inLanguage":"bs-BA","potentialAction":[{"@type":"CommentAction","name":"Comment","target":["https:\/\/sandzakpress.net\/arhiva\/uhapsen-jos-jedan-narko-diler-rasima-ljajica-drogu-prevozio-u-automobilu-vlade-srbije\/#respond"]}]},{"@type":"WebPage","@id":"https:\/\/sandzakpress.net\/arhiva\/uhapsen-jos-jedan-narko-diler-rasima-ljajica-drogu-prevozio-u-automobilu-vlade-srbije\/","url":"https:\/\/sandzakpress.net\/arhiva\/uhapsen-jos-jedan-narko-diler-rasima-ljajica-drogu-prevozio-u-automobilu-vlade-srbije\/","name":"Uhap\u0161en jo\u0161 jedan narko diler Rasima Ljaji\u0107a - Drogu prevozio u automobilu vlade Srbije","isPartOf":{"@id":"https:\/\/sandzakpress.net\/arhiva\/#website"},"primaryImageOfPage":{"@id":"https:\/\/sandzakpress.net\/arhiva\/uhapsen-jos-jedan-narko-diler-rasima-ljajica-drogu-prevozio-u-automobilu-vlade-srbije\/#primaryimage"},"image":{"@id":"https:\/\/sandzakpress.net\/arhiva\/uhapsen-jos-jedan-narko-diler-rasima-ljajica-drogu-prevozio-u-automobilu-vlade-srbije\/#primaryimage"},"thumbnailUrl":"https:\/\/sandzakpress.net\/arhiva\/wp-content\/uploads\/2012\/12\/RASIM.jpg","datePublished":"2017-01-27T14:31:58+00:00","dateModified":"2017-01-27T15:29:25+00:00","breadcrumb":{"@id":"https:\/\/sandzakpress.net\/arhiva\/uhapsen-jos-jedan-narko-diler-rasima-ljajica-drogu-prevozio-u-automobilu-vlade-srbije\/#breadcrumb"},"inLanguage":"bs-BA","potentialAction":[{"@type":"ReadAction","target":["https:\/\/sandzakpress.net\/arhiva\/uhapsen-jos-jedan-narko-diler-rasima-ljajica-drogu-prevozio-u-automobilu-vlade-srbije\/"]}]},{"@type":"ImageObject","inLanguage":"bs-BA","@id":"https:\/\/sandzakpress.net\/arhiva\/uhapsen-jos-jedan-narko-diler-rasima-ljajica-drogu-prevozio-u-automobilu-vlade-srbije\/#primaryimage","url":"https:\/\/sandzakpress.net\/arhiva\/wp-content\/uploads\/2012\/12\/RASIM.jpg","contentUrl":"https:\/\/sandzakpress.net\/arhiva\/wp-content\/uploads\/2012\/12\/RASIM.jpg","width":616,"height":403},{"@type":"BreadcrumbList","@id":"https:\/\/sandzakpress.net\/arhiva\/uhapsen-jos-jedan-narko-diler-rasima-ljajica-drogu-prevozio-u-automobilu-vlade-srbije\/#breadcrumb","itemListElement":[{"@type":"ListItem","position":1,"name":"Home","item":"https:\/\/sandzakpress.net\/arhiva\/"},{"@type":"ListItem","position":2,"name":"Uhap\u0161en jo\u0161 jedan narko diler Rasima Ljaji\u0107a &#8211; Drogu prevozio u automobilu vlade Srbije"}]},{"@type":"WebSite","@id":"https:\/\/sandzakpress.net\/arhiva\/#website","url":"https:\/\/sandzakpress.net\/arhiva\/","name":"Sand\u017eak PRESS","description":"Prve elektronske novine u Sand\u017eaku","publisher":{"@id":"https:\/\/sandzakpress.net\/arhiva\/#\/schema\/person\/6e72b67d6e51910a1117b3b483ba20bd"},"potentialAction":[{"@type":"SearchAction","target":{"@type":"EntryPoint","urlTemplate":"https:\/\/sandzakpress.net\/arhiva\/?s={search_term_string}"},"query-input":{"@type":"PropertyValueSpecification","valueRequired":true,"valueName":"search_term_string"}}],"inLanguage":"bs-BA"},{"@type":["Person","Organization"],"@id":"https:\/\/sandzakpress.net\/arhiva\/#\/schema\/person\/6e72b67d6e51910a1117b3b483ba20bd","name":"Kul","image":{"@type":"ImageObject","inLanguage":"bs-BA","@id":"https:\/\/sandzakpress.net\/arhiva\/#\/schema\/person\/image\/","url":"https:\/\/secure.gravatar.com\/avatar\/42263f39aa27ac04c43cab85c280eb2e?s=96&d=mm&r=pg","contentUrl":"https:\/\/secure.gravatar.com\/avatar\/42263f39aa27ac04c43cab85c280eb2e?s=96&d=mm&r=pg","caption":"Kul"},"logo":{"@id":"https:\/\/sandzakpress.net\/arhiva\/#\/schema\/person\/image\/"}},{"@type":"Person","@id":"https:\/\/sandzakpress.net\/arhiva\/#\/schema\/person\/c8baee722073534b583ea7bdb2e36c02","name":"bosniak","image":{"@type":"ImageObject","inLanguage":"bs-BA","@id":"https:\/\/sandzakpress.net\/arhiva\/#\/schema\/person\/image\/","url":"https:\/\/secure.gravatar.com\/avatar\/a04fd330bfe3a36a72a0ad4a6d89fca7?s=96&d=mm&r=pg","contentUrl":"https:\/\/secure.gravatar.com\/avatar\/a04fd330bfe3a36a72a0ad4a6d89fca7?s=96&d=mm&r=pg","caption":"bosniak"},"url":"https:\/\/sandzakpress.net\/arhiva\/author\/bosniak\/"}]}},"_links":{"self":[{"href":"https:\/\/sandzakpress.net\/arhiva\/wp-json\/wp\/v2\/posts\/177955"}],"collection":[{"href":"https:\/\/sandzakpress.net\/arhiva\/wp-json\/wp\/v2\/posts"}],"about":[{"href":"https:\/\/sandzakpress.net\/arhiva\/wp-json\/wp\/v2\/types\/post"}],"author":[{"embeddable":true,"href":"https:\/\/sandzakpress.net\/arhiva\/wp-json\/wp\/v2\/users\/83"}],"replies":[{"embeddable":true,"href":"https:\/\/sandzakpress.net\/arhiva\/wp-json\/wp\/v2\/comments?post=177955"}],"version-history":[{"count":0,"href":"https:\/\/sandzakpress.net\/arhiva\/wp-json\/wp\/v2\/posts\/177955\/revisions"}],"wp:featuredmedia":[{"embeddable":true,"href":"https:\/\/sandzakpress.net\/arhiva\/wp-json\/wp\/v2\/media\/59763"}],"wp:attachment":[{"href":"https:\/\/sandzakpress.net\/arhiva\/wp-json\/wp\/v2\/media?parent=177955"}],"wp:term":[{"taxonomy":"category","embeddable":true,"href":"https:\/\/sandzakpress.net\/arhiva\/wp-json\/wp\/v2\/categories?post=177955"},{"taxonomy":"post_tag","embeddable":true,"href":"https:\/\/sandzakpress.net\/arhiva\/wp-json\/wp\/v2\/tags?post=177955"}],"curies":[{"name":"wp","href":"https:\/\/api.w.org\/{rel}","templated":true}]}}