{"id":177809,"date":"2017-01-25T15:53:37","date_gmt":"2017-01-25T14:53:37","guid":{"rendered":"https:\/\/sandzakpress.net\/arhiva\/dodik-i-krajisnik-otkrili-spomen-plocu-nikoli-koljevicu"},"modified":"2017-01-25T15:53:37","modified_gmt":"2017-01-25T14:53:37","slug":"dodik-i-krajisnik-otkrili-spomen-plocu-nikoli-koljevicu","status":"publish","type":"post","link":"https:\/\/sandzakpress.net\/arhiva\/dodik-i-krajisnik-otkrili-spomen-plocu-nikoli-koljevicu\/","title":{"rendered":"Dodik i Kraji\u0161nik otkrili spomen-plo\u010du Nikoli Koljevi\u0107u"},"content":{"rendered":"<p><span class=\"cb-itemprop\"><\/p>\n<p><img decoding=\"async\" src=\"http:\/\/balkans.aljazeera.net\/sites\/default\/files\/styles\/d8\/public\/h_99450186.jpg?itok=bUz0oojo\" \/><\/p>\n<p><strong>Predsjednik bh. entiteta Republika Srpska Milorad Dodik i osu\u0111eni ratni zlo\u010dinac Mom\u010dilo Kraji\u0161nik otkrili su spomen-plo\u010du\u00a0Nikoli Koljevi\u0107u\u00a0na njegovoj rodnoj ku\u0107i u Banjoj Luci.<\/strong><\/p>\n<p>Koljevi\u0107a su tom prilikom nazvali \u201cjednim od najzna\u010dajnijih utemeljiva\u010da RS-a\u201d.<\/p>\n<p>Ceremonija je organizirana u okviru obilje\u017eavanja\u00a020 godina od Koljevi\u0107eve smrti, koje je uprili\u010dila Asocijacija \u201cStvaraoci Republike Srpske\u201d.<\/p>\n<p>\u201cNajbolja odbrana Republike Srpke je \u010duvanje od zaborava ljudi koji su je stvarali, kao \u0161to je bio Nikola Koljevi\u0107.\u00a0Ako to zaboravimo, li\u0161eni smo mogu\u0107nosti da se na pravi na\u010din do kraja borimo\u201d, rekao je Dodik, a prenosi Radio-televizija Republike Srpske.<\/p>\n<p>Po njegovim rije\u010dima, \u201cKoljevi\u0107 je bio \u010dovjek koji je ne oklijevaju\u0107i pristupio nacionalnom pokretu Srba u trenutku raspada \u0408ugoslavije, dr\u017eave koja je Srbima izgledala kao domovina, a koja im je u su\u0161tini kroz istoriju \u010dinila nepravdu\u201d.<\/p>\n<p>\u201cStvaraoci Republike Srpske i ljudi koji su u najte\u017eim vremenima prihvatili te\u017eak nacionalni i narodni posao ne smiju biti zaboravljeni.\u00a0Od po\u010detka su \u017ertvovali svoj li\u010dni komoditet za ono \u0161to je bilo potrebno, a to je osvje\u0161tenje, organizovanje i pokret srpske i nacionalne zajednice, koja je neminovno dovela do stvaranja Republike Srpske koja je svih ovih godina osporavana i do danas nam nastoje najva\u017enije stvari dovesti u pitanje\u201d, rekao je Dodik.<\/p>\n<p>Kraji\u0161nik je pu\u0161ten na slobodu nakon odslu\u017eene dvije tre\u0107ine zatvorske kazne prije \u010detiri godine. Ha\u0161ki sud ga je osudio na 20 godina zatvora za ratne zlo\u010dine nad nesrpskim stanovni\u0161tvom u BiH.<\/p>\n<p>Kao predsjednik Asocijacije \u201cStvaraoci Republike Srpske\u201d, kazao je kako je spomen-plo\u010da Koljevi\u0107u \u201cpostavljena da bi budu\u0107e generacije, a i savremenici, znali da je tu ro\u0111en \u010dovjek koji je cijelog sebe unio da bi bila stvorena Republika Srpska, koja je veliko djelo i koje ne bi moglo biti da nije bilo ljudi koji su bili vizionari\u201d.<\/p>\n<h4>Sve\u010dana akademija<\/h4>\n<p>Najavljena je i sve\u010dana akademija, koja \u0107e ve\u010deras biti odr\u017eana u Banskom dvoru i na koju \u0107e do\u0107i predsjednik Narodne skup\u0161tine Republike Srpske, Nedeljko \u010cubrilovi\u0107.<\/p>\n<p>Koljevi\u0107 je, uz Biljanu Plav\u0161i\u0107, prvi demokratski izabrani \u010dlan Predsjedni\u0161tva BiH iz reda srpskog naroda, prvi predsjednik Udru\u017eenja knji\u017eevnika Republike Srpske, te nekada\u0161nji sarajevski profesor i pedagog.<\/p>\n<div class=\"media media-element-container media-article_670px\">\n<div class=\"ds-1col file file-image file-image-jpeg view-mode-article_670px clearfix\"><img loading=\"lazy\" decoding=\"async\" class=\"media-element file-article-670px img-responsive\" src=\"http:\/\/balkans.aljazeera.net\/sites\/default\/files\/styles\/d8\/public\/h_99447519.jpg?itok=JIhjyOww\" alt=\"\" width=\"770\" height=\"433\" \/><span class=\"field-name-field-text\">Koljevi\u0107 je prema optu\u017enici i presudi Karad\u017ei\u0107u ozna\u010den kao dio udru\u017eenog zlo\u010dina\u010dkog poduhvata u sedam op\u0107ina RS-a<\/span><span class=\"field-name-field-credit\"><span class=\"field-item\">EPA<\/span><\/span><\/div>\n<\/div>\n<p>Nedavno mu je, posthumno, dodijeljena zahvalnica\u00a0Narodne skup\u0161tine Republike Srpske. Osim njega, zahvalnice su dobili i prvi predsjednik RS-a Radovan\u00a0Karad\u017ei\u0107, osu\u0111en pred Sudom u Haagu na 40 godina za ratne zlo\u010dine i genocid u Bosni i Hercegovini, te njegova bliska suradnica Biljana Plav\u0161i\u0107, koja je bila osu\u0111ena na 11 godina zatvora nakon \u0161to je priznala krivnju\u00a0za planirane sustavne zlo\u010dine nad Bo\u0161njacima i Hrvatima.\u00a0Na slobodu je iza\u0161la 2009. godine.<\/p>\n<p>Koljevi\u0107 je, prema optu\u017enici Karad\u017ei\u0107u, ozna\u010den kao dio udru\u017eenog zlo\u010dina\u010dkog pothvata u sedam bh. op\u0107ina. Ha\u0161ki sud oslobodio je krivice Karad\u017ei\u0107a za genocid u sedam bh. op\u0107ina.<\/p>\n<p>Koljevi\u0107 i Biljana Plav\u0161i\u0107 bili su na du\u017enosti potpredsjednika Republike Srpske u ratnim godinama. Prije 20 godina, na\u00a0Palama, Koljevi\u0107 je pucao sebi u glavu i potom preminuo u bolnici u Beogradu.<\/p>\n<p>Povelje Narodne skup\u0161tine Republike Srpske uru\u010dene su dosada\u0161njim predsjednicima tog tijela Mom\u010dilu Kraji\u0161niku, Draganu Kalini\u0107u, Petru \u0110oki\u0107u, Du\u0161anu Stoji\u010di\u0107u i Igoru Radoji\u010di\u0107u.<\/p>\n<p>Povelje i zahvalnice su dodijeljene zbog doprinosa u radu Narodne skup\u0161tine RS-a, a u povodu 25 godina postojanja tog predstavni\u010dkog tijela, re\u010deno je tada.<\/p>\n<p><em>Izvor: Al Jazeera i agencije<\/em><\/p>\n<p><\/span><br \/>\nPogledajte vijest na izvornom sajtu:<\/p>\n<p><a href=\"http:\/\/bosnapress.net\/dodik-i-krajisnik-otkrili-spomen-plocu-nikoli-koljevicu\/\" target=\"_blank\">Dodik i Kraji\u0161nik otkrili spomen-plo\u010du Nikoli Koljevi\u0107u<\/a><\/p>\n","protected":false},"excerpt":{"rendered":"<p>Predsjednik bh. entiteta Republika Srpska Milorad Dodik i osu\u0111eni ratni zlo\u010dinac Mom\u010dilo Kraji\u0161nik otkrili su spomen-plo\u010du\u00a0Nikoli Koljevi\u0107u\u00a0na njegovoj rodnoj ku\u0107i u Banjoj Luci. Koljevi\u0107a su tom prilikom nazvali \u201cjednim od najzna\u010dajnijih utemeljiva\u010da RS-a\u201d. Ceremonija je organizirana u okviru obilje\u017eavanja\u00a020 godina od Koljevi\u0107eve smrti, koje je uprili\u010dila Asocijacija \u201cStvaraoci Republike Srpske\u201d. \u201cNajbolja odbrana Republike Srpke je [&hellip;]<\/p>\n","protected":false},"author":83,"featured_media":177810,"comment_status":"open","ping_status":"open","sticky":false,"template":"","format":"standard","meta":{"footnotes":""},"categories":[10513],"tags":[10466],"class_list":{"0":"post-177809","1":"post","2":"type-post","3":"status-publish","4":"format-standard","5":"has-post-thumbnail","7":"category-bosna-press","8":"tag-bosna-i-hercegovina"},"yoast_head":"<!-- This site is optimized with the Yoast SEO Premium plugin v23.1 (Yoast SEO v24.9) - https:\/\/yoast.com\/wordpress\/plugins\/seo\/ -->\n<title>Dodik i Kraji\u0161nik otkrili spomen-plo\u010du Nikoli Koljevi\u0107u<\/title>\n<meta name=\"robots\" content=\"index, follow, max-snippet:-1, max-image-preview:large, max-video-preview:-1\" \/>\n<link rel=\"canonical\" href=\"https:\/\/sandzakpress.net\/arhiva\/dodik-i-krajisnik-otkrili-spomen-plocu-nikoli-koljevicu\/\" \/>\n<meta property=\"og:locale\" content=\"bs_BA\" \/>\n<meta property=\"og:type\" content=\"article\" \/>\n<meta property=\"og:title\" content=\"Dodik i Kraji\u0161nik otkrili spomen-plo\u010du Nikoli Koljevi\u0107u\" \/>\n<meta property=\"og:description\" content=\"Predsjednik bh. entiteta Republika Srpska Milorad Dodik i osu\u0111eni ratni zlo\u010dinac Mom\u010dilo Kraji\u0161nik otkrili su spomen-plo\u010du\u00a0Nikoli Koljevi\u0107u\u00a0na njegovoj rodnoj ku\u0107i u Banjoj Luci. Koljevi\u0107a su tom prilikom nazvali \u201cjednim od najzna\u010dajnijih utemeljiva\u010da RS-a\u201d. Ceremonija je organizirana u okviru obilje\u017eavanja\u00a020 godina od Koljevi\u0107eve smrti, koje je uprili\u010dila Asocijacija \u201cStvaraoci Republike Srpske\u201d. \u201cNajbolja odbrana Republike Srpke je [&hellip;]\" \/>\n<meta property=\"og:url\" content=\"https:\/\/sandzakpress.net\/arhiva\/dodik-i-krajisnik-otkrili-spomen-plocu-nikoli-koljevicu\/\" \/>\n<meta property=\"og:site_name\" content=\"Sand\u017eak PRESS\" \/>\n<meta property=\"article:published_time\" content=\"2017-01-25T14:53:37+00:00\" \/>\n<meta property=\"og:image\" content=\"https:\/\/sandzakpress.net\/arhiva\/wp-content\/uploads\/2017\/01\/h_99450186.jpg\" \/>\n\t<meta property=\"og:image:width\" content=\"770\" \/>\n\t<meta property=\"og:image:height\" content=\"433\" \/>\n\t<meta property=\"og:image:type\" content=\"image\/jpeg\" \/>\n<meta name=\"author\" content=\"bosniak\" \/>\n<meta name=\"twitter:card\" content=\"summary_large_image\" \/>\n<meta name=\"twitter:label1\" content=\"Written by\" \/>\n\t<meta name=\"twitter:data1\" content=\"bosniak\" \/>\n\t<meta name=\"twitter:label2\" content=\"Est. reading time\" \/>\n\t<meta name=\"twitter:data2\" content=\"3 minute\" \/>\n<script type=\"application\/ld+json\" class=\"yoast-schema-graph\">{\"@context\":\"https:\/\/schema.org\",\"@graph\":[{\"@type\":\"Article\",\"@id\":\"https:\/\/sandzakpress.net\/arhiva\/dodik-i-krajisnik-otkrili-spomen-plocu-nikoli-koljevicu\/#article\",\"isPartOf\":{\"@id\":\"https:\/\/sandzakpress.net\/arhiva\/dodik-i-krajisnik-otkrili-spomen-plocu-nikoli-koljevicu\/\"},\"author\":{\"name\":\"bosniak\",\"@id\":\"https:\/\/sandzakpress.net\/arhiva\/#\/schema\/person\/c8baee722073534b583ea7bdb2e36c02\"},\"headline\":\"Dodik i Kraji\u0161nik otkrili spomen-plo\u010du Nikoli Koljevi\u0107u\",\"datePublished\":\"2017-01-25T14:53:37+00:00\",\"mainEntityOfPage\":{\"@id\":\"https:\/\/sandzakpress.net\/arhiva\/dodik-i-krajisnik-otkrili-spomen-plocu-nikoli-koljevicu\/\"},\"wordCount\":652,\"commentCount\":3,\"publisher\":{\"@id\":\"https:\/\/sandzakpress.net\/arhiva\/#\/schema\/person\/6e72b67d6e51910a1117b3b483ba20bd\"},\"image\":{\"@id\":\"https:\/\/sandzakpress.net\/arhiva\/dodik-i-krajisnik-otkrili-spomen-plocu-nikoli-koljevicu\/#primaryimage\"},\"thumbnailUrl\":\"https:\/\/sandzakpress.net\/arhiva\/wp-content\/uploads\/2017\/01\/h_99450186.jpg\",\"keywords\":[\"Bosna i Hercegovina\"],\"articleSection\":[\"Bosna PRESS\"],\"inLanguage\":\"bs-BA\",\"potentialAction\":[{\"@type\":\"CommentAction\",\"name\":\"Comment\",\"target\":[\"https:\/\/sandzakpress.net\/arhiva\/dodik-i-krajisnik-otkrili-spomen-plocu-nikoli-koljevicu\/#respond\"]}]},{\"@type\":\"WebPage\",\"@id\":\"https:\/\/sandzakpress.net\/arhiva\/dodik-i-krajisnik-otkrili-spomen-plocu-nikoli-koljevicu\/\",\"url\":\"https:\/\/sandzakpress.net\/arhiva\/dodik-i-krajisnik-otkrili-spomen-plocu-nikoli-koljevicu\/\",\"name\":\"Dodik i Kraji\u0161nik otkrili spomen-plo\u010du Nikoli Koljevi\u0107u\",\"isPartOf\":{\"@id\":\"https:\/\/sandzakpress.net\/arhiva\/#website\"},\"primaryImageOfPage\":{\"@id\":\"https:\/\/sandzakpress.net\/arhiva\/dodik-i-krajisnik-otkrili-spomen-plocu-nikoli-koljevicu\/#primaryimage\"},\"image\":{\"@id\":\"https:\/\/sandzakpress.net\/arhiva\/dodik-i-krajisnik-otkrili-spomen-plocu-nikoli-koljevicu\/#primaryimage\"},\"thumbnailUrl\":\"https:\/\/sandzakpress.net\/arhiva\/wp-content\/uploads\/2017\/01\/h_99450186.jpg\",\"datePublished\":\"2017-01-25T14:53:37+00:00\",\"breadcrumb\":{\"@id\":\"https:\/\/sandzakpress.net\/arhiva\/dodik-i-krajisnik-otkrili-spomen-plocu-nikoli-koljevicu\/#breadcrumb\"},\"inLanguage\":\"bs-BA\",\"potentialAction\":[{\"@type\":\"ReadAction\",\"target\":[\"https:\/\/sandzakpress.net\/arhiva\/dodik-i-krajisnik-otkrili-spomen-plocu-nikoli-koljevicu\/\"]}]},{\"@type\":\"ImageObject\",\"inLanguage\":\"bs-BA\",\"@id\":\"https:\/\/sandzakpress.net\/arhiva\/dodik-i-krajisnik-otkrili-spomen-plocu-nikoli-koljevicu\/#primaryimage\",\"url\":\"https:\/\/sandzakpress.net\/arhiva\/wp-content\/uploads\/2017\/01\/h_99450186.jpg\",\"contentUrl\":\"https:\/\/sandzakpress.net\/arhiva\/wp-content\/uploads\/2017\/01\/h_99450186.jpg\",\"width\":770,\"height\":433},{\"@type\":\"BreadcrumbList\",\"@id\":\"https:\/\/sandzakpress.net\/arhiva\/dodik-i-krajisnik-otkrili-spomen-plocu-nikoli-koljevicu\/#breadcrumb\",\"itemListElement\":[{\"@type\":\"ListItem\",\"position\":1,\"name\":\"Home\",\"item\":\"https:\/\/sandzakpress.net\/arhiva\/\"},{\"@type\":\"ListItem\",\"position\":2,\"name\":\"Dodik i Kraji\u0161nik otkrili spomen-plo\u010du Nikoli Koljevi\u0107u\"}]},{\"@type\":\"WebSite\",\"@id\":\"https:\/\/sandzakpress.net\/arhiva\/#website\",\"url\":\"https:\/\/sandzakpress.net\/arhiva\/\",\"name\":\"Sand\u017eak PRESS\",\"description\":\"Prve elektronske novine u Sand\u017eaku\",\"publisher\":{\"@id\":\"https:\/\/sandzakpress.net\/arhiva\/#\/schema\/person\/6e72b67d6e51910a1117b3b483ba20bd\"},\"potentialAction\":[{\"@type\":\"SearchAction\",\"target\":{\"@type\":\"EntryPoint\",\"urlTemplate\":\"https:\/\/sandzakpress.net\/arhiva\/?s={search_term_string}\"},\"query-input\":{\"@type\":\"PropertyValueSpecification\",\"valueRequired\":true,\"valueName\":\"search_term_string\"}}],\"inLanguage\":\"bs-BA\"},{\"@type\":[\"Person\",\"Organization\"],\"@id\":\"https:\/\/sandzakpress.net\/arhiva\/#\/schema\/person\/6e72b67d6e51910a1117b3b483ba20bd\",\"name\":\"Kul\",\"image\":{\"@type\":\"ImageObject\",\"inLanguage\":\"bs-BA\",\"@id\":\"https:\/\/sandzakpress.net\/arhiva\/#\/schema\/person\/image\/\",\"url\":\"https:\/\/secure.gravatar.com\/avatar\/42263f39aa27ac04c43cab85c280eb2e?s=96&d=mm&r=pg\",\"contentUrl\":\"https:\/\/secure.gravatar.com\/avatar\/42263f39aa27ac04c43cab85c280eb2e?s=96&d=mm&r=pg\",\"caption\":\"Kul\"},\"logo\":{\"@id\":\"https:\/\/sandzakpress.net\/arhiva\/#\/schema\/person\/image\/\"}},{\"@type\":\"Person\",\"@id\":\"https:\/\/sandzakpress.net\/arhiva\/#\/schema\/person\/c8baee722073534b583ea7bdb2e36c02\",\"name\":\"bosniak\",\"image\":{\"@type\":\"ImageObject\",\"inLanguage\":\"bs-BA\",\"@id\":\"https:\/\/sandzakpress.net\/arhiva\/#\/schema\/person\/image\/\",\"url\":\"https:\/\/secure.gravatar.com\/avatar\/a04fd330bfe3a36a72a0ad4a6d89fca7?s=96&d=mm&r=pg\",\"contentUrl\":\"https:\/\/secure.gravatar.com\/avatar\/a04fd330bfe3a36a72a0ad4a6d89fca7?s=96&d=mm&r=pg\",\"caption\":\"bosniak\"},\"url\":\"https:\/\/sandzakpress.net\/arhiva\/author\/bosniak\/\"}]}<\/script>\n<!-- \/ Yoast SEO Premium plugin. -->","yoast_head_json":{"title":"Dodik i Kraji\u0161nik otkrili spomen-plo\u010du Nikoli Koljevi\u0107u","robots":{"index":"index","follow":"follow","max-snippet":"max-snippet:-1","max-image-preview":"max-image-preview:large","max-video-preview":"max-video-preview:-1"},"canonical":"https:\/\/sandzakpress.net\/arhiva\/dodik-i-krajisnik-otkrili-spomen-plocu-nikoli-koljevicu\/","og_locale":"bs_BA","og_type":"article","og_title":"Dodik i Kraji\u0161nik otkrili spomen-plo\u010du Nikoli Koljevi\u0107u","og_description":"Predsjednik bh. entiteta Republika Srpska Milorad Dodik i osu\u0111eni ratni zlo\u010dinac Mom\u010dilo Kraji\u0161nik otkrili su spomen-plo\u010du\u00a0Nikoli Koljevi\u0107u\u00a0na njegovoj rodnoj ku\u0107i u Banjoj Luci. Koljevi\u0107a su tom prilikom nazvali \u201cjednim od najzna\u010dajnijih utemeljiva\u010da RS-a\u201d. Ceremonija je organizirana u okviru obilje\u017eavanja\u00a020 godina od Koljevi\u0107eve smrti, koje je uprili\u010dila Asocijacija \u201cStvaraoci Republike Srpske\u201d. \u201cNajbolja odbrana Republike Srpke je [&hellip;]","og_url":"https:\/\/sandzakpress.net\/arhiva\/dodik-i-krajisnik-otkrili-spomen-plocu-nikoli-koljevicu\/","og_site_name":"Sand\u017eak PRESS","article_published_time":"2017-01-25T14:53:37+00:00","og_image":[{"width":770,"height":433,"url":"https:\/\/sandzakpress.net\/arhiva\/wp-content\/uploads\/2017\/01\/h_99450186.jpg","type":"image\/jpeg"}],"author":"bosniak","twitter_card":"summary_large_image","twitter_misc":{"Written by":"bosniak","Est. reading time":"3 minute"},"schema":{"@context":"https:\/\/schema.org","@graph":[{"@type":"Article","@id":"https:\/\/sandzakpress.net\/arhiva\/dodik-i-krajisnik-otkrili-spomen-plocu-nikoli-koljevicu\/#article","isPartOf":{"@id":"https:\/\/sandzakpress.net\/arhiva\/dodik-i-krajisnik-otkrili-spomen-plocu-nikoli-koljevicu\/"},"author":{"name":"bosniak","@id":"https:\/\/sandzakpress.net\/arhiva\/#\/schema\/person\/c8baee722073534b583ea7bdb2e36c02"},"headline":"Dodik i Kraji\u0161nik otkrili spomen-plo\u010du Nikoli Koljevi\u0107u","datePublished":"2017-01-25T14:53:37+00:00","mainEntityOfPage":{"@id":"https:\/\/sandzakpress.net\/arhiva\/dodik-i-krajisnik-otkrili-spomen-plocu-nikoli-koljevicu\/"},"wordCount":652,"commentCount":3,"publisher":{"@id":"https:\/\/sandzakpress.net\/arhiva\/#\/schema\/person\/6e72b67d6e51910a1117b3b483ba20bd"},"image":{"@id":"https:\/\/sandzakpress.net\/arhiva\/dodik-i-krajisnik-otkrili-spomen-plocu-nikoli-koljevicu\/#primaryimage"},"thumbnailUrl":"https:\/\/sandzakpress.net\/arhiva\/wp-content\/uploads\/2017\/01\/h_99450186.jpg","keywords":["Bosna i Hercegovina"],"articleSection":["Bosna PRESS"],"inLanguage":"bs-BA","potentialAction":[{"@type":"CommentAction","name":"Comment","target":["https:\/\/sandzakpress.net\/arhiva\/dodik-i-krajisnik-otkrili-spomen-plocu-nikoli-koljevicu\/#respond"]}]},{"@type":"WebPage","@id":"https:\/\/sandzakpress.net\/arhiva\/dodik-i-krajisnik-otkrili-spomen-plocu-nikoli-koljevicu\/","url":"https:\/\/sandzakpress.net\/arhiva\/dodik-i-krajisnik-otkrili-spomen-plocu-nikoli-koljevicu\/","name":"Dodik i Kraji\u0161nik otkrili spomen-plo\u010du Nikoli Koljevi\u0107u","isPartOf":{"@id":"https:\/\/sandzakpress.net\/arhiva\/#website"},"primaryImageOfPage":{"@id":"https:\/\/sandzakpress.net\/arhiva\/dodik-i-krajisnik-otkrili-spomen-plocu-nikoli-koljevicu\/#primaryimage"},"image":{"@id":"https:\/\/sandzakpress.net\/arhiva\/dodik-i-krajisnik-otkrili-spomen-plocu-nikoli-koljevicu\/#primaryimage"},"thumbnailUrl":"https:\/\/sandzakpress.net\/arhiva\/wp-content\/uploads\/2017\/01\/h_99450186.jpg","datePublished":"2017-01-25T14:53:37+00:00","breadcrumb":{"@id":"https:\/\/sandzakpress.net\/arhiva\/dodik-i-krajisnik-otkrili-spomen-plocu-nikoli-koljevicu\/#breadcrumb"},"inLanguage":"bs-BA","potentialAction":[{"@type":"ReadAction","target":["https:\/\/sandzakpress.net\/arhiva\/dodik-i-krajisnik-otkrili-spomen-plocu-nikoli-koljevicu\/"]}]},{"@type":"ImageObject","inLanguage":"bs-BA","@id":"https:\/\/sandzakpress.net\/arhiva\/dodik-i-krajisnik-otkrili-spomen-plocu-nikoli-koljevicu\/#primaryimage","url":"https:\/\/sandzakpress.net\/arhiva\/wp-content\/uploads\/2017\/01\/h_99450186.jpg","contentUrl":"https:\/\/sandzakpress.net\/arhiva\/wp-content\/uploads\/2017\/01\/h_99450186.jpg","width":770,"height":433},{"@type":"BreadcrumbList","@id":"https:\/\/sandzakpress.net\/arhiva\/dodik-i-krajisnik-otkrili-spomen-plocu-nikoli-koljevicu\/#breadcrumb","itemListElement":[{"@type":"ListItem","position":1,"name":"Home","item":"https:\/\/sandzakpress.net\/arhiva\/"},{"@type":"ListItem","position":2,"name":"Dodik i Kraji\u0161nik otkrili spomen-plo\u010du Nikoli Koljevi\u0107u"}]},{"@type":"WebSite","@id":"https:\/\/sandzakpress.net\/arhiva\/#website","url":"https:\/\/sandzakpress.net\/arhiva\/","name":"Sand\u017eak PRESS","description":"Prve elektronske novine u Sand\u017eaku","publisher":{"@id":"https:\/\/sandzakpress.net\/arhiva\/#\/schema\/person\/6e72b67d6e51910a1117b3b483ba20bd"},"potentialAction":[{"@type":"SearchAction","target":{"@type":"EntryPoint","urlTemplate":"https:\/\/sandzakpress.net\/arhiva\/?s={search_term_string}"},"query-input":{"@type":"PropertyValueSpecification","valueRequired":true,"valueName":"search_term_string"}}],"inLanguage":"bs-BA"},{"@type":["Person","Organization"],"@id":"https:\/\/sandzakpress.net\/arhiva\/#\/schema\/person\/6e72b67d6e51910a1117b3b483ba20bd","name":"Kul","image":{"@type":"ImageObject","inLanguage":"bs-BA","@id":"https:\/\/sandzakpress.net\/arhiva\/#\/schema\/person\/image\/","url":"https:\/\/secure.gravatar.com\/avatar\/42263f39aa27ac04c43cab85c280eb2e?s=96&d=mm&r=pg","contentUrl":"https:\/\/secure.gravatar.com\/avatar\/42263f39aa27ac04c43cab85c280eb2e?s=96&d=mm&r=pg","caption":"Kul"},"logo":{"@id":"https:\/\/sandzakpress.net\/arhiva\/#\/schema\/person\/image\/"}},{"@type":"Person","@id":"https:\/\/sandzakpress.net\/arhiva\/#\/schema\/person\/c8baee722073534b583ea7bdb2e36c02","name":"bosniak","image":{"@type":"ImageObject","inLanguage":"bs-BA","@id":"https:\/\/sandzakpress.net\/arhiva\/#\/schema\/person\/image\/","url":"https:\/\/secure.gravatar.com\/avatar\/a04fd330bfe3a36a72a0ad4a6d89fca7?s=96&d=mm&r=pg","contentUrl":"https:\/\/secure.gravatar.com\/avatar\/a04fd330bfe3a36a72a0ad4a6d89fca7?s=96&d=mm&r=pg","caption":"bosniak"},"url":"https:\/\/sandzakpress.net\/arhiva\/author\/bosniak\/"}]}},"_links":{"self":[{"href":"https:\/\/sandzakpress.net\/arhiva\/wp-json\/wp\/v2\/posts\/177809"}],"collection":[{"href":"https:\/\/sandzakpress.net\/arhiva\/wp-json\/wp\/v2\/posts"}],"about":[{"href":"https:\/\/sandzakpress.net\/arhiva\/wp-json\/wp\/v2\/types\/post"}],"author":[{"embeddable":true,"href":"https:\/\/sandzakpress.net\/arhiva\/wp-json\/wp\/v2\/users\/83"}],"replies":[{"embeddable":true,"href":"https:\/\/sandzakpress.net\/arhiva\/wp-json\/wp\/v2\/comments?post=177809"}],"version-history":[{"count":0,"href":"https:\/\/sandzakpress.net\/arhiva\/wp-json\/wp\/v2\/posts\/177809\/revisions"}],"wp:featuredmedia":[{"embeddable":true,"href":"https:\/\/sandzakpress.net\/arhiva\/wp-json\/wp\/v2\/media\/177810"}],"wp:attachment":[{"href":"https:\/\/sandzakpress.net\/arhiva\/wp-json\/wp\/v2\/media?parent=177809"}],"wp:term":[{"taxonomy":"category","embeddable":true,"href":"https:\/\/sandzakpress.net\/arhiva\/wp-json\/wp\/v2\/categories?post=177809"},{"taxonomy":"post_tag","embeddable":true,"href":"https:\/\/sandzakpress.net\/arhiva\/wp-json\/wp\/v2\/tags?post=177809"}],"curies":[{"name":"wp","href":"https:\/\/api.w.org\/{rel}","templated":true}]}}