{"id":17752,"date":"2011-07-01T18:03:15","date_gmt":"2011-07-01T16:03:15","guid":{"rendered":"https:\/\/sandzakpress.net\/arhiva\/?p=17752"},"modified":"2011-07-01T18:03:15","modified_gmt":"2011-07-01T16:03:15","slug":"cestitka-banu-od-akademije-nauka-albanije","status":"publish","type":"post","link":"https:\/\/sandzakpress.net\/arhiva\/cestitka-banu-od-akademije-nauka-albanije\/","title":{"rendered":"\u010cestitka BANU od Akademije nauka Albanije"},"content":{"rendered":"<p><strong><a href=\"https:\/\/sandzakpress.net\/arhiva\/wp-content\/uploads\/2011\/07\/3886813749_159080f7cb.jpg\"><img loading=\"lazy\" decoding=\"async\" class=\"alignleft size-medium wp-image-17753\" title=\"3886813749_159080f7cb\" src=\"https:\/\/sandzakpress.net\/arhiva\/wp-content\/uploads\/2011\/07\/3886813749_159080f7cb-300x202.jpg\" alt=\"\" width=\"214\" height=\"144\" \/><\/a>BiH, Kosovo &#8211; U ime Predsjedni\u0161tva Akademije nauka Albanije \u010destitku BANU i njenom predsjedniku akademiku Feridu Muhi\u0107u uputio je predsjednik albanske Akademije nauka, akademik Gudar Be\u0107iraj.<\/strong><\/p>\n<p>Tom prilikom upu\u0107ene su \u010destitke rukovodstvu BANU-a sa \u017eeljom za puno uspjeha u nau\u010dnim poduhvatima. Predsjednik albanske Akademije nauka izrazio je spremnost za budu\u0107u saradnju ove dvije Akademije.<\/p>\n<p>U \u010destitki se osnivanje BANU ocenjuje kao veliki i va\u017ean poduhvat a predsjedniku Feridu Muhi\u0107u upu\u0107uju \u010destitke sa \u017eeljom da uspije u ostvarivanju ciljeva i vizije BANU.<\/p>\n<p>Izvor: <strong>Bosnjaci.net<\/strong><\/p>\n","protected":false},"excerpt":{"rendered":"<p>BiH, Kosovo &#8211; U ime Predsjedni\u0161tva Akademije nauka Albanije \u010destitku BANU i njenom predsjedniku akademiku Feridu Muhi\u0107u uputio je predsjednik albanske Akademije nauka, akademik Gudar Be\u0107iraj. Tom prilikom upu\u0107ene su \u010destitke rukovodstvu BANU-a sa \u017eeljom za puno uspjeha u nau\u010dnim poduhvatima. Predsjednik albanske Akademije nauka izrazio je spremnost za budu\u0107u saradnju ove dvije Akademije. U [&hellip;]<\/p>\n","protected":false},"author":83,"featured_media":17753,"comment_status":"open","ping_status":"open","sticky":false,"template":"","format":"standard","meta":{"footnotes":""},"categories":[800,2860,2690],"tags":[],"class_list":{"0":"post-17752","1":"post","2":"type-post","3":"status-publish","4":"format-standard","5":"has-post-thumbnail","7":"category-nacija","8":"category-bosna-i-hercegovina-gradovi","9":"category-kosovo-gradovi"},"yoast_head":"<!-- This site is optimized with the Yoast SEO Premium plugin v23.1 (Yoast SEO v24.9) - https:\/\/yoast.com\/wordpress\/plugins\/seo\/ -->\n<title>\u010cestitka BANU od Akademije nauka Albanije<\/title>\n<meta name=\"robots\" content=\"index, follow, max-snippet:-1, max-image-preview:large, max-video-preview:-1\" \/>\n<link rel=\"canonical\" href=\"https:\/\/sandzakpress.net\/arhiva\/cestitka-banu-od-akademije-nauka-albanije\/\" \/>\n<meta property=\"og:locale\" content=\"bs_BA\" \/>\n<meta property=\"og:type\" content=\"article\" \/>\n<meta property=\"og:title\" content=\"\u010cestitka BANU od Akademije nauka Albanije\" \/>\n<meta property=\"og:description\" content=\"BiH, Kosovo &#8211; U ime Predsjedni\u0161tva Akademije nauka Albanije \u010destitku BANU i njenom predsjedniku akademiku Feridu Muhi\u0107u uputio je predsjednik albanske Akademije nauka, akademik Gudar Be\u0107iraj. Tom prilikom upu\u0107ene su \u010destitke rukovodstvu BANU-a sa \u017eeljom za puno uspjeha u nau\u010dnim poduhvatima. Predsjednik albanske Akademije nauka izrazio je spremnost za budu\u0107u saradnju ove dvije Akademije. U [&hellip;]\" \/>\n<meta property=\"og:url\" content=\"https:\/\/sandzakpress.net\/arhiva\/cestitka-banu-od-akademije-nauka-albanije\/\" \/>\n<meta property=\"og:site_name\" content=\"Sand\u017eak PRESS\" \/>\n<meta property=\"article:published_time\" content=\"2011-07-01T16:03:15+00:00\" \/>\n<meta property=\"og:image\" content=\"https:\/\/sandzakpress.net\/arhiva\/wp-content\/uploads\/2011\/07\/3886813749_159080f7cb.jpg\" \/>\n\t<meta property=\"og:image:width\" content=\"500\" \/>\n\t<meta property=\"og:image:height\" content=\"338\" \/>\n\t<meta property=\"og:image:type\" content=\"image\/jpeg\" \/>\n<meta name=\"author\" content=\"bosniak\" \/>\n<meta name=\"twitter:card\" content=\"summary_large_image\" \/>\n<meta name=\"twitter:label1\" content=\"Written by\" \/>\n\t<meta name=\"twitter:data1\" content=\"bosniak\" \/>\n<script type=\"application\/ld+json\" class=\"yoast-schema-graph\">{\"@context\":\"https:\/\/schema.org\",\"@graph\":[{\"@type\":\"Article\",\"@id\":\"https:\/\/sandzakpress.net\/arhiva\/cestitka-banu-od-akademije-nauka-albanije\/#article\",\"isPartOf\":{\"@id\":\"https:\/\/sandzakpress.net\/arhiva\/cestitka-banu-od-akademije-nauka-albanije\/\"},\"author\":{\"name\":\"bosniak\",\"@id\":\"https:\/\/sandzakpress.net\/arhiva\/#\/schema\/person\/c8baee722073534b583ea7bdb2e36c02\"},\"headline\":\"\u010cestitka BANU od Akademije nauka Albanije\",\"datePublished\":\"2011-07-01T16:03:15+00:00\",\"mainEntityOfPage\":{\"@id\":\"https:\/\/sandzakpress.net\/arhiva\/cestitka-banu-od-akademije-nauka-albanije\/\"},\"wordCount\":99,\"commentCount\":4,\"publisher\":{\"@id\":\"https:\/\/sandzakpress.net\/arhiva\/#\/schema\/person\/6e72b67d6e51910a1117b3b483ba20bd\"},\"image\":{\"@id\":\"https:\/\/sandzakpress.net\/arhiva\/cestitka-banu-od-akademije-nauka-albanije\/#primaryimage\"},\"thumbnailUrl\":\"https:\/\/sandzakpress.net\/arhiva\/wp-content\/uploads\/2011\/07\/3886813749_159080f7cb.jpg\",\"articleSection\":[\"Nacija\",\"Bosna i Hercegovina\",\"Kosovo\"],\"inLanguage\":\"bs-BA\",\"potentialAction\":[{\"@type\":\"CommentAction\",\"name\":\"Comment\",\"target\":[\"https:\/\/sandzakpress.net\/arhiva\/cestitka-banu-od-akademije-nauka-albanije\/#respond\"]}]},{\"@type\":\"WebPage\",\"@id\":\"https:\/\/sandzakpress.net\/arhiva\/cestitka-banu-od-akademije-nauka-albanije\/\",\"url\":\"https:\/\/sandzakpress.net\/arhiva\/cestitka-banu-od-akademije-nauka-albanije\/\",\"name\":\"\u010cestitka BANU od Akademije nauka Albanije\",\"isPartOf\":{\"@id\":\"https:\/\/sandzakpress.net\/arhiva\/#website\"},\"primaryImageOfPage\":{\"@id\":\"https:\/\/sandzakpress.net\/arhiva\/cestitka-banu-od-akademije-nauka-albanije\/#primaryimage\"},\"image\":{\"@id\":\"https:\/\/sandzakpress.net\/arhiva\/cestitka-banu-od-akademije-nauka-albanije\/#primaryimage\"},\"thumbnailUrl\":\"https:\/\/sandzakpress.net\/arhiva\/wp-content\/uploads\/2011\/07\/3886813749_159080f7cb.jpg\",\"datePublished\":\"2011-07-01T16:03:15+00:00\",\"breadcrumb\":{\"@id\":\"https:\/\/sandzakpress.net\/arhiva\/cestitka-banu-od-akademije-nauka-albanije\/#breadcrumb\"},\"inLanguage\":\"bs-BA\",\"potentialAction\":[{\"@type\":\"ReadAction\",\"target\":[\"https:\/\/sandzakpress.net\/arhiva\/cestitka-banu-od-akademije-nauka-albanije\/\"]}]},{\"@type\":\"ImageObject\",\"inLanguage\":\"bs-BA\",\"@id\":\"https:\/\/sandzakpress.net\/arhiva\/cestitka-banu-od-akademije-nauka-albanije\/#primaryimage\",\"url\":\"https:\/\/sandzakpress.net\/arhiva\/wp-content\/uploads\/2011\/07\/3886813749_159080f7cb.jpg\",\"contentUrl\":\"https:\/\/sandzakpress.net\/arhiva\/wp-content\/uploads\/2011\/07\/3886813749_159080f7cb.jpg\",\"width\":500,\"height\":338},{\"@type\":\"BreadcrumbList\",\"@id\":\"https:\/\/sandzakpress.net\/arhiva\/cestitka-banu-od-akademije-nauka-albanije\/#breadcrumb\",\"itemListElement\":[{\"@type\":\"ListItem\",\"position\":1,\"name\":\"Home\",\"item\":\"https:\/\/sandzakpress.net\/arhiva\/\"},{\"@type\":\"ListItem\",\"position\":2,\"name\":\"\u010cestitka BANU od Akademije nauka Albanije\"}]},{\"@type\":\"WebSite\",\"@id\":\"https:\/\/sandzakpress.net\/arhiva\/#website\",\"url\":\"https:\/\/sandzakpress.net\/arhiva\/\",\"name\":\"Sand\u017eak PRESS\",\"description\":\"Prve elektronske novine u Sand\u017eaku\",\"publisher\":{\"@id\":\"https:\/\/sandzakpress.net\/arhiva\/#\/schema\/person\/6e72b67d6e51910a1117b3b483ba20bd\"},\"potentialAction\":[{\"@type\":\"SearchAction\",\"target\":{\"@type\":\"EntryPoint\",\"urlTemplate\":\"https:\/\/sandzakpress.net\/arhiva\/?s={search_term_string}\"},\"query-input\":{\"@type\":\"PropertyValueSpecification\",\"valueRequired\":true,\"valueName\":\"search_term_string\"}}],\"inLanguage\":\"bs-BA\"},{\"@type\":[\"Person\",\"Organization\"],\"@id\":\"https:\/\/sandzakpress.net\/arhiva\/#\/schema\/person\/6e72b67d6e51910a1117b3b483ba20bd\",\"name\":\"Kul\",\"image\":{\"@type\":\"ImageObject\",\"inLanguage\":\"bs-BA\",\"@id\":\"https:\/\/sandzakpress.net\/arhiva\/#\/schema\/person\/image\/\",\"url\":\"https:\/\/secure.gravatar.com\/avatar\/42263f39aa27ac04c43cab85c280eb2e?s=96&d=mm&r=pg\",\"contentUrl\":\"https:\/\/secure.gravatar.com\/avatar\/42263f39aa27ac04c43cab85c280eb2e?s=96&d=mm&r=pg\",\"caption\":\"Kul\"},\"logo\":{\"@id\":\"https:\/\/sandzakpress.net\/arhiva\/#\/schema\/person\/image\/\"}},{\"@type\":\"Person\",\"@id\":\"https:\/\/sandzakpress.net\/arhiva\/#\/schema\/person\/c8baee722073534b583ea7bdb2e36c02\",\"name\":\"bosniak\",\"image\":{\"@type\":\"ImageObject\",\"inLanguage\":\"bs-BA\",\"@id\":\"https:\/\/sandzakpress.net\/arhiva\/#\/schema\/person\/image\/\",\"url\":\"https:\/\/secure.gravatar.com\/avatar\/a04fd330bfe3a36a72a0ad4a6d89fca7?s=96&d=mm&r=pg\",\"contentUrl\":\"https:\/\/secure.gravatar.com\/avatar\/a04fd330bfe3a36a72a0ad4a6d89fca7?s=96&d=mm&r=pg\",\"caption\":\"bosniak\"},\"url\":\"https:\/\/sandzakpress.net\/arhiva\/author\/bosniak\/\"}]}<\/script>\n<!-- \/ Yoast SEO Premium plugin. -->","yoast_head_json":{"title":"\u010cestitka BANU od Akademije nauka Albanije","robots":{"index":"index","follow":"follow","max-snippet":"max-snippet:-1","max-image-preview":"max-image-preview:large","max-video-preview":"max-video-preview:-1"},"canonical":"https:\/\/sandzakpress.net\/arhiva\/cestitka-banu-od-akademije-nauka-albanije\/","og_locale":"bs_BA","og_type":"article","og_title":"\u010cestitka BANU od Akademije nauka Albanije","og_description":"BiH, Kosovo &#8211; U ime Predsjedni\u0161tva Akademije nauka Albanije \u010destitku BANU i njenom predsjedniku akademiku Feridu Muhi\u0107u uputio je predsjednik albanske Akademije nauka, akademik Gudar Be\u0107iraj. Tom prilikom upu\u0107ene su \u010destitke rukovodstvu BANU-a sa \u017eeljom za puno uspjeha u nau\u010dnim poduhvatima. Predsjednik albanske Akademije nauka izrazio je spremnost za budu\u0107u saradnju ove dvije Akademije. U [&hellip;]","og_url":"https:\/\/sandzakpress.net\/arhiva\/cestitka-banu-od-akademije-nauka-albanije\/","og_site_name":"Sand\u017eak PRESS","article_published_time":"2011-07-01T16:03:15+00:00","og_image":[{"width":500,"height":338,"url":"https:\/\/sandzakpress.net\/arhiva\/wp-content\/uploads\/2011\/07\/3886813749_159080f7cb.jpg","type":"image\/jpeg"}],"author":"bosniak","twitter_card":"summary_large_image","twitter_misc":{"Written by":"bosniak"},"schema":{"@context":"https:\/\/schema.org","@graph":[{"@type":"Article","@id":"https:\/\/sandzakpress.net\/arhiva\/cestitka-banu-od-akademije-nauka-albanije\/#article","isPartOf":{"@id":"https:\/\/sandzakpress.net\/arhiva\/cestitka-banu-od-akademije-nauka-albanije\/"},"author":{"name":"bosniak","@id":"https:\/\/sandzakpress.net\/arhiva\/#\/schema\/person\/c8baee722073534b583ea7bdb2e36c02"},"headline":"\u010cestitka BANU od Akademije nauka Albanije","datePublished":"2011-07-01T16:03:15+00:00","mainEntityOfPage":{"@id":"https:\/\/sandzakpress.net\/arhiva\/cestitka-banu-od-akademije-nauka-albanije\/"},"wordCount":99,"commentCount":4,"publisher":{"@id":"https:\/\/sandzakpress.net\/arhiva\/#\/schema\/person\/6e72b67d6e51910a1117b3b483ba20bd"},"image":{"@id":"https:\/\/sandzakpress.net\/arhiva\/cestitka-banu-od-akademije-nauka-albanije\/#primaryimage"},"thumbnailUrl":"https:\/\/sandzakpress.net\/arhiva\/wp-content\/uploads\/2011\/07\/3886813749_159080f7cb.jpg","articleSection":["Nacija","Bosna i Hercegovina","Kosovo"],"inLanguage":"bs-BA","potentialAction":[{"@type":"CommentAction","name":"Comment","target":["https:\/\/sandzakpress.net\/arhiva\/cestitka-banu-od-akademije-nauka-albanije\/#respond"]}]},{"@type":"WebPage","@id":"https:\/\/sandzakpress.net\/arhiva\/cestitka-banu-od-akademije-nauka-albanije\/","url":"https:\/\/sandzakpress.net\/arhiva\/cestitka-banu-od-akademije-nauka-albanije\/","name":"\u010cestitka BANU od Akademije nauka Albanije","isPartOf":{"@id":"https:\/\/sandzakpress.net\/arhiva\/#website"},"primaryImageOfPage":{"@id":"https:\/\/sandzakpress.net\/arhiva\/cestitka-banu-od-akademije-nauka-albanije\/#primaryimage"},"image":{"@id":"https:\/\/sandzakpress.net\/arhiva\/cestitka-banu-od-akademije-nauka-albanije\/#primaryimage"},"thumbnailUrl":"https:\/\/sandzakpress.net\/arhiva\/wp-content\/uploads\/2011\/07\/3886813749_159080f7cb.jpg","datePublished":"2011-07-01T16:03:15+00:00","breadcrumb":{"@id":"https:\/\/sandzakpress.net\/arhiva\/cestitka-banu-od-akademije-nauka-albanije\/#breadcrumb"},"inLanguage":"bs-BA","potentialAction":[{"@type":"ReadAction","target":["https:\/\/sandzakpress.net\/arhiva\/cestitka-banu-od-akademije-nauka-albanije\/"]}]},{"@type":"ImageObject","inLanguage":"bs-BA","@id":"https:\/\/sandzakpress.net\/arhiva\/cestitka-banu-od-akademije-nauka-albanije\/#primaryimage","url":"https:\/\/sandzakpress.net\/arhiva\/wp-content\/uploads\/2011\/07\/3886813749_159080f7cb.jpg","contentUrl":"https:\/\/sandzakpress.net\/arhiva\/wp-content\/uploads\/2011\/07\/3886813749_159080f7cb.jpg","width":500,"height":338},{"@type":"BreadcrumbList","@id":"https:\/\/sandzakpress.net\/arhiva\/cestitka-banu-od-akademije-nauka-albanije\/#breadcrumb","itemListElement":[{"@type":"ListItem","position":1,"name":"Home","item":"https:\/\/sandzakpress.net\/arhiva\/"},{"@type":"ListItem","position":2,"name":"\u010cestitka BANU od Akademije nauka Albanije"}]},{"@type":"WebSite","@id":"https:\/\/sandzakpress.net\/arhiva\/#website","url":"https:\/\/sandzakpress.net\/arhiva\/","name":"Sand\u017eak PRESS","description":"Prve elektronske novine u Sand\u017eaku","publisher":{"@id":"https:\/\/sandzakpress.net\/arhiva\/#\/schema\/person\/6e72b67d6e51910a1117b3b483ba20bd"},"potentialAction":[{"@type":"SearchAction","target":{"@type":"EntryPoint","urlTemplate":"https:\/\/sandzakpress.net\/arhiva\/?s={search_term_string}"},"query-input":{"@type":"PropertyValueSpecification","valueRequired":true,"valueName":"search_term_string"}}],"inLanguage":"bs-BA"},{"@type":["Person","Organization"],"@id":"https:\/\/sandzakpress.net\/arhiva\/#\/schema\/person\/6e72b67d6e51910a1117b3b483ba20bd","name":"Kul","image":{"@type":"ImageObject","inLanguage":"bs-BA","@id":"https:\/\/sandzakpress.net\/arhiva\/#\/schema\/person\/image\/","url":"https:\/\/secure.gravatar.com\/avatar\/42263f39aa27ac04c43cab85c280eb2e?s=96&d=mm&r=pg","contentUrl":"https:\/\/secure.gravatar.com\/avatar\/42263f39aa27ac04c43cab85c280eb2e?s=96&d=mm&r=pg","caption":"Kul"},"logo":{"@id":"https:\/\/sandzakpress.net\/arhiva\/#\/schema\/person\/image\/"}},{"@type":"Person","@id":"https:\/\/sandzakpress.net\/arhiva\/#\/schema\/person\/c8baee722073534b583ea7bdb2e36c02","name":"bosniak","image":{"@type":"ImageObject","inLanguage":"bs-BA","@id":"https:\/\/sandzakpress.net\/arhiva\/#\/schema\/person\/image\/","url":"https:\/\/secure.gravatar.com\/avatar\/a04fd330bfe3a36a72a0ad4a6d89fca7?s=96&d=mm&r=pg","contentUrl":"https:\/\/secure.gravatar.com\/avatar\/a04fd330bfe3a36a72a0ad4a6d89fca7?s=96&d=mm&r=pg","caption":"bosniak"},"url":"https:\/\/sandzakpress.net\/arhiva\/author\/bosniak\/"}]}},"_links":{"self":[{"href":"https:\/\/sandzakpress.net\/arhiva\/wp-json\/wp\/v2\/posts\/17752"}],"collection":[{"href":"https:\/\/sandzakpress.net\/arhiva\/wp-json\/wp\/v2\/posts"}],"about":[{"href":"https:\/\/sandzakpress.net\/arhiva\/wp-json\/wp\/v2\/types\/post"}],"author":[{"embeddable":true,"href":"https:\/\/sandzakpress.net\/arhiva\/wp-json\/wp\/v2\/users\/83"}],"replies":[{"embeddable":true,"href":"https:\/\/sandzakpress.net\/arhiva\/wp-json\/wp\/v2\/comments?post=17752"}],"version-history":[{"count":0,"href":"https:\/\/sandzakpress.net\/arhiva\/wp-json\/wp\/v2\/posts\/17752\/revisions"}],"wp:featuredmedia":[{"embeddable":true,"href":"https:\/\/sandzakpress.net\/arhiva\/wp-json\/wp\/v2\/media\/17753"}],"wp:attachment":[{"href":"https:\/\/sandzakpress.net\/arhiva\/wp-json\/wp\/v2\/media?parent=17752"}],"wp:term":[{"taxonomy":"category","embeddable":true,"href":"https:\/\/sandzakpress.net\/arhiva\/wp-json\/wp\/v2\/categories?post=17752"},{"taxonomy":"post_tag","embeddable":true,"href":"https:\/\/sandzakpress.net\/arhiva\/wp-json\/wp\/v2\/tags?post=17752"}],"curies":[{"name":"wp","href":"https:\/\/api.w.org\/{rel}","templated":true}]}}