{"id":177457,"date":"2017-01-20T13:15:12","date_gmt":"2017-01-20T12:15:12","guid":{"rendered":"https:\/\/sandzakpress.net\/arhiva\/film-imami-logorasi-imami-su-muceni-i-izgladnjivani-ali-su-ostali-uspravni"},"modified":"2017-01-20T13:15:12","modified_gmt":"2017-01-20T12:15:12","slug":"film-imami-logorasi-imami-su-muceni-i-izgladnjivani-ali-su-ostali-uspravni","status":"publish","type":"post","link":"https:\/\/sandzakpress.net\/arhiva\/film-imami-logorasi-imami-su-muceni-i-izgladnjivani-ali-su-ostali-uspravni\/","title":{"rendered":"Film \u201cImami logora\u0161i\u201d: Imami su mu\u010deni i izgladnjivani ali su ostali uspravni"},"content":{"rendered":"<p><span class=\"cb-itemprop\"><\/p>\n<div class=\"itemIntroText\">\n<p><img decoding=\"async\" src=\"http:\/\/www.preporod.com\/media\/k2\/items\/cache\/25f14b9d41ace6e75176d9a81e4377af_XL.jpg\" alt=\"Film &quot;Imami logora\u0161i&quot;: Imami su mu\u010deni i izgladnjivani ali su ostali uspravni\" \/><\/p>\n<p><strong>Udru\u017eenje Ilmijje Bosne i Hercegovine je, nakon vi\u0161e dokumentarnih filmova o ulozi imama u odbrani BiH, izdalo jo\u0161 jedan dokumentarni film: \u201cImami logora\u0161i\u201d.<\/strong><\/p>\n<\/div>\n<div class=\"itemFullText\">\n<p>Tokom agresije na Bosnu i Hercegovinu 1992-1995. godine kroz logore je pro\u0161lo preko 200.000 civila, a 30.000 logora\u0161a ubijeno je ili se vode kao nestali.\u00a0U BiH je do sada registrirano oko 650 mjesta zato\u010denja \u2013 zatvora i logora, me\u0111u kojima su naro\u010dito poznati: Manja\u010da, Omarska, Luka Br\u010dko, Batkovi\u0107, Dretelj, Heliodrom, Gabela, Drmaljevo, KPD Fo\u010da, Su\u0161ica-Vlasenica, Kula-Sarajevo, \u017dep\u010de\u2026<\/p>\n<p>Imami i slu\u017ebenici Islamske zajednice tako\u0111er su tokom agresije prolazili kroz kazamate svih agresora. Iako su, kao vjerski slu\u017ebenici, bili za\u0161ti\u0107eni me\u0111unarodnim pravom i Konvencijama, neprijatelji su prema njima bili posebno okrutni i nemilosrdni.<\/p>\n<p>U filmu sudjeluju imami koji su pre\u017eivjeli strahote logora, a me\u0111u njima i dana\u0161nji reisu-l-ulema Husein ef. Kavazovi\u0107, tada\u0161nji muftija tuzlanski. On je bio zato\u010den u logoru kod Konjica i u filmu govori o iskustvu iz logora i detaljima zato\u010denja.<\/p>\n<p>\u201cNjihovo mu\u010denje, proganjanje, klanje, kr\u0161tenje, trebalo je zastra\u0161iti narod, sasje\u0107i svaki vid pobune. Dogodilo se upravo suprotno \u2013 imami nisu poklekli, ostali su uspravni, i bez obzira na sve golgote kroz koje su prolazili, nisu dopu\u0161tali da ahmedija bude poni\u017eena\u201d \u2013 ka\u017ee Mensur ef. Pa\u0161ali\u0107, predsjednik Udru\u017eenja Ilmijje.\u00a0Udru\u017eenje Ilmijje Bosne i Hercegovine je, nakon vi\u0161e dokumentarnih filmova o ulozi imama u odbrani BiH, izdalo jo\u0161 jedan dokumentarni film: \u201cImami logora\u0161i\u201d.\u00a0O tome ef. Pa\u0161ali\u0107 za RTV BIR ka\u017ee:<\/p>\n<p>\u201cNa\u017ealost, stradanja imama logora\u0161a nisu bila predmetom ozbiljnije studije ili istra\u017eivanja, i oni i tu dijele sudbinu svojeg naroda. Treba li i podsjetiti da u Bosni i Hercegovini jo\u0161 uvijek nije rije\u0161en status logora\u0161a? Stoga je i izli\u0161no govoriti o potrebi za produkcijom dokumentarnog filma o imamima koji su pro\u0161li strahote logora diljem Bosne i Hercegovine. Naravno, ni u jednom filmu do sada nismo prenagla\u0161avali ulogu imama, ali smo htjeli kazati da su bili uz svoj narod. Tra\u017eili smo objektivnost, i \u010dini mi se da smo je dobili, kao \u0161to smo dobili i donekle preciznije podatke o broju i imenima imama koji su pro\u0161li kroz kazamate tokom agresije na BiH. Da se odmah poslije agresije pristupilo studioznijem istra\u017eivanju i prikupljanju podataka o braniocima na\u0161e domovine onda bi ti podaci bili dosta precizniji.\u201d<\/p>\n<p>Dokumentarni film \u201cImami logora\u0161i\u201d, \u010diji su autori Nedim Hrbat i Muhamed Halilovi\u0107, sniman je na lokacijama \u0161irom Bosne i Hercegovine.<\/p>\n<p>\u201eOvaj film nije bilo lahko realizirati. Prvo, te\u0161ko je biti objektivan, a mora\u0161 biti objektivan, jer se radi o dokumentu. Drugo, bilo je imama koji uop\u0107e nisu mogli govoriti. Gleda\u0161 mu lice, brada drhti, zjenice se \u0161ire, vadi tablete.. Bilo je i problema tokom snimanja na pojedinim lokacijama, zavr\u0161ili smo u policijskoj stanici u Velikoj Kladu\u0161i, na primjer, a u dva \u2013 tri grada smo se sakrivali, tajno snimali, i sli\u010dno. Ipak, film je zavr\u0161en, i nadam se da \u0107e biti poticaj drugima da se ozbiljnije pozabave ovom temom\u201c \u2013 ka\u017ee Nedim Hrbat.<\/p>\n<p>U filmu sudjeluju imami koji su pre\u017eivjeli strahote logora, a me\u0111u njima i dana\u0161nji reisu-l-ulema Husein ef. Kavazovi\u0107, tada\u0161nji muftija tuzlanski. On je bio zato\u010den u logoru kod Konjica i u filmu govori o iskustvu iz logora i detaljima zato\u010denja.\u00a0\u201cNa\u0161 reisu-l-ulema je bio uz svoj narod i u filmu svjedo\u010di o svom iskustvu, na svoj na\u010din. Reisu-l-ulema Kavazovi\u0107 je na\u0161 gazija i drago nam je, svakako, da je mo\u017eda po prvi put otvoreno govorio o iskustvu iz logora\u201c \u2013 ka\u017ee Hrbat.<\/p>\n<p>\u201eSvaki od imama je pro\u0161ao stra\u0161ne torture, mnogi su pro\u0161li i vi\u0161e logora. Oni su mu\u010deni, ubijani, izgladnjivani, poni\u017eavani, od strane svih agresora, u logorima diljem BiH pa i u susjednim zemljama, \u0161to je tako\u0111er prikazano u filmu. Ne\u010diji je dan bio du\u017ei i sporiji, ne\u010dija muka prete\u0161ka.. Ovo je jedan potresan film, istina, i tuga ali i ponos, istovremeno. Ponekad zaboravimo \u0161ta su i koliko su neki ljudi ugradili u temelje ove zemlje \u201d \u2013 zaklju\u010dio je ef. Pa\u0161ali\u0107.<\/p>\n<p>Mensur ef. Pa\u0161ali\u0107 najavljuje i skore promocije dokumentarnog filma \u201cImami logora\u0161i\u201d, u d\u017eematima i zajednicama u Bosni i Hercegovini i dijaspori.<\/p>\n<p>BIR.ba<\/p>\n<\/div>\n<p><\/span><br \/>\nPogledajte vijest na izvornom sajtu:<\/p>\n<p><a href=\"http:\/\/islampress.net\/film-imami-logorasi-imami-su-muceni-i-izgladnjivani-ali-su-ostali-uspravni\/\" target=\"_blank\">Film \u201cImami logora\u0161i\u201d: Imami su mu\u010deni i izgladnjivani ali su ostali uspravni<\/a><\/p>\n","protected":false},"excerpt":{"rendered":"<p>Udru\u017eenje Ilmijje Bosne i Hercegovine je, nakon vi\u0161e dokumentarnih filmova o ulozi imama u odbrani BiH, izdalo jo\u0161 jedan dokumentarni film: \u201cImami logora\u0161i\u201d. Tokom agresije na Bosnu i Hercegovinu 1992-1995. godine kroz logore je pro\u0161lo preko 200.000 civila, a 30.000 logora\u0161a ubijeno je ili se vode kao nestali.\u00a0U BiH je do sada registrirano oko 650 [&hellip;]<\/p>\n","protected":false},"author":83,"featured_media":177459,"comment_status":"open","ping_status":"open","sticky":false,"template":"","format":"standard","meta":{"footnotes":""},"categories":[10514],"tags":[10516],"class_list":{"0":"post-177457","1":"post","2":"type-post","3":"status-publish","4":"format-standard","5":"has-post-thumbnail","7":"category-islam-press","8":"tag-islam"},"yoast_head":"<!-- This site is optimized with the Yoast SEO Premium plugin v23.1 (Yoast SEO v24.9) - https:\/\/yoast.com\/wordpress\/plugins\/seo\/ -->\n<title>Film \u201cImami logora\u0161i\u201d: Imami su mu\u010deni i izgladnjivani ali su ostali uspravni<\/title>\n<meta name=\"robots\" content=\"index, follow, max-snippet:-1, max-image-preview:large, max-video-preview:-1\" \/>\n<link rel=\"canonical\" href=\"https:\/\/sandzakpress.net\/arhiva\/film-imami-logorasi-imami-su-muceni-i-izgladnjivani-ali-su-ostali-uspravni\/\" \/>\n<meta property=\"og:locale\" content=\"bs_BA\" \/>\n<meta property=\"og:type\" content=\"article\" \/>\n<meta property=\"og:title\" content=\"Film \u201cImami logora\u0161i\u201d: Imami su mu\u010deni i izgladnjivani ali su ostali uspravni\" \/>\n<meta property=\"og:description\" content=\"Udru\u017eenje Ilmijje Bosne i Hercegovine je, nakon vi\u0161e dokumentarnih filmova o ulozi imama u odbrani BiH, izdalo jo\u0161 jedan dokumentarni film: \u201cImami logora\u0161i\u201d. Tokom agresije na Bosnu i Hercegovinu 1992-1995. godine kroz logore je pro\u0161lo preko 200.000 civila, a 30.000 logora\u0161a ubijeno je ili se vode kao nestali.\u00a0U BiH je do sada registrirano oko 650 [&hellip;]\" \/>\n<meta property=\"og:url\" content=\"https:\/\/sandzakpress.net\/arhiva\/film-imami-logorasi-imami-su-muceni-i-izgladnjivani-ali-su-ostali-uspravni\/\" \/>\n<meta property=\"og:site_name\" content=\"Sand\u017eak PRESS\" \/>\n<meta property=\"article:published_time\" content=\"2017-01-20T12:15:12+00:00\" \/>\n<meta property=\"og:image\" content=\"https:\/\/sandzakpress.net\/arhiva\/wp-content\/uploads\/2017\/01\/25f14b9d41ace6e75176d9a81e4377af_XL-1.jpg\" \/>\n\t<meta property=\"og:image:width\" content=\"800\" \/>\n\t<meta property=\"og:image:height\" content=\"480\" \/>\n\t<meta property=\"og:image:type\" content=\"image\/jpeg\" \/>\n<meta name=\"author\" content=\"bosniak\" \/>\n<meta name=\"twitter:card\" content=\"summary_large_image\" \/>\n<meta name=\"twitter:label1\" content=\"Written by\" \/>\n\t<meta name=\"twitter:data1\" content=\"bosniak\" \/>\n\t<meta name=\"twitter:label2\" content=\"Est. reading time\" \/>\n\t<meta name=\"twitter:data2\" content=\"4 minute\" \/>\n<script type=\"application\/ld+json\" class=\"yoast-schema-graph\">{\"@context\":\"https:\/\/schema.org\",\"@graph\":[{\"@type\":\"Article\",\"@id\":\"https:\/\/sandzakpress.net\/arhiva\/film-imami-logorasi-imami-su-muceni-i-izgladnjivani-ali-su-ostali-uspravni\/#article\",\"isPartOf\":{\"@id\":\"https:\/\/sandzakpress.net\/arhiva\/film-imami-logorasi-imami-su-muceni-i-izgladnjivani-ali-su-ostali-uspravni\/\"},\"author\":{\"name\":\"bosniak\",\"@id\":\"https:\/\/sandzakpress.net\/arhiva\/#\/schema\/person\/c8baee722073534b583ea7bdb2e36c02\"},\"headline\":\"Film \u201cImami logora\u0161i\u201d: Imami su mu\u010deni i izgladnjivani ali su ostali uspravni\",\"datePublished\":\"2017-01-20T12:15:12+00:00\",\"mainEntityOfPage\":{\"@id\":\"https:\/\/sandzakpress.net\/arhiva\/film-imami-logorasi-imami-su-muceni-i-izgladnjivani-ali-su-ostali-uspravni\/\"},\"wordCount\":771,\"commentCount\":0,\"publisher\":{\"@id\":\"https:\/\/sandzakpress.net\/arhiva\/#\/schema\/person\/6e72b67d6e51910a1117b3b483ba20bd\"},\"image\":{\"@id\":\"https:\/\/sandzakpress.net\/arhiva\/film-imami-logorasi-imami-su-muceni-i-izgladnjivani-ali-su-ostali-uspravni\/#primaryimage\"},\"thumbnailUrl\":\"https:\/\/sandzakpress.net\/arhiva\/wp-content\/uploads\/2017\/01\/25f14b9d41ace6e75176d9a81e4377af_XL-1.jpg\",\"keywords\":[\"Islam\"],\"articleSection\":[\"Islam PRESS\"],\"inLanguage\":\"bs-BA\",\"potentialAction\":[{\"@type\":\"CommentAction\",\"name\":\"Comment\",\"target\":[\"https:\/\/sandzakpress.net\/arhiva\/film-imami-logorasi-imami-su-muceni-i-izgladnjivani-ali-su-ostali-uspravni\/#respond\"]}]},{\"@type\":\"WebPage\",\"@id\":\"https:\/\/sandzakpress.net\/arhiva\/film-imami-logorasi-imami-su-muceni-i-izgladnjivani-ali-su-ostali-uspravni\/\",\"url\":\"https:\/\/sandzakpress.net\/arhiva\/film-imami-logorasi-imami-su-muceni-i-izgladnjivani-ali-su-ostali-uspravni\/\",\"name\":\"Film \u201cImami logora\u0161i\u201d: Imami su mu\u010deni i izgladnjivani ali su ostali uspravni\",\"isPartOf\":{\"@id\":\"https:\/\/sandzakpress.net\/arhiva\/#website\"},\"primaryImageOfPage\":{\"@id\":\"https:\/\/sandzakpress.net\/arhiva\/film-imami-logorasi-imami-su-muceni-i-izgladnjivani-ali-su-ostali-uspravni\/#primaryimage\"},\"image\":{\"@id\":\"https:\/\/sandzakpress.net\/arhiva\/film-imami-logorasi-imami-su-muceni-i-izgladnjivani-ali-su-ostali-uspravni\/#primaryimage\"},\"thumbnailUrl\":\"https:\/\/sandzakpress.net\/arhiva\/wp-content\/uploads\/2017\/01\/25f14b9d41ace6e75176d9a81e4377af_XL-1.jpg\",\"datePublished\":\"2017-01-20T12:15:12+00:00\",\"breadcrumb\":{\"@id\":\"https:\/\/sandzakpress.net\/arhiva\/film-imami-logorasi-imami-su-muceni-i-izgladnjivani-ali-su-ostali-uspravni\/#breadcrumb\"},\"inLanguage\":\"bs-BA\",\"potentialAction\":[{\"@type\":\"ReadAction\",\"target\":[\"https:\/\/sandzakpress.net\/arhiva\/film-imami-logorasi-imami-su-muceni-i-izgladnjivani-ali-su-ostali-uspravni\/\"]}]},{\"@type\":\"ImageObject\",\"inLanguage\":\"bs-BA\",\"@id\":\"https:\/\/sandzakpress.net\/arhiva\/film-imami-logorasi-imami-su-muceni-i-izgladnjivani-ali-su-ostali-uspravni\/#primaryimage\",\"url\":\"https:\/\/sandzakpress.net\/arhiva\/wp-content\/uploads\/2017\/01\/25f14b9d41ace6e75176d9a81e4377af_XL-1.jpg\",\"contentUrl\":\"https:\/\/sandzakpress.net\/arhiva\/wp-content\/uploads\/2017\/01\/25f14b9d41ace6e75176d9a81e4377af_XL-1.jpg\",\"width\":800,\"height\":480},{\"@type\":\"BreadcrumbList\",\"@id\":\"https:\/\/sandzakpress.net\/arhiva\/film-imami-logorasi-imami-su-muceni-i-izgladnjivani-ali-su-ostali-uspravni\/#breadcrumb\",\"itemListElement\":[{\"@type\":\"ListItem\",\"position\":1,\"name\":\"Home\",\"item\":\"https:\/\/sandzakpress.net\/arhiva\/\"},{\"@type\":\"ListItem\",\"position\":2,\"name\":\"Film \u201cImami logora\u0161i\u201d: Imami su mu\u010deni i izgladnjivani ali su ostali uspravni\"}]},{\"@type\":\"WebSite\",\"@id\":\"https:\/\/sandzakpress.net\/arhiva\/#website\",\"url\":\"https:\/\/sandzakpress.net\/arhiva\/\",\"name\":\"Sand\u017eak PRESS\",\"description\":\"Prve elektronske novine u Sand\u017eaku\",\"publisher\":{\"@id\":\"https:\/\/sandzakpress.net\/arhiva\/#\/schema\/person\/6e72b67d6e51910a1117b3b483ba20bd\"},\"potentialAction\":[{\"@type\":\"SearchAction\",\"target\":{\"@type\":\"EntryPoint\",\"urlTemplate\":\"https:\/\/sandzakpress.net\/arhiva\/?s={search_term_string}\"},\"query-input\":{\"@type\":\"PropertyValueSpecification\",\"valueRequired\":true,\"valueName\":\"search_term_string\"}}],\"inLanguage\":\"bs-BA\"},{\"@type\":[\"Person\",\"Organization\"],\"@id\":\"https:\/\/sandzakpress.net\/arhiva\/#\/schema\/person\/6e72b67d6e51910a1117b3b483ba20bd\",\"name\":\"Kul\",\"image\":{\"@type\":\"ImageObject\",\"inLanguage\":\"bs-BA\",\"@id\":\"https:\/\/sandzakpress.net\/arhiva\/#\/schema\/person\/image\/\",\"url\":\"https:\/\/secure.gravatar.com\/avatar\/42263f39aa27ac04c43cab85c280eb2e?s=96&d=mm&r=pg\",\"contentUrl\":\"https:\/\/secure.gravatar.com\/avatar\/42263f39aa27ac04c43cab85c280eb2e?s=96&d=mm&r=pg\",\"caption\":\"Kul\"},\"logo\":{\"@id\":\"https:\/\/sandzakpress.net\/arhiva\/#\/schema\/person\/image\/\"}},{\"@type\":\"Person\",\"@id\":\"https:\/\/sandzakpress.net\/arhiva\/#\/schema\/person\/c8baee722073534b583ea7bdb2e36c02\",\"name\":\"bosniak\",\"image\":{\"@type\":\"ImageObject\",\"inLanguage\":\"bs-BA\",\"@id\":\"https:\/\/sandzakpress.net\/arhiva\/#\/schema\/person\/image\/\",\"url\":\"https:\/\/secure.gravatar.com\/avatar\/a04fd330bfe3a36a72a0ad4a6d89fca7?s=96&d=mm&r=pg\",\"contentUrl\":\"https:\/\/secure.gravatar.com\/avatar\/a04fd330bfe3a36a72a0ad4a6d89fca7?s=96&d=mm&r=pg\",\"caption\":\"bosniak\"},\"url\":\"https:\/\/sandzakpress.net\/arhiva\/author\/bosniak\/\"}]}<\/script>\n<!-- \/ Yoast SEO Premium plugin. -->","yoast_head_json":{"title":"Film \u201cImami logora\u0161i\u201d: Imami su mu\u010deni i izgladnjivani ali su ostali uspravni","robots":{"index":"index","follow":"follow","max-snippet":"max-snippet:-1","max-image-preview":"max-image-preview:large","max-video-preview":"max-video-preview:-1"},"canonical":"https:\/\/sandzakpress.net\/arhiva\/film-imami-logorasi-imami-su-muceni-i-izgladnjivani-ali-su-ostali-uspravni\/","og_locale":"bs_BA","og_type":"article","og_title":"Film \u201cImami logora\u0161i\u201d: Imami su mu\u010deni i izgladnjivani ali su ostali uspravni","og_description":"Udru\u017eenje Ilmijje Bosne i Hercegovine je, nakon vi\u0161e dokumentarnih filmova o ulozi imama u odbrani BiH, izdalo jo\u0161 jedan dokumentarni film: \u201cImami logora\u0161i\u201d. Tokom agresije na Bosnu i Hercegovinu 1992-1995. godine kroz logore je pro\u0161lo preko 200.000 civila, a 30.000 logora\u0161a ubijeno je ili se vode kao nestali.\u00a0U BiH je do sada registrirano oko 650 [&hellip;]","og_url":"https:\/\/sandzakpress.net\/arhiva\/film-imami-logorasi-imami-su-muceni-i-izgladnjivani-ali-su-ostali-uspravni\/","og_site_name":"Sand\u017eak PRESS","article_published_time":"2017-01-20T12:15:12+00:00","og_image":[{"width":800,"height":480,"url":"https:\/\/sandzakpress.net\/arhiva\/wp-content\/uploads\/2017\/01\/25f14b9d41ace6e75176d9a81e4377af_XL-1.jpg","type":"image\/jpeg"}],"author":"bosniak","twitter_card":"summary_large_image","twitter_misc":{"Written by":"bosniak","Est. reading time":"4 minute"},"schema":{"@context":"https:\/\/schema.org","@graph":[{"@type":"Article","@id":"https:\/\/sandzakpress.net\/arhiva\/film-imami-logorasi-imami-su-muceni-i-izgladnjivani-ali-su-ostali-uspravni\/#article","isPartOf":{"@id":"https:\/\/sandzakpress.net\/arhiva\/film-imami-logorasi-imami-su-muceni-i-izgladnjivani-ali-su-ostali-uspravni\/"},"author":{"name":"bosniak","@id":"https:\/\/sandzakpress.net\/arhiva\/#\/schema\/person\/c8baee722073534b583ea7bdb2e36c02"},"headline":"Film \u201cImami logora\u0161i\u201d: Imami su mu\u010deni i izgladnjivani ali su ostali uspravni","datePublished":"2017-01-20T12:15:12+00:00","mainEntityOfPage":{"@id":"https:\/\/sandzakpress.net\/arhiva\/film-imami-logorasi-imami-su-muceni-i-izgladnjivani-ali-su-ostali-uspravni\/"},"wordCount":771,"commentCount":0,"publisher":{"@id":"https:\/\/sandzakpress.net\/arhiva\/#\/schema\/person\/6e72b67d6e51910a1117b3b483ba20bd"},"image":{"@id":"https:\/\/sandzakpress.net\/arhiva\/film-imami-logorasi-imami-su-muceni-i-izgladnjivani-ali-su-ostali-uspravni\/#primaryimage"},"thumbnailUrl":"https:\/\/sandzakpress.net\/arhiva\/wp-content\/uploads\/2017\/01\/25f14b9d41ace6e75176d9a81e4377af_XL-1.jpg","keywords":["Islam"],"articleSection":["Islam PRESS"],"inLanguage":"bs-BA","potentialAction":[{"@type":"CommentAction","name":"Comment","target":["https:\/\/sandzakpress.net\/arhiva\/film-imami-logorasi-imami-su-muceni-i-izgladnjivani-ali-su-ostali-uspravni\/#respond"]}]},{"@type":"WebPage","@id":"https:\/\/sandzakpress.net\/arhiva\/film-imami-logorasi-imami-su-muceni-i-izgladnjivani-ali-su-ostali-uspravni\/","url":"https:\/\/sandzakpress.net\/arhiva\/film-imami-logorasi-imami-su-muceni-i-izgladnjivani-ali-su-ostali-uspravni\/","name":"Film \u201cImami logora\u0161i\u201d: Imami su mu\u010deni i izgladnjivani ali su ostali uspravni","isPartOf":{"@id":"https:\/\/sandzakpress.net\/arhiva\/#website"},"primaryImageOfPage":{"@id":"https:\/\/sandzakpress.net\/arhiva\/film-imami-logorasi-imami-su-muceni-i-izgladnjivani-ali-su-ostali-uspravni\/#primaryimage"},"image":{"@id":"https:\/\/sandzakpress.net\/arhiva\/film-imami-logorasi-imami-su-muceni-i-izgladnjivani-ali-su-ostali-uspravni\/#primaryimage"},"thumbnailUrl":"https:\/\/sandzakpress.net\/arhiva\/wp-content\/uploads\/2017\/01\/25f14b9d41ace6e75176d9a81e4377af_XL-1.jpg","datePublished":"2017-01-20T12:15:12+00:00","breadcrumb":{"@id":"https:\/\/sandzakpress.net\/arhiva\/film-imami-logorasi-imami-su-muceni-i-izgladnjivani-ali-su-ostali-uspravni\/#breadcrumb"},"inLanguage":"bs-BA","potentialAction":[{"@type":"ReadAction","target":["https:\/\/sandzakpress.net\/arhiva\/film-imami-logorasi-imami-su-muceni-i-izgladnjivani-ali-su-ostali-uspravni\/"]}]},{"@type":"ImageObject","inLanguage":"bs-BA","@id":"https:\/\/sandzakpress.net\/arhiva\/film-imami-logorasi-imami-su-muceni-i-izgladnjivani-ali-su-ostali-uspravni\/#primaryimage","url":"https:\/\/sandzakpress.net\/arhiva\/wp-content\/uploads\/2017\/01\/25f14b9d41ace6e75176d9a81e4377af_XL-1.jpg","contentUrl":"https:\/\/sandzakpress.net\/arhiva\/wp-content\/uploads\/2017\/01\/25f14b9d41ace6e75176d9a81e4377af_XL-1.jpg","width":800,"height":480},{"@type":"BreadcrumbList","@id":"https:\/\/sandzakpress.net\/arhiva\/film-imami-logorasi-imami-su-muceni-i-izgladnjivani-ali-su-ostali-uspravni\/#breadcrumb","itemListElement":[{"@type":"ListItem","position":1,"name":"Home","item":"https:\/\/sandzakpress.net\/arhiva\/"},{"@type":"ListItem","position":2,"name":"Film \u201cImami logora\u0161i\u201d: Imami su mu\u010deni i izgladnjivani ali su ostali uspravni"}]},{"@type":"WebSite","@id":"https:\/\/sandzakpress.net\/arhiva\/#website","url":"https:\/\/sandzakpress.net\/arhiva\/","name":"Sand\u017eak PRESS","description":"Prve elektronske novine u Sand\u017eaku","publisher":{"@id":"https:\/\/sandzakpress.net\/arhiva\/#\/schema\/person\/6e72b67d6e51910a1117b3b483ba20bd"},"potentialAction":[{"@type":"SearchAction","target":{"@type":"EntryPoint","urlTemplate":"https:\/\/sandzakpress.net\/arhiva\/?s={search_term_string}"},"query-input":{"@type":"PropertyValueSpecification","valueRequired":true,"valueName":"search_term_string"}}],"inLanguage":"bs-BA"},{"@type":["Person","Organization"],"@id":"https:\/\/sandzakpress.net\/arhiva\/#\/schema\/person\/6e72b67d6e51910a1117b3b483ba20bd","name":"Kul","image":{"@type":"ImageObject","inLanguage":"bs-BA","@id":"https:\/\/sandzakpress.net\/arhiva\/#\/schema\/person\/image\/","url":"https:\/\/secure.gravatar.com\/avatar\/42263f39aa27ac04c43cab85c280eb2e?s=96&d=mm&r=pg","contentUrl":"https:\/\/secure.gravatar.com\/avatar\/42263f39aa27ac04c43cab85c280eb2e?s=96&d=mm&r=pg","caption":"Kul"},"logo":{"@id":"https:\/\/sandzakpress.net\/arhiva\/#\/schema\/person\/image\/"}},{"@type":"Person","@id":"https:\/\/sandzakpress.net\/arhiva\/#\/schema\/person\/c8baee722073534b583ea7bdb2e36c02","name":"bosniak","image":{"@type":"ImageObject","inLanguage":"bs-BA","@id":"https:\/\/sandzakpress.net\/arhiva\/#\/schema\/person\/image\/","url":"https:\/\/secure.gravatar.com\/avatar\/a04fd330bfe3a36a72a0ad4a6d89fca7?s=96&d=mm&r=pg","contentUrl":"https:\/\/secure.gravatar.com\/avatar\/a04fd330bfe3a36a72a0ad4a6d89fca7?s=96&d=mm&r=pg","caption":"bosniak"},"url":"https:\/\/sandzakpress.net\/arhiva\/author\/bosniak\/"}]}},"_links":{"self":[{"href":"https:\/\/sandzakpress.net\/arhiva\/wp-json\/wp\/v2\/posts\/177457"}],"collection":[{"href":"https:\/\/sandzakpress.net\/arhiva\/wp-json\/wp\/v2\/posts"}],"about":[{"href":"https:\/\/sandzakpress.net\/arhiva\/wp-json\/wp\/v2\/types\/post"}],"author":[{"embeddable":true,"href":"https:\/\/sandzakpress.net\/arhiva\/wp-json\/wp\/v2\/users\/83"}],"replies":[{"embeddable":true,"href":"https:\/\/sandzakpress.net\/arhiva\/wp-json\/wp\/v2\/comments?post=177457"}],"version-history":[{"count":0,"href":"https:\/\/sandzakpress.net\/arhiva\/wp-json\/wp\/v2\/posts\/177457\/revisions"}],"wp:featuredmedia":[{"embeddable":true,"href":"https:\/\/sandzakpress.net\/arhiva\/wp-json\/wp\/v2\/media\/177459"}],"wp:attachment":[{"href":"https:\/\/sandzakpress.net\/arhiva\/wp-json\/wp\/v2\/media?parent=177457"}],"wp:term":[{"taxonomy":"category","embeddable":true,"href":"https:\/\/sandzakpress.net\/arhiva\/wp-json\/wp\/v2\/categories?post=177457"},{"taxonomy":"post_tag","embeddable":true,"href":"https:\/\/sandzakpress.net\/arhiva\/wp-json\/wp\/v2\/tags?post=177457"}],"curies":[{"name":"wp","href":"https:\/\/api.w.org\/{rel}","templated":true}]}}