{"id":177436,"date":"2017-01-20T14:02:53","date_gmt":"2017-01-20T13:02:53","guid":{"rendered":"https:\/\/sandzakpress.net\/arhiva\/?p=177436"},"modified":"2017-01-20T16:11:33","modified_gmt":"2017-01-20T15:11:33","slug":"omladinske-organizicije-podrzale-akciju-prikupljanja-pomoci-izbeglicama","status":"publish","type":"post","link":"https:\/\/sandzakpress.net\/arhiva\/omladinske-organizicije-podrzale-akciju-prikupljanja-pomoci-izbeglicama\/","title":{"rendered":"Omladinske organizicije podr\u017eale akciju prikupljanja pomo\u0107i izbjeglicama"},"content":{"rendered":"<p><img loading=\"lazy\" decoding=\"async\" class=\"aligncenter size-full wp-image-177465\" src=\"https:\/\/sandzakpress.net\/arhiva\/wp-content\/uploads\/2017\/01\/ddd.jpg\" alt=\"ddd\" width=\"1052\" height=\"548\" srcset=\"https:\/\/sandzakpress.net\/arhiva\/wp-content\/uploads\/2017\/01\/ddd.jpg 1052w, https:\/\/sandzakpress.net\/arhiva\/wp-content\/uploads\/2017\/01\/ddd-768x400.jpg 768w, https:\/\/sandzakpress.net\/arhiva\/wp-content\/uploads\/2017\/01\/ddd-616x321.jpg 616w\" sizes=\"(max-width: 1052px) 100vw, 1052px\" \/><\/p>\n<p><strong>Da studenti imaju mo\u0107 pokrenuti razli\u010dite akcije dokaz tome su i studenti Internacionalnog univerziteta koji su uz pomo\u0107 studentskog parlameta, te media centra pokrenuli humanitarnu akciju za pomo\u0107 migrantima u Sjenici i Beogradu. \u00a0Ispred menad\u017ementa Internacionalnog univerziteta isti\u010du zadovoljstvo jer kako ka\u017eu, studenti su ti koji \u0161alju pravu sliku jedne vrijedne ustanove.<\/strong><\/p>\n<p>\u201cJo\u0161 jedna akcija IU je uspje\u0161no realizirana. Veliki broj gra\u0111ana se odazvao ovoj humanitarnoj akciji i iskoristit \u0107u priliku i zahvaliti se studentskom parlamentu\u201d \u2013 kazala Elma Mavri\u0107<\/p>\n<p>Humanitarna akcija se polahko privodi kraju,a predsjednica studentskog parlamenta iskoristila priliku i zahvalila se svima koji su se odazvali akciji.<\/p>\n<p>\u201cAkcija se ve\u0107 privodi kraju. \u017delimo da se zahvalimo organizacijama: BDZS, MOK \u2013u, Hajratu, Me\u0161ihatu IZ-e u Srbiji, koji su nam pru\u017eili svoju podr\u0161ku u realizaciji ove humanitarne akcije\u201d \u2013kazala predsjednica parlamenta Zerina Bojad\u017ei\u0107.<\/p>\n<p><iframe loading=\"lazy\" src=\"https:\/\/www.youtube.com\/embed\/1jQoTNYF064\" width=\"854\" height=\"480\" frameborder=\"0\" allowfullscreen=\"allowfullscreen\"><\/iframe><\/p>\n<p>Pred ovom humanitarnom akcijom nije zastao ni muslimanski omladinski klub Sjenica<\/p>\n<p>Sekretar Med\u017elisa IZ-e u Srbiji Murat Hamidovi\u0107 kazao da \u201cMuslimanski omladinski klub Sjenica ve\u0107 20 dana radi na prikupljanju sredstava pomo\u0107i za azilante.\u00a0 Veliki broj ljudi se odazvao, a dobar dio stvari smo proslijedili Internacionalnom univerzitetu. Pozivamo sve zainteresirane koji \u017eele dati svoj doprinos ovoj akciji da se jave na\u0161im institucijama.\u201d<\/p>\n<p>Ovoj akciji priklju\u010dili se i mladi BDZ Sand\u017eaka uz poruku: \u201eNe dozvolimo da izgubimo osje\u0107aj za pravdu i dobrotu.\u201c<\/p>\n<p>\u201cMeni je drago \u0161to su na\u0161i sugra\u0111ani u tolikoj mjeri pokazali da mo\u017eemo biti humani. Na\u0161e malo zaista nekome \u0107e zna\u010diti puno. Ne dozvolimo da izgubimo osje\u0107aj za pravdu i dobrotu.\u201c<\/p>\n<p>Svi zainteresirani za humanitarnu akciju mogu do\u0107i na sljede\u0107e lokacije: Internacionalni univerzitet, Fakultet za islamske studije, Muslimanski omladinski klub Sjenica, Me\u0161ihat IZ-e u Srbiji, Udru\u017eenje \u017eena Merjem.<\/p>\n","protected":false},"excerpt":{"rendered":"<p>Da studenti imaju mo\u0107 pokrenuti razli\u010dite akcije dokaz tome su i studenti Internacionalnog univerziteta koji su uz pomo\u0107 studentskog parlameta, te media centra pokrenuli humanitarnu akciju za pomo\u0107 migrantima u Sjenici i Beogradu. \u00a0Ispred menad\u017ementa Internacionalnog univerziteta isti\u010du zadovoljstvo jer kako ka\u017eu, studenti su ti koji \u0161alju pravu sliku jedne vrijedne ustanove. \u201cJo\u0161 jedna akcija [&hellip;]<\/p>\n","protected":false},"author":83,"featured_media":177465,"comment_status":"open","ping_status":"open","sticky":false,"template":"","format":"standard","meta":{"footnotes":""},"categories":[72,52,5,8957,16],"tags":[],"class_list":{"0":"post-177436","1":"post","2":"type-post","3":"status-publish","4":"format-standard","5":"has-post-thumbnail","7":"category-novi-pazar","8":"category-sjenica","9":"category-drustvo","10":"category-vijesti-dana","11":"category-novine"},"yoast_head":"<!-- This site is optimized with the Yoast SEO Premium plugin v23.1 (Yoast SEO v24.9) - https:\/\/yoast.com\/wordpress\/plugins\/seo\/ -->\n<title>Omladinske organizicije podr\u017eale akciju prikupljanja pomo\u0107i izbjeglicama<\/title>\n<meta name=\"robots\" content=\"index, follow, max-snippet:-1, max-image-preview:large, max-video-preview:-1\" \/>\n<link rel=\"canonical\" href=\"https:\/\/sandzakpress.net\/arhiva\/omladinske-organizicije-podrzale-akciju-prikupljanja-pomoci-izbeglicama\/\" \/>\n<meta property=\"og:locale\" content=\"bs_BA\" \/>\n<meta property=\"og:type\" content=\"article\" \/>\n<meta property=\"og:title\" content=\"Omladinske organizicije podr\u017eale akciju prikupljanja pomo\u0107i izbjeglicama\" \/>\n<meta property=\"og:description\" content=\"Da studenti imaju mo\u0107 pokrenuti razli\u010dite akcije dokaz tome su i studenti Internacionalnog univerziteta koji su uz pomo\u0107 studentskog parlameta, te media centra pokrenuli humanitarnu akciju za pomo\u0107 migrantima u Sjenici i Beogradu. \u00a0Ispred menad\u017ementa Internacionalnog univerziteta isti\u010du zadovoljstvo jer kako ka\u017eu, studenti su ti koji \u0161alju pravu sliku jedne vrijedne ustanove. \u201cJo\u0161 jedna akcija [&hellip;]\" \/>\n<meta property=\"og:url\" content=\"https:\/\/sandzakpress.net\/arhiva\/omladinske-organizicije-podrzale-akciju-prikupljanja-pomoci-izbeglicama\/\" \/>\n<meta property=\"og:site_name\" content=\"Sand\u017eak PRESS\" \/>\n<meta property=\"article:published_time\" content=\"2017-01-20T13:02:53+00:00\" \/>\n<meta property=\"article:modified_time\" content=\"2017-01-20T15:11:33+00:00\" \/>\n<meta property=\"og:image\" content=\"https:\/\/sandzakpress.net\/arhiva\/wp-content\/uploads\/2017\/01\/ddd.jpg\" \/>\n\t<meta property=\"og:image:width\" content=\"1052\" \/>\n\t<meta property=\"og:image:height\" content=\"548\" \/>\n\t<meta property=\"og:image:type\" content=\"image\/jpeg\" \/>\n<meta name=\"author\" content=\"bosniak\" \/>\n<meta name=\"twitter:card\" content=\"summary_large_image\" \/>\n<meta name=\"twitter:label1\" content=\"Written by\" \/>\n\t<meta name=\"twitter:data1\" content=\"bosniak\" \/>\n\t<meta name=\"twitter:label2\" content=\"Est. reading time\" \/>\n\t<meta name=\"twitter:data2\" content=\"1 minuta\" \/>\n<script type=\"application\/ld+json\" class=\"yoast-schema-graph\">{\"@context\":\"https:\/\/schema.org\",\"@graph\":[{\"@type\":\"Article\",\"@id\":\"https:\/\/sandzakpress.net\/arhiva\/omladinske-organizicije-podrzale-akciju-prikupljanja-pomoci-izbeglicama\/#article\",\"isPartOf\":{\"@id\":\"https:\/\/sandzakpress.net\/arhiva\/omladinske-organizicije-podrzale-akciju-prikupljanja-pomoci-izbeglicama\/\"},\"author\":{\"name\":\"bosniak\",\"@id\":\"https:\/\/sandzakpress.net\/arhiva\/#\/schema\/person\/c8baee722073534b583ea7bdb2e36c02\"},\"headline\":\"Omladinske organizicije podr\u017eale akciju prikupljanja pomo\u0107i izbjeglicama\",\"datePublished\":\"2017-01-20T13:02:53+00:00\",\"dateModified\":\"2017-01-20T15:11:33+00:00\",\"mainEntityOfPage\":{\"@id\":\"https:\/\/sandzakpress.net\/arhiva\/omladinske-organizicije-podrzale-akciju-prikupljanja-pomoci-izbeglicama\/\"},\"wordCount\":307,\"commentCount\":2,\"publisher\":{\"@id\":\"https:\/\/sandzakpress.net\/arhiva\/#\/schema\/person\/6e72b67d6e51910a1117b3b483ba20bd\"},\"image\":{\"@id\":\"https:\/\/sandzakpress.net\/arhiva\/omladinske-organizicije-podrzale-akciju-prikupljanja-pomoci-izbeglicama\/#primaryimage\"},\"thumbnailUrl\":\"https:\/\/sandzakpress.net\/arhiva\/wp-content\/uploads\/2017\/01\/ddd.jpg\",\"articleSection\":[\"Novi Pazar\",\"Sjenica\",\"Dru\u0161tvo\",\"VIJESTI DANA\",\"Novine\"],\"inLanguage\":\"bs-BA\",\"potentialAction\":[{\"@type\":\"CommentAction\",\"name\":\"Comment\",\"target\":[\"https:\/\/sandzakpress.net\/arhiva\/omladinske-organizicije-podrzale-akciju-prikupljanja-pomoci-izbeglicama\/#respond\"]}]},{\"@type\":\"WebPage\",\"@id\":\"https:\/\/sandzakpress.net\/arhiva\/omladinske-organizicije-podrzale-akciju-prikupljanja-pomoci-izbeglicama\/\",\"url\":\"https:\/\/sandzakpress.net\/arhiva\/omladinske-organizicije-podrzale-akciju-prikupljanja-pomoci-izbeglicama\/\",\"name\":\"Omladinske organizicije podr\u017eale akciju prikupljanja pomo\u0107i izbjeglicama\",\"isPartOf\":{\"@id\":\"https:\/\/sandzakpress.net\/arhiva\/#website\"},\"primaryImageOfPage\":{\"@id\":\"https:\/\/sandzakpress.net\/arhiva\/omladinske-organizicije-podrzale-akciju-prikupljanja-pomoci-izbeglicama\/#primaryimage\"},\"image\":{\"@id\":\"https:\/\/sandzakpress.net\/arhiva\/omladinske-organizicije-podrzale-akciju-prikupljanja-pomoci-izbeglicama\/#primaryimage\"},\"thumbnailUrl\":\"https:\/\/sandzakpress.net\/arhiva\/wp-content\/uploads\/2017\/01\/ddd.jpg\",\"datePublished\":\"2017-01-20T13:02:53+00:00\",\"dateModified\":\"2017-01-20T15:11:33+00:00\",\"breadcrumb\":{\"@id\":\"https:\/\/sandzakpress.net\/arhiva\/omladinske-organizicije-podrzale-akciju-prikupljanja-pomoci-izbeglicama\/#breadcrumb\"},\"inLanguage\":\"bs-BA\",\"potentialAction\":[{\"@type\":\"ReadAction\",\"target\":[\"https:\/\/sandzakpress.net\/arhiva\/omladinske-organizicije-podrzale-akciju-prikupljanja-pomoci-izbeglicama\/\"]}]},{\"@type\":\"ImageObject\",\"inLanguage\":\"bs-BA\",\"@id\":\"https:\/\/sandzakpress.net\/arhiva\/omladinske-organizicije-podrzale-akciju-prikupljanja-pomoci-izbeglicama\/#primaryimage\",\"url\":\"https:\/\/sandzakpress.net\/arhiva\/wp-content\/uploads\/2017\/01\/ddd.jpg\",\"contentUrl\":\"https:\/\/sandzakpress.net\/arhiva\/wp-content\/uploads\/2017\/01\/ddd.jpg\",\"width\":1052,\"height\":548},{\"@type\":\"BreadcrumbList\",\"@id\":\"https:\/\/sandzakpress.net\/arhiva\/omladinske-organizicije-podrzale-akciju-prikupljanja-pomoci-izbeglicama\/#breadcrumb\",\"itemListElement\":[{\"@type\":\"ListItem\",\"position\":1,\"name\":\"Home\",\"item\":\"https:\/\/sandzakpress.net\/arhiva\/\"},{\"@type\":\"ListItem\",\"position\":2,\"name\":\"Omladinske organizicije podr\u017eale akciju prikupljanja pomo\u0107i izbjeglicama\"}]},{\"@type\":\"WebSite\",\"@id\":\"https:\/\/sandzakpress.net\/arhiva\/#website\",\"url\":\"https:\/\/sandzakpress.net\/arhiva\/\",\"name\":\"Sand\u017eak PRESS\",\"description\":\"Prve elektronske novine u Sand\u017eaku\",\"publisher\":{\"@id\":\"https:\/\/sandzakpress.net\/arhiva\/#\/schema\/person\/6e72b67d6e51910a1117b3b483ba20bd\"},\"potentialAction\":[{\"@type\":\"SearchAction\",\"target\":{\"@type\":\"EntryPoint\",\"urlTemplate\":\"https:\/\/sandzakpress.net\/arhiva\/?s={search_term_string}\"},\"query-input\":{\"@type\":\"PropertyValueSpecification\",\"valueRequired\":true,\"valueName\":\"search_term_string\"}}],\"inLanguage\":\"bs-BA\"},{\"@type\":[\"Person\",\"Organization\"],\"@id\":\"https:\/\/sandzakpress.net\/arhiva\/#\/schema\/person\/6e72b67d6e51910a1117b3b483ba20bd\",\"name\":\"Kul\",\"image\":{\"@type\":\"ImageObject\",\"inLanguage\":\"bs-BA\",\"@id\":\"https:\/\/sandzakpress.net\/arhiva\/#\/schema\/person\/image\/\",\"url\":\"https:\/\/secure.gravatar.com\/avatar\/42263f39aa27ac04c43cab85c280eb2e?s=96&d=mm&r=pg\",\"contentUrl\":\"https:\/\/secure.gravatar.com\/avatar\/42263f39aa27ac04c43cab85c280eb2e?s=96&d=mm&r=pg\",\"caption\":\"Kul\"},\"logo\":{\"@id\":\"https:\/\/sandzakpress.net\/arhiva\/#\/schema\/person\/image\/\"}},{\"@type\":\"Person\",\"@id\":\"https:\/\/sandzakpress.net\/arhiva\/#\/schema\/person\/c8baee722073534b583ea7bdb2e36c02\",\"name\":\"bosniak\",\"image\":{\"@type\":\"ImageObject\",\"inLanguage\":\"bs-BA\",\"@id\":\"https:\/\/sandzakpress.net\/arhiva\/#\/schema\/person\/image\/\",\"url\":\"https:\/\/secure.gravatar.com\/avatar\/a04fd330bfe3a36a72a0ad4a6d89fca7?s=96&d=mm&r=pg\",\"contentUrl\":\"https:\/\/secure.gravatar.com\/avatar\/a04fd330bfe3a36a72a0ad4a6d89fca7?s=96&d=mm&r=pg\",\"caption\":\"bosniak\"},\"url\":\"https:\/\/sandzakpress.net\/arhiva\/author\/bosniak\/\"}]}<\/script>\n<!-- \/ Yoast SEO Premium plugin. -->","yoast_head_json":{"title":"Omladinske organizicije podr\u017eale akciju prikupljanja pomo\u0107i izbjeglicama","robots":{"index":"index","follow":"follow","max-snippet":"max-snippet:-1","max-image-preview":"max-image-preview:large","max-video-preview":"max-video-preview:-1"},"canonical":"https:\/\/sandzakpress.net\/arhiva\/omladinske-organizicije-podrzale-akciju-prikupljanja-pomoci-izbeglicama\/","og_locale":"bs_BA","og_type":"article","og_title":"Omladinske organizicije podr\u017eale akciju prikupljanja pomo\u0107i izbjeglicama","og_description":"Da studenti imaju mo\u0107 pokrenuti razli\u010dite akcije dokaz tome su i studenti Internacionalnog univerziteta koji su uz pomo\u0107 studentskog parlameta, te media centra pokrenuli humanitarnu akciju za pomo\u0107 migrantima u Sjenici i Beogradu. \u00a0Ispred menad\u017ementa Internacionalnog univerziteta isti\u010du zadovoljstvo jer kako ka\u017eu, studenti su ti koji \u0161alju pravu sliku jedne vrijedne ustanove. \u201cJo\u0161 jedna akcija [&hellip;]","og_url":"https:\/\/sandzakpress.net\/arhiva\/omladinske-organizicije-podrzale-akciju-prikupljanja-pomoci-izbeglicama\/","og_site_name":"Sand\u017eak PRESS","article_published_time":"2017-01-20T13:02:53+00:00","article_modified_time":"2017-01-20T15:11:33+00:00","og_image":[{"width":1052,"height":548,"url":"https:\/\/sandzakpress.net\/arhiva\/wp-content\/uploads\/2017\/01\/ddd.jpg","type":"image\/jpeg"}],"author":"bosniak","twitter_card":"summary_large_image","twitter_misc":{"Written by":"bosniak","Est. reading time":"1 minuta"},"schema":{"@context":"https:\/\/schema.org","@graph":[{"@type":"Article","@id":"https:\/\/sandzakpress.net\/arhiva\/omladinske-organizicije-podrzale-akciju-prikupljanja-pomoci-izbeglicama\/#article","isPartOf":{"@id":"https:\/\/sandzakpress.net\/arhiva\/omladinske-organizicije-podrzale-akciju-prikupljanja-pomoci-izbeglicama\/"},"author":{"name":"bosniak","@id":"https:\/\/sandzakpress.net\/arhiva\/#\/schema\/person\/c8baee722073534b583ea7bdb2e36c02"},"headline":"Omladinske organizicije podr\u017eale akciju prikupljanja pomo\u0107i izbjeglicama","datePublished":"2017-01-20T13:02:53+00:00","dateModified":"2017-01-20T15:11:33+00:00","mainEntityOfPage":{"@id":"https:\/\/sandzakpress.net\/arhiva\/omladinske-organizicije-podrzale-akciju-prikupljanja-pomoci-izbeglicama\/"},"wordCount":307,"commentCount":2,"publisher":{"@id":"https:\/\/sandzakpress.net\/arhiva\/#\/schema\/person\/6e72b67d6e51910a1117b3b483ba20bd"},"image":{"@id":"https:\/\/sandzakpress.net\/arhiva\/omladinske-organizicije-podrzale-akciju-prikupljanja-pomoci-izbeglicama\/#primaryimage"},"thumbnailUrl":"https:\/\/sandzakpress.net\/arhiva\/wp-content\/uploads\/2017\/01\/ddd.jpg","articleSection":["Novi Pazar","Sjenica","Dru\u0161tvo","VIJESTI DANA","Novine"],"inLanguage":"bs-BA","potentialAction":[{"@type":"CommentAction","name":"Comment","target":["https:\/\/sandzakpress.net\/arhiva\/omladinske-organizicije-podrzale-akciju-prikupljanja-pomoci-izbeglicama\/#respond"]}]},{"@type":"WebPage","@id":"https:\/\/sandzakpress.net\/arhiva\/omladinske-organizicije-podrzale-akciju-prikupljanja-pomoci-izbeglicama\/","url":"https:\/\/sandzakpress.net\/arhiva\/omladinske-organizicije-podrzale-akciju-prikupljanja-pomoci-izbeglicama\/","name":"Omladinske organizicije podr\u017eale akciju prikupljanja pomo\u0107i izbjeglicama","isPartOf":{"@id":"https:\/\/sandzakpress.net\/arhiva\/#website"},"primaryImageOfPage":{"@id":"https:\/\/sandzakpress.net\/arhiva\/omladinske-organizicije-podrzale-akciju-prikupljanja-pomoci-izbeglicama\/#primaryimage"},"image":{"@id":"https:\/\/sandzakpress.net\/arhiva\/omladinske-organizicije-podrzale-akciju-prikupljanja-pomoci-izbeglicama\/#primaryimage"},"thumbnailUrl":"https:\/\/sandzakpress.net\/arhiva\/wp-content\/uploads\/2017\/01\/ddd.jpg","datePublished":"2017-01-20T13:02:53+00:00","dateModified":"2017-01-20T15:11:33+00:00","breadcrumb":{"@id":"https:\/\/sandzakpress.net\/arhiva\/omladinske-organizicije-podrzale-akciju-prikupljanja-pomoci-izbeglicama\/#breadcrumb"},"inLanguage":"bs-BA","potentialAction":[{"@type":"ReadAction","target":["https:\/\/sandzakpress.net\/arhiva\/omladinske-organizicije-podrzale-akciju-prikupljanja-pomoci-izbeglicama\/"]}]},{"@type":"ImageObject","inLanguage":"bs-BA","@id":"https:\/\/sandzakpress.net\/arhiva\/omladinske-organizicije-podrzale-akciju-prikupljanja-pomoci-izbeglicama\/#primaryimage","url":"https:\/\/sandzakpress.net\/arhiva\/wp-content\/uploads\/2017\/01\/ddd.jpg","contentUrl":"https:\/\/sandzakpress.net\/arhiva\/wp-content\/uploads\/2017\/01\/ddd.jpg","width":1052,"height":548},{"@type":"BreadcrumbList","@id":"https:\/\/sandzakpress.net\/arhiva\/omladinske-organizicije-podrzale-akciju-prikupljanja-pomoci-izbeglicama\/#breadcrumb","itemListElement":[{"@type":"ListItem","position":1,"name":"Home","item":"https:\/\/sandzakpress.net\/arhiva\/"},{"@type":"ListItem","position":2,"name":"Omladinske organizicije podr\u017eale akciju prikupljanja pomo\u0107i izbjeglicama"}]},{"@type":"WebSite","@id":"https:\/\/sandzakpress.net\/arhiva\/#website","url":"https:\/\/sandzakpress.net\/arhiva\/","name":"Sand\u017eak PRESS","description":"Prve elektronske novine u Sand\u017eaku","publisher":{"@id":"https:\/\/sandzakpress.net\/arhiva\/#\/schema\/person\/6e72b67d6e51910a1117b3b483ba20bd"},"potentialAction":[{"@type":"SearchAction","target":{"@type":"EntryPoint","urlTemplate":"https:\/\/sandzakpress.net\/arhiva\/?s={search_term_string}"},"query-input":{"@type":"PropertyValueSpecification","valueRequired":true,"valueName":"search_term_string"}}],"inLanguage":"bs-BA"},{"@type":["Person","Organization"],"@id":"https:\/\/sandzakpress.net\/arhiva\/#\/schema\/person\/6e72b67d6e51910a1117b3b483ba20bd","name":"Kul","image":{"@type":"ImageObject","inLanguage":"bs-BA","@id":"https:\/\/sandzakpress.net\/arhiva\/#\/schema\/person\/image\/","url":"https:\/\/secure.gravatar.com\/avatar\/42263f39aa27ac04c43cab85c280eb2e?s=96&d=mm&r=pg","contentUrl":"https:\/\/secure.gravatar.com\/avatar\/42263f39aa27ac04c43cab85c280eb2e?s=96&d=mm&r=pg","caption":"Kul"},"logo":{"@id":"https:\/\/sandzakpress.net\/arhiva\/#\/schema\/person\/image\/"}},{"@type":"Person","@id":"https:\/\/sandzakpress.net\/arhiva\/#\/schema\/person\/c8baee722073534b583ea7bdb2e36c02","name":"bosniak","image":{"@type":"ImageObject","inLanguage":"bs-BA","@id":"https:\/\/sandzakpress.net\/arhiva\/#\/schema\/person\/image\/","url":"https:\/\/secure.gravatar.com\/avatar\/a04fd330bfe3a36a72a0ad4a6d89fca7?s=96&d=mm&r=pg","contentUrl":"https:\/\/secure.gravatar.com\/avatar\/a04fd330bfe3a36a72a0ad4a6d89fca7?s=96&d=mm&r=pg","caption":"bosniak"},"url":"https:\/\/sandzakpress.net\/arhiva\/author\/bosniak\/"}]}},"_links":{"self":[{"href":"https:\/\/sandzakpress.net\/arhiva\/wp-json\/wp\/v2\/posts\/177436"}],"collection":[{"href":"https:\/\/sandzakpress.net\/arhiva\/wp-json\/wp\/v2\/posts"}],"about":[{"href":"https:\/\/sandzakpress.net\/arhiva\/wp-json\/wp\/v2\/types\/post"}],"author":[{"embeddable":true,"href":"https:\/\/sandzakpress.net\/arhiva\/wp-json\/wp\/v2\/users\/83"}],"replies":[{"embeddable":true,"href":"https:\/\/sandzakpress.net\/arhiva\/wp-json\/wp\/v2\/comments?post=177436"}],"version-history":[{"count":0,"href":"https:\/\/sandzakpress.net\/arhiva\/wp-json\/wp\/v2\/posts\/177436\/revisions"}],"wp:featuredmedia":[{"embeddable":true,"href":"https:\/\/sandzakpress.net\/arhiva\/wp-json\/wp\/v2\/media\/177465"}],"wp:attachment":[{"href":"https:\/\/sandzakpress.net\/arhiva\/wp-json\/wp\/v2\/media?parent=177436"}],"wp:term":[{"taxonomy":"category","embeddable":true,"href":"https:\/\/sandzakpress.net\/arhiva\/wp-json\/wp\/v2\/categories?post=177436"},{"taxonomy":"post_tag","embeddable":true,"href":"https:\/\/sandzakpress.net\/arhiva\/wp-json\/wp\/v2\/tags?post=177436"}],"curies":[{"name":"wp","href":"https:\/\/api.w.org\/{rel}","templated":true}]}}