{"id":177253,"date":"2017-01-18T14:21:35","date_gmt":"2017-01-18T13:21:35","guid":{"rendered":"https:\/\/sandzakpress.net\/arhiva\/?p=177253"},"modified":"2017-01-18T14:21:35","modified_gmt":"2017-01-18T13:21:35","slug":"mi-ne-volimo-svoju-djecu","status":"publish","type":"post","link":"https:\/\/sandzakpress.net\/arhiva\/mi-ne-volimo-svoju-djecu\/","title":{"rendered":"Mi ne volimo svoju djecu"},"content":{"rendered":"<p><img loading=\"lazy\" decoding=\"async\" class=\"aligncenter size-full wp-image-177255\" src=\"https:\/\/sandzakpress.net\/arhiva\/wp-content\/uploads\/2017\/01\/14089102_1560466814262247_7854863008214212548_n.jpg\" alt=\"14089102_1560466814262247_7854863008214212548_n\" width=\"453\" height=\"453\" srcset=\"https:\/\/sandzakpress.net\/arhiva\/wp-content\/uploads\/2017\/01\/14089102_1560466814262247_7854863008214212548_n.jpg 453w, https:\/\/sandzakpress.net\/arhiva\/wp-content\/uploads\/2017\/01\/14089102_1560466814262247_7854863008214212548_n-150x150.jpg 150w, https:\/\/sandzakpress.net\/arhiva\/wp-content\/uploads\/2017\/01\/14089102_1560466814262247_7854863008214212548_n-64x64.jpg 64w, https:\/\/sandzakpress.net\/arhiva\/wp-content\/uploads\/2017\/01\/14089102_1560466814262247_7854863008214212548_n-125x125.jpg 125w\" sizes=\"(max-width: 453px) 100vw, 453px\" \/><\/p>\n<p>Prvi je radni dan za \u0161kole u mom gradu posle produ\u017eenog zimskog raspusta. Svi znamo i za\u0161to je taj raspust i produ\u017een.<\/p>\n<p>Sti\u017eem po obi\u010daju malo ranije ispred pred\u0161kolske ustanove na Ha\u0111\u017eetu da uzmem svoje dijete. Hladno je. Mrak je. Snijeg tiho pada.<\/p>\n<p>Sjetih se svojeg \u0161kolovanja. Sjetih se zbog toga \u0161to dva roditelja glasno razgovaraju o tome kako im je dijete kazalo da mu je jutros bilo hladno u \u0161koli. Nema grijanja. Da su ozebli. Ja slu\u0161aju\u0107i to, u redu gde zajedno \u010dekamo na\u0161e najmilije, okre\u0107em se ka njima i ka\u017eem im, glasno, &#8220;Vi ne volite svoju djecu&#8221;. I to ponovim nekoliko puta. Svi se okre\u0107u ka meni. Svi su to \u010duli, a ja ponavljam &#8220;Vi ne volite svoju djecu&#8221;. \u010covjek poblijede. Ka\u017ee &#8220;da, upravu je, mi ne volimo svoju djecu&#8221;. Njegov sagovornik dodaje &#8220;pa \u0161ta da radimo, nemaju za grijanje&#8221;. Ja odgovaram &#8221; Novac za \u0161kole sti\u017ee gradovima i op\u0161tinama iz dr\u017eavnog bu\u0111\u017eeta. Imaju novca za pjeva\u010de, a nemaju za osnovne uslove, za normalo \u0161kolovanje na\u0161e djece. Kako \u0161ta da radite, borite se za svoje dijete i ne \u010dekajte da se neko drugi bori za vas&#8221;.<\/p>\n<p>Vidim da sam se i ja, a i ostali roditelji uzbudili. Odlu\u010dujem da se u\u0161utim. Dosta sam kazao. Ali u sebi ne\u0161to razmi\u0161ljam, za\u0161to taj roditelj nije u\u0161ao u \u0161kolu sa svojim djetetom, \u0161kola je javna ustanova, pa da se i sam uvjeri, pa da i sam vidi gdje \u0161alje svoje dijete, kome i gde ga ostavlja. Valjda smo tako &#8220;dresirani&#8221; da ne smemo ni\u0161ta da znamo, pitamo, u\u010dinimo&#8230;<\/p>\n<p>I tako dok se smirujem sjetih se restrikcije struje, mraka u \u0161koli, sjetih se da je i meni bilo hladno kad sam i\u0161ao u \u0161kolu. Sjetih se i ovih ratova. Sva\u0161ta ne\u0161to se sjetih. To u trenutku prekide glas neke druge u\u010diteljice, jer je &#8220;na\u0161a&#8221; u bolnici. &#8220;Mehmed&#8221; ja se trgoh i javih. Preuzeh dijete. Vratih se u realnost.\u00a0<\/p>\n<p>Stigosmo ku\u0107i, i kao po obi\u010daju, pregledah razne infomacione internet portale. Zapazih, za na\u0161 grad udarnu vijest, sliku, nekih vojnih oklopnih vozila koja su pro\u0161la gradom. I svatih da ni ja ne volim svoje dijete. Svatih da i njega \u010deka neka sudbina sli\u010dna mojoj. Neki novi ratovi. Svatih da sam trebao i ja, kao \u0161to su moji drugovi koji su odavno oti\u0161li, da odem&#8230; Ali gdje?<\/p>\n<p>Autor: prof. Senadin Halitovi\u0107<\/p>\n","protected":false},"excerpt":{"rendered":"<p> Senadin Halitovi\u0107<\/p>\n","protected":false},"author":83,"featured_media":177255,"comment_status":"open","ping_status":"open","sticky":false,"template":"","format":"standard","meta":{"footnotes":""},"categories":[72,10196],"tags":[],"class_list":{"0":"post-177253","1":"post","2":"type-post","3":"status-publish","4":"format-standard","5":"has-post-thumbnail","7":"category-novi-pazar","8":"category-iz-pera-nasih-autora"},"yoast_head":"<!-- This site is optimized with the Yoast SEO Premium plugin v23.1 (Yoast SEO v24.9) - https:\/\/yoast.com\/wordpress\/plugins\/seo\/ -->\n<title>Mi ne volimo svoju djecu<\/title>\n<meta name=\"robots\" content=\"index, follow, max-snippet:-1, max-image-preview:large, max-video-preview:-1\" \/>\n<link rel=\"canonical\" href=\"https:\/\/sandzakpress.net\/arhiva\/mi-ne-volimo-svoju-djecu\/\" \/>\n<meta property=\"og:locale\" content=\"bs_BA\" \/>\n<meta property=\"og:type\" content=\"article\" \/>\n<meta property=\"og:title\" content=\"Mi ne volimo svoju djecu\" \/>\n<meta property=\"og:description\" content=\"Senadin Halitovi\u0107\" \/>\n<meta property=\"og:url\" content=\"https:\/\/sandzakpress.net\/arhiva\/mi-ne-volimo-svoju-djecu\/\" \/>\n<meta property=\"og:site_name\" content=\"Sand\u017eak PRESS\" \/>\n<meta property=\"article:published_time\" content=\"2017-01-18T13:21:35+00:00\" \/>\n<meta property=\"og:image\" content=\"https:\/\/sandzakpress.net\/arhiva\/wp-content\/uploads\/2017\/01\/14089102_1560466814262247_7854863008214212548_n.jpg\" \/>\n\t<meta property=\"og:image:width\" content=\"453\" \/>\n\t<meta property=\"og:image:height\" content=\"453\" \/>\n\t<meta property=\"og:image:type\" content=\"image\/jpeg\" \/>\n<meta name=\"author\" content=\"bosniak\" \/>\n<meta name=\"twitter:card\" content=\"summary_large_image\" \/>\n<meta name=\"twitter:label1\" content=\"Written by\" \/>\n\t<meta name=\"twitter:data1\" content=\"bosniak\" \/>\n\t<meta name=\"twitter:label2\" content=\"Est. reading time\" \/>\n\t<meta name=\"twitter:data2\" content=\"2 minute\" \/>\n<script type=\"application\/ld+json\" class=\"yoast-schema-graph\">{\"@context\":\"https:\/\/schema.org\",\"@graph\":[{\"@type\":\"Article\",\"@id\":\"https:\/\/sandzakpress.net\/arhiva\/mi-ne-volimo-svoju-djecu\/#article\",\"isPartOf\":{\"@id\":\"https:\/\/sandzakpress.net\/arhiva\/mi-ne-volimo-svoju-djecu\/\"},\"author\":{\"name\":\"bosniak\",\"@id\":\"https:\/\/sandzakpress.net\/arhiva\/#\/schema\/person\/c8baee722073534b583ea7bdb2e36c02\"},\"headline\":\"Mi ne volimo svoju djecu\",\"datePublished\":\"2017-01-18T13:21:35+00:00\",\"mainEntityOfPage\":{\"@id\":\"https:\/\/sandzakpress.net\/arhiva\/mi-ne-volimo-svoju-djecu\/\"},\"wordCount\":428,\"commentCount\":4,\"publisher\":{\"@id\":\"https:\/\/sandzakpress.net\/arhiva\/#\/schema\/person\/6e72b67d6e51910a1117b3b483ba20bd\"},\"image\":{\"@id\":\"https:\/\/sandzakpress.net\/arhiva\/mi-ne-volimo-svoju-djecu\/#primaryimage\"},\"thumbnailUrl\":\"https:\/\/sandzakpress.net\/arhiva\/wp-content\/uploads\/2017\/01\/14089102_1560466814262247_7854863008214212548_n.jpg\",\"articleSection\":[\"Novi Pazar\",\"Iz pera na\u0161ih autora\"],\"inLanguage\":\"bs-BA\",\"potentialAction\":[{\"@type\":\"CommentAction\",\"name\":\"Comment\",\"target\":[\"https:\/\/sandzakpress.net\/arhiva\/mi-ne-volimo-svoju-djecu\/#respond\"]}]},{\"@type\":\"WebPage\",\"@id\":\"https:\/\/sandzakpress.net\/arhiva\/mi-ne-volimo-svoju-djecu\/\",\"url\":\"https:\/\/sandzakpress.net\/arhiva\/mi-ne-volimo-svoju-djecu\/\",\"name\":\"Mi ne volimo svoju djecu\",\"isPartOf\":{\"@id\":\"https:\/\/sandzakpress.net\/arhiva\/#website\"},\"primaryImageOfPage\":{\"@id\":\"https:\/\/sandzakpress.net\/arhiva\/mi-ne-volimo-svoju-djecu\/#primaryimage\"},\"image\":{\"@id\":\"https:\/\/sandzakpress.net\/arhiva\/mi-ne-volimo-svoju-djecu\/#primaryimage\"},\"thumbnailUrl\":\"https:\/\/sandzakpress.net\/arhiva\/wp-content\/uploads\/2017\/01\/14089102_1560466814262247_7854863008214212548_n.jpg\",\"datePublished\":\"2017-01-18T13:21:35+00:00\",\"breadcrumb\":{\"@id\":\"https:\/\/sandzakpress.net\/arhiva\/mi-ne-volimo-svoju-djecu\/#breadcrumb\"},\"inLanguage\":\"bs-BA\",\"potentialAction\":[{\"@type\":\"ReadAction\",\"target\":[\"https:\/\/sandzakpress.net\/arhiva\/mi-ne-volimo-svoju-djecu\/\"]}]},{\"@type\":\"ImageObject\",\"inLanguage\":\"bs-BA\",\"@id\":\"https:\/\/sandzakpress.net\/arhiva\/mi-ne-volimo-svoju-djecu\/#primaryimage\",\"url\":\"https:\/\/sandzakpress.net\/arhiva\/wp-content\/uploads\/2017\/01\/14089102_1560466814262247_7854863008214212548_n.jpg\",\"contentUrl\":\"https:\/\/sandzakpress.net\/arhiva\/wp-content\/uploads\/2017\/01\/14089102_1560466814262247_7854863008214212548_n.jpg\",\"width\":453,\"height\":453},{\"@type\":\"BreadcrumbList\",\"@id\":\"https:\/\/sandzakpress.net\/arhiva\/mi-ne-volimo-svoju-djecu\/#breadcrumb\",\"itemListElement\":[{\"@type\":\"ListItem\",\"position\":1,\"name\":\"Home\",\"item\":\"https:\/\/sandzakpress.net\/arhiva\/\"},{\"@type\":\"ListItem\",\"position\":2,\"name\":\"Mi ne volimo svoju djecu\"}]},{\"@type\":\"WebSite\",\"@id\":\"https:\/\/sandzakpress.net\/arhiva\/#website\",\"url\":\"https:\/\/sandzakpress.net\/arhiva\/\",\"name\":\"Sand\u017eak PRESS\",\"description\":\"Prve elektronske novine u Sand\u017eaku\",\"publisher\":{\"@id\":\"https:\/\/sandzakpress.net\/arhiva\/#\/schema\/person\/6e72b67d6e51910a1117b3b483ba20bd\"},\"potentialAction\":[{\"@type\":\"SearchAction\",\"target\":{\"@type\":\"EntryPoint\",\"urlTemplate\":\"https:\/\/sandzakpress.net\/arhiva\/?s={search_term_string}\"},\"query-input\":{\"@type\":\"PropertyValueSpecification\",\"valueRequired\":true,\"valueName\":\"search_term_string\"}}],\"inLanguage\":\"bs-BA\"},{\"@type\":[\"Person\",\"Organization\"],\"@id\":\"https:\/\/sandzakpress.net\/arhiva\/#\/schema\/person\/6e72b67d6e51910a1117b3b483ba20bd\",\"name\":\"Kul\",\"image\":{\"@type\":\"ImageObject\",\"inLanguage\":\"bs-BA\",\"@id\":\"https:\/\/sandzakpress.net\/arhiva\/#\/schema\/person\/image\/\",\"url\":\"https:\/\/secure.gravatar.com\/avatar\/42263f39aa27ac04c43cab85c280eb2e?s=96&d=mm&r=pg\",\"contentUrl\":\"https:\/\/secure.gravatar.com\/avatar\/42263f39aa27ac04c43cab85c280eb2e?s=96&d=mm&r=pg\",\"caption\":\"Kul\"},\"logo\":{\"@id\":\"https:\/\/sandzakpress.net\/arhiva\/#\/schema\/person\/image\/\"}},{\"@type\":\"Person\",\"@id\":\"https:\/\/sandzakpress.net\/arhiva\/#\/schema\/person\/c8baee722073534b583ea7bdb2e36c02\",\"name\":\"bosniak\",\"image\":{\"@type\":\"ImageObject\",\"inLanguage\":\"bs-BA\",\"@id\":\"https:\/\/sandzakpress.net\/arhiva\/#\/schema\/person\/image\/\",\"url\":\"https:\/\/secure.gravatar.com\/avatar\/a04fd330bfe3a36a72a0ad4a6d89fca7?s=96&d=mm&r=pg\",\"contentUrl\":\"https:\/\/secure.gravatar.com\/avatar\/a04fd330bfe3a36a72a0ad4a6d89fca7?s=96&d=mm&r=pg\",\"caption\":\"bosniak\"},\"url\":\"https:\/\/sandzakpress.net\/arhiva\/author\/bosniak\/\"}]}<\/script>\n<!-- \/ Yoast SEO Premium plugin. -->","yoast_head_json":{"title":"Mi ne volimo svoju djecu","robots":{"index":"index","follow":"follow","max-snippet":"max-snippet:-1","max-image-preview":"max-image-preview:large","max-video-preview":"max-video-preview:-1"},"canonical":"https:\/\/sandzakpress.net\/arhiva\/mi-ne-volimo-svoju-djecu\/","og_locale":"bs_BA","og_type":"article","og_title":"Mi ne volimo svoju djecu","og_description":"Senadin Halitovi\u0107","og_url":"https:\/\/sandzakpress.net\/arhiva\/mi-ne-volimo-svoju-djecu\/","og_site_name":"Sand\u017eak PRESS","article_published_time":"2017-01-18T13:21:35+00:00","og_image":[{"width":453,"height":453,"url":"https:\/\/sandzakpress.net\/arhiva\/wp-content\/uploads\/2017\/01\/14089102_1560466814262247_7854863008214212548_n.jpg","type":"image\/jpeg"}],"author":"bosniak","twitter_card":"summary_large_image","twitter_misc":{"Written by":"bosniak","Est. reading time":"2 minute"},"schema":{"@context":"https:\/\/schema.org","@graph":[{"@type":"Article","@id":"https:\/\/sandzakpress.net\/arhiva\/mi-ne-volimo-svoju-djecu\/#article","isPartOf":{"@id":"https:\/\/sandzakpress.net\/arhiva\/mi-ne-volimo-svoju-djecu\/"},"author":{"name":"bosniak","@id":"https:\/\/sandzakpress.net\/arhiva\/#\/schema\/person\/c8baee722073534b583ea7bdb2e36c02"},"headline":"Mi ne volimo svoju djecu","datePublished":"2017-01-18T13:21:35+00:00","mainEntityOfPage":{"@id":"https:\/\/sandzakpress.net\/arhiva\/mi-ne-volimo-svoju-djecu\/"},"wordCount":428,"commentCount":4,"publisher":{"@id":"https:\/\/sandzakpress.net\/arhiva\/#\/schema\/person\/6e72b67d6e51910a1117b3b483ba20bd"},"image":{"@id":"https:\/\/sandzakpress.net\/arhiva\/mi-ne-volimo-svoju-djecu\/#primaryimage"},"thumbnailUrl":"https:\/\/sandzakpress.net\/arhiva\/wp-content\/uploads\/2017\/01\/14089102_1560466814262247_7854863008214212548_n.jpg","articleSection":["Novi Pazar","Iz pera na\u0161ih autora"],"inLanguage":"bs-BA","potentialAction":[{"@type":"CommentAction","name":"Comment","target":["https:\/\/sandzakpress.net\/arhiva\/mi-ne-volimo-svoju-djecu\/#respond"]}]},{"@type":"WebPage","@id":"https:\/\/sandzakpress.net\/arhiva\/mi-ne-volimo-svoju-djecu\/","url":"https:\/\/sandzakpress.net\/arhiva\/mi-ne-volimo-svoju-djecu\/","name":"Mi ne volimo svoju djecu","isPartOf":{"@id":"https:\/\/sandzakpress.net\/arhiva\/#website"},"primaryImageOfPage":{"@id":"https:\/\/sandzakpress.net\/arhiva\/mi-ne-volimo-svoju-djecu\/#primaryimage"},"image":{"@id":"https:\/\/sandzakpress.net\/arhiva\/mi-ne-volimo-svoju-djecu\/#primaryimage"},"thumbnailUrl":"https:\/\/sandzakpress.net\/arhiva\/wp-content\/uploads\/2017\/01\/14089102_1560466814262247_7854863008214212548_n.jpg","datePublished":"2017-01-18T13:21:35+00:00","breadcrumb":{"@id":"https:\/\/sandzakpress.net\/arhiva\/mi-ne-volimo-svoju-djecu\/#breadcrumb"},"inLanguage":"bs-BA","potentialAction":[{"@type":"ReadAction","target":["https:\/\/sandzakpress.net\/arhiva\/mi-ne-volimo-svoju-djecu\/"]}]},{"@type":"ImageObject","inLanguage":"bs-BA","@id":"https:\/\/sandzakpress.net\/arhiva\/mi-ne-volimo-svoju-djecu\/#primaryimage","url":"https:\/\/sandzakpress.net\/arhiva\/wp-content\/uploads\/2017\/01\/14089102_1560466814262247_7854863008214212548_n.jpg","contentUrl":"https:\/\/sandzakpress.net\/arhiva\/wp-content\/uploads\/2017\/01\/14089102_1560466814262247_7854863008214212548_n.jpg","width":453,"height":453},{"@type":"BreadcrumbList","@id":"https:\/\/sandzakpress.net\/arhiva\/mi-ne-volimo-svoju-djecu\/#breadcrumb","itemListElement":[{"@type":"ListItem","position":1,"name":"Home","item":"https:\/\/sandzakpress.net\/arhiva\/"},{"@type":"ListItem","position":2,"name":"Mi ne volimo svoju djecu"}]},{"@type":"WebSite","@id":"https:\/\/sandzakpress.net\/arhiva\/#website","url":"https:\/\/sandzakpress.net\/arhiva\/","name":"Sand\u017eak PRESS","description":"Prve elektronske novine u Sand\u017eaku","publisher":{"@id":"https:\/\/sandzakpress.net\/arhiva\/#\/schema\/person\/6e72b67d6e51910a1117b3b483ba20bd"},"potentialAction":[{"@type":"SearchAction","target":{"@type":"EntryPoint","urlTemplate":"https:\/\/sandzakpress.net\/arhiva\/?s={search_term_string}"},"query-input":{"@type":"PropertyValueSpecification","valueRequired":true,"valueName":"search_term_string"}}],"inLanguage":"bs-BA"},{"@type":["Person","Organization"],"@id":"https:\/\/sandzakpress.net\/arhiva\/#\/schema\/person\/6e72b67d6e51910a1117b3b483ba20bd","name":"Kul","image":{"@type":"ImageObject","inLanguage":"bs-BA","@id":"https:\/\/sandzakpress.net\/arhiva\/#\/schema\/person\/image\/","url":"https:\/\/secure.gravatar.com\/avatar\/42263f39aa27ac04c43cab85c280eb2e?s=96&d=mm&r=pg","contentUrl":"https:\/\/secure.gravatar.com\/avatar\/42263f39aa27ac04c43cab85c280eb2e?s=96&d=mm&r=pg","caption":"Kul"},"logo":{"@id":"https:\/\/sandzakpress.net\/arhiva\/#\/schema\/person\/image\/"}},{"@type":"Person","@id":"https:\/\/sandzakpress.net\/arhiva\/#\/schema\/person\/c8baee722073534b583ea7bdb2e36c02","name":"bosniak","image":{"@type":"ImageObject","inLanguage":"bs-BA","@id":"https:\/\/sandzakpress.net\/arhiva\/#\/schema\/person\/image\/","url":"https:\/\/secure.gravatar.com\/avatar\/a04fd330bfe3a36a72a0ad4a6d89fca7?s=96&d=mm&r=pg","contentUrl":"https:\/\/secure.gravatar.com\/avatar\/a04fd330bfe3a36a72a0ad4a6d89fca7?s=96&d=mm&r=pg","caption":"bosniak"},"url":"https:\/\/sandzakpress.net\/arhiva\/author\/bosniak\/"}]}},"_links":{"self":[{"href":"https:\/\/sandzakpress.net\/arhiva\/wp-json\/wp\/v2\/posts\/177253"}],"collection":[{"href":"https:\/\/sandzakpress.net\/arhiva\/wp-json\/wp\/v2\/posts"}],"about":[{"href":"https:\/\/sandzakpress.net\/arhiva\/wp-json\/wp\/v2\/types\/post"}],"author":[{"embeddable":true,"href":"https:\/\/sandzakpress.net\/arhiva\/wp-json\/wp\/v2\/users\/83"}],"replies":[{"embeddable":true,"href":"https:\/\/sandzakpress.net\/arhiva\/wp-json\/wp\/v2\/comments?post=177253"}],"version-history":[{"count":0,"href":"https:\/\/sandzakpress.net\/arhiva\/wp-json\/wp\/v2\/posts\/177253\/revisions"}],"wp:featuredmedia":[{"embeddable":true,"href":"https:\/\/sandzakpress.net\/arhiva\/wp-json\/wp\/v2\/media\/177255"}],"wp:attachment":[{"href":"https:\/\/sandzakpress.net\/arhiva\/wp-json\/wp\/v2\/media?parent=177253"}],"wp:term":[{"taxonomy":"category","embeddable":true,"href":"https:\/\/sandzakpress.net\/arhiva\/wp-json\/wp\/v2\/categories?post=177253"},{"taxonomy":"post_tag","embeddable":true,"href":"https:\/\/sandzakpress.net\/arhiva\/wp-json\/wp\/v2\/tags?post=177253"}],"curies":[{"name":"wp","href":"https:\/\/api.w.org\/{rel}","templated":true}]}}