{"id":177121,"date":"2017-01-17T12:25:42","date_gmt":"2017-01-17T11:25:42","guid":{"rendered":"https:\/\/sandzakpress.net\/arhiva\/?p=177121"},"modified":"2017-01-17T12:26:01","modified_gmt":"2017-01-17T11:26:01","slug":"centar-za-socijalni-rad-sproveo-akciju-podjele-humanitarne-pomoci","status":"publish","type":"post","link":"https:\/\/sandzakpress.net\/arhiva\/centar-za-socijalni-rad-sproveo-akciju-podjele-humanitarne-pomoci\/","title":{"rendered":"Centar za socijalni rad sproveo akciju podjele humanitarne pomo\u0107i"},"content":{"rendered":"<p><strong>Centar za socijalni rad u saradnji sa lokalnom samoupravom u Prijepolju sproveo je akciju podjele humanitarne pomo\u0107i najugro\u017eenijim stanovnicima ove op\u0161tine. Usljed snje\u017enih padavina mnogi zaseoci su bili odsje\u010deni, pa im je pomo\u0107 dostavljena preko predsjednika mesnih zajednica. Direktor Centra za socijalni rad Sabira Had\u017eiabdi\u0107 isti\u010de da je ovo samo jedan u nizu vidova pomo\u0107i tokom ovih te\u0161kih dana. Paketi sadr\u017ee namirnice i sredstva za higijenu.<\/strong><\/p>\n<p><iframe loading=\"lazy\" src=\"https:\/\/www.youtube.com\/embed\/aSpTH-4bAg0\" width=\"795\" height=\"445\" frameborder=\"0\" allowfullscreen=\"allowfullscreen\"><\/iframe><\/p>\n<p>\u010clanovi op\u0161tinskog vije\u0107a Sabahudin Hajdarevi\u0107 i Milan Ga\u010devi\u0107 zadovoljni radom Centra za socijalni rad na terenu ovih dana. Radnici ovog centra u\u010destvovali su rame uz rame u skoro svim akcijama na terenu ovih dana.<\/p>\n<p>Najugro\u017eenijima stigla pomo\u0107. Kroz smetove, jake vjetrove i snijeg, ali ipak dospjeli do onih kojima je pomo\u0107 prijeko potrebna. Uz rije\u010di zahvalnosti, isti\u010du da se ovo nikada do sada nije desilo.<\/p>\n<p>Sljede\u0107e sedmice, najavljuju meteorolozi, slijede novi ledeni dani.<\/p>\n<p>SANA<\/p>\n","protected":false},"excerpt":{"rendered":"<p>Centar za socijalni rad u saradnji sa lokalnom samoupravom u Prijepolju sproveo je akciju podjele humanitarne pomo\u0107i najugro\u017eenijim stanovnicima ove op\u0161tine. Usljed snje\u017enih padavina mnogi zaseoci su bili odsje\u010deni, pa im je pomo\u0107 dostavljena preko predsjednika mesnih zajednica. Direktor Centra za socijalni rad Sabira Had\u017eiabdi\u0107 isti\u010de da je ovo samo jedan u nizu vidova pomo\u0107i [&hellip;]<\/p>\n","protected":false},"author":83,"featured_media":177129,"comment_status":"open","ping_status":"open","sticky":false,"template":"","format":"standard","meta":{"footnotes":""},"categories":[392,5,10429],"tags":[],"class_list":{"0":"post-177121","1":"post","2":"type-post","3":"status-publish","4":"format-standard","5":"has-post-thumbnail","7":"category-prijepolje_","8":"category-drustvo","9":"category-vazno"},"yoast_head":"<!-- This site is optimized with the Yoast SEO Premium plugin v23.1 (Yoast SEO v24.9) - https:\/\/yoast.com\/wordpress\/plugins\/seo\/ -->\n<title>Centar za socijalni rad sproveo akciju podjele humanitarne pomo\u0107i<\/title>\n<meta name=\"robots\" content=\"index, follow, max-snippet:-1, max-image-preview:large, max-video-preview:-1\" \/>\n<link rel=\"canonical\" href=\"https:\/\/sandzakpress.net\/arhiva\/centar-za-socijalni-rad-sproveo-akciju-podjele-humanitarne-pomoci\/\" \/>\n<meta property=\"og:locale\" content=\"bs_BA\" \/>\n<meta property=\"og:type\" content=\"article\" \/>\n<meta property=\"og:title\" content=\"Centar za socijalni rad sproveo akciju podjele humanitarne pomo\u0107i\" \/>\n<meta property=\"og:description\" content=\"Centar za socijalni rad u saradnji sa lokalnom samoupravom u Prijepolju sproveo je akciju podjele humanitarne pomo\u0107i najugro\u017eenijim stanovnicima ove op\u0161tine. Usljed snje\u017enih padavina mnogi zaseoci su bili odsje\u010deni, pa im je pomo\u0107 dostavljena preko predsjednika mesnih zajednica. Direktor Centra za socijalni rad Sabira Had\u017eiabdi\u0107 isti\u010de da je ovo samo jedan u nizu vidova pomo\u0107i [&hellip;]\" \/>\n<meta property=\"og:url\" content=\"https:\/\/sandzakpress.net\/arhiva\/centar-za-socijalni-rad-sproveo-akciju-podjele-humanitarne-pomoci\/\" \/>\n<meta property=\"og:site_name\" content=\"Sand\u017eak PRESS\" \/>\n<meta property=\"article:published_time\" content=\"2017-01-17T11:25:42+00:00\" \/>\n<meta property=\"article:modified_time\" content=\"2017-01-17T11:26:01+00:00\" \/>\n<meta property=\"og:image\" content=\"https:\/\/sandzakpress.net\/arhiva\/wp-content\/uploads\/2017\/01\/0-26.jpg\" \/>\n\t<meta property=\"og:image:width\" content=\"480\" \/>\n\t<meta property=\"og:image:height\" content=\"360\" \/>\n\t<meta property=\"og:image:type\" content=\"image\/jpeg\" \/>\n<meta name=\"author\" content=\"bosniak\" \/>\n<meta name=\"twitter:card\" content=\"summary_large_image\" \/>\n<meta name=\"twitter:label1\" content=\"Written by\" \/>\n\t<meta name=\"twitter:data1\" content=\"bosniak\" \/>\n\t<meta name=\"twitter:label2\" content=\"Est. reading time\" \/>\n\t<meta name=\"twitter:data2\" content=\"1 minuta\" \/>\n<script type=\"application\/ld+json\" class=\"yoast-schema-graph\">{\"@context\":\"https:\/\/schema.org\",\"@graph\":[{\"@type\":\"Article\",\"@id\":\"https:\/\/sandzakpress.net\/arhiva\/centar-za-socijalni-rad-sproveo-akciju-podjele-humanitarne-pomoci\/#article\",\"isPartOf\":{\"@id\":\"https:\/\/sandzakpress.net\/arhiva\/centar-za-socijalni-rad-sproveo-akciju-podjele-humanitarne-pomoci\/\"},\"author\":{\"name\":\"bosniak\",\"@id\":\"https:\/\/sandzakpress.net\/arhiva\/#\/schema\/person\/c8baee722073534b583ea7bdb2e36c02\"},\"headline\":\"Centar za socijalni rad sproveo akciju podjele humanitarne pomo\u0107i\",\"datePublished\":\"2017-01-17T11:25:42+00:00\",\"dateModified\":\"2017-01-17T11:26:01+00:00\",\"mainEntityOfPage\":{\"@id\":\"https:\/\/sandzakpress.net\/arhiva\/centar-za-socijalni-rad-sproveo-akciju-podjele-humanitarne-pomoci\/\"},\"wordCount\":168,\"commentCount\":0,\"publisher\":{\"@id\":\"https:\/\/sandzakpress.net\/arhiva\/#\/schema\/person\/6e72b67d6e51910a1117b3b483ba20bd\"},\"image\":{\"@id\":\"https:\/\/sandzakpress.net\/arhiva\/centar-za-socijalni-rad-sproveo-akciju-podjele-humanitarne-pomoci\/#primaryimage\"},\"thumbnailUrl\":\"https:\/\/sandzakpress.net\/arhiva\/wp-content\/uploads\/2017\/01\/0-26.jpg\",\"articleSection\":[\"Prijepolje\",\"Dru\u0161tvo\",\"VA\u017dNO!\"],\"inLanguage\":\"bs-BA\",\"potentialAction\":[{\"@type\":\"CommentAction\",\"name\":\"Comment\",\"target\":[\"https:\/\/sandzakpress.net\/arhiva\/centar-za-socijalni-rad-sproveo-akciju-podjele-humanitarne-pomoci\/#respond\"]}]},{\"@type\":\"WebPage\",\"@id\":\"https:\/\/sandzakpress.net\/arhiva\/centar-za-socijalni-rad-sproveo-akciju-podjele-humanitarne-pomoci\/\",\"url\":\"https:\/\/sandzakpress.net\/arhiva\/centar-za-socijalni-rad-sproveo-akciju-podjele-humanitarne-pomoci\/\",\"name\":\"Centar za socijalni rad sproveo akciju podjele humanitarne pomo\u0107i\",\"isPartOf\":{\"@id\":\"https:\/\/sandzakpress.net\/arhiva\/#website\"},\"primaryImageOfPage\":{\"@id\":\"https:\/\/sandzakpress.net\/arhiva\/centar-za-socijalni-rad-sproveo-akciju-podjele-humanitarne-pomoci\/#primaryimage\"},\"image\":{\"@id\":\"https:\/\/sandzakpress.net\/arhiva\/centar-za-socijalni-rad-sproveo-akciju-podjele-humanitarne-pomoci\/#primaryimage\"},\"thumbnailUrl\":\"https:\/\/sandzakpress.net\/arhiva\/wp-content\/uploads\/2017\/01\/0-26.jpg\",\"datePublished\":\"2017-01-17T11:25:42+00:00\",\"dateModified\":\"2017-01-17T11:26:01+00:00\",\"breadcrumb\":{\"@id\":\"https:\/\/sandzakpress.net\/arhiva\/centar-za-socijalni-rad-sproveo-akciju-podjele-humanitarne-pomoci\/#breadcrumb\"},\"inLanguage\":\"bs-BA\",\"potentialAction\":[{\"@type\":\"ReadAction\",\"target\":[\"https:\/\/sandzakpress.net\/arhiva\/centar-za-socijalni-rad-sproveo-akciju-podjele-humanitarne-pomoci\/\"]}]},{\"@type\":\"ImageObject\",\"inLanguage\":\"bs-BA\",\"@id\":\"https:\/\/sandzakpress.net\/arhiva\/centar-za-socijalni-rad-sproveo-akciju-podjele-humanitarne-pomoci\/#primaryimage\",\"url\":\"https:\/\/sandzakpress.net\/arhiva\/wp-content\/uploads\/2017\/01\/0-26.jpg\",\"contentUrl\":\"https:\/\/sandzakpress.net\/arhiva\/wp-content\/uploads\/2017\/01\/0-26.jpg\",\"width\":480,\"height\":360},{\"@type\":\"BreadcrumbList\",\"@id\":\"https:\/\/sandzakpress.net\/arhiva\/centar-za-socijalni-rad-sproveo-akciju-podjele-humanitarne-pomoci\/#breadcrumb\",\"itemListElement\":[{\"@type\":\"ListItem\",\"position\":1,\"name\":\"Home\",\"item\":\"https:\/\/sandzakpress.net\/arhiva\/\"},{\"@type\":\"ListItem\",\"position\":2,\"name\":\"Centar za socijalni rad sproveo akciju podjele humanitarne pomo\u0107i\"}]},{\"@type\":\"WebSite\",\"@id\":\"https:\/\/sandzakpress.net\/arhiva\/#website\",\"url\":\"https:\/\/sandzakpress.net\/arhiva\/\",\"name\":\"Sand\u017eak PRESS\",\"description\":\"Prve elektronske novine u Sand\u017eaku\",\"publisher\":{\"@id\":\"https:\/\/sandzakpress.net\/arhiva\/#\/schema\/person\/6e72b67d6e51910a1117b3b483ba20bd\"},\"potentialAction\":[{\"@type\":\"SearchAction\",\"target\":{\"@type\":\"EntryPoint\",\"urlTemplate\":\"https:\/\/sandzakpress.net\/arhiva\/?s={search_term_string}\"},\"query-input\":{\"@type\":\"PropertyValueSpecification\",\"valueRequired\":true,\"valueName\":\"search_term_string\"}}],\"inLanguage\":\"bs-BA\"},{\"@type\":[\"Person\",\"Organization\"],\"@id\":\"https:\/\/sandzakpress.net\/arhiva\/#\/schema\/person\/6e72b67d6e51910a1117b3b483ba20bd\",\"name\":\"Kul\",\"image\":{\"@type\":\"ImageObject\",\"inLanguage\":\"bs-BA\",\"@id\":\"https:\/\/sandzakpress.net\/arhiva\/#\/schema\/person\/image\/\",\"url\":\"https:\/\/secure.gravatar.com\/avatar\/42263f39aa27ac04c43cab85c280eb2e?s=96&d=mm&r=pg\",\"contentUrl\":\"https:\/\/secure.gravatar.com\/avatar\/42263f39aa27ac04c43cab85c280eb2e?s=96&d=mm&r=pg\",\"caption\":\"Kul\"},\"logo\":{\"@id\":\"https:\/\/sandzakpress.net\/arhiva\/#\/schema\/person\/image\/\"}},{\"@type\":\"Person\",\"@id\":\"https:\/\/sandzakpress.net\/arhiva\/#\/schema\/person\/c8baee722073534b583ea7bdb2e36c02\",\"name\":\"bosniak\",\"image\":{\"@type\":\"ImageObject\",\"inLanguage\":\"bs-BA\",\"@id\":\"https:\/\/sandzakpress.net\/arhiva\/#\/schema\/person\/image\/\",\"url\":\"https:\/\/secure.gravatar.com\/avatar\/a04fd330bfe3a36a72a0ad4a6d89fca7?s=96&d=mm&r=pg\",\"contentUrl\":\"https:\/\/secure.gravatar.com\/avatar\/a04fd330bfe3a36a72a0ad4a6d89fca7?s=96&d=mm&r=pg\",\"caption\":\"bosniak\"},\"url\":\"https:\/\/sandzakpress.net\/arhiva\/author\/bosniak\/\"}]}<\/script>\n<!-- \/ Yoast SEO Premium plugin. -->","yoast_head_json":{"title":"Centar za socijalni rad sproveo akciju podjele humanitarne pomo\u0107i","robots":{"index":"index","follow":"follow","max-snippet":"max-snippet:-1","max-image-preview":"max-image-preview:large","max-video-preview":"max-video-preview:-1"},"canonical":"https:\/\/sandzakpress.net\/arhiva\/centar-za-socijalni-rad-sproveo-akciju-podjele-humanitarne-pomoci\/","og_locale":"bs_BA","og_type":"article","og_title":"Centar za socijalni rad sproveo akciju podjele humanitarne pomo\u0107i","og_description":"Centar za socijalni rad u saradnji sa lokalnom samoupravom u Prijepolju sproveo je akciju podjele humanitarne pomo\u0107i najugro\u017eenijim stanovnicima ove op\u0161tine. Usljed snje\u017enih padavina mnogi zaseoci su bili odsje\u010deni, pa im je pomo\u0107 dostavljena preko predsjednika mesnih zajednica. Direktor Centra za socijalni rad Sabira Had\u017eiabdi\u0107 isti\u010de da je ovo samo jedan u nizu vidova pomo\u0107i [&hellip;]","og_url":"https:\/\/sandzakpress.net\/arhiva\/centar-za-socijalni-rad-sproveo-akciju-podjele-humanitarne-pomoci\/","og_site_name":"Sand\u017eak PRESS","article_published_time":"2017-01-17T11:25:42+00:00","article_modified_time":"2017-01-17T11:26:01+00:00","og_image":[{"width":480,"height":360,"url":"https:\/\/sandzakpress.net\/arhiva\/wp-content\/uploads\/2017\/01\/0-26.jpg","type":"image\/jpeg"}],"author":"bosniak","twitter_card":"summary_large_image","twitter_misc":{"Written by":"bosniak","Est. reading time":"1 minuta"},"schema":{"@context":"https:\/\/schema.org","@graph":[{"@type":"Article","@id":"https:\/\/sandzakpress.net\/arhiva\/centar-za-socijalni-rad-sproveo-akciju-podjele-humanitarne-pomoci\/#article","isPartOf":{"@id":"https:\/\/sandzakpress.net\/arhiva\/centar-za-socijalni-rad-sproveo-akciju-podjele-humanitarne-pomoci\/"},"author":{"name":"bosniak","@id":"https:\/\/sandzakpress.net\/arhiva\/#\/schema\/person\/c8baee722073534b583ea7bdb2e36c02"},"headline":"Centar za socijalni rad sproveo akciju podjele humanitarne pomo\u0107i","datePublished":"2017-01-17T11:25:42+00:00","dateModified":"2017-01-17T11:26:01+00:00","mainEntityOfPage":{"@id":"https:\/\/sandzakpress.net\/arhiva\/centar-za-socijalni-rad-sproveo-akciju-podjele-humanitarne-pomoci\/"},"wordCount":168,"commentCount":0,"publisher":{"@id":"https:\/\/sandzakpress.net\/arhiva\/#\/schema\/person\/6e72b67d6e51910a1117b3b483ba20bd"},"image":{"@id":"https:\/\/sandzakpress.net\/arhiva\/centar-za-socijalni-rad-sproveo-akciju-podjele-humanitarne-pomoci\/#primaryimage"},"thumbnailUrl":"https:\/\/sandzakpress.net\/arhiva\/wp-content\/uploads\/2017\/01\/0-26.jpg","articleSection":["Prijepolje","Dru\u0161tvo","VA\u017dNO!"],"inLanguage":"bs-BA","potentialAction":[{"@type":"CommentAction","name":"Comment","target":["https:\/\/sandzakpress.net\/arhiva\/centar-za-socijalni-rad-sproveo-akciju-podjele-humanitarne-pomoci\/#respond"]}]},{"@type":"WebPage","@id":"https:\/\/sandzakpress.net\/arhiva\/centar-za-socijalni-rad-sproveo-akciju-podjele-humanitarne-pomoci\/","url":"https:\/\/sandzakpress.net\/arhiva\/centar-za-socijalni-rad-sproveo-akciju-podjele-humanitarne-pomoci\/","name":"Centar za socijalni rad sproveo akciju podjele humanitarne pomo\u0107i","isPartOf":{"@id":"https:\/\/sandzakpress.net\/arhiva\/#website"},"primaryImageOfPage":{"@id":"https:\/\/sandzakpress.net\/arhiva\/centar-za-socijalni-rad-sproveo-akciju-podjele-humanitarne-pomoci\/#primaryimage"},"image":{"@id":"https:\/\/sandzakpress.net\/arhiva\/centar-za-socijalni-rad-sproveo-akciju-podjele-humanitarne-pomoci\/#primaryimage"},"thumbnailUrl":"https:\/\/sandzakpress.net\/arhiva\/wp-content\/uploads\/2017\/01\/0-26.jpg","datePublished":"2017-01-17T11:25:42+00:00","dateModified":"2017-01-17T11:26:01+00:00","breadcrumb":{"@id":"https:\/\/sandzakpress.net\/arhiva\/centar-za-socijalni-rad-sproveo-akciju-podjele-humanitarne-pomoci\/#breadcrumb"},"inLanguage":"bs-BA","potentialAction":[{"@type":"ReadAction","target":["https:\/\/sandzakpress.net\/arhiva\/centar-za-socijalni-rad-sproveo-akciju-podjele-humanitarne-pomoci\/"]}]},{"@type":"ImageObject","inLanguage":"bs-BA","@id":"https:\/\/sandzakpress.net\/arhiva\/centar-za-socijalni-rad-sproveo-akciju-podjele-humanitarne-pomoci\/#primaryimage","url":"https:\/\/sandzakpress.net\/arhiva\/wp-content\/uploads\/2017\/01\/0-26.jpg","contentUrl":"https:\/\/sandzakpress.net\/arhiva\/wp-content\/uploads\/2017\/01\/0-26.jpg","width":480,"height":360},{"@type":"BreadcrumbList","@id":"https:\/\/sandzakpress.net\/arhiva\/centar-za-socijalni-rad-sproveo-akciju-podjele-humanitarne-pomoci\/#breadcrumb","itemListElement":[{"@type":"ListItem","position":1,"name":"Home","item":"https:\/\/sandzakpress.net\/arhiva\/"},{"@type":"ListItem","position":2,"name":"Centar za socijalni rad sproveo akciju podjele humanitarne pomo\u0107i"}]},{"@type":"WebSite","@id":"https:\/\/sandzakpress.net\/arhiva\/#website","url":"https:\/\/sandzakpress.net\/arhiva\/","name":"Sand\u017eak PRESS","description":"Prve elektronske novine u Sand\u017eaku","publisher":{"@id":"https:\/\/sandzakpress.net\/arhiva\/#\/schema\/person\/6e72b67d6e51910a1117b3b483ba20bd"},"potentialAction":[{"@type":"SearchAction","target":{"@type":"EntryPoint","urlTemplate":"https:\/\/sandzakpress.net\/arhiva\/?s={search_term_string}"},"query-input":{"@type":"PropertyValueSpecification","valueRequired":true,"valueName":"search_term_string"}}],"inLanguage":"bs-BA"},{"@type":["Person","Organization"],"@id":"https:\/\/sandzakpress.net\/arhiva\/#\/schema\/person\/6e72b67d6e51910a1117b3b483ba20bd","name":"Kul","image":{"@type":"ImageObject","inLanguage":"bs-BA","@id":"https:\/\/sandzakpress.net\/arhiva\/#\/schema\/person\/image\/","url":"https:\/\/secure.gravatar.com\/avatar\/42263f39aa27ac04c43cab85c280eb2e?s=96&d=mm&r=pg","contentUrl":"https:\/\/secure.gravatar.com\/avatar\/42263f39aa27ac04c43cab85c280eb2e?s=96&d=mm&r=pg","caption":"Kul"},"logo":{"@id":"https:\/\/sandzakpress.net\/arhiva\/#\/schema\/person\/image\/"}},{"@type":"Person","@id":"https:\/\/sandzakpress.net\/arhiva\/#\/schema\/person\/c8baee722073534b583ea7bdb2e36c02","name":"bosniak","image":{"@type":"ImageObject","inLanguage":"bs-BA","@id":"https:\/\/sandzakpress.net\/arhiva\/#\/schema\/person\/image\/","url":"https:\/\/secure.gravatar.com\/avatar\/a04fd330bfe3a36a72a0ad4a6d89fca7?s=96&d=mm&r=pg","contentUrl":"https:\/\/secure.gravatar.com\/avatar\/a04fd330bfe3a36a72a0ad4a6d89fca7?s=96&d=mm&r=pg","caption":"bosniak"},"url":"https:\/\/sandzakpress.net\/arhiva\/author\/bosniak\/"}]}},"_links":{"self":[{"href":"https:\/\/sandzakpress.net\/arhiva\/wp-json\/wp\/v2\/posts\/177121"}],"collection":[{"href":"https:\/\/sandzakpress.net\/arhiva\/wp-json\/wp\/v2\/posts"}],"about":[{"href":"https:\/\/sandzakpress.net\/arhiva\/wp-json\/wp\/v2\/types\/post"}],"author":[{"embeddable":true,"href":"https:\/\/sandzakpress.net\/arhiva\/wp-json\/wp\/v2\/users\/83"}],"replies":[{"embeddable":true,"href":"https:\/\/sandzakpress.net\/arhiva\/wp-json\/wp\/v2\/comments?post=177121"}],"version-history":[{"count":0,"href":"https:\/\/sandzakpress.net\/arhiva\/wp-json\/wp\/v2\/posts\/177121\/revisions"}],"wp:featuredmedia":[{"embeddable":true,"href":"https:\/\/sandzakpress.net\/arhiva\/wp-json\/wp\/v2\/media\/177129"}],"wp:attachment":[{"href":"https:\/\/sandzakpress.net\/arhiva\/wp-json\/wp\/v2\/media?parent=177121"}],"wp:term":[{"taxonomy":"category","embeddable":true,"href":"https:\/\/sandzakpress.net\/arhiva\/wp-json\/wp\/v2\/categories?post=177121"},{"taxonomy":"post_tag","embeddable":true,"href":"https:\/\/sandzakpress.net\/arhiva\/wp-json\/wp\/v2\/tags?post=177121"}],"curies":[{"name":"wp","href":"https:\/\/api.w.org\/{rel}","templated":true}]}}