{"id":177028,"date":"2017-01-16T13:20:35","date_gmt":"2017-01-16T12:20:35","guid":{"rendered":"https:\/\/sandzakpress.net\/arhiva\/vucic-i-ivanic-srpski-interes-je-mir"},"modified":"2017-01-16T13:20:35","modified_gmt":"2017-01-16T12:20:35","slug":"vucic-i-ivanic-srpski-interes-je-mir","status":"publish","type":"post","link":"https:\/\/sandzakpress.net\/arhiva\/vucic-i-ivanic-srpski-interes-je-mir\/","title":{"rendered":"Vu\u010di\u0107 i Ivani\u0107: Srpski interes je mir"},"content":{"rendered":"<p><span class=\"cb-itemprop\"><\/p>\n<p><img decoding=\"async\" src=\"http:\/\/balkans.aljazeera.net\/sites\/default\/files\/styles\/d8\/public\/vucic-ivanic-predsjednistvo-bih.jpg?itok=ILfU7XtW\" \/><\/p>\n<p><strong>Predsjedavaju\u0107i Predsjedni\u0161tva BiH Mladen Ivani\u0107 razgovarao je telefonom sa premijerom Srbije Aleksandrom Vu\u010di\u0107em, koji ga je upoznao o situaciji na sjeveru Kosova.<\/strong><\/p>\n<p>Voz koji je u subotu krenuo iz Beograda za Sjevernu Mitrovicu zaustavljen je u Ra\u0161koj, nakon \u0161to su kosovske vlasti zabranile ulazak kompozicije na teritoriju Kosova. Unutra\u0161njost voza oblijepljena je ikonama iz manastira na teritoriji Kosova, a na vanjskoj stranici je na 21 svjetskom jeziku bilo napisano \u201cKosovo je srpsko\u201d.<\/p>\n<p>Zajedni\u010dka ocjena Ivani\u0107a i Vu\u010di\u0107a je da je interes srpskog naroda mir i stabilnost u regiji, navodi se u saop\u0107enju na internetskoj stranici Predsjedni\u0161tva BiH.<\/p>\n<p>Sagovornici su naglasili da bi takvu politiku, sna\u017enije nego u ovom slu\u010daju, trebalo da podr\u017ei i me\u0111unarodna zajednica, a posebno institucije Evropske unije.<\/p>\n<p>Ivani\u0107 i Vu\u010di\u0107 dogovorili su se da \u0107e nastaviti redovnu komunikaciju u vezi sa ovim pitanjem, dodaje se u saop\u0107enju.<\/p>\n<h4>Dodik: Javno \u0107u se odre\u0107i paso\u0161a BiH<\/h4>\n<p>U me\u0111uvremenu, predsjednik bosanskohercegova\u010dkog entiteta Republika Srpska Milorad Dodik izjavio je da su zvani\u010dnici odlaze\u0107e ameri\u010dke administracije nastojali sprije\u010diti njegov odlazak u SAD, jer on nije \u017eelio trgovati interesima tog entiteta.<\/p>\n<p>Istakao je da je trajno neprihvatljiva ocjena \u010dlana Predsjedni\u0161tva BiH Bakira Izetbegovi\u0107a i njegovih saradnika da je RS nastao na genocidu.<\/p>\n<p>Tako\u0111er je najavio da \u0107e se javno odre\u0107i paso\u0161a BiH, jer ima putnu ispravu Srbije koju \u0107e koristiti.<\/p>\n<p><span class=\"ds-1col file file-image file-image-jpeg media media-element-container media-wysiwyg view-mode-wysiwyg clearfix\"><img loading=\"lazy\" decoding=\"async\" class=\"media-element file-wysiwyg img-responsive\" src=\"http:\/\/balkans.aljazeera.net\/sites\/default\/files\/dodik-ap-.jpg\" alt=\"\" width=\"2500\" height=\"1667\" \/><span class=\"caption-wrapper\"><span class=\"caption-text\">Dodik ne\u0107e prisustvovati inauguraciji budu\u0107eg predsjednika SAD-a Donalda Trumpa po\u0161to nije dobio ameri\u010dku vizu<\/span><\/span><\/span><\/p>\n<div class=\"field field-name-field-credit field-type-text field-label-hidden\">\n<div class=\"field-items\">\n<div class=\"field-item even\">AP<\/div>\n<\/div>\n<\/div>\n<p>\u201cOd mene je tra\u017eeno da odustanem od inicijative u vezi sa Ustavnim sudom BiH, da prestanu aktivnosti u vezi sa dono\u0161enjem zakona o Ustavnom sudu BiH i da se ogradim od politike SNSD-a oko na\u0161eg dokumenta politi\u010dke procjene, a \u0161to sam ja odbio\u201d, rekao je Dodik novinarima u Trnu kod Lakta\u0161a, prenosi Fena.<\/p>\n<p>Dodik ne\u0107e prisustvovati inauguraciji budu\u0107eg predsjednika SAD-a Donalda Trumpa po\u0161to nije dobio ameri\u010dku vizu.<\/p>\n<p>On je rekao da vjeruje da \u0107e sada\u0161nji ambasador SAD-a u BiH vrlo brzo oti\u0107i iz BiH, nakon \u010dega \u0107e se stvoriti uvjeti za dobijanje vize za SAD.<\/p>\n<p>Na pitanje da li je razmi\u0161ljao da sa paso\u0161em Srbije zatra\u017ei vizu za SAD, Dodik je rekao da je sigurno da paso\u0161 BiH ne\u0107e koristiti u narednom vremenu i da \u0107e ga se javno odre\u0107i, poru\u010div\u0161i da \u0107e koristiti paso\u0161 Srbije koji ima.<\/p>\n<h4>Nastanak RS-a<\/h4>\n<p>Dodik je tako\u0111er ocijenio da je za taj entitet trajno neprihvatljiva ocjena Bakira Izetbegovi\u0107a i njegovih saradnika da je Republika Srpska \u201cnastala na genocidu\u201d.<\/p>\n<p>\u201cTo pokazuje ambiciju Bakira Izetbegovi\u0107a da je on Bosna \u2013 naravno da on nije BiH. Neka mu je sretno u toj Bosni u kojoj on jeste Bosna\u201d, rekao je Dodik danas novinarima u Trnu kod Lakta\u0161a, prenose banjalu\u010dki mediji.<\/p>\n<p>On je istakao da Bakir Izetbegovi\u0107 ovdje nije BiH, ve\u0107 samo bo\u0161nja\u010dki \u010dlan Predsjedni\u0161tva BiH, kako je to i re\u010deno i ni\u0161ta vi\u0161e.<\/p>\n<p>Govore\u0107i o internetskoj stranici Predsjedni\u0161tva BiH na kojoj se nalazi govor Bakira Izetbegovi\u0107a sa prezentacije projekta \u201cGenocid nad Bo\u0161njacima 1992-1995\u201d, u okviru koga se, izme\u0111u ostalog, navodi da je u Prijedoru po\u010dinjen genocid, \u0161to nijedna pravosudna institucija nije potvrdila, Dodik je rekao da je ovakav Izetbegovi\u0107ev istup velika zloupotreba, kojom treba da se bave drugi.<\/p>\n<p>On je ocijenio da je o\u010digledno da je bilo zlo\u010dina i niko ne mo\u017ee to da porekne, ali sve ovo vreme bave\u0107i se tim pitanjem govori koliko su neki razo\u010darani ili ostra\u0161\u0107eni u tom pogledu.<\/p>\n<h4>Negiranje genocida<\/h4>\n<p>Dodik je rekao da bi za svaki ratni sukob, pa i ovaj koji se desio u BiH, bilo dovoljno da oni koji su odgovorni za stradanje odgovaraju. On smatra da se i taj proces privodi kraju.<\/p>\n<p>Sada se, kako je naveo, \u010duje i vidi novi politi\u010dki proces koji ide za tim da neke ljude, odnosno \u010ditav jedan narod, dovode u poziciju da ga optu\u017ee ili prizivaju neke karakteristike koje ne stoje.<\/p>\n<p>\u201cNaravno da se nije desio genocid, bez obzira na ambiciju Bakira Izetbegovi\u0107a kojeg sam video tamo sa Naserom Ori\u0107em, jer on smatra da to ima pravo i da to za Bo\u0161njake ne bi trebalo da bude nikakav problem. Ja moram da ka\u017eem da su to \u010diste izmi\u0161ljotine \u0161to se toga ti\u010de i ne mo\u017ee se govoriti o genocidu, ali se mo\u017ee govoriti o stradanju kojeg je bilo na svim stranama\u201d, naglasio je Dodik.<\/p>\n<p>On je rekao da je \u010dinjenica da u Sarajevu nikada nisu ispitani Kazani i mnogo \u010dega drugoga \u0161ta se tamo Srbima de\u0161avalo, \u0161to govori o tome da postoji skrivena namjera sa njihove strane i ignoriranje stradanja drugih, a samo favoriziranje svojih stradanja.<\/p>\n<p><em>Izvor: Agencije<\/em><\/p>\n<p><\/span><br \/>\nPogledajte vijest na izvornom sajtu:<\/p>\n<p><a href=\"http:\/\/bosnapress.net\/vucic-i-ivanic-srpski-interes-je-mir\/\" target=\"_blank\">Vu\u010di\u0107 i Ivani\u0107: Srpski interes je mir<\/a><\/p>\n","protected":false},"excerpt":{"rendered":"<p>Predsjedavaju\u0107i Predsjedni\u0161tva BiH Mladen Ivani\u0107 razgovarao je telefonom sa premijerom Srbije Aleksandrom Vu\u010di\u0107em, koji ga je upoznao o situaciji na sjeveru Kosova. Voz koji je u subotu krenuo iz Beograda za Sjevernu Mitrovicu zaustavljen je u Ra\u0161koj, nakon \u0161to su kosovske vlasti zabranile ulazak kompozicije na teritoriju Kosova. Unutra\u0161njost voza oblijepljena je ikonama iz manastira [&hellip;]<\/p>\n","protected":false},"author":83,"featured_media":177029,"comment_status":"open","ping_status":"open","sticky":false,"template":"","format":"standard","meta":{"footnotes":""},"categories":[10513],"tags":[10466],"class_list":{"0":"post-177028","1":"post","2":"type-post","3":"status-publish","4":"format-standard","5":"has-post-thumbnail","7":"category-bosna-press","8":"tag-bosna-i-hercegovina"},"yoast_head":"<!-- This site is optimized with the Yoast SEO Premium plugin v23.1 (Yoast SEO v24.9) - https:\/\/yoast.com\/wordpress\/plugins\/seo\/ -->\n<title>Vu\u010di\u0107 i Ivani\u0107: Srpski interes je mir<\/title>\n<meta name=\"robots\" content=\"index, follow, max-snippet:-1, max-image-preview:large, max-video-preview:-1\" \/>\n<link rel=\"canonical\" href=\"https:\/\/sandzakpress.net\/arhiva\/vucic-i-ivanic-srpski-interes-je-mir\/\" \/>\n<meta property=\"og:locale\" content=\"bs_BA\" \/>\n<meta property=\"og:type\" content=\"article\" \/>\n<meta property=\"og:title\" content=\"Vu\u010di\u0107 i Ivani\u0107: Srpski interes je mir\" \/>\n<meta property=\"og:description\" content=\"Predsjedavaju\u0107i Predsjedni\u0161tva BiH Mladen Ivani\u0107 razgovarao je telefonom sa premijerom Srbije Aleksandrom Vu\u010di\u0107em, koji ga je upoznao o situaciji na sjeveru Kosova. Voz koji je u subotu krenuo iz Beograda za Sjevernu Mitrovicu zaustavljen je u Ra\u0161koj, nakon \u0161to su kosovske vlasti zabranile ulazak kompozicije na teritoriju Kosova. Unutra\u0161njost voza oblijepljena je ikonama iz manastira [&hellip;]\" \/>\n<meta property=\"og:url\" content=\"https:\/\/sandzakpress.net\/arhiva\/vucic-i-ivanic-srpski-interes-je-mir\/\" \/>\n<meta property=\"og:site_name\" content=\"Sand\u017eak PRESS\" \/>\n<meta property=\"article:published_time\" content=\"2017-01-16T12:20:35+00:00\" \/>\n<meta property=\"og:image\" content=\"https:\/\/sandzakpress.net\/arhiva\/wp-content\/uploads\/2017\/01\/vucic-ivanic-predsjednistvo-bih.jpg\" \/>\n\t<meta property=\"og:image:width\" content=\"770\" \/>\n\t<meta property=\"og:image:height\" content=\"433\" \/>\n\t<meta property=\"og:image:type\" content=\"image\/jpeg\" \/>\n<meta name=\"author\" content=\"bosniak\" \/>\n<meta name=\"twitter:card\" content=\"summary_large_image\" \/>\n<meta name=\"twitter:label1\" content=\"Written by\" \/>\n\t<meta name=\"twitter:data1\" content=\"bosniak\" \/>\n\t<meta name=\"twitter:label2\" content=\"Est. reading time\" \/>\n\t<meta name=\"twitter:data2\" content=\"4 minute\" \/>\n<script type=\"application\/ld+json\" class=\"yoast-schema-graph\">{\"@context\":\"https:\/\/schema.org\",\"@graph\":[{\"@type\":\"Article\",\"@id\":\"https:\/\/sandzakpress.net\/arhiva\/vucic-i-ivanic-srpski-interes-je-mir\/#article\",\"isPartOf\":{\"@id\":\"https:\/\/sandzakpress.net\/arhiva\/vucic-i-ivanic-srpski-interes-je-mir\/\"},\"author\":{\"name\":\"bosniak\",\"@id\":\"https:\/\/sandzakpress.net\/arhiva\/#\/schema\/person\/c8baee722073534b583ea7bdb2e36c02\"},\"headline\":\"Vu\u010di\u0107 i Ivani\u0107: Srpski interes je mir\",\"datePublished\":\"2017-01-16T12:20:35+00:00\",\"mainEntityOfPage\":{\"@id\":\"https:\/\/sandzakpress.net\/arhiva\/vucic-i-ivanic-srpski-interes-je-mir\/\"},\"wordCount\":845,\"commentCount\":0,\"publisher\":{\"@id\":\"https:\/\/sandzakpress.net\/arhiva\/#\/schema\/person\/6e72b67d6e51910a1117b3b483ba20bd\"},\"image\":{\"@id\":\"https:\/\/sandzakpress.net\/arhiva\/vucic-i-ivanic-srpski-interes-je-mir\/#primaryimage\"},\"thumbnailUrl\":\"https:\/\/sandzakpress.net\/arhiva\/wp-content\/uploads\/2017\/01\/vucic-ivanic-predsjednistvo-bih.jpg\",\"keywords\":[\"Bosna i Hercegovina\"],\"articleSection\":[\"Bosna PRESS\"],\"inLanguage\":\"bs-BA\",\"potentialAction\":[{\"@type\":\"CommentAction\",\"name\":\"Comment\",\"target\":[\"https:\/\/sandzakpress.net\/arhiva\/vucic-i-ivanic-srpski-interes-je-mir\/#respond\"]}]},{\"@type\":\"WebPage\",\"@id\":\"https:\/\/sandzakpress.net\/arhiva\/vucic-i-ivanic-srpski-interes-je-mir\/\",\"url\":\"https:\/\/sandzakpress.net\/arhiva\/vucic-i-ivanic-srpski-interes-je-mir\/\",\"name\":\"Vu\u010di\u0107 i Ivani\u0107: Srpski interes je mir\",\"isPartOf\":{\"@id\":\"https:\/\/sandzakpress.net\/arhiva\/#website\"},\"primaryImageOfPage\":{\"@id\":\"https:\/\/sandzakpress.net\/arhiva\/vucic-i-ivanic-srpski-interes-je-mir\/#primaryimage\"},\"image\":{\"@id\":\"https:\/\/sandzakpress.net\/arhiva\/vucic-i-ivanic-srpski-interes-je-mir\/#primaryimage\"},\"thumbnailUrl\":\"https:\/\/sandzakpress.net\/arhiva\/wp-content\/uploads\/2017\/01\/vucic-ivanic-predsjednistvo-bih.jpg\",\"datePublished\":\"2017-01-16T12:20:35+00:00\",\"breadcrumb\":{\"@id\":\"https:\/\/sandzakpress.net\/arhiva\/vucic-i-ivanic-srpski-interes-je-mir\/#breadcrumb\"},\"inLanguage\":\"bs-BA\",\"potentialAction\":[{\"@type\":\"ReadAction\",\"target\":[\"https:\/\/sandzakpress.net\/arhiva\/vucic-i-ivanic-srpski-interes-je-mir\/\"]}]},{\"@type\":\"ImageObject\",\"inLanguage\":\"bs-BA\",\"@id\":\"https:\/\/sandzakpress.net\/arhiva\/vucic-i-ivanic-srpski-interes-je-mir\/#primaryimage\",\"url\":\"https:\/\/sandzakpress.net\/arhiva\/wp-content\/uploads\/2017\/01\/vucic-ivanic-predsjednistvo-bih.jpg\",\"contentUrl\":\"https:\/\/sandzakpress.net\/arhiva\/wp-content\/uploads\/2017\/01\/vucic-ivanic-predsjednistvo-bih.jpg\",\"width\":770,\"height\":433},{\"@type\":\"BreadcrumbList\",\"@id\":\"https:\/\/sandzakpress.net\/arhiva\/vucic-i-ivanic-srpski-interes-je-mir\/#breadcrumb\",\"itemListElement\":[{\"@type\":\"ListItem\",\"position\":1,\"name\":\"Home\",\"item\":\"https:\/\/sandzakpress.net\/arhiva\/\"},{\"@type\":\"ListItem\",\"position\":2,\"name\":\"Vu\u010di\u0107 i Ivani\u0107: Srpski interes je mir\"}]},{\"@type\":\"WebSite\",\"@id\":\"https:\/\/sandzakpress.net\/arhiva\/#website\",\"url\":\"https:\/\/sandzakpress.net\/arhiva\/\",\"name\":\"Sand\u017eak PRESS\",\"description\":\"Prve elektronske novine u Sand\u017eaku\",\"publisher\":{\"@id\":\"https:\/\/sandzakpress.net\/arhiva\/#\/schema\/person\/6e72b67d6e51910a1117b3b483ba20bd\"},\"potentialAction\":[{\"@type\":\"SearchAction\",\"target\":{\"@type\":\"EntryPoint\",\"urlTemplate\":\"https:\/\/sandzakpress.net\/arhiva\/?s={search_term_string}\"},\"query-input\":{\"@type\":\"PropertyValueSpecification\",\"valueRequired\":true,\"valueName\":\"search_term_string\"}}],\"inLanguage\":\"bs-BA\"},{\"@type\":[\"Person\",\"Organization\"],\"@id\":\"https:\/\/sandzakpress.net\/arhiva\/#\/schema\/person\/6e72b67d6e51910a1117b3b483ba20bd\",\"name\":\"Kul\",\"image\":{\"@type\":\"ImageObject\",\"inLanguage\":\"bs-BA\",\"@id\":\"https:\/\/sandzakpress.net\/arhiva\/#\/schema\/person\/image\/\",\"url\":\"https:\/\/secure.gravatar.com\/avatar\/42263f39aa27ac04c43cab85c280eb2e?s=96&d=mm&r=pg\",\"contentUrl\":\"https:\/\/secure.gravatar.com\/avatar\/42263f39aa27ac04c43cab85c280eb2e?s=96&d=mm&r=pg\",\"caption\":\"Kul\"},\"logo\":{\"@id\":\"https:\/\/sandzakpress.net\/arhiva\/#\/schema\/person\/image\/\"}},{\"@type\":\"Person\",\"@id\":\"https:\/\/sandzakpress.net\/arhiva\/#\/schema\/person\/c8baee722073534b583ea7bdb2e36c02\",\"name\":\"bosniak\",\"image\":{\"@type\":\"ImageObject\",\"inLanguage\":\"bs-BA\",\"@id\":\"https:\/\/sandzakpress.net\/arhiva\/#\/schema\/person\/image\/\",\"url\":\"https:\/\/secure.gravatar.com\/avatar\/a04fd330bfe3a36a72a0ad4a6d89fca7?s=96&d=mm&r=pg\",\"contentUrl\":\"https:\/\/secure.gravatar.com\/avatar\/a04fd330bfe3a36a72a0ad4a6d89fca7?s=96&d=mm&r=pg\",\"caption\":\"bosniak\"},\"url\":\"https:\/\/sandzakpress.net\/arhiva\/author\/bosniak\/\"}]}<\/script>\n<!-- \/ Yoast SEO Premium plugin. -->","yoast_head_json":{"title":"Vu\u010di\u0107 i Ivani\u0107: Srpski interes je mir","robots":{"index":"index","follow":"follow","max-snippet":"max-snippet:-1","max-image-preview":"max-image-preview:large","max-video-preview":"max-video-preview:-1"},"canonical":"https:\/\/sandzakpress.net\/arhiva\/vucic-i-ivanic-srpski-interes-je-mir\/","og_locale":"bs_BA","og_type":"article","og_title":"Vu\u010di\u0107 i Ivani\u0107: Srpski interes je mir","og_description":"Predsjedavaju\u0107i Predsjedni\u0161tva BiH Mladen Ivani\u0107 razgovarao je telefonom sa premijerom Srbije Aleksandrom Vu\u010di\u0107em, koji ga je upoznao o situaciji na sjeveru Kosova. Voz koji je u subotu krenuo iz Beograda za Sjevernu Mitrovicu zaustavljen je u Ra\u0161koj, nakon \u0161to su kosovske vlasti zabranile ulazak kompozicije na teritoriju Kosova. Unutra\u0161njost voza oblijepljena je ikonama iz manastira [&hellip;]","og_url":"https:\/\/sandzakpress.net\/arhiva\/vucic-i-ivanic-srpski-interes-je-mir\/","og_site_name":"Sand\u017eak PRESS","article_published_time":"2017-01-16T12:20:35+00:00","og_image":[{"width":770,"height":433,"url":"https:\/\/sandzakpress.net\/arhiva\/wp-content\/uploads\/2017\/01\/vucic-ivanic-predsjednistvo-bih.jpg","type":"image\/jpeg"}],"author":"bosniak","twitter_card":"summary_large_image","twitter_misc":{"Written by":"bosniak","Est. reading time":"4 minute"},"schema":{"@context":"https:\/\/schema.org","@graph":[{"@type":"Article","@id":"https:\/\/sandzakpress.net\/arhiva\/vucic-i-ivanic-srpski-interes-je-mir\/#article","isPartOf":{"@id":"https:\/\/sandzakpress.net\/arhiva\/vucic-i-ivanic-srpski-interes-je-mir\/"},"author":{"name":"bosniak","@id":"https:\/\/sandzakpress.net\/arhiva\/#\/schema\/person\/c8baee722073534b583ea7bdb2e36c02"},"headline":"Vu\u010di\u0107 i Ivani\u0107: Srpski interes je mir","datePublished":"2017-01-16T12:20:35+00:00","mainEntityOfPage":{"@id":"https:\/\/sandzakpress.net\/arhiva\/vucic-i-ivanic-srpski-interes-je-mir\/"},"wordCount":845,"commentCount":0,"publisher":{"@id":"https:\/\/sandzakpress.net\/arhiva\/#\/schema\/person\/6e72b67d6e51910a1117b3b483ba20bd"},"image":{"@id":"https:\/\/sandzakpress.net\/arhiva\/vucic-i-ivanic-srpski-interes-je-mir\/#primaryimage"},"thumbnailUrl":"https:\/\/sandzakpress.net\/arhiva\/wp-content\/uploads\/2017\/01\/vucic-ivanic-predsjednistvo-bih.jpg","keywords":["Bosna i Hercegovina"],"articleSection":["Bosna PRESS"],"inLanguage":"bs-BA","potentialAction":[{"@type":"CommentAction","name":"Comment","target":["https:\/\/sandzakpress.net\/arhiva\/vucic-i-ivanic-srpski-interes-je-mir\/#respond"]}]},{"@type":"WebPage","@id":"https:\/\/sandzakpress.net\/arhiva\/vucic-i-ivanic-srpski-interes-je-mir\/","url":"https:\/\/sandzakpress.net\/arhiva\/vucic-i-ivanic-srpski-interes-je-mir\/","name":"Vu\u010di\u0107 i Ivani\u0107: Srpski interes je mir","isPartOf":{"@id":"https:\/\/sandzakpress.net\/arhiva\/#website"},"primaryImageOfPage":{"@id":"https:\/\/sandzakpress.net\/arhiva\/vucic-i-ivanic-srpski-interes-je-mir\/#primaryimage"},"image":{"@id":"https:\/\/sandzakpress.net\/arhiva\/vucic-i-ivanic-srpski-interes-je-mir\/#primaryimage"},"thumbnailUrl":"https:\/\/sandzakpress.net\/arhiva\/wp-content\/uploads\/2017\/01\/vucic-ivanic-predsjednistvo-bih.jpg","datePublished":"2017-01-16T12:20:35+00:00","breadcrumb":{"@id":"https:\/\/sandzakpress.net\/arhiva\/vucic-i-ivanic-srpski-interes-je-mir\/#breadcrumb"},"inLanguage":"bs-BA","potentialAction":[{"@type":"ReadAction","target":["https:\/\/sandzakpress.net\/arhiva\/vucic-i-ivanic-srpski-interes-je-mir\/"]}]},{"@type":"ImageObject","inLanguage":"bs-BA","@id":"https:\/\/sandzakpress.net\/arhiva\/vucic-i-ivanic-srpski-interes-je-mir\/#primaryimage","url":"https:\/\/sandzakpress.net\/arhiva\/wp-content\/uploads\/2017\/01\/vucic-ivanic-predsjednistvo-bih.jpg","contentUrl":"https:\/\/sandzakpress.net\/arhiva\/wp-content\/uploads\/2017\/01\/vucic-ivanic-predsjednistvo-bih.jpg","width":770,"height":433},{"@type":"BreadcrumbList","@id":"https:\/\/sandzakpress.net\/arhiva\/vucic-i-ivanic-srpski-interes-je-mir\/#breadcrumb","itemListElement":[{"@type":"ListItem","position":1,"name":"Home","item":"https:\/\/sandzakpress.net\/arhiva\/"},{"@type":"ListItem","position":2,"name":"Vu\u010di\u0107 i Ivani\u0107: Srpski interes je mir"}]},{"@type":"WebSite","@id":"https:\/\/sandzakpress.net\/arhiva\/#website","url":"https:\/\/sandzakpress.net\/arhiva\/","name":"Sand\u017eak PRESS","description":"Prve elektronske novine u Sand\u017eaku","publisher":{"@id":"https:\/\/sandzakpress.net\/arhiva\/#\/schema\/person\/6e72b67d6e51910a1117b3b483ba20bd"},"potentialAction":[{"@type":"SearchAction","target":{"@type":"EntryPoint","urlTemplate":"https:\/\/sandzakpress.net\/arhiva\/?s={search_term_string}"},"query-input":{"@type":"PropertyValueSpecification","valueRequired":true,"valueName":"search_term_string"}}],"inLanguage":"bs-BA"},{"@type":["Person","Organization"],"@id":"https:\/\/sandzakpress.net\/arhiva\/#\/schema\/person\/6e72b67d6e51910a1117b3b483ba20bd","name":"Kul","image":{"@type":"ImageObject","inLanguage":"bs-BA","@id":"https:\/\/sandzakpress.net\/arhiva\/#\/schema\/person\/image\/","url":"https:\/\/secure.gravatar.com\/avatar\/42263f39aa27ac04c43cab85c280eb2e?s=96&d=mm&r=pg","contentUrl":"https:\/\/secure.gravatar.com\/avatar\/42263f39aa27ac04c43cab85c280eb2e?s=96&d=mm&r=pg","caption":"Kul"},"logo":{"@id":"https:\/\/sandzakpress.net\/arhiva\/#\/schema\/person\/image\/"}},{"@type":"Person","@id":"https:\/\/sandzakpress.net\/arhiva\/#\/schema\/person\/c8baee722073534b583ea7bdb2e36c02","name":"bosniak","image":{"@type":"ImageObject","inLanguage":"bs-BA","@id":"https:\/\/sandzakpress.net\/arhiva\/#\/schema\/person\/image\/","url":"https:\/\/secure.gravatar.com\/avatar\/a04fd330bfe3a36a72a0ad4a6d89fca7?s=96&d=mm&r=pg","contentUrl":"https:\/\/secure.gravatar.com\/avatar\/a04fd330bfe3a36a72a0ad4a6d89fca7?s=96&d=mm&r=pg","caption":"bosniak"},"url":"https:\/\/sandzakpress.net\/arhiva\/author\/bosniak\/"}]}},"_links":{"self":[{"href":"https:\/\/sandzakpress.net\/arhiva\/wp-json\/wp\/v2\/posts\/177028"}],"collection":[{"href":"https:\/\/sandzakpress.net\/arhiva\/wp-json\/wp\/v2\/posts"}],"about":[{"href":"https:\/\/sandzakpress.net\/arhiva\/wp-json\/wp\/v2\/types\/post"}],"author":[{"embeddable":true,"href":"https:\/\/sandzakpress.net\/arhiva\/wp-json\/wp\/v2\/users\/83"}],"replies":[{"embeddable":true,"href":"https:\/\/sandzakpress.net\/arhiva\/wp-json\/wp\/v2\/comments?post=177028"}],"version-history":[{"count":0,"href":"https:\/\/sandzakpress.net\/arhiva\/wp-json\/wp\/v2\/posts\/177028\/revisions"}],"wp:featuredmedia":[{"embeddable":true,"href":"https:\/\/sandzakpress.net\/arhiva\/wp-json\/wp\/v2\/media\/177029"}],"wp:attachment":[{"href":"https:\/\/sandzakpress.net\/arhiva\/wp-json\/wp\/v2\/media?parent=177028"}],"wp:term":[{"taxonomy":"category","embeddable":true,"href":"https:\/\/sandzakpress.net\/arhiva\/wp-json\/wp\/v2\/categories?post=177028"},{"taxonomy":"post_tag","embeddable":true,"href":"https:\/\/sandzakpress.net\/arhiva\/wp-json\/wp\/v2\/tags?post=177028"}],"curies":[{"name":"wp","href":"https:\/\/api.w.org\/{rel}","templated":true}]}}