{"id":176995,"date":"2017-01-16T11:10:06","date_gmt":"2017-01-16T10:10:06","guid":{"rendered":"https:\/\/sandzakpress.net\/arhiva\/?p=176995"},"modified":"2017-01-16T11:10:06","modified_gmt":"2017-01-16T10:10:06","slug":"rama-bez-brige-srbi-ce-na-kosovo-moci-samo-kao-turisti","status":"publish","type":"post","link":"https:\/\/sandzakpress.net\/arhiva\/rama-bez-brige-srbi-ce-na-kosovo-moci-samo-kao-turisti\/","title":{"rendered":"Rama: Bez brige, Srbi \u0107e na Kosovo mo\u0107i samo kao turisti"},"content":{"rendered":"<p><img decoding=\"async\" src=\"http:\/\/www.b92.net\/news\/pics\/2017\/01\/05\/1934964696586e626461026618730989_v4_big.jpg\" alt=\"Foto: Tanjug\" \/><\/p>\n<p><strong>Posle cjelodnevne ti\u0161ine povodom slu\u010daja \u201cvoz\u201d oglasio se i albanski premijer Edi Rama posle &#8220;pritiska gra\u0111ana&#8221;, pi\u0161e pri\u0161tinski Zeri.<\/strong><\/p>\n<p>Nakon \u0161to su gra\u0111ani preko dru\u0161tvenih mre\u017ea tra\u017eili da se izjasni o tom pitanju, Rama je rekao da nema potrebe za zabrinuto\u0161\u0107u zbog, kako ka\u017ee, politi\u010dke igre &#8220;vozovima i avionima&#8221;.<\/p>\n<p>Prema njegovim rije\u010dima, &#8220;Srbi \u0107e na Kosovo mo\u0107i da u\u0111u samo kao turisti&#8221;, pi\u0161e pri\u0161tinski dnevnik.<\/p>\n<p>Kako ka\u017ee, Kosovo je nakon progla\u0161enja nezavisnosti, uspjelo kao &#8220;nezavisna dr\u017eava&#8221;, dok Beograd i dalje pati od &#8220;ko\u0161mara pro\u0161losti&#8221;.<\/p>\n<p>Rama smatra da \u0107e se ko\u0161mari nastaviti dok Beograd ne prizna Kosovo.<\/p>\n<p>&#8220;Ove igre s vozovima i avionima su politi\u010dko manevrisanje politi\u010dkim rezultatima&#8221;, zaklju\u010dio je Rama.<\/p>\n<p>(b92)<\/p>\n","protected":false},"excerpt":{"rendered":"<p>Posle cjelodnevne ti\u0161ine povodom slu\u010daja \u201cvoz\u201d oglasio se i albanski premijer Edi Rama posle &#8220;pritiska gra\u0111ana&#8221;, pi\u0161e pri\u0161tinski Zeri. Nakon \u0161to su gra\u0111ani preko dru\u0161tvenih mre\u017ea tra\u017eili da se izjasni o tom pitanju, Rama je rekao da nema potrebe za zabrinuto\u0161\u0107u zbog, kako ka\u017ee, politi\u010dke igre &#8220;vozovima i avionima&#8221;. Prema njegovim rije\u010dima, &#8220;Srbi \u0107e na [&hellip;]<\/p>\n","protected":false},"author":83,"featured_media":176996,"comment_status":"open","ping_status":"open","sticky":false,"template":"","format":"standard","meta":{"footnotes":""},"categories":[1,10307,10429],"tags":[],"class_list":{"0":"post-176995","1":"post","2":"type-post","3":"status-publish","4":"format-standard","5":"has-post-thumbnail","7":"category-politika","8":"category-srbija","9":"category-vazno"},"yoast_head":"<!-- This site is optimized with the Yoast SEO Premium plugin v23.1 (Yoast SEO v24.9) - https:\/\/yoast.com\/wordpress\/plugins\/seo\/ -->\n<title>Rama: Bez brige, Srbi \u0107e na Kosovo mo\u0107i samo kao turisti<\/title>\n<meta name=\"robots\" content=\"index, follow, max-snippet:-1, max-image-preview:large, max-video-preview:-1\" \/>\n<link rel=\"canonical\" href=\"https:\/\/sandzakpress.net\/arhiva\/rama-bez-brige-srbi-ce-na-kosovo-moci-samo-kao-turisti\/\" \/>\n<meta property=\"og:locale\" content=\"bs_BA\" \/>\n<meta property=\"og:type\" content=\"article\" \/>\n<meta property=\"og:title\" content=\"Rama: Bez brige, Srbi \u0107e na Kosovo mo\u0107i samo kao turisti\" \/>\n<meta property=\"og:description\" content=\"Posle cjelodnevne ti\u0161ine povodom slu\u010daja \u201cvoz\u201d oglasio se i albanski premijer Edi Rama posle &#8220;pritiska gra\u0111ana&#8221;, pi\u0161e pri\u0161tinski Zeri. Nakon \u0161to su gra\u0111ani preko dru\u0161tvenih mre\u017ea tra\u017eili da se izjasni o tom pitanju, Rama je rekao da nema potrebe za zabrinuto\u0161\u0107u zbog, kako ka\u017ee, politi\u010dke igre &#8220;vozovima i avionima&#8221;. Prema njegovim rije\u010dima, &#8220;Srbi \u0107e na [&hellip;]\" \/>\n<meta property=\"og:url\" content=\"https:\/\/sandzakpress.net\/arhiva\/rama-bez-brige-srbi-ce-na-kosovo-moci-samo-kao-turisti\/\" \/>\n<meta property=\"og:site_name\" content=\"Sand\u017eak PRESS\" \/>\n<meta property=\"article:published_time\" content=\"2017-01-16T10:10:06+00:00\" \/>\n<meta property=\"og:image\" content=\"https:\/\/sandzakpress.net\/arhiva\/wp-content\/uploads\/2017\/01\/1934964696586e626461026618730989_v4_big.jpg\" \/>\n\t<meta property=\"og:image:width\" content=\"640\" \/>\n\t<meta property=\"og:image:height\" content=\"465\" \/>\n\t<meta property=\"og:image:type\" content=\"image\/jpeg\" \/>\n<meta name=\"author\" content=\"bosniak\" \/>\n<meta name=\"twitter:card\" content=\"summary_large_image\" \/>\n<meta name=\"twitter:label1\" content=\"Written by\" \/>\n\t<meta name=\"twitter:data1\" content=\"bosniak\" \/>\n\t<meta name=\"twitter:label2\" content=\"Est. reading time\" \/>\n\t<meta name=\"twitter:data2\" content=\"1 minuta\" \/>\n<script type=\"application\/ld+json\" class=\"yoast-schema-graph\">{\"@context\":\"https:\/\/schema.org\",\"@graph\":[{\"@type\":\"Article\",\"@id\":\"https:\/\/sandzakpress.net\/arhiva\/rama-bez-brige-srbi-ce-na-kosovo-moci-samo-kao-turisti\/#article\",\"isPartOf\":{\"@id\":\"https:\/\/sandzakpress.net\/arhiva\/rama-bez-brige-srbi-ce-na-kosovo-moci-samo-kao-turisti\/\"},\"author\":{\"name\":\"bosniak\",\"@id\":\"https:\/\/sandzakpress.net\/arhiva\/#\/schema\/person\/c8baee722073534b583ea7bdb2e36c02\"},\"headline\":\"Rama: Bez brige, Srbi \u0107e na Kosovo mo\u0107i samo kao turisti\",\"datePublished\":\"2017-01-16T10:10:06+00:00\",\"mainEntityOfPage\":{\"@id\":\"https:\/\/sandzakpress.net\/arhiva\/rama-bez-brige-srbi-ce-na-kosovo-moci-samo-kao-turisti\/\"},\"wordCount\":149,\"commentCount\":9,\"publisher\":{\"@id\":\"https:\/\/sandzakpress.net\/arhiva\/#\/schema\/person\/6e72b67d6e51910a1117b3b483ba20bd\"},\"image\":{\"@id\":\"https:\/\/sandzakpress.net\/arhiva\/rama-bez-brige-srbi-ce-na-kosovo-moci-samo-kao-turisti\/#primaryimage\"},\"thumbnailUrl\":\"https:\/\/sandzakpress.net\/arhiva\/wp-content\/uploads\/2017\/01\/1934964696586e626461026618730989_v4_big.jpg\",\"articleSection\":[\"Politika\",\"Srbija\",\"VA\u017dNO!\"],\"inLanguage\":\"bs-BA\",\"potentialAction\":[{\"@type\":\"CommentAction\",\"name\":\"Comment\",\"target\":[\"https:\/\/sandzakpress.net\/arhiva\/rama-bez-brige-srbi-ce-na-kosovo-moci-samo-kao-turisti\/#respond\"]}]},{\"@type\":\"WebPage\",\"@id\":\"https:\/\/sandzakpress.net\/arhiva\/rama-bez-brige-srbi-ce-na-kosovo-moci-samo-kao-turisti\/\",\"url\":\"https:\/\/sandzakpress.net\/arhiva\/rama-bez-brige-srbi-ce-na-kosovo-moci-samo-kao-turisti\/\",\"name\":\"Rama: Bez brige, Srbi \u0107e na Kosovo mo\u0107i samo kao turisti\",\"isPartOf\":{\"@id\":\"https:\/\/sandzakpress.net\/arhiva\/#website\"},\"primaryImageOfPage\":{\"@id\":\"https:\/\/sandzakpress.net\/arhiva\/rama-bez-brige-srbi-ce-na-kosovo-moci-samo-kao-turisti\/#primaryimage\"},\"image\":{\"@id\":\"https:\/\/sandzakpress.net\/arhiva\/rama-bez-brige-srbi-ce-na-kosovo-moci-samo-kao-turisti\/#primaryimage\"},\"thumbnailUrl\":\"https:\/\/sandzakpress.net\/arhiva\/wp-content\/uploads\/2017\/01\/1934964696586e626461026618730989_v4_big.jpg\",\"datePublished\":\"2017-01-16T10:10:06+00:00\",\"breadcrumb\":{\"@id\":\"https:\/\/sandzakpress.net\/arhiva\/rama-bez-brige-srbi-ce-na-kosovo-moci-samo-kao-turisti\/#breadcrumb\"},\"inLanguage\":\"bs-BA\",\"potentialAction\":[{\"@type\":\"ReadAction\",\"target\":[\"https:\/\/sandzakpress.net\/arhiva\/rama-bez-brige-srbi-ce-na-kosovo-moci-samo-kao-turisti\/\"]}]},{\"@type\":\"ImageObject\",\"inLanguage\":\"bs-BA\",\"@id\":\"https:\/\/sandzakpress.net\/arhiva\/rama-bez-brige-srbi-ce-na-kosovo-moci-samo-kao-turisti\/#primaryimage\",\"url\":\"https:\/\/sandzakpress.net\/arhiva\/wp-content\/uploads\/2017\/01\/1934964696586e626461026618730989_v4_big.jpg\",\"contentUrl\":\"https:\/\/sandzakpress.net\/arhiva\/wp-content\/uploads\/2017\/01\/1934964696586e626461026618730989_v4_big.jpg\",\"width\":640,\"height\":465},{\"@type\":\"BreadcrumbList\",\"@id\":\"https:\/\/sandzakpress.net\/arhiva\/rama-bez-brige-srbi-ce-na-kosovo-moci-samo-kao-turisti\/#breadcrumb\",\"itemListElement\":[{\"@type\":\"ListItem\",\"position\":1,\"name\":\"Home\",\"item\":\"https:\/\/sandzakpress.net\/arhiva\/\"},{\"@type\":\"ListItem\",\"position\":2,\"name\":\"Rama: Bez brige, Srbi \u0107e na Kosovo mo\u0107i samo kao turisti\"}]},{\"@type\":\"WebSite\",\"@id\":\"https:\/\/sandzakpress.net\/arhiva\/#website\",\"url\":\"https:\/\/sandzakpress.net\/arhiva\/\",\"name\":\"Sand\u017eak PRESS\",\"description\":\"Prve elektronske novine u Sand\u017eaku\",\"publisher\":{\"@id\":\"https:\/\/sandzakpress.net\/arhiva\/#\/schema\/person\/6e72b67d6e51910a1117b3b483ba20bd\"},\"potentialAction\":[{\"@type\":\"SearchAction\",\"target\":{\"@type\":\"EntryPoint\",\"urlTemplate\":\"https:\/\/sandzakpress.net\/arhiva\/?s={search_term_string}\"},\"query-input\":{\"@type\":\"PropertyValueSpecification\",\"valueRequired\":true,\"valueName\":\"search_term_string\"}}],\"inLanguage\":\"bs-BA\"},{\"@type\":[\"Person\",\"Organization\"],\"@id\":\"https:\/\/sandzakpress.net\/arhiva\/#\/schema\/person\/6e72b67d6e51910a1117b3b483ba20bd\",\"name\":\"Kul\",\"image\":{\"@type\":\"ImageObject\",\"inLanguage\":\"bs-BA\",\"@id\":\"https:\/\/sandzakpress.net\/arhiva\/#\/schema\/person\/image\/\",\"url\":\"https:\/\/secure.gravatar.com\/avatar\/42263f39aa27ac04c43cab85c280eb2e?s=96&d=mm&r=pg\",\"contentUrl\":\"https:\/\/secure.gravatar.com\/avatar\/42263f39aa27ac04c43cab85c280eb2e?s=96&d=mm&r=pg\",\"caption\":\"Kul\"},\"logo\":{\"@id\":\"https:\/\/sandzakpress.net\/arhiva\/#\/schema\/person\/image\/\"}},{\"@type\":\"Person\",\"@id\":\"https:\/\/sandzakpress.net\/arhiva\/#\/schema\/person\/c8baee722073534b583ea7bdb2e36c02\",\"name\":\"bosniak\",\"image\":{\"@type\":\"ImageObject\",\"inLanguage\":\"bs-BA\",\"@id\":\"https:\/\/sandzakpress.net\/arhiva\/#\/schema\/person\/image\/\",\"url\":\"https:\/\/secure.gravatar.com\/avatar\/a04fd330bfe3a36a72a0ad4a6d89fca7?s=96&d=mm&r=pg\",\"contentUrl\":\"https:\/\/secure.gravatar.com\/avatar\/a04fd330bfe3a36a72a0ad4a6d89fca7?s=96&d=mm&r=pg\",\"caption\":\"bosniak\"},\"url\":\"https:\/\/sandzakpress.net\/arhiva\/author\/bosniak\/\"}]}<\/script>\n<!-- \/ Yoast SEO Premium plugin. -->","yoast_head_json":{"title":"Rama: Bez brige, Srbi \u0107e na Kosovo mo\u0107i samo kao turisti","robots":{"index":"index","follow":"follow","max-snippet":"max-snippet:-1","max-image-preview":"max-image-preview:large","max-video-preview":"max-video-preview:-1"},"canonical":"https:\/\/sandzakpress.net\/arhiva\/rama-bez-brige-srbi-ce-na-kosovo-moci-samo-kao-turisti\/","og_locale":"bs_BA","og_type":"article","og_title":"Rama: Bez brige, Srbi \u0107e na Kosovo mo\u0107i samo kao turisti","og_description":"Posle cjelodnevne ti\u0161ine povodom slu\u010daja \u201cvoz\u201d oglasio se i albanski premijer Edi Rama posle &#8220;pritiska gra\u0111ana&#8221;, pi\u0161e pri\u0161tinski Zeri. Nakon \u0161to su gra\u0111ani preko dru\u0161tvenih mre\u017ea tra\u017eili da se izjasni o tom pitanju, Rama je rekao da nema potrebe za zabrinuto\u0161\u0107u zbog, kako ka\u017ee, politi\u010dke igre &#8220;vozovima i avionima&#8221;. Prema njegovim rije\u010dima, &#8220;Srbi \u0107e na [&hellip;]","og_url":"https:\/\/sandzakpress.net\/arhiva\/rama-bez-brige-srbi-ce-na-kosovo-moci-samo-kao-turisti\/","og_site_name":"Sand\u017eak PRESS","article_published_time":"2017-01-16T10:10:06+00:00","og_image":[{"width":640,"height":465,"url":"https:\/\/sandzakpress.net\/arhiva\/wp-content\/uploads\/2017\/01\/1934964696586e626461026618730989_v4_big.jpg","type":"image\/jpeg"}],"author":"bosniak","twitter_card":"summary_large_image","twitter_misc":{"Written by":"bosniak","Est. reading time":"1 minuta"},"schema":{"@context":"https:\/\/schema.org","@graph":[{"@type":"Article","@id":"https:\/\/sandzakpress.net\/arhiva\/rama-bez-brige-srbi-ce-na-kosovo-moci-samo-kao-turisti\/#article","isPartOf":{"@id":"https:\/\/sandzakpress.net\/arhiva\/rama-bez-brige-srbi-ce-na-kosovo-moci-samo-kao-turisti\/"},"author":{"name":"bosniak","@id":"https:\/\/sandzakpress.net\/arhiva\/#\/schema\/person\/c8baee722073534b583ea7bdb2e36c02"},"headline":"Rama: Bez brige, Srbi \u0107e na Kosovo mo\u0107i samo kao turisti","datePublished":"2017-01-16T10:10:06+00:00","mainEntityOfPage":{"@id":"https:\/\/sandzakpress.net\/arhiva\/rama-bez-brige-srbi-ce-na-kosovo-moci-samo-kao-turisti\/"},"wordCount":149,"commentCount":9,"publisher":{"@id":"https:\/\/sandzakpress.net\/arhiva\/#\/schema\/person\/6e72b67d6e51910a1117b3b483ba20bd"},"image":{"@id":"https:\/\/sandzakpress.net\/arhiva\/rama-bez-brige-srbi-ce-na-kosovo-moci-samo-kao-turisti\/#primaryimage"},"thumbnailUrl":"https:\/\/sandzakpress.net\/arhiva\/wp-content\/uploads\/2017\/01\/1934964696586e626461026618730989_v4_big.jpg","articleSection":["Politika","Srbija","VA\u017dNO!"],"inLanguage":"bs-BA","potentialAction":[{"@type":"CommentAction","name":"Comment","target":["https:\/\/sandzakpress.net\/arhiva\/rama-bez-brige-srbi-ce-na-kosovo-moci-samo-kao-turisti\/#respond"]}]},{"@type":"WebPage","@id":"https:\/\/sandzakpress.net\/arhiva\/rama-bez-brige-srbi-ce-na-kosovo-moci-samo-kao-turisti\/","url":"https:\/\/sandzakpress.net\/arhiva\/rama-bez-brige-srbi-ce-na-kosovo-moci-samo-kao-turisti\/","name":"Rama: Bez brige, Srbi \u0107e na Kosovo mo\u0107i samo kao turisti","isPartOf":{"@id":"https:\/\/sandzakpress.net\/arhiva\/#website"},"primaryImageOfPage":{"@id":"https:\/\/sandzakpress.net\/arhiva\/rama-bez-brige-srbi-ce-na-kosovo-moci-samo-kao-turisti\/#primaryimage"},"image":{"@id":"https:\/\/sandzakpress.net\/arhiva\/rama-bez-brige-srbi-ce-na-kosovo-moci-samo-kao-turisti\/#primaryimage"},"thumbnailUrl":"https:\/\/sandzakpress.net\/arhiva\/wp-content\/uploads\/2017\/01\/1934964696586e626461026618730989_v4_big.jpg","datePublished":"2017-01-16T10:10:06+00:00","breadcrumb":{"@id":"https:\/\/sandzakpress.net\/arhiva\/rama-bez-brige-srbi-ce-na-kosovo-moci-samo-kao-turisti\/#breadcrumb"},"inLanguage":"bs-BA","potentialAction":[{"@type":"ReadAction","target":["https:\/\/sandzakpress.net\/arhiva\/rama-bez-brige-srbi-ce-na-kosovo-moci-samo-kao-turisti\/"]}]},{"@type":"ImageObject","inLanguage":"bs-BA","@id":"https:\/\/sandzakpress.net\/arhiva\/rama-bez-brige-srbi-ce-na-kosovo-moci-samo-kao-turisti\/#primaryimage","url":"https:\/\/sandzakpress.net\/arhiva\/wp-content\/uploads\/2017\/01\/1934964696586e626461026618730989_v4_big.jpg","contentUrl":"https:\/\/sandzakpress.net\/arhiva\/wp-content\/uploads\/2017\/01\/1934964696586e626461026618730989_v4_big.jpg","width":640,"height":465},{"@type":"BreadcrumbList","@id":"https:\/\/sandzakpress.net\/arhiva\/rama-bez-brige-srbi-ce-na-kosovo-moci-samo-kao-turisti\/#breadcrumb","itemListElement":[{"@type":"ListItem","position":1,"name":"Home","item":"https:\/\/sandzakpress.net\/arhiva\/"},{"@type":"ListItem","position":2,"name":"Rama: Bez brige, Srbi \u0107e na Kosovo mo\u0107i samo kao turisti"}]},{"@type":"WebSite","@id":"https:\/\/sandzakpress.net\/arhiva\/#website","url":"https:\/\/sandzakpress.net\/arhiva\/","name":"Sand\u017eak PRESS","description":"Prve elektronske novine u Sand\u017eaku","publisher":{"@id":"https:\/\/sandzakpress.net\/arhiva\/#\/schema\/person\/6e72b67d6e51910a1117b3b483ba20bd"},"potentialAction":[{"@type":"SearchAction","target":{"@type":"EntryPoint","urlTemplate":"https:\/\/sandzakpress.net\/arhiva\/?s={search_term_string}"},"query-input":{"@type":"PropertyValueSpecification","valueRequired":true,"valueName":"search_term_string"}}],"inLanguage":"bs-BA"},{"@type":["Person","Organization"],"@id":"https:\/\/sandzakpress.net\/arhiva\/#\/schema\/person\/6e72b67d6e51910a1117b3b483ba20bd","name":"Kul","image":{"@type":"ImageObject","inLanguage":"bs-BA","@id":"https:\/\/sandzakpress.net\/arhiva\/#\/schema\/person\/image\/","url":"https:\/\/secure.gravatar.com\/avatar\/42263f39aa27ac04c43cab85c280eb2e?s=96&d=mm&r=pg","contentUrl":"https:\/\/secure.gravatar.com\/avatar\/42263f39aa27ac04c43cab85c280eb2e?s=96&d=mm&r=pg","caption":"Kul"},"logo":{"@id":"https:\/\/sandzakpress.net\/arhiva\/#\/schema\/person\/image\/"}},{"@type":"Person","@id":"https:\/\/sandzakpress.net\/arhiva\/#\/schema\/person\/c8baee722073534b583ea7bdb2e36c02","name":"bosniak","image":{"@type":"ImageObject","inLanguage":"bs-BA","@id":"https:\/\/sandzakpress.net\/arhiva\/#\/schema\/person\/image\/","url":"https:\/\/secure.gravatar.com\/avatar\/a04fd330bfe3a36a72a0ad4a6d89fca7?s=96&d=mm&r=pg","contentUrl":"https:\/\/secure.gravatar.com\/avatar\/a04fd330bfe3a36a72a0ad4a6d89fca7?s=96&d=mm&r=pg","caption":"bosniak"},"url":"https:\/\/sandzakpress.net\/arhiva\/author\/bosniak\/"}]}},"_links":{"self":[{"href":"https:\/\/sandzakpress.net\/arhiva\/wp-json\/wp\/v2\/posts\/176995"}],"collection":[{"href":"https:\/\/sandzakpress.net\/arhiva\/wp-json\/wp\/v2\/posts"}],"about":[{"href":"https:\/\/sandzakpress.net\/arhiva\/wp-json\/wp\/v2\/types\/post"}],"author":[{"embeddable":true,"href":"https:\/\/sandzakpress.net\/arhiva\/wp-json\/wp\/v2\/users\/83"}],"replies":[{"embeddable":true,"href":"https:\/\/sandzakpress.net\/arhiva\/wp-json\/wp\/v2\/comments?post=176995"}],"version-history":[{"count":0,"href":"https:\/\/sandzakpress.net\/arhiva\/wp-json\/wp\/v2\/posts\/176995\/revisions"}],"wp:featuredmedia":[{"embeddable":true,"href":"https:\/\/sandzakpress.net\/arhiva\/wp-json\/wp\/v2\/media\/176996"}],"wp:attachment":[{"href":"https:\/\/sandzakpress.net\/arhiva\/wp-json\/wp\/v2\/media?parent=176995"}],"wp:term":[{"taxonomy":"category","embeddable":true,"href":"https:\/\/sandzakpress.net\/arhiva\/wp-json\/wp\/v2\/categories?post=176995"},{"taxonomy":"post_tag","embeddable":true,"href":"https:\/\/sandzakpress.net\/arhiva\/wp-json\/wp\/v2\/tags?post=176995"}],"curies":[{"name":"wp","href":"https:\/\/api.w.org\/{rel}","templated":true}]}}