{"id":176694,"date":"2017-01-11T14:09:14","date_gmt":"2017-01-11T13:09:14","guid":{"rendered":"https:\/\/sandzakpress.net\/arhiva\/?p=176694"},"modified":"2017-01-11T14:09:14","modified_gmt":"2017-01-11T13:09:14","slug":"norveska-prva-drzava-koja-potpuno-ukida-radijske-fm-signale","status":"publish","type":"post","link":"https:\/\/sandzakpress.net\/arhiva\/norveska-prva-drzava-koja-potpuno-ukida-radijske-fm-signale\/","title":{"rendered":"Norve\u0161ka, prva dr\u017eava koja potpuno ukida radijske FM signale"},"content":{"rendered":"<p class=\"lead\"><img decoding=\"async\" src=\"http:\/\/www.rts.rs\/upload\/storyBoxImageData\/2017\/01\/11\/21895518\/Radio-f2.jpg\" alt=\"Stari norve\u0161ki radio \" \/><\/p>\n<p class=\"lead\"><strong>Norve\u0161ka je danas po\u010dela proces ga\u0161enja analognih radio-stanica i time postala prva dr\u017eava na svijetu koja \u0107e postepeno ukinuti tehnologiju modulacije radio-frekvencije (FM &#8211; UKT) za nacionalne i neke regionalne radio-emitere.<\/strong><\/p>\n<p>FM signal je uga\u0161en u regionu Artik-Nordland, a nastavi\u0107e se postepeno prebacivanje signala radija na standard digitalnog audio-emitovanja, DAB.<\/p>\n<p>U javnoj biblioteci u Bodu, na severu Norve\u0161ke, uz zvuke dobo\u0161a i odbrojavanje publike, prebacivanje sa FM na DAB izvela je, povla\u010denjem poluge, slu\u0161ateljka Berit Polina Olderskog, koja bila vjerna FM-u vi\u0161e od 70 godina.<\/p>\n<p>Prisutni norve\u0161ki i evropski zvani\u010dnici ocijenilu su da je taj doga\u0111aj, preno\u0161en na internetu, \u201ehistorijski trenutak\u201c koji pokazuje da se mediji \u201emogu obnoviti za moderan svet\u201c.<\/p>\n<p>Odluku o procesu ga\u0161enja koje bi trebalo da se zavr\u0161i do 13. decembra, Parlament je donio jo\u0161 u maju 2011. godine. Bi\u0107e primenjeno samo na nacionalne i pojedine regionalne radio-stanice, dok \u0107e ve\u0107ina lokalnih radio-stanica nastaviti da emituje FM program.<\/p>\n<p>Vlada je ocijenila da je FM radio-mre\u017ea veoma skupa za odr\u017eavanje zbog topografije Norve\u0161ke \u2013 dubokih fjordova, visokih planina i rasutih naselja. Po zvani\u010dnim podacima, u\u0161teda \u0107e iznositi 22,2 miliona eura.<\/p>\n<p>(RTS)<\/p>\n","protected":false},"excerpt":{"rendered":"<p>Norve\u0161ka je danas po\u010dela proces ga\u0161enja analognih radio-stanica i time postala prva dr\u017eava na svijetu koja \u0107e postepeno ukinuti tehnologiju modulacije radio-frekvencije (FM &#8211; UKT) za nacionalne i neke regionalne radio-emitere. FM signal je uga\u0161en u regionu Artik-Nordland, a nastavi\u0107e se postepeno prebacivanje signala radija na standard digitalnog audio-emitovanja, DAB. U javnoj biblioteci u Bodu, [&hellip;]<\/p>\n","protected":false},"author":83,"featured_media":176695,"comment_status":"open","ping_status":"open","sticky":false,"template":"","format":"standard","meta":{"footnotes":""},"categories":[2695],"tags":[],"class_list":{"0":"post-176694","1":"post","2":"type-post","3":"status-publish","4":"format-standard","5":"has-post-thumbnail","7":"category-zanimljivo"},"yoast_head":"<!-- This site is optimized with the Yoast SEO Premium plugin v23.1 (Yoast SEO v24.9) - https:\/\/yoast.com\/wordpress\/plugins\/seo\/ -->\n<title>Norve\u0161ka, prva dr\u017eava koja potpuno ukida radijske FM signale<\/title>\n<meta name=\"robots\" content=\"index, follow, max-snippet:-1, max-image-preview:large, max-video-preview:-1\" \/>\n<link rel=\"canonical\" href=\"https:\/\/sandzakpress.net\/arhiva\/norveska-prva-drzava-koja-potpuno-ukida-radijske-fm-signale\/\" \/>\n<meta property=\"og:locale\" content=\"bs_BA\" \/>\n<meta property=\"og:type\" content=\"article\" \/>\n<meta property=\"og:title\" content=\"Norve\u0161ka, prva dr\u017eava koja potpuno ukida radijske FM signale\" \/>\n<meta property=\"og:description\" content=\"Norve\u0161ka je danas po\u010dela proces ga\u0161enja analognih radio-stanica i time postala prva dr\u017eava na svijetu koja \u0107e postepeno ukinuti tehnologiju modulacije radio-frekvencije (FM &#8211; UKT) za nacionalne i neke regionalne radio-emitere. FM signal je uga\u0161en u regionu Artik-Nordland, a nastavi\u0107e se postepeno prebacivanje signala radija na standard digitalnog audio-emitovanja, DAB. U javnoj biblioteci u Bodu, [&hellip;]\" \/>\n<meta property=\"og:url\" content=\"https:\/\/sandzakpress.net\/arhiva\/norveska-prva-drzava-koja-potpuno-ukida-radijske-fm-signale\/\" \/>\n<meta property=\"og:site_name\" content=\"Sand\u017eak PRESS\" \/>\n<meta property=\"article:published_time\" content=\"2017-01-11T13:09:14+00:00\" \/>\n<meta property=\"og:image\" content=\"https:\/\/sandzakpress.net\/arhiva\/wp-content\/uploads\/2017\/01\/Radio-f2.jpg\" \/>\n\t<meta property=\"og:image:width\" content=\"620\" \/>\n\t<meta property=\"og:image:height\" content=\"471\" \/>\n\t<meta property=\"og:image:type\" content=\"image\/jpeg\" \/>\n<meta name=\"author\" content=\"bosniak\" \/>\n<meta name=\"twitter:card\" content=\"summary_large_image\" \/>\n<meta name=\"twitter:label1\" content=\"Written by\" \/>\n\t<meta name=\"twitter:data1\" content=\"bosniak\" \/>\n\t<meta name=\"twitter:label2\" content=\"Est. reading time\" \/>\n\t<meta name=\"twitter:data2\" content=\"1 minuta\" \/>\n<script type=\"application\/ld+json\" class=\"yoast-schema-graph\">{\"@context\":\"https:\/\/schema.org\",\"@graph\":[{\"@type\":\"Article\",\"@id\":\"https:\/\/sandzakpress.net\/arhiva\/norveska-prva-drzava-koja-potpuno-ukida-radijske-fm-signale\/#article\",\"isPartOf\":{\"@id\":\"https:\/\/sandzakpress.net\/arhiva\/norveska-prva-drzava-koja-potpuno-ukida-radijske-fm-signale\/\"},\"author\":{\"name\":\"bosniak\",\"@id\":\"https:\/\/sandzakpress.net\/arhiva\/#\/schema\/person\/c8baee722073534b583ea7bdb2e36c02\"},\"headline\":\"Norve\u0161ka, prva dr\u017eava koja potpuno ukida radijske FM signale\",\"datePublished\":\"2017-01-11T13:09:14+00:00\",\"mainEntityOfPage\":{\"@id\":\"https:\/\/sandzakpress.net\/arhiva\/norveska-prva-drzava-koja-potpuno-ukida-radijske-fm-signale\/\"},\"wordCount\":213,\"commentCount\":2,\"publisher\":{\"@id\":\"https:\/\/sandzakpress.net\/arhiva\/#\/schema\/person\/6e72b67d6e51910a1117b3b483ba20bd\"},\"image\":{\"@id\":\"https:\/\/sandzakpress.net\/arhiva\/norveska-prva-drzava-koja-potpuno-ukida-radijske-fm-signale\/#primaryimage\"},\"thumbnailUrl\":\"https:\/\/sandzakpress.net\/arhiva\/wp-content\/uploads\/2017\/01\/Radio-f2.jpg\",\"articleSection\":[\"Zanimljivo\"],\"inLanguage\":\"bs-BA\",\"potentialAction\":[{\"@type\":\"CommentAction\",\"name\":\"Comment\",\"target\":[\"https:\/\/sandzakpress.net\/arhiva\/norveska-prva-drzava-koja-potpuno-ukida-radijske-fm-signale\/#respond\"]}]},{\"@type\":\"WebPage\",\"@id\":\"https:\/\/sandzakpress.net\/arhiva\/norveska-prva-drzava-koja-potpuno-ukida-radijske-fm-signale\/\",\"url\":\"https:\/\/sandzakpress.net\/arhiva\/norveska-prva-drzava-koja-potpuno-ukida-radijske-fm-signale\/\",\"name\":\"Norve\u0161ka, prva dr\u017eava koja potpuno ukida radijske FM signale\",\"isPartOf\":{\"@id\":\"https:\/\/sandzakpress.net\/arhiva\/#website\"},\"primaryImageOfPage\":{\"@id\":\"https:\/\/sandzakpress.net\/arhiva\/norveska-prva-drzava-koja-potpuno-ukida-radijske-fm-signale\/#primaryimage\"},\"image\":{\"@id\":\"https:\/\/sandzakpress.net\/arhiva\/norveska-prva-drzava-koja-potpuno-ukida-radijske-fm-signale\/#primaryimage\"},\"thumbnailUrl\":\"https:\/\/sandzakpress.net\/arhiva\/wp-content\/uploads\/2017\/01\/Radio-f2.jpg\",\"datePublished\":\"2017-01-11T13:09:14+00:00\",\"breadcrumb\":{\"@id\":\"https:\/\/sandzakpress.net\/arhiva\/norveska-prva-drzava-koja-potpuno-ukida-radijske-fm-signale\/#breadcrumb\"},\"inLanguage\":\"bs-BA\",\"potentialAction\":[{\"@type\":\"ReadAction\",\"target\":[\"https:\/\/sandzakpress.net\/arhiva\/norveska-prva-drzava-koja-potpuno-ukida-radijske-fm-signale\/\"]}]},{\"@type\":\"ImageObject\",\"inLanguage\":\"bs-BA\",\"@id\":\"https:\/\/sandzakpress.net\/arhiva\/norveska-prva-drzava-koja-potpuno-ukida-radijske-fm-signale\/#primaryimage\",\"url\":\"https:\/\/sandzakpress.net\/arhiva\/wp-content\/uploads\/2017\/01\/Radio-f2.jpg\",\"contentUrl\":\"https:\/\/sandzakpress.net\/arhiva\/wp-content\/uploads\/2017\/01\/Radio-f2.jpg\",\"width\":620,\"height\":471},{\"@type\":\"BreadcrumbList\",\"@id\":\"https:\/\/sandzakpress.net\/arhiva\/norveska-prva-drzava-koja-potpuno-ukida-radijske-fm-signale\/#breadcrumb\",\"itemListElement\":[{\"@type\":\"ListItem\",\"position\":1,\"name\":\"Home\",\"item\":\"https:\/\/sandzakpress.net\/arhiva\/\"},{\"@type\":\"ListItem\",\"position\":2,\"name\":\"Norve\u0161ka, prva dr\u017eava koja potpuno ukida radijske FM signale\"}]},{\"@type\":\"WebSite\",\"@id\":\"https:\/\/sandzakpress.net\/arhiva\/#website\",\"url\":\"https:\/\/sandzakpress.net\/arhiva\/\",\"name\":\"Sand\u017eak PRESS\",\"description\":\"Prve elektronske novine u Sand\u017eaku\",\"publisher\":{\"@id\":\"https:\/\/sandzakpress.net\/arhiva\/#\/schema\/person\/6e72b67d6e51910a1117b3b483ba20bd\"},\"potentialAction\":[{\"@type\":\"SearchAction\",\"target\":{\"@type\":\"EntryPoint\",\"urlTemplate\":\"https:\/\/sandzakpress.net\/arhiva\/?s={search_term_string}\"},\"query-input\":{\"@type\":\"PropertyValueSpecification\",\"valueRequired\":true,\"valueName\":\"search_term_string\"}}],\"inLanguage\":\"bs-BA\"},{\"@type\":[\"Person\",\"Organization\"],\"@id\":\"https:\/\/sandzakpress.net\/arhiva\/#\/schema\/person\/6e72b67d6e51910a1117b3b483ba20bd\",\"name\":\"Kul\",\"image\":{\"@type\":\"ImageObject\",\"inLanguage\":\"bs-BA\",\"@id\":\"https:\/\/sandzakpress.net\/arhiva\/#\/schema\/person\/image\/\",\"url\":\"https:\/\/secure.gravatar.com\/avatar\/42263f39aa27ac04c43cab85c280eb2e?s=96&d=mm&r=pg\",\"contentUrl\":\"https:\/\/secure.gravatar.com\/avatar\/42263f39aa27ac04c43cab85c280eb2e?s=96&d=mm&r=pg\",\"caption\":\"Kul\"},\"logo\":{\"@id\":\"https:\/\/sandzakpress.net\/arhiva\/#\/schema\/person\/image\/\"}},{\"@type\":\"Person\",\"@id\":\"https:\/\/sandzakpress.net\/arhiva\/#\/schema\/person\/c8baee722073534b583ea7bdb2e36c02\",\"name\":\"bosniak\",\"image\":{\"@type\":\"ImageObject\",\"inLanguage\":\"bs-BA\",\"@id\":\"https:\/\/sandzakpress.net\/arhiva\/#\/schema\/person\/image\/\",\"url\":\"https:\/\/secure.gravatar.com\/avatar\/a04fd330bfe3a36a72a0ad4a6d89fca7?s=96&d=mm&r=pg\",\"contentUrl\":\"https:\/\/secure.gravatar.com\/avatar\/a04fd330bfe3a36a72a0ad4a6d89fca7?s=96&d=mm&r=pg\",\"caption\":\"bosniak\"},\"url\":\"https:\/\/sandzakpress.net\/arhiva\/author\/bosniak\/\"}]}<\/script>\n<!-- \/ Yoast SEO Premium plugin. -->","yoast_head_json":{"title":"Norve\u0161ka, prva dr\u017eava koja potpuno ukida radijske FM signale","robots":{"index":"index","follow":"follow","max-snippet":"max-snippet:-1","max-image-preview":"max-image-preview:large","max-video-preview":"max-video-preview:-1"},"canonical":"https:\/\/sandzakpress.net\/arhiva\/norveska-prva-drzava-koja-potpuno-ukida-radijske-fm-signale\/","og_locale":"bs_BA","og_type":"article","og_title":"Norve\u0161ka, prva dr\u017eava koja potpuno ukida radijske FM signale","og_description":"Norve\u0161ka je danas po\u010dela proces ga\u0161enja analognih radio-stanica i time postala prva dr\u017eava na svijetu koja \u0107e postepeno ukinuti tehnologiju modulacije radio-frekvencije (FM &#8211; UKT) za nacionalne i neke regionalne radio-emitere. FM signal je uga\u0161en u regionu Artik-Nordland, a nastavi\u0107e se postepeno prebacivanje signala radija na standard digitalnog audio-emitovanja, DAB. U javnoj biblioteci u Bodu, [&hellip;]","og_url":"https:\/\/sandzakpress.net\/arhiva\/norveska-prva-drzava-koja-potpuno-ukida-radijske-fm-signale\/","og_site_name":"Sand\u017eak PRESS","article_published_time":"2017-01-11T13:09:14+00:00","og_image":[{"width":620,"height":471,"url":"https:\/\/sandzakpress.net\/arhiva\/wp-content\/uploads\/2017\/01\/Radio-f2.jpg","type":"image\/jpeg"}],"author":"bosniak","twitter_card":"summary_large_image","twitter_misc":{"Written by":"bosniak","Est. reading time":"1 minuta"},"schema":{"@context":"https:\/\/schema.org","@graph":[{"@type":"Article","@id":"https:\/\/sandzakpress.net\/arhiva\/norveska-prva-drzava-koja-potpuno-ukida-radijske-fm-signale\/#article","isPartOf":{"@id":"https:\/\/sandzakpress.net\/arhiva\/norveska-prva-drzava-koja-potpuno-ukida-radijske-fm-signale\/"},"author":{"name":"bosniak","@id":"https:\/\/sandzakpress.net\/arhiva\/#\/schema\/person\/c8baee722073534b583ea7bdb2e36c02"},"headline":"Norve\u0161ka, prva dr\u017eava koja potpuno ukida radijske FM signale","datePublished":"2017-01-11T13:09:14+00:00","mainEntityOfPage":{"@id":"https:\/\/sandzakpress.net\/arhiva\/norveska-prva-drzava-koja-potpuno-ukida-radijske-fm-signale\/"},"wordCount":213,"commentCount":2,"publisher":{"@id":"https:\/\/sandzakpress.net\/arhiva\/#\/schema\/person\/6e72b67d6e51910a1117b3b483ba20bd"},"image":{"@id":"https:\/\/sandzakpress.net\/arhiva\/norveska-prva-drzava-koja-potpuno-ukida-radijske-fm-signale\/#primaryimage"},"thumbnailUrl":"https:\/\/sandzakpress.net\/arhiva\/wp-content\/uploads\/2017\/01\/Radio-f2.jpg","articleSection":["Zanimljivo"],"inLanguage":"bs-BA","potentialAction":[{"@type":"CommentAction","name":"Comment","target":["https:\/\/sandzakpress.net\/arhiva\/norveska-prva-drzava-koja-potpuno-ukida-radijske-fm-signale\/#respond"]}]},{"@type":"WebPage","@id":"https:\/\/sandzakpress.net\/arhiva\/norveska-prva-drzava-koja-potpuno-ukida-radijske-fm-signale\/","url":"https:\/\/sandzakpress.net\/arhiva\/norveska-prva-drzava-koja-potpuno-ukida-radijske-fm-signale\/","name":"Norve\u0161ka, prva dr\u017eava koja potpuno ukida radijske FM signale","isPartOf":{"@id":"https:\/\/sandzakpress.net\/arhiva\/#website"},"primaryImageOfPage":{"@id":"https:\/\/sandzakpress.net\/arhiva\/norveska-prva-drzava-koja-potpuno-ukida-radijske-fm-signale\/#primaryimage"},"image":{"@id":"https:\/\/sandzakpress.net\/arhiva\/norveska-prva-drzava-koja-potpuno-ukida-radijske-fm-signale\/#primaryimage"},"thumbnailUrl":"https:\/\/sandzakpress.net\/arhiva\/wp-content\/uploads\/2017\/01\/Radio-f2.jpg","datePublished":"2017-01-11T13:09:14+00:00","breadcrumb":{"@id":"https:\/\/sandzakpress.net\/arhiva\/norveska-prva-drzava-koja-potpuno-ukida-radijske-fm-signale\/#breadcrumb"},"inLanguage":"bs-BA","potentialAction":[{"@type":"ReadAction","target":["https:\/\/sandzakpress.net\/arhiva\/norveska-prva-drzava-koja-potpuno-ukida-radijske-fm-signale\/"]}]},{"@type":"ImageObject","inLanguage":"bs-BA","@id":"https:\/\/sandzakpress.net\/arhiva\/norveska-prva-drzava-koja-potpuno-ukida-radijske-fm-signale\/#primaryimage","url":"https:\/\/sandzakpress.net\/arhiva\/wp-content\/uploads\/2017\/01\/Radio-f2.jpg","contentUrl":"https:\/\/sandzakpress.net\/arhiva\/wp-content\/uploads\/2017\/01\/Radio-f2.jpg","width":620,"height":471},{"@type":"BreadcrumbList","@id":"https:\/\/sandzakpress.net\/arhiva\/norveska-prva-drzava-koja-potpuno-ukida-radijske-fm-signale\/#breadcrumb","itemListElement":[{"@type":"ListItem","position":1,"name":"Home","item":"https:\/\/sandzakpress.net\/arhiva\/"},{"@type":"ListItem","position":2,"name":"Norve\u0161ka, prva dr\u017eava koja potpuno ukida radijske FM signale"}]},{"@type":"WebSite","@id":"https:\/\/sandzakpress.net\/arhiva\/#website","url":"https:\/\/sandzakpress.net\/arhiva\/","name":"Sand\u017eak PRESS","description":"Prve elektronske novine u Sand\u017eaku","publisher":{"@id":"https:\/\/sandzakpress.net\/arhiva\/#\/schema\/person\/6e72b67d6e51910a1117b3b483ba20bd"},"potentialAction":[{"@type":"SearchAction","target":{"@type":"EntryPoint","urlTemplate":"https:\/\/sandzakpress.net\/arhiva\/?s={search_term_string}"},"query-input":{"@type":"PropertyValueSpecification","valueRequired":true,"valueName":"search_term_string"}}],"inLanguage":"bs-BA"},{"@type":["Person","Organization"],"@id":"https:\/\/sandzakpress.net\/arhiva\/#\/schema\/person\/6e72b67d6e51910a1117b3b483ba20bd","name":"Kul","image":{"@type":"ImageObject","inLanguage":"bs-BA","@id":"https:\/\/sandzakpress.net\/arhiva\/#\/schema\/person\/image\/","url":"https:\/\/secure.gravatar.com\/avatar\/42263f39aa27ac04c43cab85c280eb2e?s=96&d=mm&r=pg","contentUrl":"https:\/\/secure.gravatar.com\/avatar\/42263f39aa27ac04c43cab85c280eb2e?s=96&d=mm&r=pg","caption":"Kul"},"logo":{"@id":"https:\/\/sandzakpress.net\/arhiva\/#\/schema\/person\/image\/"}},{"@type":"Person","@id":"https:\/\/sandzakpress.net\/arhiva\/#\/schema\/person\/c8baee722073534b583ea7bdb2e36c02","name":"bosniak","image":{"@type":"ImageObject","inLanguage":"bs-BA","@id":"https:\/\/sandzakpress.net\/arhiva\/#\/schema\/person\/image\/","url":"https:\/\/secure.gravatar.com\/avatar\/a04fd330bfe3a36a72a0ad4a6d89fca7?s=96&d=mm&r=pg","contentUrl":"https:\/\/secure.gravatar.com\/avatar\/a04fd330bfe3a36a72a0ad4a6d89fca7?s=96&d=mm&r=pg","caption":"bosniak"},"url":"https:\/\/sandzakpress.net\/arhiva\/author\/bosniak\/"}]}},"_links":{"self":[{"href":"https:\/\/sandzakpress.net\/arhiva\/wp-json\/wp\/v2\/posts\/176694"}],"collection":[{"href":"https:\/\/sandzakpress.net\/arhiva\/wp-json\/wp\/v2\/posts"}],"about":[{"href":"https:\/\/sandzakpress.net\/arhiva\/wp-json\/wp\/v2\/types\/post"}],"author":[{"embeddable":true,"href":"https:\/\/sandzakpress.net\/arhiva\/wp-json\/wp\/v2\/users\/83"}],"replies":[{"embeddable":true,"href":"https:\/\/sandzakpress.net\/arhiva\/wp-json\/wp\/v2\/comments?post=176694"}],"version-history":[{"count":0,"href":"https:\/\/sandzakpress.net\/arhiva\/wp-json\/wp\/v2\/posts\/176694\/revisions"}],"wp:featuredmedia":[{"embeddable":true,"href":"https:\/\/sandzakpress.net\/arhiva\/wp-json\/wp\/v2\/media\/176695"}],"wp:attachment":[{"href":"https:\/\/sandzakpress.net\/arhiva\/wp-json\/wp\/v2\/media?parent=176694"}],"wp:term":[{"taxonomy":"category","embeddable":true,"href":"https:\/\/sandzakpress.net\/arhiva\/wp-json\/wp\/v2\/categories?post=176694"},{"taxonomy":"post_tag","embeddable":true,"href":"https:\/\/sandzakpress.net\/arhiva\/wp-json\/wp\/v2\/tags?post=176694"}],"curies":[{"name":"wp","href":"https:\/\/api.w.org\/{rel}","templated":true}]}}