{"id":176509,"date":"2017-01-09T15:41:28","date_gmt":"2017-01-09T14:41:28","guid":{"rendered":"https:\/\/sandzakpress.net\/arhiva\/?p=176509"},"modified":"2017-01-09T15:41:28","modified_gmt":"2017-01-09T14:41:28","slug":"sandzak-djecak-preminuo-od-gripa","status":"publish","type":"post","link":"https:\/\/sandzakpress.net\/arhiva\/sandzak-djecak-preminuo-od-gripa\/","title":{"rendered":"Sand\u017eak &#8211; Dje\u010dak preminuo od gripa"},"content":{"rendered":"<p><img decoding=\"async\" src=\"http:\/\/www.rtcg.me\/upload\/boxImageData\/2017\/01\/8\/210514\/temperature-987012_960_720.jpg\" alt=\"Klini\u010dki nalaz budi na sumnju, na osnovu svih analiza, da se radi o infekciji: Ilustracija (Foto: Pixabay)\" \/><\/p>\n<p><strong>Petnaestogodi\u0161nji dje\u010dak V.J. iz Berana preminuo je od, kako se sumnja, posljedica gripa.<\/strong><\/p>\n<p>Direktor Op\u0161te bolnice u Beranama, Budimir Dabeti\u0107, rekao je Televiziji Crne Gore da je dje\u010dak ju\u010de oko 17 sati prevezen u Urgentni centar te zdravstvene ustanove. Na\u017ealost, kako je saop\u0161tio, pored svih napora, ljekari nijesu uspjeli da spasu \u017eivot dje\u010daka.<\/p>\n<p>&#8220;Uklju\u010dene su sve mjere reanimacije. S obzirom na to da se stanje stalno pogor\u0161avalo, priklju\u010dena je i mehani\u010dka ventilacija. Me\u0111utim, na\u017ealost, pored svih sprovedenih mjera u kojima su u\u010destvovala po dva kardiologa i anesteziologa, do\u0161lo je do letalnog ishoda u 20.25 sati. Klini\u010dki nalaz budi na sumnju, na osnovu svih analiza, da se radi o infekciji, da li o virusnoj ili bakterijskoj, ne mo\u017eemo ta\u010dno re\u0107i. S obzirom da je pored plu\u0107a bilo zahva\u0107eno i srce, vjerovatnije da se radi o virusnoj infekciji\u201d, rekao je Dabeti\u0107 za TVCG.<\/p>\n<p>(RTCG)<\/p>\n","protected":false},"excerpt":{"rendered":"<p>Petnaestogodi\u0161nji dje\u010dak V.J. iz Berana preminuo je od, kako se sumnja, posljedica gripa. Direktor Op\u0161te bolnice u Beranama, Budimir Dabeti\u0107, rekao je Televiziji Crne Gore da je dje\u010dak ju\u010de oko 17 sati prevezen u Urgentni centar te zdravstvene ustanove. Na\u017ealost, kako je saop\u0161tio, pored svih napora, ljekari nijesu uspjeli da spasu \u017eivot dje\u010daka. &#8220;Uklju\u010dene su [&hellip;]<\/p>\n","protected":false},"author":83,"featured_media":176510,"comment_status":"open","ping_status":"open","sticky":false,"template":"","format":"standard","meta":{"footnotes":""},"categories":[397,801,10429],"tags":[],"class_list":{"0":"post-176509","1":"post","2":"type-post","3":"status-publish","4":"format-standard","5":"has-post-thumbnail","7":"category-berane","8":"category-crna_hronika","9":"category-vazno"},"yoast_head":"<!-- This site is optimized with the Yoast SEO Premium plugin v23.1 (Yoast SEO v24.9) - https:\/\/yoast.com\/wordpress\/plugins\/seo\/ -->\n<title>Sand\u017eak - Dje\u010dak preminuo od gripa<\/title>\n<meta name=\"robots\" content=\"index, follow, max-snippet:-1, max-image-preview:large, max-video-preview:-1\" \/>\n<link rel=\"canonical\" href=\"https:\/\/sandzakpress.net\/arhiva\/sandzak-djecak-preminuo-od-gripa\/\" \/>\n<meta property=\"og:locale\" content=\"bs_BA\" \/>\n<meta property=\"og:type\" content=\"article\" \/>\n<meta property=\"og:title\" content=\"Sand\u017eak - Dje\u010dak preminuo od gripa\" \/>\n<meta property=\"og:description\" content=\"Petnaestogodi\u0161nji dje\u010dak V.J. iz Berana preminuo je od, kako se sumnja, posljedica gripa. Direktor Op\u0161te bolnice u Beranama, Budimir Dabeti\u0107, rekao je Televiziji Crne Gore da je dje\u010dak ju\u010de oko 17 sati prevezen u Urgentni centar te zdravstvene ustanove. Na\u017ealost, kako je saop\u0161tio, pored svih napora, ljekari nijesu uspjeli da spasu \u017eivot dje\u010daka. &#8220;Uklju\u010dene su [&hellip;]\" \/>\n<meta property=\"og:url\" content=\"https:\/\/sandzakpress.net\/arhiva\/sandzak-djecak-preminuo-od-gripa\/\" \/>\n<meta property=\"og:site_name\" content=\"Sand\u017eak PRESS\" \/>\n<meta property=\"article:published_time\" content=\"2017-01-09T14:41:28+00:00\" \/>\n<meta property=\"og:image\" content=\"https:\/\/sandzakpress.net\/arhiva\/wp-content\/uploads\/2017\/01\/temperature-987012_960_720.jpg\" \/>\n\t<meta property=\"og:image:width\" content=\"720\" \/>\n\t<meta property=\"og:image:height\" content=\"720\" \/>\n\t<meta property=\"og:image:type\" content=\"image\/jpeg\" \/>\n<meta name=\"author\" content=\"bosniak\" \/>\n<meta name=\"twitter:card\" content=\"summary_large_image\" \/>\n<meta name=\"twitter:label1\" content=\"Written by\" \/>\n\t<meta name=\"twitter:data1\" content=\"bosniak\" \/>\n\t<meta name=\"twitter:label2\" content=\"Est. reading time\" \/>\n\t<meta name=\"twitter:data2\" content=\"1 minuta\" \/>\n<script type=\"application\/ld+json\" class=\"yoast-schema-graph\">{\"@context\":\"https:\/\/schema.org\",\"@graph\":[{\"@type\":\"Article\",\"@id\":\"https:\/\/sandzakpress.net\/arhiva\/sandzak-djecak-preminuo-od-gripa\/#article\",\"isPartOf\":{\"@id\":\"https:\/\/sandzakpress.net\/arhiva\/sandzak-djecak-preminuo-od-gripa\/\"},\"author\":{\"name\":\"bosniak\",\"@id\":\"https:\/\/sandzakpress.net\/arhiva\/#\/schema\/person\/c8baee722073534b583ea7bdb2e36c02\"},\"headline\":\"Sand\u017eak &#8211; Dje\u010dak preminuo od gripa\",\"datePublished\":\"2017-01-09T14:41:28+00:00\",\"mainEntityOfPage\":{\"@id\":\"https:\/\/sandzakpress.net\/arhiva\/sandzak-djecak-preminuo-od-gripa\/\"},\"wordCount\":171,\"commentCount\":0,\"publisher\":{\"@id\":\"https:\/\/sandzakpress.net\/arhiva\/#\/schema\/person\/6e72b67d6e51910a1117b3b483ba20bd\"},\"image\":{\"@id\":\"https:\/\/sandzakpress.net\/arhiva\/sandzak-djecak-preminuo-od-gripa\/#primaryimage\"},\"thumbnailUrl\":\"https:\/\/sandzakpress.net\/arhiva\/wp-content\/uploads\/2017\/01\/temperature-987012_960_720.jpg\",\"articleSection\":[\"Berane\",\"Hronika\",\"VA\u017dNO!\"],\"inLanguage\":\"bs-BA\",\"potentialAction\":[{\"@type\":\"CommentAction\",\"name\":\"Comment\",\"target\":[\"https:\/\/sandzakpress.net\/arhiva\/sandzak-djecak-preminuo-od-gripa\/#respond\"]}]},{\"@type\":\"WebPage\",\"@id\":\"https:\/\/sandzakpress.net\/arhiva\/sandzak-djecak-preminuo-od-gripa\/\",\"url\":\"https:\/\/sandzakpress.net\/arhiva\/sandzak-djecak-preminuo-od-gripa\/\",\"name\":\"Sand\u017eak - Dje\u010dak preminuo od gripa\",\"isPartOf\":{\"@id\":\"https:\/\/sandzakpress.net\/arhiva\/#website\"},\"primaryImageOfPage\":{\"@id\":\"https:\/\/sandzakpress.net\/arhiva\/sandzak-djecak-preminuo-od-gripa\/#primaryimage\"},\"image\":{\"@id\":\"https:\/\/sandzakpress.net\/arhiva\/sandzak-djecak-preminuo-od-gripa\/#primaryimage\"},\"thumbnailUrl\":\"https:\/\/sandzakpress.net\/arhiva\/wp-content\/uploads\/2017\/01\/temperature-987012_960_720.jpg\",\"datePublished\":\"2017-01-09T14:41:28+00:00\",\"breadcrumb\":{\"@id\":\"https:\/\/sandzakpress.net\/arhiva\/sandzak-djecak-preminuo-od-gripa\/#breadcrumb\"},\"inLanguage\":\"bs-BA\",\"potentialAction\":[{\"@type\":\"ReadAction\",\"target\":[\"https:\/\/sandzakpress.net\/arhiva\/sandzak-djecak-preminuo-od-gripa\/\"]}]},{\"@type\":\"ImageObject\",\"inLanguage\":\"bs-BA\",\"@id\":\"https:\/\/sandzakpress.net\/arhiva\/sandzak-djecak-preminuo-od-gripa\/#primaryimage\",\"url\":\"https:\/\/sandzakpress.net\/arhiva\/wp-content\/uploads\/2017\/01\/temperature-987012_960_720.jpg\",\"contentUrl\":\"https:\/\/sandzakpress.net\/arhiva\/wp-content\/uploads\/2017\/01\/temperature-987012_960_720.jpg\",\"width\":720,\"height\":720},{\"@type\":\"BreadcrumbList\",\"@id\":\"https:\/\/sandzakpress.net\/arhiva\/sandzak-djecak-preminuo-od-gripa\/#breadcrumb\",\"itemListElement\":[{\"@type\":\"ListItem\",\"position\":1,\"name\":\"Home\",\"item\":\"https:\/\/sandzakpress.net\/arhiva\/\"},{\"@type\":\"ListItem\",\"position\":2,\"name\":\"Sand\u017eak &#8211; Dje\u010dak preminuo od gripa\"}]},{\"@type\":\"WebSite\",\"@id\":\"https:\/\/sandzakpress.net\/arhiva\/#website\",\"url\":\"https:\/\/sandzakpress.net\/arhiva\/\",\"name\":\"Sand\u017eak PRESS\",\"description\":\"Prve elektronske novine u Sand\u017eaku\",\"publisher\":{\"@id\":\"https:\/\/sandzakpress.net\/arhiva\/#\/schema\/person\/6e72b67d6e51910a1117b3b483ba20bd\"},\"potentialAction\":[{\"@type\":\"SearchAction\",\"target\":{\"@type\":\"EntryPoint\",\"urlTemplate\":\"https:\/\/sandzakpress.net\/arhiva\/?s={search_term_string}\"},\"query-input\":{\"@type\":\"PropertyValueSpecification\",\"valueRequired\":true,\"valueName\":\"search_term_string\"}}],\"inLanguage\":\"bs-BA\"},{\"@type\":[\"Person\",\"Organization\"],\"@id\":\"https:\/\/sandzakpress.net\/arhiva\/#\/schema\/person\/6e72b67d6e51910a1117b3b483ba20bd\",\"name\":\"Kul\",\"image\":{\"@type\":\"ImageObject\",\"inLanguage\":\"bs-BA\",\"@id\":\"https:\/\/sandzakpress.net\/arhiva\/#\/schema\/person\/image\/\",\"url\":\"https:\/\/secure.gravatar.com\/avatar\/42263f39aa27ac04c43cab85c280eb2e?s=96&d=mm&r=pg\",\"contentUrl\":\"https:\/\/secure.gravatar.com\/avatar\/42263f39aa27ac04c43cab85c280eb2e?s=96&d=mm&r=pg\",\"caption\":\"Kul\"},\"logo\":{\"@id\":\"https:\/\/sandzakpress.net\/arhiva\/#\/schema\/person\/image\/\"}},{\"@type\":\"Person\",\"@id\":\"https:\/\/sandzakpress.net\/arhiva\/#\/schema\/person\/c8baee722073534b583ea7bdb2e36c02\",\"name\":\"bosniak\",\"image\":{\"@type\":\"ImageObject\",\"inLanguage\":\"bs-BA\",\"@id\":\"https:\/\/sandzakpress.net\/arhiva\/#\/schema\/person\/image\/\",\"url\":\"https:\/\/secure.gravatar.com\/avatar\/a04fd330bfe3a36a72a0ad4a6d89fca7?s=96&d=mm&r=pg\",\"contentUrl\":\"https:\/\/secure.gravatar.com\/avatar\/a04fd330bfe3a36a72a0ad4a6d89fca7?s=96&d=mm&r=pg\",\"caption\":\"bosniak\"},\"url\":\"https:\/\/sandzakpress.net\/arhiva\/author\/bosniak\/\"}]}<\/script>\n<!-- \/ Yoast SEO Premium plugin. -->","yoast_head_json":{"title":"Sand\u017eak - Dje\u010dak preminuo od gripa","robots":{"index":"index","follow":"follow","max-snippet":"max-snippet:-1","max-image-preview":"max-image-preview:large","max-video-preview":"max-video-preview:-1"},"canonical":"https:\/\/sandzakpress.net\/arhiva\/sandzak-djecak-preminuo-od-gripa\/","og_locale":"bs_BA","og_type":"article","og_title":"Sand\u017eak - Dje\u010dak preminuo od gripa","og_description":"Petnaestogodi\u0161nji dje\u010dak V.J. iz Berana preminuo je od, kako se sumnja, posljedica gripa. Direktor Op\u0161te bolnice u Beranama, Budimir Dabeti\u0107, rekao je Televiziji Crne Gore da je dje\u010dak ju\u010de oko 17 sati prevezen u Urgentni centar te zdravstvene ustanove. Na\u017ealost, kako je saop\u0161tio, pored svih napora, ljekari nijesu uspjeli da spasu \u017eivot dje\u010daka. &#8220;Uklju\u010dene su [&hellip;]","og_url":"https:\/\/sandzakpress.net\/arhiva\/sandzak-djecak-preminuo-od-gripa\/","og_site_name":"Sand\u017eak PRESS","article_published_time":"2017-01-09T14:41:28+00:00","og_image":[{"width":720,"height":720,"url":"https:\/\/sandzakpress.net\/arhiva\/wp-content\/uploads\/2017\/01\/temperature-987012_960_720.jpg","type":"image\/jpeg"}],"author":"bosniak","twitter_card":"summary_large_image","twitter_misc":{"Written by":"bosniak","Est. reading time":"1 minuta"},"schema":{"@context":"https:\/\/schema.org","@graph":[{"@type":"Article","@id":"https:\/\/sandzakpress.net\/arhiva\/sandzak-djecak-preminuo-od-gripa\/#article","isPartOf":{"@id":"https:\/\/sandzakpress.net\/arhiva\/sandzak-djecak-preminuo-od-gripa\/"},"author":{"name":"bosniak","@id":"https:\/\/sandzakpress.net\/arhiva\/#\/schema\/person\/c8baee722073534b583ea7bdb2e36c02"},"headline":"Sand\u017eak &#8211; Dje\u010dak preminuo od gripa","datePublished":"2017-01-09T14:41:28+00:00","mainEntityOfPage":{"@id":"https:\/\/sandzakpress.net\/arhiva\/sandzak-djecak-preminuo-od-gripa\/"},"wordCount":171,"commentCount":0,"publisher":{"@id":"https:\/\/sandzakpress.net\/arhiva\/#\/schema\/person\/6e72b67d6e51910a1117b3b483ba20bd"},"image":{"@id":"https:\/\/sandzakpress.net\/arhiva\/sandzak-djecak-preminuo-od-gripa\/#primaryimage"},"thumbnailUrl":"https:\/\/sandzakpress.net\/arhiva\/wp-content\/uploads\/2017\/01\/temperature-987012_960_720.jpg","articleSection":["Berane","Hronika","VA\u017dNO!"],"inLanguage":"bs-BA","potentialAction":[{"@type":"CommentAction","name":"Comment","target":["https:\/\/sandzakpress.net\/arhiva\/sandzak-djecak-preminuo-od-gripa\/#respond"]}]},{"@type":"WebPage","@id":"https:\/\/sandzakpress.net\/arhiva\/sandzak-djecak-preminuo-od-gripa\/","url":"https:\/\/sandzakpress.net\/arhiva\/sandzak-djecak-preminuo-od-gripa\/","name":"Sand\u017eak - Dje\u010dak preminuo od gripa","isPartOf":{"@id":"https:\/\/sandzakpress.net\/arhiva\/#website"},"primaryImageOfPage":{"@id":"https:\/\/sandzakpress.net\/arhiva\/sandzak-djecak-preminuo-od-gripa\/#primaryimage"},"image":{"@id":"https:\/\/sandzakpress.net\/arhiva\/sandzak-djecak-preminuo-od-gripa\/#primaryimage"},"thumbnailUrl":"https:\/\/sandzakpress.net\/arhiva\/wp-content\/uploads\/2017\/01\/temperature-987012_960_720.jpg","datePublished":"2017-01-09T14:41:28+00:00","breadcrumb":{"@id":"https:\/\/sandzakpress.net\/arhiva\/sandzak-djecak-preminuo-od-gripa\/#breadcrumb"},"inLanguage":"bs-BA","potentialAction":[{"@type":"ReadAction","target":["https:\/\/sandzakpress.net\/arhiva\/sandzak-djecak-preminuo-od-gripa\/"]}]},{"@type":"ImageObject","inLanguage":"bs-BA","@id":"https:\/\/sandzakpress.net\/arhiva\/sandzak-djecak-preminuo-od-gripa\/#primaryimage","url":"https:\/\/sandzakpress.net\/arhiva\/wp-content\/uploads\/2017\/01\/temperature-987012_960_720.jpg","contentUrl":"https:\/\/sandzakpress.net\/arhiva\/wp-content\/uploads\/2017\/01\/temperature-987012_960_720.jpg","width":720,"height":720},{"@type":"BreadcrumbList","@id":"https:\/\/sandzakpress.net\/arhiva\/sandzak-djecak-preminuo-od-gripa\/#breadcrumb","itemListElement":[{"@type":"ListItem","position":1,"name":"Home","item":"https:\/\/sandzakpress.net\/arhiva\/"},{"@type":"ListItem","position":2,"name":"Sand\u017eak &#8211; Dje\u010dak preminuo od gripa"}]},{"@type":"WebSite","@id":"https:\/\/sandzakpress.net\/arhiva\/#website","url":"https:\/\/sandzakpress.net\/arhiva\/","name":"Sand\u017eak PRESS","description":"Prve elektronske novine u Sand\u017eaku","publisher":{"@id":"https:\/\/sandzakpress.net\/arhiva\/#\/schema\/person\/6e72b67d6e51910a1117b3b483ba20bd"},"potentialAction":[{"@type":"SearchAction","target":{"@type":"EntryPoint","urlTemplate":"https:\/\/sandzakpress.net\/arhiva\/?s={search_term_string}"},"query-input":{"@type":"PropertyValueSpecification","valueRequired":true,"valueName":"search_term_string"}}],"inLanguage":"bs-BA"},{"@type":["Person","Organization"],"@id":"https:\/\/sandzakpress.net\/arhiva\/#\/schema\/person\/6e72b67d6e51910a1117b3b483ba20bd","name":"Kul","image":{"@type":"ImageObject","inLanguage":"bs-BA","@id":"https:\/\/sandzakpress.net\/arhiva\/#\/schema\/person\/image\/","url":"https:\/\/secure.gravatar.com\/avatar\/42263f39aa27ac04c43cab85c280eb2e?s=96&d=mm&r=pg","contentUrl":"https:\/\/secure.gravatar.com\/avatar\/42263f39aa27ac04c43cab85c280eb2e?s=96&d=mm&r=pg","caption":"Kul"},"logo":{"@id":"https:\/\/sandzakpress.net\/arhiva\/#\/schema\/person\/image\/"}},{"@type":"Person","@id":"https:\/\/sandzakpress.net\/arhiva\/#\/schema\/person\/c8baee722073534b583ea7bdb2e36c02","name":"bosniak","image":{"@type":"ImageObject","inLanguage":"bs-BA","@id":"https:\/\/sandzakpress.net\/arhiva\/#\/schema\/person\/image\/","url":"https:\/\/secure.gravatar.com\/avatar\/a04fd330bfe3a36a72a0ad4a6d89fca7?s=96&d=mm&r=pg","contentUrl":"https:\/\/secure.gravatar.com\/avatar\/a04fd330bfe3a36a72a0ad4a6d89fca7?s=96&d=mm&r=pg","caption":"bosniak"},"url":"https:\/\/sandzakpress.net\/arhiva\/author\/bosniak\/"}]}},"_links":{"self":[{"href":"https:\/\/sandzakpress.net\/arhiva\/wp-json\/wp\/v2\/posts\/176509"}],"collection":[{"href":"https:\/\/sandzakpress.net\/arhiva\/wp-json\/wp\/v2\/posts"}],"about":[{"href":"https:\/\/sandzakpress.net\/arhiva\/wp-json\/wp\/v2\/types\/post"}],"author":[{"embeddable":true,"href":"https:\/\/sandzakpress.net\/arhiva\/wp-json\/wp\/v2\/users\/83"}],"replies":[{"embeddable":true,"href":"https:\/\/sandzakpress.net\/arhiva\/wp-json\/wp\/v2\/comments?post=176509"}],"version-history":[{"count":0,"href":"https:\/\/sandzakpress.net\/arhiva\/wp-json\/wp\/v2\/posts\/176509\/revisions"}],"wp:featuredmedia":[{"embeddable":true,"href":"https:\/\/sandzakpress.net\/arhiva\/wp-json\/wp\/v2\/media\/176510"}],"wp:attachment":[{"href":"https:\/\/sandzakpress.net\/arhiva\/wp-json\/wp\/v2\/media?parent=176509"}],"wp:term":[{"taxonomy":"category","embeddable":true,"href":"https:\/\/sandzakpress.net\/arhiva\/wp-json\/wp\/v2\/categories?post=176509"},{"taxonomy":"post_tag","embeddable":true,"href":"https:\/\/sandzakpress.net\/arhiva\/wp-json\/wp\/v2\/tags?post=176509"}],"curies":[{"name":"wp","href":"https:\/\/api.w.org\/{rel}","templated":true}]}}