{"id":176313,"date":"2017-01-06T12:44:15","date_gmt":"2017-01-06T11:44:15","guid":{"rendered":"https:\/\/sandzakpress.net\/arhiva\/na-istocnim-granicama-nato-a-4-000-americkih-vojnika"},"modified":"2017-01-06T12:44:15","modified_gmt":"2017-01-06T11:44:15","slug":"na-istocnim-granicama-nato-a-4-000-americkih-vojnika","status":"publish","type":"post","link":"https:\/\/sandzakpress.net\/arhiva\/na-istocnim-granicama-nato-a-4-000-americkih-vojnika\/","title":{"rendered":"Na isto\u010dnim granicama NATO-a 4.000 ameri\u010dkih vojnika"},"content":{"rendered":"<p><span class=\"cb-itemprop\"><\/p>\n<p><img decoding=\"async\" src=\"http:\/\/balkans.aljazeera.net\/sites\/default\/files\/styles\/d8\/public\/nato-vojnici-obuka-helikopter-epa-main_1.jpg?itok=AKr2cfy6\" \/><\/p>\n<p><strong>Zapad \u2013 Pro\u0161le srijede u njema\u010dku luku Bremenhaven uplovio je brod s vojnom opremom, a najavljeno je da \u0107e u nedjelju uploviti jo\u0161 dva.<\/strong><\/p>\n<p>NATO raspore\u0111uje 4.000 ameri\u010dkih vojnika po svojim isto\u010dnim granicama, a oni su dio operacije \u201cAtlantic Resolve\u201d i trebali bi pokazati da je pakt jo\u0161 uvijek stabilan, prenosi Spiegel.<\/p>\n<p>Pro\u0161le srijede u njema\u010dku luku Bremenhaven uplovio je brod s vojnom opremom, a najavljeno je da \u0107e u nedjelju uploviti jo\u0161 dva.<\/p>\n<p>Ovim potezom SAD \u0107e mo\u0107i izbliza posmatrati ruske operacije, a pogotovo ih zanima razvoj doga\u0111aja na Krimu nakon ruske aneksije 2014. godine, prenosi Independent.<\/p>\n<p>General Raymond Thomas, \u0161ef Komande specijalnih operacija u Pentagonu, kazao je da je balti\u010dkim zemljama prijeko potrebna ameri\u010dka pomo\u0107 zbog mogu\u0107e ruske agresije.<\/p>\n<p>Glasnogovornica Ministarstva odbrane Litvanije Asta Galdikaite potvrdila je da je SAD ponudio \u201cdodatnu sigurnost\u201d.<\/p>\n<p><strong>Klju\u010dni odnosi SAD-a i Rusije<\/strong><\/p>\n<p>Rusija vidi ovaj potez Alijanse kao provokaciju, ali mnogi analiti\u010dari smatraju da \u0107e se od 20. januara, kada Donald Trump stupi na du\u017enost ameri\u010dkog predsjednika, odnosi SAD-a i Rusije pobolj\u0161ati.<\/p>\n<p>Zapadni zvani\u010dnici ranije su rekli kako \u0107e SAD osigurati dva bataljona vojnika, a Njema\u010dka i Velika Britanija preostala dva.<\/p>\n<p>Rusija brani svoju poja\u010danu vojnu aktivnost tvrdnjama kako su one odgovor ja\u010danju broja snaga NATO-a, kao i agresivnosti prema Moskvi.<\/p>\n<p>Zvani\u010dnici NATO-a ka\u017eu kako \u017eele osigurati da su snage multinacionalne u najve\u0107oj mogu\u0107oj mjeri, te su pozvali manje savezni\u010dke snage da daju doprinos ovim snagama.<\/p>\n<p>Izvor: Agencije<\/p>\n<p><\/span><br \/>\nPogledajte vijest na izvornom sajtu:<\/p>\n<p><a href=\"http:\/\/islampress.net\/na-istocnim-granicama-nato-a-4-000-americkih-vojnika\/\" target=\"_blank\">Na isto\u010dnim granicama NATO-a 4.000 ameri\u010dkih vojnika<\/a><\/p>\n","protected":false},"excerpt":{"rendered":"<p>Zapad \u2013 Pro\u0161le srijede u njema\u010dku luku Bremenhaven uplovio je brod s vojnom opremom, a najavljeno je da \u0107e u nedjelju uploviti jo\u0161 dva. NATO raspore\u0111uje 4.000 ameri\u010dkih vojnika po svojim isto\u010dnim granicama, a oni su dio operacije \u201cAtlantic Resolve\u201d i trebali bi pokazati da je pakt jo\u0161 uvijek stabilan, prenosi Spiegel. Pro\u0161le srijede u [&hellip;]<\/p>\n","protected":false},"author":83,"featured_media":176314,"comment_status":"open","ping_status":"open","sticky":false,"template":"","format":"standard","meta":{"footnotes":""},"categories":[9],"tags":[10499],"class_list":{"0":"post-176313","1":"post","2":"type-post","3":"status-publish","4":"format-standard","5":"has-post-thumbnail","7":"category-svijet","8":"tag-a"},"yoast_head":"<!-- This site is optimized with the Yoast SEO Premium plugin v23.1 (Yoast SEO v24.9) - https:\/\/yoast.com\/wordpress\/plugins\/seo\/ -->\n<title>Na isto\u010dnim granicama NATO-a 4.000 ameri\u010dkih vojnika<\/title>\n<meta name=\"robots\" content=\"index, follow, max-snippet:-1, max-image-preview:large, max-video-preview:-1\" \/>\n<link rel=\"canonical\" href=\"https:\/\/sandzakpress.net\/arhiva\/na-istocnim-granicama-nato-a-4-000-americkih-vojnika\/\" \/>\n<meta property=\"og:locale\" content=\"bs_BA\" \/>\n<meta property=\"og:type\" content=\"article\" \/>\n<meta property=\"og:title\" content=\"Na isto\u010dnim granicama NATO-a 4.000 ameri\u010dkih vojnika\" \/>\n<meta property=\"og:description\" content=\"Zapad \u2013 Pro\u0161le srijede u njema\u010dku luku Bremenhaven uplovio je brod s vojnom opremom, a najavljeno je da \u0107e u nedjelju uploviti jo\u0161 dva. NATO raspore\u0111uje 4.000 ameri\u010dkih vojnika po svojim isto\u010dnim granicama, a oni su dio operacije \u201cAtlantic Resolve\u201d i trebali bi pokazati da je pakt jo\u0161 uvijek stabilan, prenosi Spiegel. Pro\u0161le srijede u [&hellip;]\" \/>\n<meta property=\"og:url\" content=\"https:\/\/sandzakpress.net\/arhiva\/na-istocnim-granicama-nato-a-4-000-americkih-vojnika\/\" \/>\n<meta property=\"og:site_name\" content=\"Sand\u017eak PRESS\" \/>\n<meta property=\"article:published_time\" content=\"2017-01-06T11:44:15+00:00\" \/>\n<meta property=\"og:image\" content=\"https:\/\/sandzakpress.net\/arhiva\/wp-content\/uploads\/2017\/01\/nato-vojnici-obuka-helikopter-epa-main_1.jpg\" \/>\n\t<meta property=\"og:image:width\" content=\"770\" \/>\n\t<meta property=\"og:image:height\" content=\"433\" \/>\n\t<meta property=\"og:image:type\" content=\"image\/jpeg\" \/>\n<meta name=\"author\" content=\"bosniak\" \/>\n<meta name=\"twitter:card\" content=\"summary_large_image\" \/>\n<meta name=\"twitter:label1\" content=\"Written by\" \/>\n\t<meta name=\"twitter:data1\" content=\"bosniak\" \/>\n\t<meta name=\"twitter:label2\" content=\"Est. reading time\" \/>\n\t<meta name=\"twitter:data2\" content=\"1 minuta\" \/>\n<script type=\"application\/ld+json\" class=\"yoast-schema-graph\">{\"@context\":\"https:\/\/schema.org\",\"@graph\":[{\"@type\":\"Article\",\"@id\":\"https:\/\/sandzakpress.net\/arhiva\/na-istocnim-granicama-nato-a-4-000-americkih-vojnika\/#article\",\"isPartOf\":{\"@id\":\"https:\/\/sandzakpress.net\/arhiva\/na-istocnim-granicama-nato-a-4-000-americkih-vojnika\/\"},\"author\":{\"name\":\"bosniak\",\"@id\":\"https:\/\/sandzakpress.net\/arhiva\/#\/schema\/person\/c8baee722073534b583ea7bdb2e36c02\"},\"headline\":\"Na isto\u010dnim granicama NATO-a 4.000 ameri\u010dkih vojnika\",\"datePublished\":\"2017-01-06T11:44:15+00:00\",\"mainEntityOfPage\":{\"@id\":\"https:\/\/sandzakpress.net\/arhiva\/na-istocnim-granicama-nato-a-4-000-americkih-vojnika\/\"},\"wordCount\":279,\"commentCount\":1,\"publisher\":{\"@id\":\"https:\/\/sandzakpress.net\/arhiva\/#\/schema\/person\/6e72b67d6e51910a1117b3b483ba20bd\"},\"image\":{\"@id\":\"https:\/\/sandzakpress.net\/arhiva\/na-istocnim-granicama-nato-a-4-000-americkih-vojnika\/#primaryimage\"},\"thumbnailUrl\":\"https:\/\/sandzakpress.net\/arhiva\/wp-content\/uploads\/2017\/01\/nato-vojnici-obuka-helikopter-epa-main_1.jpg\",\"keywords\":[\"A\"],\"articleSection\":[\"Svijet\"],\"inLanguage\":\"bs-BA\",\"potentialAction\":[{\"@type\":\"CommentAction\",\"name\":\"Comment\",\"target\":[\"https:\/\/sandzakpress.net\/arhiva\/na-istocnim-granicama-nato-a-4-000-americkih-vojnika\/#respond\"]}]},{\"@type\":\"WebPage\",\"@id\":\"https:\/\/sandzakpress.net\/arhiva\/na-istocnim-granicama-nato-a-4-000-americkih-vojnika\/\",\"url\":\"https:\/\/sandzakpress.net\/arhiva\/na-istocnim-granicama-nato-a-4-000-americkih-vojnika\/\",\"name\":\"Na isto\u010dnim granicama NATO-a 4.000 ameri\u010dkih vojnika\",\"isPartOf\":{\"@id\":\"https:\/\/sandzakpress.net\/arhiva\/#website\"},\"primaryImageOfPage\":{\"@id\":\"https:\/\/sandzakpress.net\/arhiva\/na-istocnim-granicama-nato-a-4-000-americkih-vojnika\/#primaryimage\"},\"image\":{\"@id\":\"https:\/\/sandzakpress.net\/arhiva\/na-istocnim-granicama-nato-a-4-000-americkih-vojnika\/#primaryimage\"},\"thumbnailUrl\":\"https:\/\/sandzakpress.net\/arhiva\/wp-content\/uploads\/2017\/01\/nato-vojnici-obuka-helikopter-epa-main_1.jpg\",\"datePublished\":\"2017-01-06T11:44:15+00:00\",\"breadcrumb\":{\"@id\":\"https:\/\/sandzakpress.net\/arhiva\/na-istocnim-granicama-nato-a-4-000-americkih-vojnika\/#breadcrumb\"},\"inLanguage\":\"bs-BA\",\"potentialAction\":[{\"@type\":\"ReadAction\",\"target\":[\"https:\/\/sandzakpress.net\/arhiva\/na-istocnim-granicama-nato-a-4-000-americkih-vojnika\/\"]}]},{\"@type\":\"ImageObject\",\"inLanguage\":\"bs-BA\",\"@id\":\"https:\/\/sandzakpress.net\/arhiva\/na-istocnim-granicama-nato-a-4-000-americkih-vojnika\/#primaryimage\",\"url\":\"https:\/\/sandzakpress.net\/arhiva\/wp-content\/uploads\/2017\/01\/nato-vojnici-obuka-helikopter-epa-main_1.jpg\",\"contentUrl\":\"https:\/\/sandzakpress.net\/arhiva\/wp-content\/uploads\/2017\/01\/nato-vojnici-obuka-helikopter-epa-main_1.jpg\",\"width\":770,\"height\":433},{\"@type\":\"BreadcrumbList\",\"@id\":\"https:\/\/sandzakpress.net\/arhiva\/na-istocnim-granicama-nato-a-4-000-americkih-vojnika\/#breadcrumb\",\"itemListElement\":[{\"@type\":\"ListItem\",\"position\":1,\"name\":\"Home\",\"item\":\"https:\/\/sandzakpress.net\/arhiva\/\"},{\"@type\":\"ListItem\",\"position\":2,\"name\":\"Na isto\u010dnim granicama NATO-a 4.000 ameri\u010dkih vojnika\"}]},{\"@type\":\"WebSite\",\"@id\":\"https:\/\/sandzakpress.net\/arhiva\/#website\",\"url\":\"https:\/\/sandzakpress.net\/arhiva\/\",\"name\":\"Sand\u017eak PRESS\",\"description\":\"Prve elektronske novine u Sand\u017eaku\",\"publisher\":{\"@id\":\"https:\/\/sandzakpress.net\/arhiva\/#\/schema\/person\/6e72b67d6e51910a1117b3b483ba20bd\"},\"potentialAction\":[{\"@type\":\"SearchAction\",\"target\":{\"@type\":\"EntryPoint\",\"urlTemplate\":\"https:\/\/sandzakpress.net\/arhiva\/?s={search_term_string}\"},\"query-input\":{\"@type\":\"PropertyValueSpecification\",\"valueRequired\":true,\"valueName\":\"search_term_string\"}}],\"inLanguage\":\"bs-BA\"},{\"@type\":[\"Person\",\"Organization\"],\"@id\":\"https:\/\/sandzakpress.net\/arhiva\/#\/schema\/person\/6e72b67d6e51910a1117b3b483ba20bd\",\"name\":\"Kul\",\"image\":{\"@type\":\"ImageObject\",\"inLanguage\":\"bs-BA\",\"@id\":\"https:\/\/sandzakpress.net\/arhiva\/#\/schema\/person\/image\/\",\"url\":\"https:\/\/secure.gravatar.com\/avatar\/42263f39aa27ac04c43cab85c280eb2e?s=96&d=mm&r=pg\",\"contentUrl\":\"https:\/\/secure.gravatar.com\/avatar\/42263f39aa27ac04c43cab85c280eb2e?s=96&d=mm&r=pg\",\"caption\":\"Kul\"},\"logo\":{\"@id\":\"https:\/\/sandzakpress.net\/arhiva\/#\/schema\/person\/image\/\"}},{\"@type\":\"Person\",\"@id\":\"https:\/\/sandzakpress.net\/arhiva\/#\/schema\/person\/c8baee722073534b583ea7bdb2e36c02\",\"name\":\"bosniak\",\"image\":{\"@type\":\"ImageObject\",\"inLanguage\":\"bs-BA\",\"@id\":\"https:\/\/sandzakpress.net\/arhiva\/#\/schema\/person\/image\/\",\"url\":\"https:\/\/secure.gravatar.com\/avatar\/a04fd330bfe3a36a72a0ad4a6d89fca7?s=96&d=mm&r=pg\",\"contentUrl\":\"https:\/\/secure.gravatar.com\/avatar\/a04fd330bfe3a36a72a0ad4a6d89fca7?s=96&d=mm&r=pg\",\"caption\":\"bosniak\"},\"url\":\"https:\/\/sandzakpress.net\/arhiva\/author\/bosniak\/\"}]}<\/script>\n<!-- \/ Yoast SEO Premium plugin. -->","yoast_head_json":{"title":"Na isto\u010dnim granicama NATO-a 4.000 ameri\u010dkih vojnika","robots":{"index":"index","follow":"follow","max-snippet":"max-snippet:-1","max-image-preview":"max-image-preview:large","max-video-preview":"max-video-preview:-1"},"canonical":"https:\/\/sandzakpress.net\/arhiva\/na-istocnim-granicama-nato-a-4-000-americkih-vojnika\/","og_locale":"bs_BA","og_type":"article","og_title":"Na isto\u010dnim granicama NATO-a 4.000 ameri\u010dkih vojnika","og_description":"Zapad \u2013 Pro\u0161le srijede u njema\u010dku luku Bremenhaven uplovio je brod s vojnom opremom, a najavljeno je da \u0107e u nedjelju uploviti jo\u0161 dva. NATO raspore\u0111uje 4.000 ameri\u010dkih vojnika po svojim isto\u010dnim granicama, a oni su dio operacije \u201cAtlantic Resolve\u201d i trebali bi pokazati da je pakt jo\u0161 uvijek stabilan, prenosi Spiegel. Pro\u0161le srijede u [&hellip;]","og_url":"https:\/\/sandzakpress.net\/arhiva\/na-istocnim-granicama-nato-a-4-000-americkih-vojnika\/","og_site_name":"Sand\u017eak PRESS","article_published_time":"2017-01-06T11:44:15+00:00","og_image":[{"width":770,"height":433,"url":"https:\/\/sandzakpress.net\/arhiva\/wp-content\/uploads\/2017\/01\/nato-vojnici-obuka-helikopter-epa-main_1.jpg","type":"image\/jpeg"}],"author":"bosniak","twitter_card":"summary_large_image","twitter_misc":{"Written by":"bosniak","Est. reading time":"1 minuta"},"schema":{"@context":"https:\/\/schema.org","@graph":[{"@type":"Article","@id":"https:\/\/sandzakpress.net\/arhiva\/na-istocnim-granicama-nato-a-4-000-americkih-vojnika\/#article","isPartOf":{"@id":"https:\/\/sandzakpress.net\/arhiva\/na-istocnim-granicama-nato-a-4-000-americkih-vojnika\/"},"author":{"name":"bosniak","@id":"https:\/\/sandzakpress.net\/arhiva\/#\/schema\/person\/c8baee722073534b583ea7bdb2e36c02"},"headline":"Na isto\u010dnim granicama NATO-a 4.000 ameri\u010dkih vojnika","datePublished":"2017-01-06T11:44:15+00:00","mainEntityOfPage":{"@id":"https:\/\/sandzakpress.net\/arhiva\/na-istocnim-granicama-nato-a-4-000-americkih-vojnika\/"},"wordCount":279,"commentCount":1,"publisher":{"@id":"https:\/\/sandzakpress.net\/arhiva\/#\/schema\/person\/6e72b67d6e51910a1117b3b483ba20bd"},"image":{"@id":"https:\/\/sandzakpress.net\/arhiva\/na-istocnim-granicama-nato-a-4-000-americkih-vojnika\/#primaryimage"},"thumbnailUrl":"https:\/\/sandzakpress.net\/arhiva\/wp-content\/uploads\/2017\/01\/nato-vojnici-obuka-helikopter-epa-main_1.jpg","keywords":["A"],"articleSection":["Svijet"],"inLanguage":"bs-BA","potentialAction":[{"@type":"CommentAction","name":"Comment","target":["https:\/\/sandzakpress.net\/arhiva\/na-istocnim-granicama-nato-a-4-000-americkih-vojnika\/#respond"]}]},{"@type":"WebPage","@id":"https:\/\/sandzakpress.net\/arhiva\/na-istocnim-granicama-nato-a-4-000-americkih-vojnika\/","url":"https:\/\/sandzakpress.net\/arhiva\/na-istocnim-granicama-nato-a-4-000-americkih-vojnika\/","name":"Na isto\u010dnim granicama NATO-a 4.000 ameri\u010dkih vojnika","isPartOf":{"@id":"https:\/\/sandzakpress.net\/arhiva\/#website"},"primaryImageOfPage":{"@id":"https:\/\/sandzakpress.net\/arhiva\/na-istocnim-granicama-nato-a-4-000-americkih-vojnika\/#primaryimage"},"image":{"@id":"https:\/\/sandzakpress.net\/arhiva\/na-istocnim-granicama-nato-a-4-000-americkih-vojnika\/#primaryimage"},"thumbnailUrl":"https:\/\/sandzakpress.net\/arhiva\/wp-content\/uploads\/2017\/01\/nato-vojnici-obuka-helikopter-epa-main_1.jpg","datePublished":"2017-01-06T11:44:15+00:00","breadcrumb":{"@id":"https:\/\/sandzakpress.net\/arhiva\/na-istocnim-granicama-nato-a-4-000-americkih-vojnika\/#breadcrumb"},"inLanguage":"bs-BA","potentialAction":[{"@type":"ReadAction","target":["https:\/\/sandzakpress.net\/arhiva\/na-istocnim-granicama-nato-a-4-000-americkih-vojnika\/"]}]},{"@type":"ImageObject","inLanguage":"bs-BA","@id":"https:\/\/sandzakpress.net\/arhiva\/na-istocnim-granicama-nato-a-4-000-americkih-vojnika\/#primaryimage","url":"https:\/\/sandzakpress.net\/arhiva\/wp-content\/uploads\/2017\/01\/nato-vojnici-obuka-helikopter-epa-main_1.jpg","contentUrl":"https:\/\/sandzakpress.net\/arhiva\/wp-content\/uploads\/2017\/01\/nato-vojnici-obuka-helikopter-epa-main_1.jpg","width":770,"height":433},{"@type":"BreadcrumbList","@id":"https:\/\/sandzakpress.net\/arhiva\/na-istocnim-granicama-nato-a-4-000-americkih-vojnika\/#breadcrumb","itemListElement":[{"@type":"ListItem","position":1,"name":"Home","item":"https:\/\/sandzakpress.net\/arhiva\/"},{"@type":"ListItem","position":2,"name":"Na isto\u010dnim granicama NATO-a 4.000 ameri\u010dkih vojnika"}]},{"@type":"WebSite","@id":"https:\/\/sandzakpress.net\/arhiva\/#website","url":"https:\/\/sandzakpress.net\/arhiva\/","name":"Sand\u017eak PRESS","description":"Prve elektronske novine u Sand\u017eaku","publisher":{"@id":"https:\/\/sandzakpress.net\/arhiva\/#\/schema\/person\/6e72b67d6e51910a1117b3b483ba20bd"},"potentialAction":[{"@type":"SearchAction","target":{"@type":"EntryPoint","urlTemplate":"https:\/\/sandzakpress.net\/arhiva\/?s={search_term_string}"},"query-input":{"@type":"PropertyValueSpecification","valueRequired":true,"valueName":"search_term_string"}}],"inLanguage":"bs-BA"},{"@type":["Person","Organization"],"@id":"https:\/\/sandzakpress.net\/arhiva\/#\/schema\/person\/6e72b67d6e51910a1117b3b483ba20bd","name":"Kul","image":{"@type":"ImageObject","inLanguage":"bs-BA","@id":"https:\/\/sandzakpress.net\/arhiva\/#\/schema\/person\/image\/","url":"https:\/\/secure.gravatar.com\/avatar\/42263f39aa27ac04c43cab85c280eb2e?s=96&d=mm&r=pg","contentUrl":"https:\/\/secure.gravatar.com\/avatar\/42263f39aa27ac04c43cab85c280eb2e?s=96&d=mm&r=pg","caption":"Kul"},"logo":{"@id":"https:\/\/sandzakpress.net\/arhiva\/#\/schema\/person\/image\/"}},{"@type":"Person","@id":"https:\/\/sandzakpress.net\/arhiva\/#\/schema\/person\/c8baee722073534b583ea7bdb2e36c02","name":"bosniak","image":{"@type":"ImageObject","inLanguage":"bs-BA","@id":"https:\/\/sandzakpress.net\/arhiva\/#\/schema\/person\/image\/","url":"https:\/\/secure.gravatar.com\/avatar\/a04fd330bfe3a36a72a0ad4a6d89fca7?s=96&d=mm&r=pg","contentUrl":"https:\/\/secure.gravatar.com\/avatar\/a04fd330bfe3a36a72a0ad4a6d89fca7?s=96&d=mm&r=pg","caption":"bosniak"},"url":"https:\/\/sandzakpress.net\/arhiva\/author\/bosniak\/"}]}},"_links":{"self":[{"href":"https:\/\/sandzakpress.net\/arhiva\/wp-json\/wp\/v2\/posts\/176313"}],"collection":[{"href":"https:\/\/sandzakpress.net\/arhiva\/wp-json\/wp\/v2\/posts"}],"about":[{"href":"https:\/\/sandzakpress.net\/arhiva\/wp-json\/wp\/v2\/types\/post"}],"author":[{"embeddable":true,"href":"https:\/\/sandzakpress.net\/arhiva\/wp-json\/wp\/v2\/users\/83"}],"replies":[{"embeddable":true,"href":"https:\/\/sandzakpress.net\/arhiva\/wp-json\/wp\/v2\/comments?post=176313"}],"version-history":[{"count":0,"href":"https:\/\/sandzakpress.net\/arhiva\/wp-json\/wp\/v2\/posts\/176313\/revisions"}],"wp:featuredmedia":[{"embeddable":true,"href":"https:\/\/sandzakpress.net\/arhiva\/wp-json\/wp\/v2\/media\/176314"}],"wp:attachment":[{"href":"https:\/\/sandzakpress.net\/arhiva\/wp-json\/wp\/v2\/media?parent=176313"}],"wp:term":[{"taxonomy":"category","embeddable":true,"href":"https:\/\/sandzakpress.net\/arhiva\/wp-json\/wp\/v2\/categories?post=176313"},{"taxonomy":"post_tag","embeddable":true,"href":"https:\/\/sandzakpress.net\/arhiva\/wp-json\/wp\/v2\/tags?post=176313"}],"curies":[{"name":"wp","href":"https:\/\/api.w.org\/{rel}","templated":true}]}}