{"id":17620,"date":"2011-06-30T10:16:06","date_gmt":"2011-06-30T08:16:06","guid":{"rendered":"https:\/\/sandzakpress.net\/arhiva\/?p=17620"},"modified":"2011-06-30T10:16:06","modified_gmt":"2011-06-30T08:16:06","slug":"promocija-filma-o-srebrenici-u-minhenu","status":"publish","type":"post","link":"https:\/\/sandzakpress.net\/arhiva\/promocija-filma-o-srebrenici-u-minhenu\/","title":{"rendered":"Promocija filma o Srebrenici u Minhenu"},"content":{"rendered":"<p><strong><a href=\"https:\/\/sandzakpress.net\/arhiva\/wp-content\/uploads\/2011\/06\/minhen-1.jpg\"><img loading=\"lazy\" decoding=\"async\" class=\"alignleft size-medium wp-image-17621\" src=\"https:\/\/sandzakpress.net\/arhiva\/wp-content\/uploads\/2011\/06\/minhen-1-300x214.jpg\" alt=\"\" width=\"300\" height=\"214\" \/><\/a>Evropa &#8211; Udru\u017eenje Centar savremenih inicijativa\u00a0Njema\u010dka (CSI), u saradnji sa  udru\u017eenjima &#8220;Sadake&#8221; i\u00a0&#8220;Hilfe von Mensch zu Mensch&#8221;, organizira  promociju filma i predavanja na temu \u201e\u017divot poslije genocida &#8211;  svakodnevnica i \u010deznje stanovnika Srebrenice.<\/strong><\/p>\n<p>Prezentacija dokumentarnog filma \u201eSREBRENICA 360\u00b0&#8221;, autorice Koni  Kipfer i Renate Mecger odr\u017eat \u0107e se u ponedjeljak, 11. jula 2011. u  19:30 sati, u Kulturhaus (Ku\u0107a kulture) Milbertshofen, Schlei\u00dfheimerstr.  332, u M\u00fcnchenu.<\/p>\n<p>Tom priliko prisutnima \u0107e se obratiti dr. Kristijan \u0160varc-\u0160iling  (Christian Schwarz-Schilling), biv\u0161i visoki predstavnik u Bosni i  Hercegovini, Renate Mecger-Braitenfelner (Metzger-Breitenfellner),  autorica filma, Oliver Belik, gradski vije\u0107nik Minhena, i predstavnik  generalnog kunzulata Bosne i Hercegovine u Minhenu. Voditeljica programa  bit \u0107e Doris Hening (Henning).<\/p>\n<p>Izvor<strong>: Rijaset.ba<\/strong><\/p>\n","protected":false},"excerpt":{"rendered":"<p>Evropa &#8211; Udru\u017eenje Centar savremenih inicijativa\u00a0Njema\u010dka (CSI), u saradnji sa udru\u017eenjima &#8220;Sadake&#8221; i\u00a0&#8220;Hilfe von Mensch zu Mensch&#8221;, organizira promociju filma i predavanja na temu \u201e\u017divot poslije genocida &#8211; svakodnevnica i \u010deznje stanovnika Srebrenice. Prezentacija dokumentarnog filma \u201eSREBRENICA 360\u00b0&#8221;, autorice Koni Kipfer i Renate Mecger odr\u017eat \u0107e se u ponedjeljak, 11. jula 2011. u 19:30 sati, [&hellip;]<\/p>\n","protected":false},"author":13,"featured_media":17621,"comment_status":"open","ping_status":"open","sticky":false,"template":"","format":"standard","meta":{"footnotes":""},"categories":[5,2693],"tags":[],"class_list":{"0":"post-17620","1":"post","2":"type-post","3":"status-publish","4":"format-standard","5":"has-post-thumbnail","7":"category-drustvo","8":"category-dijaspora-gradovi"},"yoast_head":"<!-- This site is optimized with the Yoast SEO Premium plugin v23.1 (Yoast SEO v24.9) - https:\/\/yoast.com\/wordpress\/plugins\/seo\/ -->\n<title>Promocija filma o Srebrenici u Minhenu<\/title>\n<meta name=\"robots\" content=\"index, follow, max-snippet:-1, max-image-preview:large, max-video-preview:-1\" \/>\n<link rel=\"canonical\" href=\"https:\/\/sandzakpress.net\/arhiva\/promocija-filma-o-srebrenici-u-minhenu\/\" \/>\n<meta property=\"og:locale\" content=\"bs_BA\" \/>\n<meta property=\"og:type\" content=\"article\" \/>\n<meta property=\"og:title\" content=\"Promocija filma o Srebrenici u Minhenu\" \/>\n<meta property=\"og:description\" content=\"Evropa &#8211; Udru\u017eenje Centar savremenih inicijativa\u00a0Njema\u010dka (CSI), u saradnji sa udru\u017eenjima &#8220;Sadake&#8221; i\u00a0&#8220;Hilfe von Mensch zu Mensch&#8221;, organizira promociju filma i predavanja na temu \u201e\u017divot poslije genocida &#8211; svakodnevnica i \u010deznje stanovnika Srebrenice. Prezentacija dokumentarnog filma \u201eSREBRENICA 360\u00b0&#8221;, autorice Koni Kipfer i Renate Mecger odr\u017eat \u0107e se u ponedjeljak, 11. jula 2011. u 19:30 sati, [&hellip;]\" \/>\n<meta property=\"og:url\" content=\"https:\/\/sandzakpress.net\/arhiva\/promocija-filma-o-srebrenici-u-minhenu\/\" \/>\n<meta property=\"og:site_name\" content=\"Sand\u017eak PRESS\" \/>\n<meta property=\"article:published_time\" content=\"2011-06-30T08:16:06+00:00\" \/>\n<meta property=\"og:image\" content=\"https:\/\/sandzakpress.net\/arhiva\/wp-content\/uploads\/2011\/06\/minhen-1.jpg\" \/>\n\t<meta property=\"og:image:width\" content=\"516\" \/>\n\t<meta property=\"og:image:height\" content=\"369\" \/>\n\t<meta property=\"og:image:type\" content=\"image\/jpeg\" \/>\n<meta name=\"twitter:card\" content=\"summary_large_image\" \/>\n<meta name=\"twitter:label1\" content=\"Written by\" \/>\n\t<meta name=\"twitter:data1\" content=\"\" \/>\n\t<meta name=\"twitter:label2\" content=\"Est. reading time\" \/>\n\t<meta name=\"twitter:data2\" content=\"1 minuta\" \/>\n<script type=\"application\/ld+json\" class=\"yoast-schema-graph\">{\"@context\":\"https:\/\/schema.org\",\"@graph\":[{\"@type\":\"Article\",\"@id\":\"https:\/\/sandzakpress.net\/arhiva\/promocija-filma-o-srebrenici-u-minhenu\/#article\",\"isPartOf\":{\"@id\":\"https:\/\/sandzakpress.net\/arhiva\/promocija-filma-o-srebrenici-u-minhenu\/\"},\"author\":{\"name\":\"\",\"@id\":\"\"},\"headline\":\"Promocija filma o Srebrenici u Minhenu\",\"datePublished\":\"2011-06-30T08:16:06+00:00\",\"mainEntityOfPage\":{\"@id\":\"https:\/\/sandzakpress.net\/arhiva\/promocija-filma-o-srebrenici-u-minhenu\/\"},\"wordCount\":124,\"commentCount\":0,\"publisher\":{\"@id\":\"https:\/\/sandzakpress.net\/arhiva\/#\/schema\/person\/6e72b67d6e51910a1117b3b483ba20bd\"},\"image\":{\"@id\":\"https:\/\/sandzakpress.net\/arhiva\/promocija-filma-o-srebrenici-u-minhenu\/#primaryimage\"},\"thumbnailUrl\":\"https:\/\/sandzakpress.net\/arhiva\/wp-content\/uploads\/2011\/06\/minhen-1.jpg\",\"articleSection\":[\"Dru\u0161tvo\",\"Evropa\"],\"inLanguage\":\"bs-BA\",\"potentialAction\":[{\"@type\":\"CommentAction\",\"name\":\"Comment\",\"target\":[\"https:\/\/sandzakpress.net\/arhiva\/promocija-filma-o-srebrenici-u-minhenu\/#respond\"]}]},{\"@type\":\"WebPage\",\"@id\":\"https:\/\/sandzakpress.net\/arhiva\/promocija-filma-o-srebrenici-u-minhenu\/\",\"url\":\"https:\/\/sandzakpress.net\/arhiva\/promocija-filma-o-srebrenici-u-minhenu\/\",\"name\":\"Promocija filma o Srebrenici u Minhenu\",\"isPartOf\":{\"@id\":\"https:\/\/sandzakpress.net\/arhiva\/#website\"},\"primaryImageOfPage\":{\"@id\":\"https:\/\/sandzakpress.net\/arhiva\/promocija-filma-o-srebrenici-u-minhenu\/#primaryimage\"},\"image\":{\"@id\":\"https:\/\/sandzakpress.net\/arhiva\/promocija-filma-o-srebrenici-u-minhenu\/#primaryimage\"},\"thumbnailUrl\":\"https:\/\/sandzakpress.net\/arhiva\/wp-content\/uploads\/2011\/06\/minhen-1.jpg\",\"datePublished\":\"2011-06-30T08:16:06+00:00\",\"breadcrumb\":{\"@id\":\"https:\/\/sandzakpress.net\/arhiva\/promocija-filma-o-srebrenici-u-minhenu\/#breadcrumb\"},\"inLanguage\":\"bs-BA\",\"potentialAction\":[{\"@type\":\"ReadAction\",\"target\":[\"https:\/\/sandzakpress.net\/arhiva\/promocija-filma-o-srebrenici-u-minhenu\/\"]}]},{\"@type\":\"ImageObject\",\"inLanguage\":\"bs-BA\",\"@id\":\"https:\/\/sandzakpress.net\/arhiva\/promocija-filma-o-srebrenici-u-minhenu\/#primaryimage\",\"url\":\"https:\/\/sandzakpress.net\/arhiva\/wp-content\/uploads\/2011\/06\/minhen-1.jpg\",\"contentUrl\":\"https:\/\/sandzakpress.net\/arhiva\/wp-content\/uploads\/2011\/06\/minhen-1.jpg\",\"width\":516,\"height\":369},{\"@type\":\"BreadcrumbList\",\"@id\":\"https:\/\/sandzakpress.net\/arhiva\/promocija-filma-o-srebrenici-u-minhenu\/#breadcrumb\",\"itemListElement\":[{\"@type\":\"ListItem\",\"position\":1,\"name\":\"Home\",\"item\":\"https:\/\/sandzakpress.net\/arhiva\/\"},{\"@type\":\"ListItem\",\"position\":2,\"name\":\"Promocija filma o Srebrenici u Minhenu\"}]},{\"@type\":\"WebSite\",\"@id\":\"https:\/\/sandzakpress.net\/arhiva\/#website\",\"url\":\"https:\/\/sandzakpress.net\/arhiva\/\",\"name\":\"Sand\u017eak PRESS\",\"description\":\"Prve elektronske novine u Sand\u017eaku\",\"publisher\":{\"@id\":\"https:\/\/sandzakpress.net\/arhiva\/#\/schema\/person\/6e72b67d6e51910a1117b3b483ba20bd\"},\"potentialAction\":[{\"@type\":\"SearchAction\",\"target\":{\"@type\":\"EntryPoint\",\"urlTemplate\":\"https:\/\/sandzakpress.net\/arhiva\/?s={search_term_string}\"},\"query-input\":{\"@type\":\"PropertyValueSpecification\",\"valueRequired\":true,\"valueName\":\"search_term_string\"}}],\"inLanguage\":\"bs-BA\"},{\"@type\":[\"Person\",\"Organization\"],\"@id\":\"https:\/\/sandzakpress.net\/arhiva\/#\/schema\/person\/6e72b67d6e51910a1117b3b483ba20bd\",\"name\":\"Kul\",\"image\":{\"@type\":\"ImageObject\",\"inLanguage\":\"bs-BA\",\"@id\":\"https:\/\/sandzakpress.net\/arhiva\/#\/schema\/person\/image\/\",\"url\":\"https:\/\/secure.gravatar.com\/avatar\/42263f39aa27ac04c43cab85c280eb2e?s=96&d=mm&r=pg\",\"contentUrl\":\"https:\/\/secure.gravatar.com\/avatar\/42263f39aa27ac04c43cab85c280eb2e?s=96&d=mm&r=pg\",\"caption\":\"Kul\"},\"logo\":{\"@id\":\"https:\/\/sandzakpress.net\/arhiva\/#\/schema\/person\/image\/\"}},{\"@type\":\"Person\",\"@id\":\"\",\"url\":\"https:\/\/sandzakpress.net\/arhiva\/author\/\"}]}<\/script>\n<!-- \/ Yoast SEO Premium plugin. -->","yoast_head_json":{"title":"Promocija filma o Srebrenici u Minhenu","robots":{"index":"index","follow":"follow","max-snippet":"max-snippet:-1","max-image-preview":"max-image-preview:large","max-video-preview":"max-video-preview:-1"},"canonical":"https:\/\/sandzakpress.net\/arhiva\/promocija-filma-o-srebrenici-u-minhenu\/","og_locale":"bs_BA","og_type":"article","og_title":"Promocija filma o Srebrenici u Minhenu","og_description":"Evropa &#8211; Udru\u017eenje Centar savremenih inicijativa\u00a0Njema\u010dka (CSI), u saradnji sa udru\u017eenjima &#8220;Sadake&#8221; i\u00a0&#8220;Hilfe von Mensch zu Mensch&#8221;, organizira promociju filma i predavanja na temu \u201e\u017divot poslije genocida &#8211; svakodnevnica i \u010deznje stanovnika Srebrenice. Prezentacija dokumentarnog filma \u201eSREBRENICA 360\u00b0&#8221;, autorice Koni Kipfer i Renate Mecger odr\u017eat \u0107e se u ponedjeljak, 11. jula 2011. u 19:30 sati, [&hellip;]","og_url":"https:\/\/sandzakpress.net\/arhiva\/promocija-filma-o-srebrenici-u-minhenu\/","og_site_name":"Sand\u017eak PRESS","article_published_time":"2011-06-30T08:16:06+00:00","og_image":[{"width":516,"height":369,"url":"https:\/\/sandzakpress.net\/arhiva\/wp-content\/uploads\/2011\/06\/minhen-1.jpg","type":"image\/jpeg"}],"twitter_card":"summary_large_image","twitter_misc":{"Written by":"","Est. reading time":"1 minuta"},"schema":{"@context":"https:\/\/schema.org","@graph":[{"@type":"Article","@id":"https:\/\/sandzakpress.net\/arhiva\/promocija-filma-o-srebrenici-u-minhenu\/#article","isPartOf":{"@id":"https:\/\/sandzakpress.net\/arhiva\/promocija-filma-o-srebrenici-u-minhenu\/"},"author":{"name":"","@id":""},"headline":"Promocija filma o Srebrenici u Minhenu","datePublished":"2011-06-30T08:16:06+00:00","mainEntityOfPage":{"@id":"https:\/\/sandzakpress.net\/arhiva\/promocija-filma-o-srebrenici-u-minhenu\/"},"wordCount":124,"commentCount":0,"publisher":{"@id":"https:\/\/sandzakpress.net\/arhiva\/#\/schema\/person\/6e72b67d6e51910a1117b3b483ba20bd"},"image":{"@id":"https:\/\/sandzakpress.net\/arhiva\/promocija-filma-o-srebrenici-u-minhenu\/#primaryimage"},"thumbnailUrl":"https:\/\/sandzakpress.net\/arhiva\/wp-content\/uploads\/2011\/06\/minhen-1.jpg","articleSection":["Dru\u0161tvo","Evropa"],"inLanguage":"bs-BA","potentialAction":[{"@type":"CommentAction","name":"Comment","target":["https:\/\/sandzakpress.net\/arhiva\/promocija-filma-o-srebrenici-u-minhenu\/#respond"]}]},{"@type":"WebPage","@id":"https:\/\/sandzakpress.net\/arhiva\/promocija-filma-o-srebrenici-u-minhenu\/","url":"https:\/\/sandzakpress.net\/arhiva\/promocija-filma-o-srebrenici-u-minhenu\/","name":"Promocija filma o Srebrenici u Minhenu","isPartOf":{"@id":"https:\/\/sandzakpress.net\/arhiva\/#website"},"primaryImageOfPage":{"@id":"https:\/\/sandzakpress.net\/arhiva\/promocija-filma-o-srebrenici-u-minhenu\/#primaryimage"},"image":{"@id":"https:\/\/sandzakpress.net\/arhiva\/promocija-filma-o-srebrenici-u-minhenu\/#primaryimage"},"thumbnailUrl":"https:\/\/sandzakpress.net\/arhiva\/wp-content\/uploads\/2011\/06\/minhen-1.jpg","datePublished":"2011-06-30T08:16:06+00:00","breadcrumb":{"@id":"https:\/\/sandzakpress.net\/arhiva\/promocija-filma-o-srebrenici-u-minhenu\/#breadcrumb"},"inLanguage":"bs-BA","potentialAction":[{"@type":"ReadAction","target":["https:\/\/sandzakpress.net\/arhiva\/promocija-filma-o-srebrenici-u-minhenu\/"]}]},{"@type":"ImageObject","inLanguage":"bs-BA","@id":"https:\/\/sandzakpress.net\/arhiva\/promocija-filma-o-srebrenici-u-minhenu\/#primaryimage","url":"https:\/\/sandzakpress.net\/arhiva\/wp-content\/uploads\/2011\/06\/minhen-1.jpg","contentUrl":"https:\/\/sandzakpress.net\/arhiva\/wp-content\/uploads\/2011\/06\/minhen-1.jpg","width":516,"height":369},{"@type":"BreadcrumbList","@id":"https:\/\/sandzakpress.net\/arhiva\/promocija-filma-o-srebrenici-u-minhenu\/#breadcrumb","itemListElement":[{"@type":"ListItem","position":1,"name":"Home","item":"https:\/\/sandzakpress.net\/arhiva\/"},{"@type":"ListItem","position":2,"name":"Promocija filma o Srebrenici u Minhenu"}]},{"@type":"WebSite","@id":"https:\/\/sandzakpress.net\/arhiva\/#website","url":"https:\/\/sandzakpress.net\/arhiva\/","name":"Sand\u017eak PRESS","description":"Prve elektronske novine u Sand\u017eaku","publisher":{"@id":"https:\/\/sandzakpress.net\/arhiva\/#\/schema\/person\/6e72b67d6e51910a1117b3b483ba20bd"},"potentialAction":[{"@type":"SearchAction","target":{"@type":"EntryPoint","urlTemplate":"https:\/\/sandzakpress.net\/arhiva\/?s={search_term_string}"},"query-input":{"@type":"PropertyValueSpecification","valueRequired":true,"valueName":"search_term_string"}}],"inLanguage":"bs-BA"},{"@type":["Person","Organization"],"@id":"https:\/\/sandzakpress.net\/arhiva\/#\/schema\/person\/6e72b67d6e51910a1117b3b483ba20bd","name":"Kul","image":{"@type":"ImageObject","inLanguage":"bs-BA","@id":"https:\/\/sandzakpress.net\/arhiva\/#\/schema\/person\/image\/","url":"https:\/\/secure.gravatar.com\/avatar\/42263f39aa27ac04c43cab85c280eb2e?s=96&d=mm&r=pg","contentUrl":"https:\/\/secure.gravatar.com\/avatar\/42263f39aa27ac04c43cab85c280eb2e?s=96&d=mm&r=pg","caption":"Kul"},"logo":{"@id":"https:\/\/sandzakpress.net\/arhiva\/#\/schema\/person\/image\/"}},{"@type":"Person","@id":"","url":"https:\/\/sandzakpress.net\/arhiva\/author\/"}]}},"_links":{"self":[{"href":"https:\/\/sandzakpress.net\/arhiva\/wp-json\/wp\/v2\/posts\/17620"}],"collection":[{"href":"https:\/\/sandzakpress.net\/arhiva\/wp-json\/wp\/v2\/posts"}],"about":[{"href":"https:\/\/sandzakpress.net\/arhiva\/wp-json\/wp\/v2\/types\/post"}],"author":[{"embeddable":true,"href":"https:\/\/sandzakpress.net\/arhiva\/wp-json\/wp\/v2\/users\/13"}],"replies":[{"embeddable":true,"href":"https:\/\/sandzakpress.net\/arhiva\/wp-json\/wp\/v2\/comments?post=17620"}],"version-history":[{"count":0,"href":"https:\/\/sandzakpress.net\/arhiva\/wp-json\/wp\/v2\/posts\/17620\/revisions"}],"wp:featuredmedia":[{"embeddable":true,"href":"https:\/\/sandzakpress.net\/arhiva\/wp-json\/wp\/v2\/media\/17621"}],"wp:attachment":[{"href":"https:\/\/sandzakpress.net\/arhiva\/wp-json\/wp\/v2\/media?parent=17620"}],"wp:term":[{"taxonomy":"category","embeddable":true,"href":"https:\/\/sandzakpress.net\/arhiva\/wp-json\/wp\/v2\/categories?post=17620"},{"taxonomy":"post_tag","embeddable":true,"href":"https:\/\/sandzakpress.net\/arhiva\/wp-json\/wp\/v2\/tags?post=17620"}],"curies":[{"name":"wp","href":"https:\/\/api.w.org\/{rel}","templated":true}]}}