{"id":176171,"date":"2017-01-05T11:57:58","date_gmt":"2017-01-05T10:57:58","guid":{"rendered":"https:\/\/sandzakpress.net\/arhiva\/?p=176171"},"modified":"2017-01-05T11:57:58","modified_gmt":"2017-01-05T10:57:58","slug":"vucic-u-parlamentu-govorio-19-sati-ljajic-ni-minut","status":"publish","type":"post","link":"https:\/\/sandzakpress.net\/arhiva\/vucic-u-parlamentu-govorio-19-sati-ljajic-ni-minut\/","title":{"rendered":"Vu\u010di\u0107 u parlamentu govorio 19 sati, Ljaji\u0107 ni minut"},"content":{"rendered":"<p><img decoding=\"async\" src=\"http:\/\/www.sandzaklive.rs\/images\/2\/vucic_govori.jpg\" alt=\"vucic govori\" \/><\/p>\n<p><strong>Od po\u010detka avgusta do kraja 2016. godine predsjednik Vlade Srbije Aleksandar Vu\u010di\u0107 u parlamentu je govorio \u010dak 19 sati, dok ministri Rasim Ljaji\u0107 i Milan Krkobabi\u0107 nisu prozborili niti rije\u010d.<\/strong><\/p>\n<div>Vu\u010di\u0107 je samo o svom ekspozeu, u kojem je izlagao prioritete svoje druge vlade, govorio \u010dak pet sati i 20 minuta, te postavio apsolutni rekord u njegovom izlaganju. Za ne\u0161to manje od \u010detiri mjesec premijer je sa ostalim poslanicima polemisao ukupno 19 sati i 20 minuta, \u0161to je samo sedam sati manje od svih ministara koji su u\u010destvovali u raspravama.<\/div>\n<div>\u00a0<\/div>\n<div>\n<div>Kako pi\u0161e &#8220;Politika&#8221;, jedina dva ministra koja nisu ni re\u010d progovorila, a svratili su u parlament nekoliko puta, jesu Rasim Ljaji\u0107 i Milan Krkobabi\u0107.<\/p>\n<\/div>\n<div>Obrazlaganje ekspozea od nepunih \u0161est sati i nije bilo neko iznena\u0111enje, budu\u0107i da je mandatar Vu\u010di\u0107 &#8220;pretio&#8221; da \u0107e poslanicima predstaviti &#8220;knjigu&#8221; o namjerama na nekih 400 stranica. Zato je njegova najava da \u0107e im pro\u010ditati skra\u0107enu verziju na 68 stranica, moglo bi se re\u0107i, izazvala olak\u0161anje kod poslanika vladaju\u0107e koalicije, koji su smatrali da je njihova obaveza da od po\u010detka do kraja \u010duju \u0161ta \u0107e im mandatar re\u0107i. Jedini opozicionar koji je od po\u010detka do kraja saslu\u0161ao ekspoze bio je Vojislav \u0160e\u0161elj. Ostalih 13,5 sati Vu\u010di\u0107 je potro\u0161io u debati o ekspozeu i bud\u017eetu i tokom odgovaranja na poslani\u010dka pitanja.<\/p>\n<\/div>\n<div>Ostali \u010dlanovi Vlade koji su govorili u parlamentu nalaze se daleko iz Vu\u010di\u0107a. Du\u0161an Vujovi\u0107 je bio najaktivniji od svih ministara, govorio je skoro \u0161est i po sati u dosada\u0161njem radu parlamenta. Iza njega je minstarka gra\u0111evinarstva i saobra\u0107aja Zorana Mihajlovi\u0107 koja je sa poslanicima polemisala ukupno pet \u010dasova.\u00a0<\/p>\n<\/div>\n<div>Me\u0111u aktivnijima \u010dlanovima vlade su i Branislav Nedimovi\u0107, Ana Brnabi\u0107, kao i Nela Kuburovi\u0107 koji su ukupno pri\u010dali skoro devet sati. Sa druge strane, ministar informisanja Vladan Vukosavljevi\u0107, ministarka bez portfelja Slavica \u0110uki\u0107 Dejanovi\u0107 i ministar omladine i sporta Vanja Udovi\u010di\u0107 jedva su sastavili 12 minuta govora.<\/p>\n<\/div>\n<div>Udovi\u010di\u0107 je najmanje govorio, minut i 43 sekunde, a ne\u0161to bolja od njega je ministarka bez portfelja, zadu\u017eena za evrointegracije Jadranka Joksimovi\u0107, koja je govorila tri minuta i \u010detiri sekunde.<\/p>\n<\/div>\n<\/div>\n<div>(Politika)<\/p>\n<\/div>\n","protected":false},"excerpt":{"rendered":"<p>Od po\u010detka avgusta do kraja 2016. godine predsjednik Vlade Srbije Aleksandar Vu\u010di\u0107 u parlamentu je govorio \u010dak 19 sati, dok ministri Rasim Ljaji\u0107 i Milan Krkobabi\u0107 nisu prozborili niti rije\u010d. Vu\u010di\u0107 je samo o svom ekspozeu, u kojem je izlagao prioritete svoje druge vlade, govorio \u010dak pet sati i 20 minuta, te postavio apsolutni rekord [&hellip;]<\/p>\n","protected":false},"author":83,"featured_media":176172,"comment_status":"open","ping_status":"open","sticky":false,"template":"","format":"standard","meta":{"footnotes":""},"categories":[72,1,8957],"tags":[],"class_list":{"0":"post-176171","1":"post","2":"type-post","3":"status-publish","4":"format-standard","5":"has-post-thumbnail","7":"category-novi-pazar","8":"category-politika","9":"category-vijesti-dana"},"yoast_head":"<!-- This site is optimized with the Yoast SEO Premium plugin v23.1 (Yoast SEO v24.9) - https:\/\/yoast.com\/wordpress\/plugins\/seo\/ -->\n<title>Vu\u010di\u0107 u parlamentu govorio 19 sati, Ljaji\u0107 ni minut<\/title>\n<meta name=\"robots\" content=\"index, follow, max-snippet:-1, max-image-preview:large, max-video-preview:-1\" \/>\n<link rel=\"canonical\" href=\"https:\/\/sandzakpress.net\/arhiva\/vucic-u-parlamentu-govorio-19-sati-ljajic-ni-minut\/\" \/>\n<meta property=\"og:locale\" content=\"bs_BA\" \/>\n<meta property=\"og:type\" content=\"article\" \/>\n<meta property=\"og:title\" content=\"Vu\u010di\u0107 u parlamentu govorio 19 sati, Ljaji\u0107 ni minut\" \/>\n<meta property=\"og:description\" content=\"Od po\u010detka avgusta do kraja 2016. godine predsjednik Vlade Srbije Aleksandar Vu\u010di\u0107 u parlamentu je govorio \u010dak 19 sati, dok ministri Rasim Ljaji\u0107 i Milan Krkobabi\u0107 nisu prozborili niti rije\u010d. Vu\u010di\u0107 je samo o svom ekspozeu, u kojem je izlagao prioritete svoje druge vlade, govorio \u010dak pet sati i 20 minuta, te postavio apsolutni rekord [&hellip;]\" \/>\n<meta property=\"og:url\" content=\"https:\/\/sandzakpress.net\/arhiva\/vucic-u-parlamentu-govorio-19-sati-ljajic-ni-minut\/\" \/>\n<meta property=\"og:site_name\" content=\"Sand\u017eak PRESS\" \/>\n<meta property=\"article:published_time\" content=\"2017-01-05T10:57:58+00:00\" \/>\n<meta property=\"og:image\" content=\"https:\/\/sandzakpress.net\/arhiva\/wp-content\/uploads\/2017\/01\/vucic_govori.jpg\" \/>\n\t<meta property=\"og:image:width\" content=\"700\" \/>\n\t<meta property=\"og:image:height\" content=\"410\" \/>\n\t<meta property=\"og:image:type\" content=\"image\/jpeg\" \/>\n<meta name=\"author\" content=\"bosniak\" \/>\n<meta name=\"twitter:card\" content=\"summary_large_image\" \/>\n<meta name=\"twitter:label1\" content=\"Written by\" \/>\n\t<meta name=\"twitter:data1\" content=\"bosniak\" \/>\n\t<meta name=\"twitter:label2\" content=\"Est. reading time\" \/>\n\t<meta name=\"twitter:data2\" content=\"2 minute\" \/>\n<script type=\"application\/ld+json\" class=\"yoast-schema-graph\">{\"@context\":\"https:\/\/schema.org\",\"@graph\":[{\"@type\":\"Article\",\"@id\":\"https:\/\/sandzakpress.net\/arhiva\/vucic-u-parlamentu-govorio-19-sati-ljajic-ni-minut\/#article\",\"isPartOf\":{\"@id\":\"https:\/\/sandzakpress.net\/arhiva\/vucic-u-parlamentu-govorio-19-sati-ljajic-ni-minut\/\"},\"author\":{\"name\":\"bosniak\",\"@id\":\"https:\/\/sandzakpress.net\/arhiva\/#\/schema\/person\/c8baee722073534b583ea7bdb2e36c02\"},\"headline\":\"Vu\u010di\u0107 u parlamentu govorio 19 sati, Ljaji\u0107 ni minut\",\"datePublished\":\"2017-01-05T10:57:58+00:00\",\"mainEntityOfPage\":{\"@id\":\"https:\/\/sandzakpress.net\/arhiva\/vucic-u-parlamentu-govorio-19-sati-ljajic-ni-minut\/\"},\"wordCount\":376,\"commentCount\":0,\"publisher\":{\"@id\":\"https:\/\/sandzakpress.net\/arhiva\/#\/schema\/person\/6e72b67d6e51910a1117b3b483ba20bd\"},\"image\":{\"@id\":\"https:\/\/sandzakpress.net\/arhiva\/vucic-u-parlamentu-govorio-19-sati-ljajic-ni-minut\/#primaryimage\"},\"thumbnailUrl\":\"https:\/\/sandzakpress.net\/arhiva\/wp-content\/uploads\/2017\/01\/vucic_govori.jpg\",\"articleSection\":[\"Novi Pazar\",\"Politika\",\"VIJESTI DANA\"],\"inLanguage\":\"bs-BA\",\"potentialAction\":[{\"@type\":\"CommentAction\",\"name\":\"Comment\",\"target\":[\"https:\/\/sandzakpress.net\/arhiva\/vucic-u-parlamentu-govorio-19-sati-ljajic-ni-minut\/#respond\"]}]},{\"@type\":\"WebPage\",\"@id\":\"https:\/\/sandzakpress.net\/arhiva\/vucic-u-parlamentu-govorio-19-sati-ljajic-ni-minut\/\",\"url\":\"https:\/\/sandzakpress.net\/arhiva\/vucic-u-parlamentu-govorio-19-sati-ljajic-ni-minut\/\",\"name\":\"Vu\u010di\u0107 u parlamentu govorio 19 sati, Ljaji\u0107 ni minut\",\"isPartOf\":{\"@id\":\"https:\/\/sandzakpress.net\/arhiva\/#website\"},\"primaryImageOfPage\":{\"@id\":\"https:\/\/sandzakpress.net\/arhiva\/vucic-u-parlamentu-govorio-19-sati-ljajic-ni-minut\/#primaryimage\"},\"image\":{\"@id\":\"https:\/\/sandzakpress.net\/arhiva\/vucic-u-parlamentu-govorio-19-sati-ljajic-ni-minut\/#primaryimage\"},\"thumbnailUrl\":\"https:\/\/sandzakpress.net\/arhiva\/wp-content\/uploads\/2017\/01\/vucic_govori.jpg\",\"datePublished\":\"2017-01-05T10:57:58+00:00\",\"breadcrumb\":{\"@id\":\"https:\/\/sandzakpress.net\/arhiva\/vucic-u-parlamentu-govorio-19-sati-ljajic-ni-minut\/#breadcrumb\"},\"inLanguage\":\"bs-BA\",\"potentialAction\":[{\"@type\":\"ReadAction\",\"target\":[\"https:\/\/sandzakpress.net\/arhiva\/vucic-u-parlamentu-govorio-19-sati-ljajic-ni-minut\/\"]}]},{\"@type\":\"ImageObject\",\"inLanguage\":\"bs-BA\",\"@id\":\"https:\/\/sandzakpress.net\/arhiva\/vucic-u-parlamentu-govorio-19-sati-ljajic-ni-minut\/#primaryimage\",\"url\":\"https:\/\/sandzakpress.net\/arhiva\/wp-content\/uploads\/2017\/01\/vucic_govori.jpg\",\"contentUrl\":\"https:\/\/sandzakpress.net\/arhiva\/wp-content\/uploads\/2017\/01\/vucic_govori.jpg\",\"width\":700,\"height\":410},{\"@type\":\"BreadcrumbList\",\"@id\":\"https:\/\/sandzakpress.net\/arhiva\/vucic-u-parlamentu-govorio-19-sati-ljajic-ni-minut\/#breadcrumb\",\"itemListElement\":[{\"@type\":\"ListItem\",\"position\":1,\"name\":\"Home\",\"item\":\"https:\/\/sandzakpress.net\/arhiva\/\"},{\"@type\":\"ListItem\",\"position\":2,\"name\":\"Vu\u010di\u0107 u parlamentu govorio 19 sati, Ljaji\u0107 ni minut\"}]},{\"@type\":\"WebSite\",\"@id\":\"https:\/\/sandzakpress.net\/arhiva\/#website\",\"url\":\"https:\/\/sandzakpress.net\/arhiva\/\",\"name\":\"Sand\u017eak PRESS\",\"description\":\"Prve elektronske novine u Sand\u017eaku\",\"publisher\":{\"@id\":\"https:\/\/sandzakpress.net\/arhiva\/#\/schema\/person\/6e72b67d6e51910a1117b3b483ba20bd\"},\"potentialAction\":[{\"@type\":\"SearchAction\",\"target\":{\"@type\":\"EntryPoint\",\"urlTemplate\":\"https:\/\/sandzakpress.net\/arhiva\/?s={search_term_string}\"},\"query-input\":{\"@type\":\"PropertyValueSpecification\",\"valueRequired\":true,\"valueName\":\"search_term_string\"}}],\"inLanguage\":\"bs-BA\"},{\"@type\":[\"Person\",\"Organization\"],\"@id\":\"https:\/\/sandzakpress.net\/arhiva\/#\/schema\/person\/6e72b67d6e51910a1117b3b483ba20bd\",\"name\":\"Kul\",\"image\":{\"@type\":\"ImageObject\",\"inLanguage\":\"bs-BA\",\"@id\":\"https:\/\/sandzakpress.net\/arhiva\/#\/schema\/person\/image\/\",\"url\":\"https:\/\/secure.gravatar.com\/avatar\/42263f39aa27ac04c43cab85c280eb2e?s=96&d=mm&r=pg\",\"contentUrl\":\"https:\/\/secure.gravatar.com\/avatar\/42263f39aa27ac04c43cab85c280eb2e?s=96&d=mm&r=pg\",\"caption\":\"Kul\"},\"logo\":{\"@id\":\"https:\/\/sandzakpress.net\/arhiva\/#\/schema\/person\/image\/\"}},{\"@type\":\"Person\",\"@id\":\"https:\/\/sandzakpress.net\/arhiva\/#\/schema\/person\/c8baee722073534b583ea7bdb2e36c02\",\"name\":\"bosniak\",\"image\":{\"@type\":\"ImageObject\",\"inLanguage\":\"bs-BA\",\"@id\":\"https:\/\/sandzakpress.net\/arhiva\/#\/schema\/person\/image\/\",\"url\":\"https:\/\/secure.gravatar.com\/avatar\/a04fd330bfe3a36a72a0ad4a6d89fca7?s=96&d=mm&r=pg\",\"contentUrl\":\"https:\/\/secure.gravatar.com\/avatar\/a04fd330bfe3a36a72a0ad4a6d89fca7?s=96&d=mm&r=pg\",\"caption\":\"bosniak\"},\"url\":\"https:\/\/sandzakpress.net\/arhiva\/author\/bosniak\/\"}]}<\/script>\n<!-- \/ Yoast SEO Premium plugin. -->","yoast_head_json":{"title":"Vu\u010di\u0107 u parlamentu govorio 19 sati, Ljaji\u0107 ni minut","robots":{"index":"index","follow":"follow","max-snippet":"max-snippet:-1","max-image-preview":"max-image-preview:large","max-video-preview":"max-video-preview:-1"},"canonical":"https:\/\/sandzakpress.net\/arhiva\/vucic-u-parlamentu-govorio-19-sati-ljajic-ni-minut\/","og_locale":"bs_BA","og_type":"article","og_title":"Vu\u010di\u0107 u parlamentu govorio 19 sati, Ljaji\u0107 ni minut","og_description":"Od po\u010detka avgusta do kraja 2016. godine predsjednik Vlade Srbije Aleksandar Vu\u010di\u0107 u parlamentu je govorio \u010dak 19 sati, dok ministri Rasim Ljaji\u0107 i Milan Krkobabi\u0107 nisu prozborili niti rije\u010d. Vu\u010di\u0107 je samo o svom ekspozeu, u kojem je izlagao prioritete svoje druge vlade, govorio \u010dak pet sati i 20 minuta, te postavio apsolutni rekord [&hellip;]","og_url":"https:\/\/sandzakpress.net\/arhiva\/vucic-u-parlamentu-govorio-19-sati-ljajic-ni-minut\/","og_site_name":"Sand\u017eak PRESS","article_published_time":"2017-01-05T10:57:58+00:00","og_image":[{"width":700,"height":410,"url":"https:\/\/sandzakpress.net\/arhiva\/wp-content\/uploads\/2017\/01\/vucic_govori.jpg","type":"image\/jpeg"}],"author":"bosniak","twitter_card":"summary_large_image","twitter_misc":{"Written by":"bosniak","Est. reading time":"2 minute"},"schema":{"@context":"https:\/\/schema.org","@graph":[{"@type":"Article","@id":"https:\/\/sandzakpress.net\/arhiva\/vucic-u-parlamentu-govorio-19-sati-ljajic-ni-minut\/#article","isPartOf":{"@id":"https:\/\/sandzakpress.net\/arhiva\/vucic-u-parlamentu-govorio-19-sati-ljajic-ni-minut\/"},"author":{"name":"bosniak","@id":"https:\/\/sandzakpress.net\/arhiva\/#\/schema\/person\/c8baee722073534b583ea7bdb2e36c02"},"headline":"Vu\u010di\u0107 u parlamentu govorio 19 sati, Ljaji\u0107 ni minut","datePublished":"2017-01-05T10:57:58+00:00","mainEntityOfPage":{"@id":"https:\/\/sandzakpress.net\/arhiva\/vucic-u-parlamentu-govorio-19-sati-ljajic-ni-minut\/"},"wordCount":376,"commentCount":0,"publisher":{"@id":"https:\/\/sandzakpress.net\/arhiva\/#\/schema\/person\/6e72b67d6e51910a1117b3b483ba20bd"},"image":{"@id":"https:\/\/sandzakpress.net\/arhiva\/vucic-u-parlamentu-govorio-19-sati-ljajic-ni-minut\/#primaryimage"},"thumbnailUrl":"https:\/\/sandzakpress.net\/arhiva\/wp-content\/uploads\/2017\/01\/vucic_govori.jpg","articleSection":["Novi Pazar","Politika","VIJESTI DANA"],"inLanguage":"bs-BA","potentialAction":[{"@type":"CommentAction","name":"Comment","target":["https:\/\/sandzakpress.net\/arhiva\/vucic-u-parlamentu-govorio-19-sati-ljajic-ni-minut\/#respond"]}]},{"@type":"WebPage","@id":"https:\/\/sandzakpress.net\/arhiva\/vucic-u-parlamentu-govorio-19-sati-ljajic-ni-minut\/","url":"https:\/\/sandzakpress.net\/arhiva\/vucic-u-parlamentu-govorio-19-sati-ljajic-ni-minut\/","name":"Vu\u010di\u0107 u parlamentu govorio 19 sati, Ljaji\u0107 ni minut","isPartOf":{"@id":"https:\/\/sandzakpress.net\/arhiva\/#website"},"primaryImageOfPage":{"@id":"https:\/\/sandzakpress.net\/arhiva\/vucic-u-parlamentu-govorio-19-sati-ljajic-ni-minut\/#primaryimage"},"image":{"@id":"https:\/\/sandzakpress.net\/arhiva\/vucic-u-parlamentu-govorio-19-sati-ljajic-ni-minut\/#primaryimage"},"thumbnailUrl":"https:\/\/sandzakpress.net\/arhiva\/wp-content\/uploads\/2017\/01\/vucic_govori.jpg","datePublished":"2017-01-05T10:57:58+00:00","breadcrumb":{"@id":"https:\/\/sandzakpress.net\/arhiva\/vucic-u-parlamentu-govorio-19-sati-ljajic-ni-minut\/#breadcrumb"},"inLanguage":"bs-BA","potentialAction":[{"@type":"ReadAction","target":["https:\/\/sandzakpress.net\/arhiva\/vucic-u-parlamentu-govorio-19-sati-ljajic-ni-minut\/"]}]},{"@type":"ImageObject","inLanguage":"bs-BA","@id":"https:\/\/sandzakpress.net\/arhiva\/vucic-u-parlamentu-govorio-19-sati-ljajic-ni-minut\/#primaryimage","url":"https:\/\/sandzakpress.net\/arhiva\/wp-content\/uploads\/2017\/01\/vucic_govori.jpg","contentUrl":"https:\/\/sandzakpress.net\/arhiva\/wp-content\/uploads\/2017\/01\/vucic_govori.jpg","width":700,"height":410},{"@type":"BreadcrumbList","@id":"https:\/\/sandzakpress.net\/arhiva\/vucic-u-parlamentu-govorio-19-sati-ljajic-ni-minut\/#breadcrumb","itemListElement":[{"@type":"ListItem","position":1,"name":"Home","item":"https:\/\/sandzakpress.net\/arhiva\/"},{"@type":"ListItem","position":2,"name":"Vu\u010di\u0107 u parlamentu govorio 19 sati, Ljaji\u0107 ni minut"}]},{"@type":"WebSite","@id":"https:\/\/sandzakpress.net\/arhiva\/#website","url":"https:\/\/sandzakpress.net\/arhiva\/","name":"Sand\u017eak PRESS","description":"Prve elektronske novine u Sand\u017eaku","publisher":{"@id":"https:\/\/sandzakpress.net\/arhiva\/#\/schema\/person\/6e72b67d6e51910a1117b3b483ba20bd"},"potentialAction":[{"@type":"SearchAction","target":{"@type":"EntryPoint","urlTemplate":"https:\/\/sandzakpress.net\/arhiva\/?s={search_term_string}"},"query-input":{"@type":"PropertyValueSpecification","valueRequired":true,"valueName":"search_term_string"}}],"inLanguage":"bs-BA"},{"@type":["Person","Organization"],"@id":"https:\/\/sandzakpress.net\/arhiva\/#\/schema\/person\/6e72b67d6e51910a1117b3b483ba20bd","name":"Kul","image":{"@type":"ImageObject","inLanguage":"bs-BA","@id":"https:\/\/sandzakpress.net\/arhiva\/#\/schema\/person\/image\/","url":"https:\/\/secure.gravatar.com\/avatar\/42263f39aa27ac04c43cab85c280eb2e?s=96&d=mm&r=pg","contentUrl":"https:\/\/secure.gravatar.com\/avatar\/42263f39aa27ac04c43cab85c280eb2e?s=96&d=mm&r=pg","caption":"Kul"},"logo":{"@id":"https:\/\/sandzakpress.net\/arhiva\/#\/schema\/person\/image\/"}},{"@type":"Person","@id":"https:\/\/sandzakpress.net\/arhiva\/#\/schema\/person\/c8baee722073534b583ea7bdb2e36c02","name":"bosniak","image":{"@type":"ImageObject","inLanguage":"bs-BA","@id":"https:\/\/sandzakpress.net\/arhiva\/#\/schema\/person\/image\/","url":"https:\/\/secure.gravatar.com\/avatar\/a04fd330bfe3a36a72a0ad4a6d89fca7?s=96&d=mm&r=pg","contentUrl":"https:\/\/secure.gravatar.com\/avatar\/a04fd330bfe3a36a72a0ad4a6d89fca7?s=96&d=mm&r=pg","caption":"bosniak"},"url":"https:\/\/sandzakpress.net\/arhiva\/author\/bosniak\/"}]}},"_links":{"self":[{"href":"https:\/\/sandzakpress.net\/arhiva\/wp-json\/wp\/v2\/posts\/176171"}],"collection":[{"href":"https:\/\/sandzakpress.net\/arhiva\/wp-json\/wp\/v2\/posts"}],"about":[{"href":"https:\/\/sandzakpress.net\/arhiva\/wp-json\/wp\/v2\/types\/post"}],"author":[{"embeddable":true,"href":"https:\/\/sandzakpress.net\/arhiva\/wp-json\/wp\/v2\/users\/83"}],"replies":[{"embeddable":true,"href":"https:\/\/sandzakpress.net\/arhiva\/wp-json\/wp\/v2\/comments?post=176171"}],"version-history":[{"count":0,"href":"https:\/\/sandzakpress.net\/arhiva\/wp-json\/wp\/v2\/posts\/176171\/revisions"}],"wp:featuredmedia":[{"embeddable":true,"href":"https:\/\/sandzakpress.net\/arhiva\/wp-json\/wp\/v2\/media\/176172"}],"wp:attachment":[{"href":"https:\/\/sandzakpress.net\/arhiva\/wp-json\/wp\/v2\/media?parent=176171"}],"wp:term":[{"taxonomy":"category","embeddable":true,"href":"https:\/\/sandzakpress.net\/arhiva\/wp-json\/wp\/v2\/categories?post=176171"},{"taxonomy":"post_tag","embeddable":true,"href":"https:\/\/sandzakpress.net\/arhiva\/wp-json\/wp\/v2\/tags?post=176171"}],"curies":[{"name":"wp","href":"https:\/\/api.w.org\/{rel}","templated":true}]}}