{"id":175937,"date":"2016-12-31T17:17:54","date_gmt":"2016-12-31T16:17:54","guid":{"rendered":"https:\/\/sandzakpress.net\/arhiva\/?p=175937"},"modified":"2016-12-31T17:17:54","modified_gmt":"2016-12-31T16:17:54","slug":"imamovic-sdp-sda-zukorlicevo-djelovanje-u-politici-je-opasno-i-stetno","status":"publish","type":"post","link":"https:\/\/sandzakpress.net\/arhiva\/imamovic-sdp-sda-zukorlicevo-djelovanje-u-politici-je-opasno-i-stetno\/","title":{"rendered":"Imamovi\u0107 (SDP-SDA): Zukorli\u0107evo djelovanje u politici je opasno i \u0161tetno"},"content":{"rendered":"<p><img decoding=\"async\" src=\"http:\/\/www.danas.rs\/upload\/images\/news\/active\/2016\/12\/30\/enis_imamovic.jpg\" alt=\"Zukorli\u0107evo djelovanje u politici je opasno i \u0161tetno\" \/><\/p>\n<p>Narodni poslanik SDA Sand\u017eaka Enis Imamovi\u0107 za dnevnik list Danas govorio o deklaraciji koju je ta partija potpisala sa SDP-om Rasima Ljaji\u0107. Imamovi\u0107 se posebno osvrnuo na detalj sporazuma oko Islamske zajednice uz konstataciju da je djelovanje narodnog poslanika Muamera Zukorli\u0107a \u0161tetno.<\/p>\n<p><strong>*U Deklaraciji pominjete i jedinstvenu Islamsku zajednicu. Ko bi je predvodio?<\/strong><\/p>\n<p>-Deklaracija podrazumjeva zalaganje za jedinstvenu Islamsku zajednicu i vra\u0107anje oduzete imovine. To je va\u017eno pitanje i sa aspekta evropskih integracija Srbije. Politika se ne\u0107e mije\u0161ati i odlu\u010divati ko vodi Islamsku zajednicu. Takva stvar ne mo\u017ee da bude predmet sporazuma politi\u010dkih partija. Isto tako, jedna partija ne mo\u017ee polagati pravo da name\u0107e odluke Islamskoj zajednici. Islamska zajednica treba da u\u017eiva podr\u0161ku svih muslimana, a ne da ih dijeli ili isklju\u010duje zbog politi\u010dkog, pa \u010dak i nacionalnog opredjeljenja, niti treba uop\u0161te da se mije\u0161a u politiku.<\/p>\n<p><strong>*\u201cDeklaracija je zapravo reakcija na neposrednu opasnost po njih koja se zove Muamer Zukorli\u0107 i reakcija na moje politi\u010dko napredovanje\u201d, tvrdi biv\u0161i muftija a sada poslanik. Da li je u pravu?<\/strong><\/p>\n<p>-\u010cinjenica je da njegovo djelovanje u politici ima elemente opasnosti i \u0161tetnosti. U praksi, takvu vrstu opasnosti predstavljaju rije\u010di Aleksandra Vu\u010di\u0107a, kojima je bez ikakvog povoda, sve Bo\u0161njake u Novom Pazaru sveo na vjersku skupinu muslimana, koju je njegov koalicioni partner organizovao da razbija glave \u017eandarmeriji \u0161tite\u0107i neki nelegalni objekat. Premijer je rekao i da zbog tog objekta mo\u017ee da izbije \u201crat izme\u0111u pravoslavaca i muslimana\u201d. Neodgovorni ljudi su ovo shvatili kao pobjedu, a ja to shvatam kao opasnost. Zukorli\u0107 je u kampanji koristio slogan \u201cza pomirenje\u201d, prirodno bi bilo, da se u duhu svog slogana najprije priklju\u010di pomirenju u Sand\u017eaku, a zatim kao dio velikog pomirenog bloka nastupi prema Beogradu. Zukorli\u0107evom BDZS-u je nu\u0111ena saradnja, me\u0111utim, njegovo pribli\u017eavanje i pot\u010dinjenost Vu\u010di\u0107evom re\u017eimu, obja\u0161njava za\u0161to je odbio na\u0161u pru\u017eenu ruku.<\/p>\n<p>Izvor: Danas<\/p>\n","protected":false},"excerpt":{"rendered":"<p>Narodni poslanik SDA Sand\u017eaka Enis Imamovi\u0107 za dnevnik list Danas govorio o deklaraciji koju je ta partija potpisala sa SDP-om Rasima Ljaji\u0107. Imamovi\u0107 se posebno osvrnuo na detalj sporazuma oko Islamske zajednice uz konstataciju da je djelovanje narodnog poslanika Muamera Zukorli\u0107a \u0161tetno. *U Deklaraciji pominjete i jedinstvenu Islamsku zajednicu. Ko bi je predvodio? -Deklaracija podrazumjeva [&hellip;]<\/p>\n","protected":false},"author":83,"featured_media":175938,"comment_status":"open","ping_status":"open","sticky":false,"template":"","format":"standard","meta":{"footnotes":""},"categories":[72,1,8957,16],"tags":[],"class_list":{"0":"post-175937","1":"post","2":"type-post","3":"status-publish","4":"format-standard","5":"has-post-thumbnail","7":"category-novi-pazar","8":"category-politika","9":"category-vijesti-dana","10":"category-novine"},"yoast_head":"<!-- This site is optimized with the Yoast SEO Premium plugin v23.1 (Yoast SEO v24.9) - https:\/\/yoast.com\/wordpress\/plugins\/seo\/ -->\n<title>Imamovi\u0107 (SDP-SDA): Zukorli\u0107evo djelovanje u politici je opasno i \u0161tetno<\/title>\n<meta name=\"robots\" content=\"index, follow, max-snippet:-1, max-image-preview:large, max-video-preview:-1\" \/>\n<link rel=\"canonical\" href=\"https:\/\/sandzakpress.net\/arhiva\/imamovic-sdp-sda-zukorlicevo-djelovanje-u-politici-je-opasno-i-stetno\/\" \/>\n<meta property=\"og:locale\" content=\"bs_BA\" \/>\n<meta property=\"og:type\" content=\"article\" \/>\n<meta property=\"og:title\" content=\"Imamovi\u0107 (SDP-SDA): Zukorli\u0107evo djelovanje u politici je opasno i \u0161tetno\" \/>\n<meta property=\"og:description\" content=\"Narodni poslanik SDA Sand\u017eaka Enis Imamovi\u0107 za dnevnik list Danas govorio o deklaraciji koju je ta partija potpisala sa SDP-om Rasima Ljaji\u0107. Imamovi\u0107 se posebno osvrnuo na detalj sporazuma oko Islamske zajednice uz konstataciju da je djelovanje narodnog poslanika Muamera Zukorli\u0107a \u0161tetno. *U Deklaraciji pominjete i jedinstvenu Islamsku zajednicu. Ko bi je predvodio? -Deklaracija podrazumjeva [&hellip;]\" \/>\n<meta property=\"og:url\" content=\"https:\/\/sandzakpress.net\/arhiva\/imamovic-sdp-sda-zukorlicevo-djelovanje-u-politici-je-opasno-i-stetno\/\" \/>\n<meta property=\"og:site_name\" content=\"Sand\u017eak PRESS\" \/>\n<meta property=\"article:published_time\" content=\"2016-12-31T16:17:54+00:00\" \/>\n<meta property=\"og:image\" content=\"https:\/\/sandzakpress.net\/arhiva\/wp-content\/uploads\/2016\/12\/enis_imamovic.jpg\" \/>\n\t<meta property=\"og:image:width\" content=\"925\" \/>\n\t<meta property=\"og:image:height\" content=\"520\" \/>\n\t<meta property=\"og:image:type\" content=\"image\/jpeg\" \/>\n<meta name=\"author\" content=\"bosniak\" \/>\n<meta name=\"twitter:card\" content=\"summary_large_image\" \/>\n<meta name=\"twitter:label1\" content=\"Written by\" \/>\n\t<meta name=\"twitter:data1\" content=\"bosniak\" \/>\n\t<meta name=\"twitter:label2\" content=\"Est. reading time\" \/>\n\t<meta name=\"twitter:data2\" content=\"2 minute\" \/>\n<script type=\"application\/ld+json\" class=\"yoast-schema-graph\">{\"@context\":\"https:\/\/schema.org\",\"@graph\":[{\"@type\":\"Article\",\"@id\":\"https:\/\/sandzakpress.net\/arhiva\/imamovic-sdp-sda-zukorlicevo-djelovanje-u-politici-je-opasno-i-stetno\/#article\",\"isPartOf\":{\"@id\":\"https:\/\/sandzakpress.net\/arhiva\/imamovic-sdp-sda-zukorlicevo-djelovanje-u-politici-je-opasno-i-stetno\/\"},\"author\":{\"name\":\"bosniak\",\"@id\":\"https:\/\/sandzakpress.net\/arhiva\/#\/schema\/person\/c8baee722073534b583ea7bdb2e36c02\"},\"headline\":\"Imamovi\u0107 (SDP-SDA): Zukorli\u0107evo djelovanje u politici je opasno i \u0161tetno\",\"datePublished\":\"2016-12-31T16:17:54+00:00\",\"mainEntityOfPage\":{\"@id\":\"https:\/\/sandzakpress.net\/arhiva\/imamovic-sdp-sda-zukorlicevo-djelovanje-u-politici-je-opasno-i-stetno\/\"},\"wordCount\":352,\"commentCount\":22,\"publisher\":{\"@id\":\"https:\/\/sandzakpress.net\/arhiva\/#\/schema\/person\/6e72b67d6e51910a1117b3b483ba20bd\"},\"image\":{\"@id\":\"https:\/\/sandzakpress.net\/arhiva\/imamovic-sdp-sda-zukorlicevo-djelovanje-u-politici-je-opasno-i-stetno\/#primaryimage\"},\"thumbnailUrl\":\"https:\/\/sandzakpress.net\/arhiva\/wp-content\/uploads\/2016\/12\/enis_imamovic.jpg\",\"articleSection\":[\"Novi Pazar\",\"Politika\",\"VIJESTI DANA\",\"Novine\"],\"inLanguage\":\"bs-BA\",\"potentialAction\":[{\"@type\":\"CommentAction\",\"name\":\"Comment\",\"target\":[\"https:\/\/sandzakpress.net\/arhiva\/imamovic-sdp-sda-zukorlicevo-djelovanje-u-politici-je-opasno-i-stetno\/#respond\"]}]},{\"@type\":\"WebPage\",\"@id\":\"https:\/\/sandzakpress.net\/arhiva\/imamovic-sdp-sda-zukorlicevo-djelovanje-u-politici-je-opasno-i-stetno\/\",\"url\":\"https:\/\/sandzakpress.net\/arhiva\/imamovic-sdp-sda-zukorlicevo-djelovanje-u-politici-je-opasno-i-stetno\/\",\"name\":\"Imamovi\u0107 (SDP-SDA): Zukorli\u0107evo djelovanje u politici je opasno i \u0161tetno\",\"isPartOf\":{\"@id\":\"https:\/\/sandzakpress.net\/arhiva\/#website\"},\"primaryImageOfPage\":{\"@id\":\"https:\/\/sandzakpress.net\/arhiva\/imamovic-sdp-sda-zukorlicevo-djelovanje-u-politici-je-opasno-i-stetno\/#primaryimage\"},\"image\":{\"@id\":\"https:\/\/sandzakpress.net\/arhiva\/imamovic-sdp-sda-zukorlicevo-djelovanje-u-politici-je-opasno-i-stetno\/#primaryimage\"},\"thumbnailUrl\":\"https:\/\/sandzakpress.net\/arhiva\/wp-content\/uploads\/2016\/12\/enis_imamovic.jpg\",\"datePublished\":\"2016-12-31T16:17:54+00:00\",\"breadcrumb\":{\"@id\":\"https:\/\/sandzakpress.net\/arhiva\/imamovic-sdp-sda-zukorlicevo-djelovanje-u-politici-je-opasno-i-stetno\/#breadcrumb\"},\"inLanguage\":\"bs-BA\",\"potentialAction\":[{\"@type\":\"ReadAction\",\"target\":[\"https:\/\/sandzakpress.net\/arhiva\/imamovic-sdp-sda-zukorlicevo-djelovanje-u-politici-je-opasno-i-stetno\/\"]}]},{\"@type\":\"ImageObject\",\"inLanguage\":\"bs-BA\",\"@id\":\"https:\/\/sandzakpress.net\/arhiva\/imamovic-sdp-sda-zukorlicevo-djelovanje-u-politici-je-opasno-i-stetno\/#primaryimage\",\"url\":\"https:\/\/sandzakpress.net\/arhiva\/wp-content\/uploads\/2016\/12\/enis_imamovic.jpg\",\"contentUrl\":\"https:\/\/sandzakpress.net\/arhiva\/wp-content\/uploads\/2016\/12\/enis_imamovic.jpg\",\"width\":925,\"height\":520},{\"@type\":\"BreadcrumbList\",\"@id\":\"https:\/\/sandzakpress.net\/arhiva\/imamovic-sdp-sda-zukorlicevo-djelovanje-u-politici-je-opasno-i-stetno\/#breadcrumb\",\"itemListElement\":[{\"@type\":\"ListItem\",\"position\":1,\"name\":\"Home\",\"item\":\"https:\/\/sandzakpress.net\/arhiva\/\"},{\"@type\":\"ListItem\",\"position\":2,\"name\":\"Imamovi\u0107 (SDP-SDA): Zukorli\u0107evo djelovanje u politici je opasno i \u0161tetno\"}]},{\"@type\":\"WebSite\",\"@id\":\"https:\/\/sandzakpress.net\/arhiva\/#website\",\"url\":\"https:\/\/sandzakpress.net\/arhiva\/\",\"name\":\"Sand\u017eak PRESS\",\"description\":\"Prve elektronske novine u Sand\u017eaku\",\"publisher\":{\"@id\":\"https:\/\/sandzakpress.net\/arhiva\/#\/schema\/person\/6e72b67d6e51910a1117b3b483ba20bd\"},\"potentialAction\":[{\"@type\":\"SearchAction\",\"target\":{\"@type\":\"EntryPoint\",\"urlTemplate\":\"https:\/\/sandzakpress.net\/arhiva\/?s={search_term_string}\"},\"query-input\":{\"@type\":\"PropertyValueSpecification\",\"valueRequired\":true,\"valueName\":\"search_term_string\"}}],\"inLanguage\":\"bs-BA\"},{\"@type\":[\"Person\",\"Organization\"],\"@id\":\"https:\/\/sandzakpress.net\/arhiva\/#\/schema\/person\/6e72b67d6e51910a1117b3b483ba20bd\",\"name\":\"Kul\",\"image\":{\"@type\":\"ImageObject\",\"inLanguage\":\"bs-BA\",\"@id\":\"https:\/\/sandzakpress.net\/arhiva\/#\/schema\/person\/image\/\",\"url\":\"https:\/\/secure.gravatar.com\/avatar\/42263f39aa27ac04c43cab85c280eb2e?s=96&d=mm&r=pg\",\"contentUrl\":\"https:\/\/secure.gravatar.com\/avatar\/42263f39aa27ac04c43cab85c280eb2e?s=96&d=mm&r=pg\",\"caption\":\"Kul\"},\"logo\":{\"@id\":\"https:\/\/sandzakpress.net\/arhiva\/#\/schema\/person\/image\/\"}},{\"@type\":\"Person\",\"@id\":\"https:\/\/sandzakpress.net\/arhiva\/#\/schema\/person\/c8baee722073534b583ea7bdb2e36c02\",\"name\":\"bosniak\",\"image\":{\"@type\":\"ImageObject\",\"inLanguage\":\"bs-BA\",\"@id\":\"https:\/\/sandzakpress.net\/arhiva\/#\/schema\/person\/image\/\",\"url\":\"https:\/\/secure.gravatar.com\/avatar\/a04fd330bfe3a36a72a0ad4a6d89fca7?s=96&d=mm&r=pg\",\"contentUrl\":\"https:\/\/secure.gravatar.com\/avatar\/a04fd330bfe3a36a72a0ad4a6d89fca7?s=96&d=mm&r=pg\",\"caption\":\"bosniak\"},\"url\":\"https:\/\/sandzakpress.net\/arhiva\/author\/bosniak\/\"}]}<\/script>\n<!-- \/ Yoast SEO Premium plugin. -->","yoast_head_json":{"title":"Imamovi\u0107 (SDP-SDA): Zukorli\u0107evo djelovanje u politici je opasno i \u0161tetno","robots":{"index":"index","follow":"follow","max-snippet":"max-snippet:-1","max-image-preview":"max-image-preview:large","max-video-preview":"max-video-preview:-1"},"canonical":"https:\/\/sandzakpress.net\/arhiva\/imamovic-sdp-sda-zukorlicevo-djelovanje-u-politici-je-opasno-i-stetno\/","og_locale":"bs_BA","og_type":"article","og_title":"Imamovi\u0107 (SDP-SDA): Zukorli\u0107evo djelovanje u politici je opasno i \u0161tetno","og_description":"Narodni poslanik SDA Sand\u017eaka Enis Imamovi\u0107 za dnevnik list Danas govorio o deklaraciji koju je ta partija potpisala sa SDP-om Rasima Ljaji\u0107. Imamovi\u0107 se posebno osvrnuo na detalj sporazuma oko Islamske zajednice uz konstataciju da je djelovanje narodnog poslanika Muamera Zukorli\u0107a \u0161tetno. *U Deklaraciji pominjete i jedinstvenu Islamsku zajednicu. Ko bi je predvodio? -Deklaracija podrazumjeva [&hellip;]","og_url":"https:\/\/sandzakpress.net\/arhiva\/imamovic-sdp-sda-zukorlicevo-djelovanje-u-politici-je-opasno-i-stetno\/","og_site_name":"Sand\u017eak PRESS","article_published_time":"2016-12-31T16:17:54+00:00","og_image":[{"width":925,"height":520,"url":"https:\/\/sandzakpress.net\/arhiva\/wp-content\/uploads\/2016\/12\/enis_imamovic.jpg","type":"image\/jpeg"}],"author":"bosniak","twitter_card":"summary_large_image","twitter_misc":{"Written by":"bosniak","Est. reading time":"2 minute"},"schema":{"@context":"https:\/\/schema.org","@graph":[{"@type":"Article","@id":"https:\/\/sandzakpress.net\/arhiva\/imamovic-sdp-sda-zukorlicevo-djelovanje-u-politici-je-opasno-i-stetno\/#article","isPartOf":{"@id":"https:\/\/sandzakpress.net\/arhiva\/imamovic-sdp-sda-zukorlicevo-djelovanje-u-politici-je-opasno-i-stetno\/"},"author":{"name":"bosniak","@id":"https:\/\/sandzakpress.net\/arhiva\/#\/schema\/person\/c8baee722073534b583ea7bdb2e36c02"},"headline":"Imamovi\u0107 (SDP-SDA): Zukorli\u0107evo djelovanje u politici je opasno i \u0161tetno","datePublished":"2016-12-31T16:17:54+00:00","mainEntityOfPage":{"@id":"https:\/\/sandzakpress.net\/arhiva\/imamovic-sdp-sda-zukorlicevo-djelovanje-u-politici-je-opasno-i-stetno\/"},"wordCount":352,"commentCount":22,"publisher":{"@id":"https:\/\/sandzakpress.net\/arhiva\/#\/schema\/person\/6e72b67d6e51910a1117b3b483ba20bd"},"image":{"@id":"https:\/\/sandzakpress.net\/arhiva\/imamovic-sdp-sda-zukorlicevo-djelovanje-u-politici-je-opasno-i-stetno\/#primaryimage"},"thumbnailUrl":"https:\/\/sandzakpress.net\/arhiva\/wp-content\/uploads\/2016\/12\/enis_imamovic.jpg","articleSection":["Novi Pazar","Politika","VIJESTI DANA","Novine"],"inLanguage":"bs-BA","potentialAction":[{"@type":"CommentAction","name":"Comment","target":["https:\/\/sandzakpress.net\/arhiva\/imamovic-sdp-sda-zukorlicevo-djelovanje-u-politici-je-opasno-i-stetno\/#respond"]}]},{"@type":"WebPage","@id":"https:\/\/sandzakpress.net\/arhiva\/imamovic-sdp-sda-zukorlicevo-djelovanje-u-politici-je-opasno-i-stetno\/","url":"https:\/\/sandzakpress.net\/arhiva\/imamovic-sdp-sda-zukorlicevo-djelovanje-u-politici-je-opasno-i-stetno\/","name":"Imamovi\u0107 (SDP-SDA): Zukorli\u0107evo djelovanje u politici je opasno i \u0161tetno","isPartOf":{"@id":"https:\/\/sandzakpress.net\/arhiva\/#website"},"primaryImageOfPage":{"@id":"https:\/\/sandzakpress.net\/arhiva\/imamovic-sdp-sda-zukorlicevo-djelovanje-u-politici-je-opasno-i-stetno\/#primaryimage"},"image":{"@id":"https:\/\/sandzakpress.net\/arhiva\/imamovic-sdp-sda-zukorlicevo-djelovanje-u-politici-je-opasno-i-stetno\/#primaryimage"},"thumbnailUrl":"https:\/\/sandzakpress.net\/arhiva\/wp-content\/uploads\/2016\/12\/enis_imamovic.jpg","datePublished":"2016-12-31T16:17:54+00:00","breadcrumb":{"@id":"https:\/\/sandzakpress.net\/arhiva\/imamovic-sdp-sda-zukorlicevo-djelovanje-u-politici-je-opasno-i-stetno\/#breadcrumb"},"inLanguage":"bs-BA","potentialAction":[{"@type":"ReadAction","target":["https:\/\/sandzakpress.net\/arhiva\/imamovic-sdp-sda-zukorlicevo-djelovanje-u-politici-je-opasno-i-stetno\/"]}]},{"@type":"ImageObject","inLanguage":"bs-BA","@id":"https:\/\/sandzakpress.net\/arhiva\/imamovic-sdp-sda-zukorlicevo-djelovanje-u-politici-je-opasno-i-stetno\/#primaryimage","url":"https:\/\/sandzakpress.net\/arhiva\/wp-content\/uploads\/2016\/12\/enis_imamovic.jpg","contentUrl":"https:\/\/sandzakpress.net\/arhiva\/wp-content\/uploads\/2016\/12\/enis_imamovic.jpg","width":925,"height":520},{"@type":"BreadcrumbList","@id":"https:\/\/sandzakpress.net\/arhiva\/imamovic-sdp-sda-zukorlicevo-djelovanje-u-politici-je-opasno-i-stetno\/#breadcrumb","itemListElement":[{"@type":"ListItem","position":1,"name":"Home","item":"https:\/\/sandzakpress.net\/arhiva\/"},{"@type":"ListItem","position":2,"name":"Imamovi\u0107 (SDP-SDA): Zukorli\u0107evo djelovanje u politici je opasno i \u0161tetno"}]},{"@type":"WebSite","@id":"https:\/\/sandzakpress.net\/arhiva\/#website","url":"https:\/\/sandzakpress.net\/arhiva\/","name":"Sand\u017eak PRESS","description":"Prve elektronske novine u Sand\u017eaku","publisher":{"@id":"https:\/\/sandzakpress.net\/arhiva\/#\/schema\/person\/6e72b67d6e51910a1117b3b483ba20bd"},"potentialAction":[{"@type":"SearchAction","target":{"@type":"EntryPoint","urlTemplate":"https:\/\/sandzakpress.net\/arhiva\/?s={search_term_string}"},"query-input":{"@type":"PropertyValueSpecification","valueRequired":true,"valueName":"search_term_string"}}],"inLanguage":"bs-BA"},{"@type":["Person","Organization"],"@id":"https:\/\/sandzakpress.net\/arhiva\/#\/schema\/person\/6e72b67d6e51910a1117b3b483ba20bd","name":"Kul","image":{"@type":"ImageObject","inLanguage":"bs-BA","@id":"https:\/\/sandzakpress.net\/arhiva\/#\/schema\/person\/image\/","url":"https:\/\/secure.gravatar.com\/avatar\/42263f39aa27ac04c43cab85c280eb2e?s=96&d=mm&r=pg","contentUrl":"https:\/\/secure.gravatar.com\/avatar\/42263f39aa27ac04c43cab85c280eb2e?s=96&d=mm&r=pg","caption":"Kul"},"logo":{"@id":"https:\/\/sandzakpress.net\/arhiva\/#\/schema\/person\/image\/"}},{"@type":"Person","@id":"https:\/\/sandzakpress.net\/arhiva\/#\/schema\/person\/c8baee722073534b583ea7bdb2e36c02","name":"bosniak","image":{"@type":"ImageObject","inLanguage":"bs-BA","@id":"https:\/\/sandzakpress.net\/arhiva\/#\/schema\/person\/image\/","url":"https:\/\/secure.gravatar.com\/avatar\/a04fd330bfe3a36a72a0ad4a6d89fca7?s=96&d=mm&r=pg","contentUrl":"https:\/\/secure.gravatar.com\/avatar\/a04fd330bfe3a36a72a0ad4a6d89fca7?s=96&d=mm&r=pg","caption":"bosniak"},"url":"https:\/\/sandzakpress.net\/arhiva\/author\/bosniak\/"}]}},"_links":{"self":[{"href":"https:\/\/sandzakpress.net\/arhiva\/wp-json\/wp\/v2\/posts\/175937"}],"collection":[{"href":"https:\/\/sandzakpress.net\/arhiva\/wp-json\/wp\/v2\/posts"}],"about":[{"href":"https:\/\/sandzakpress.net\/arhiva\/wp-json\/wp\/v2\/types\/post"}],"author":[{"embeddable":true,"href":"https:\/\/sandzakpress.net\/arhiva\/wp-json\/wp\/v2\/users\/83"}],"replies":[{"embeddable":true,"href":"https:\/\/sandzakpress.net\/arhiva\/wp-json\/wp\/v2\/comments?post=175937"}],"version-history":[{"count":0,"href":"https:\/\/sandzakpress.net\/arhiva\/wp-json\/wp\/v2\/posts\/175937\/revisions"}],"wp:featuredmedia":[{"embeddable":true,"href":"https:\/\/sandzakpress.net\/arhiva\/wp-json\/wp\/v2\/media\/175938"}],"wp:attachment":[{"href":"https:\/\/sandzakpress.net\/arhiva\/wp-json\/wp\/v2\/media?parent=175937"}],"wp:term":[{"taxonomy":"category","embeddable":true,"href":"https:\/\/sandzakpress.net\/arhiva\/wp-json\/wp\/v2\/categories?post=175937"},{"taxonomy":"post_tag","embeddable":true,"href":"https:\/\/sandzakpress.net\/arhiva\/wp-json\/wp\/v2\/tags?post=175937"}],"curies":[{"name":"wp","href":"https:\/\/api.w.org\/{rel}","templated":true}]}}