{"id":175904,"date":"2016-12-31T13:53:04","date_gmt":"2016-12-31T12:53:04","guid":{"rendered":"https:\/\/sandzakpress.net\/arhiva\/?p=175904"},"modified":"2016-12-31T13:53:04","modified_gmt":"2016-12-31T12:53:04","slug":"dogovorena-vlast-u-gusinju","status":"publish","type":"post","link":"https:\/\/sandzakpress.net\/arhiva\/dogovorena-vlast-u-gusinju\/","title":{"rendered":"Dogovorena vlast u Gusinju"},"content":{"rendered":"<p class=\"lead\"><img decoding=\"async\" src=\"http:\/\/www.sandzaklive.rs\/images\/Gusinje\/Gusinje2.jpg\" alt=\"Gusinje2\" \/><\/p>\n<p class=\"lead\"><strong>I u Gusinju je nakon Budve formirana vlast. Kako saznaje Antena M, na sjednici lokalne Skup\u0161tine koja je odr\u017eana sino\u0107\u00a0u 19 sati, dogovoreno je da budu\u0107u vlast \u010dine DPS, Socijaldemokrate, Partija za Gusinje, Bo\u0161nja\u010dka stranka i DUA.<\/strong><\/p>\n<p>Nosilac liste Partije za Gusinje Rusmin Lali\u010di\u0107 saop\u0161tio je ve\u010deras za portal Antena M da su danas izabrali predsjednika Skup\u0161tine- D\u017eenadina Radon\u010di\u0107a iz SD-a.<\/p>\n<p>\u201cSjutra je ponovo sjednica u deset sati na kojoj \u0107e biti izabran predsjednik Op\u0161tine i trebalo bi da se usvoji odluka o privremenom finansiranju. Kandidat za predsjednika Op\u0161tine je dosada\u0161nja predsjednica Anela \u010ceki\u0107 iz DPS-a\u201d, kazao je on.\u00a0<\/p>\n<p>DPS je u Gusinju osvojila devet mandata, Partija za Gusinje \u0161est, Socijaldemokrate \u010detiri, SDP dva, SNP i Bo\u0161nja\u010dka stranka po jedan, Demokratski Savez u Crnoj Gori \u010detiri, a DUA-Albanska alijansa tri mandata.<\/p>\n<p>(Antena)<\/p>\n","protected":false},"excerpt":{"rendered":"<p>I u Gusinju je nakon Budve formirana vlast. Kako saznaje Antena M, na sjednici lokalne Skup\u0161tine koja je odr\u017eana sino\u0107\u00a0u 19 sati, dogovoreno je da budu\u0107u vlast \u010dine DPS, Socijaldemokrate, Partija za Gusinje, Bo\u0161nja\u010dka stranka i DUA. Nosilac liste Partije za Gusinje Rusmin Lali\u010di\u0107 saop\u0161tio je ve\u010deras za portal Antena M da su danas izabrali [&hellip;]<\/p>\n","protected":false},"author":83,"featured_media":175914,"comment_status":"open","ping_status":"open","sticky":false,"template":"","format":"standard","meta":{"footnotes":""},"categories":[1,10173,10429],"tags":[],"class_list":{"0":"post-175904","1":"post","2":"type-post","3":"status-publish","4":"format-standard","5":"has-post-thumbnail","7":"category-politika","8":"category-gusinje-vase-vijesti","9":"category-vazno"},"yoast_head":"<!-- This site is optimized with the Yoast SEO Premium plugin v23.1 (Yoast SEO v24.9) - https:\/\/yoast.com\/wordpress\/plugins\/seo\/ -->\n<title>Dogovorena vlast u Gusinju<\/title>\n<meta name=\"robots\" content=\"index, follow, max-snippet:-1, max-image-preview:large, max-video-preview:-1\" \/>\n<link rel=\"canonical\" href=\"https:\/\/sandzakpress.net\/arhiva\/dogovorena-vlast-u-gusinju\/\" \/>\n<meta property=\"og:locale\" content=\"bs_BA\" \/>\n<meta property=\"og:type\" content=\"article\" \/>\n<meta property=\"og:title\" content=\"Dogovorena vlast u Gusinju\" \/>\n<meta property=\"og:description\" content=\"I u Gusinju je nakon Budve formirana vlast. Kako saznaje Antena M, na sjednici lokalne Skup\u0161tine koja je odr\u017eana sino\u0107\u00a0u 19 sati, dogovoreno je da budu\u0107u vlast \u010dine DPS, Socijaldemokrate, Partija za Gusinje, Bo\u0161nja\u010dka stranka i DUA. Nosilac liste Partije za Gusinje Rusmin Lali\u010di\u0107 saop\u0161tio je ve\u010deras za portal Antena M da su danas izabrali [&hellip;]\" \/>\n<meta property=\"og:url\" content=\"https:\/\/sandzakpress.net\/arhiva\/dogovorena-vlast-u-gusinju\/\" \/>\n<meta property=\"og:site_name\" content=\"Sand\u017eak PRESS\" \/>\n<meta property=\"article:published_time\" content=\"2016-12-31T12:53:04+00:00\" \/>\n<meta property=\"og:image\" content=\"https:\/\/sandzakpress.net\/arhiva\/wp-content\/uploads\/2016\/12\/Gusinje2.jpg\" \/>\n\t<meta property=\"og:image:width\" content=\"720\" \/>\n\t<meta property=\"og:image:height\" content=\"480\" \/>\n\t<meta property=\"og:image:type\" content=\"image\/jpeg\" \/>\n<meta name=\"author\" content=\"bosniak\" \/>\n<meta name=\"twitter:card\" content=\"summary_large_image\" \/>\n<meta name=\"twitter:label1\" content=\"Written by\" \/>\n\t<meta name=\"twitter:data1\" content=\"bosniak\" \/>\n\t<meta name=\"twitter:label2\" content=\"Est. reading time\" \/>\n\t<meta name=\"twitter:data2\" content=\"1 minuta\" \/>\n<script type=\"application\/ld+json\" class=\"yoast-schema-graph\">{\"@context\":\"https:\/\/schema.org\",\"@graph\":[{\"@type\":\"Article\",\"@id\":\"https:\/\/sandzakpress.net\/arhiva\/dogovorena-vlast-u-gusinju\/#article\",\"isPartOf\":{\"@id\":\"https:\/\/sandzakpress.net\/arhiva\/dogovorena-vlast-u-gusinju\/\"},\"author\":{\"name\":\"bosniak\",\"@id\":\"https:\/\/sandzakpress.net\/arhiva\/#\/schema\/person\/c8baee722073534b583ea7bdb2e36c02\"},\"headline\":\"Dogovorena vlast u Gusinju\",\"datePublished\":\"2016-12-31T12:53:04+00:00\",\"mainEntityOfPage\":{\"@id\":\"https:\/\/sandzakpress.net\/arhiva\/dogovorena-vlast-u-gusinju\/\"},\"wordCount\":153,\"commentCount\":0,\"publisher\":{\"@id\":\"https:\/\/sandzakpress.net\/arhiva\/#\/schema\/person\/6e72b67d6e51910a1117b3b483ba20bd\"},\"image\":{\"@id\":\"https:\/\/sandzakpress.net\/arhiva\/dogovorena-vlast-u-gusinju\/#primaryimage\"},\"thumbnailUrl\":\"https:\/\/sandzakpress.net\/arhiva\/wp-content\/uploads\/2016\/12\/Gusinje2.jpg\",\"articleSection\":[\"Politika\",\"Gusinje\",\"VA\u017dNO!\"],\"inLanguage\":\"bs-BA\",\"potentialAction\":[{\"@type\":\"CommentAction\",\"name\":\"Comment\",\"target\":[\"https:\/\/sandzakpress.net\/arhiva\/dogovorena-vlast-u-gusinju\/#respond\"]}]},{\"@type\":\"WebPage\",\"@id\":\"https:\/\/sandzakpress.net\/arhiva\/dogovorena-vlast-u-gusinju\/\",\"url\":\"https:\/\/sandzakpress.net\/arhiva\/dogovorena-vlast-u-gusinju\/\",\"name\":\"Dogovorena vlast u Gusinju\",\"isPartOf\":{\"@id\":\"https:\/\/sandzakpress.net\/arhiva\/#website\"},\"primaryImageOfPage\":{\"@id\":\"https:\/\/sandzakpress.net\/arhiva\/dogovorena-vlast-u-gusinju\/#primaryimage\"},\"image\":{\"@id\":\"https:\/\/sandzakpress.net\/arhiva\/dogovorena-vlast-u-gusinju\/#primaryimage\"},\"thumbnailUrl\":\"https:\/\/sandzakpress.net\/arhiva\/wp-content\/uploads\/2016\/12\/Gusinje2.jpg\",\"datePublished\":\"2016-12-31T12:53:04+00:00\",\"breadcrumb\":{\"@id\":\"https:\/\/sandzakpress.net\/arhiva\/dogovorena-vlast-u-gusinju\/#breadcrumb\"},\"inLanguage\":\"bs-BA\",\"potentialAction\":[{\"@type\":\"ReadAction\",\"target\":[\"https:\/\/sandzakpress.net\/arhiva\/dogovorena-vlast-u-gusinju\/\"]}]},{\"@type\":\"ImageObject\",\"inLanguage\":\"bs-BA\",\"@id\":\"https:\/\/sandzakpress.net\/arhiva\/dogovorena-vlast-u-gusinju\/#primaryimage\",\"url\":\"https:\/\/sandzakpress.net\/arhiva\/wp-content\/uploads\/2016\/12\/Gusinje2.jpg\",\"contentUrl\":\"https:\/\/sandzakpress.net\/arhiva\/wp-content\/uploads\/2016\/12\/Gusinje2.jpg\",\"width\":720,\"height\":480},{\"@type\":\"BreadcrumbList\",\"@id\":\"https:\/\/sandzakpress.net\/arhiva\/dogovorena-vlast-u-gusinju\/#breadcrumb\",\"itemListElement\":[{\"@type\":\"ListItem\",\"position\":1,\"name\":\"Home\",\"item\":\"https:\/\/sandzakpress.net\/arhiva\/\"},{\"@type\":\"ListItem\",\"position\":2,\"name\":\"Dogovorena vlast u Gusinju\"}]},{\"@type\":\"WebSite\",\"@id\":\"https:\/\/sandzakpress.net\/arhiva\/#website\",\"url\":\"https:\/\/sandzakpress.net\/arhiva\/\",\"name\":\"Sand\u017eak PRESS\",\"description\":\"Prve elektronske novine u Sand\u017eaku\",\"publisher\":{\"@id\":\"https:\/\/sandzakpress.net\/arhiva\/#\/schema\/person\/6e72b67d6e51910a1117b3b483ba20bd\"},\"potentialAction\":[{\"@type\":\"SearchAction\",\"target\":{\"@type\":\"EntryPoint\",\"urlTemplate\":\"https:\/\/sandzakpress.net\/arhiva\/?s={search_term_string}\"},\"query-input\":{\"@type\":\"PropertyValueSpecification\",\"valueRequired\":true,\"valueName\":\"search_term_string\"}}],\"inLanguage\":\"bs-BA\"},{\"@type\":[\"Person\",\"Organization\"],\"@id\":\"https:\/\/sandzakpress.net\/arhiva\/#\/schema\/person\/6e72b67d6e51910a1117b3b483ba20bd\",\"name\":\"Kul\",\"image\":{\"@type\":\"ImageObject\",\"inLanguage\":\"bs-BA\",\"@id\":\"https:\/\/sandzakpress.net\/arhiva\/#\/schema\/person\/image\/\",\"url\":\"https:\/\/secure.gravatar.com\/avatar\/42263f39aa27ac04c43cab85c280eb2e?s=96&d=mm&r=pg\",\"contentUrl\":\"https:\/\/secure.gravatar.com\/avatar\/42263f39aa27ac04c43cab85c280eb2e?s=96&d=mm&r=pg\",\"caption\":\"Kul\"},\"logo\":{\"@id\":\"https:\/\/sandzakpress.net\/arhiva\/#\/schema\/person\/image\/\"}},{\"@type\":\"Person\",\"@id\":\"https:\/\/sandzakpress.net\/arhiva\/#\/schema\/person\/c8baee722073534b583ea7bdb2e36c02\",\"name\":\"bosniak\",\"image\":{\"@type\":\"ImageObject\",\"inLanguage\":\"bs-BA\",\"@id\":\"https:\/\/sandzakpress.net\/arhiva\/#\/schema\/person\/image\/\",\"url\":\"https:\/\/secure.gravatar.com\/avatar\/a04fd330bfe3a36a72a0ad4a6d89fca7?s=96&d=mm&r=pg\",\"contentUrl\":\"https:\/\/secure.gravatar.com\/avatar\/a04fd330bfe3a36a72a0ad4a6d89fca7?s=96&d=mm&r=pg\",\"caption\":\"bosniak\"},\"url\":\"https:\/\/sandzakpress.net\/arhiva\/author\/bosniak\/\"}]}<\/script>\n<!-- \/ Yoast SEO Premium plugin. -->","yoast_head_json":{"title":"Dogovorena vlast u Gusinju","robots":{"index":"index","follow":"follow","max-snippet":"max-snippet:-1","max-image-preview":"max-image-preview:large","max-video-preview":"max-video-preview:-1"},"canonical":"https:\/\/sandzakpress.net\/arhiva\/dogovorena-vlast-u-gusinju\/","og_locale":"bs_BA","og_type":"article","og_title":"Dogovorena vlast u Gusinju","og_description":"I u Gusinju je nakon Budve formirana vlast. Kako saznaje Antena M, na sjednici lokalne Skup\u0161tine koja je odr\u017eana sino\u0107\u00a0u 19 sati, dogovoreno je da budu\u0107u vlast \u010dine DPS, Socijaldemokrate, Partija za Gusinje, Bo\u0161nja\u010dka stranka i DUA. Nosilac liste Partije za Gusinje Rusmin Lali\u010di\u0107 saop\u0161tio je ve\u010deras za portal Antena M da su danas izabrali [&hellip;]","og_url":"https:\/\/sandzakpress.net\/arhiva\/dogovorena-vlast-u-gusinju\/","og_site_name":"Sand\u017eak PRESS","article_published_time":"2016-12-31T12:53:04+00:00","og_image":[{"width":720,"height":480,"url":"https:\/\/sandzakpress.net\/arhiva\/wp-content\/uploads\/2016\/12\/Gusinje2.jpg","type":"image\/jpeg"}],"author":"bosniak","twitter_card":"summary_large_image","twitter_misc":{"Written by":"bosniak","Est. reading time":"1 minuta"},"schema":{"@context":"https:\/\/schema.org","@graph":[{"@type":"Article","@id":"https:\/\/sandzakpress.net\/arhiva\/dogovorena-vlast-u-gusinju\/#article","isPartOf":{"@id":"https:\/\/sandzakpress.net\/arhiva\/dogovorena-vlast-u-gusinju\/"},"author":{"name":"bosniak","@id":"https:\/\/sandzakpress.net\/arhiva\/#\/schema\/person\/c8baee722073534b583ea7bdb2e36c02"},"headline":"Dogovorena vlast u Gusinju","datePublished":"2016-12-31T12:53:04+00:00","mainEntityOfPage":{"@id":"https:\/\/sandzakpress.net\/arhiva\/dogovorena-vlast-u-gusinju\/"},"wordCount":153,"commentCount":0,"publisher":{"@id":"https:\/\/sandzakpress.net\/arhiva\/#\/schema\/person\/6e72b67d6e51910a1117b3b483ba20bd"},"image":{"@id":"https:\/\/sandzakpress.net\/arhiva\/dogovorena-vlast-u-gusinju\/#primaryimage"},"thumbnailUrl":"https:\/\/sandzakpress.net\/arhiva\/wp-content\/uploads\/2016\/12\/Gusinje2.jpg","articleSection":["Politika","Gusinje","VA\u017dNO!"],"inLanguage":"bs-BA","potentialAction":[{"@type":"CommentAction","name":"Comment","target":["https:\/\/sandzakpress.net\/arhiva\/dogovorena-vlast-u-gusinju\/#respond"]}]},{"@type":"WebPage","@id":"https:\/\/sandzakpress.net\/arhiva\/dogovorena-vlast-u-gusinju\/","url":"https:\/\/sandzakpress.net\/arhiva\/dogovorena-vlast-u-gusinju\/","name":"Dogovorena vlast u Gusinju","isPartOf":{"@id":"https:\/\/sandzakpress.net\/arhiva\/#website"},"primaryImageOfPage":{"@id":"https:\/\/sandzakpress.net\/arhiva\/dogovorena-vlast-u-gusinju\/#primaryimage"},"image":{"@id":"https:\/\/sandzakpress.net\/arhiva\/dogovorena-vlast-u-gusinju\/#primaryimage"},"thumbnailUrl":"https:\/\/sandzakpress.net\/arhiva\/wp-content\/uploads\/2016\/12\/Gusinje2.jpg","datePublished":"2016-12-31T12:53:04+00:00","breadcrumb":{"@id":"https:\/\/sandzakpress.net\/arhiva\/dogovorena-vlast-u-gusinju\/#breadcrumb"},"inLanguage":"bs-BA","potentialAction":[{"@type":"ReadAction","target":["https:\/\/sandzakpress.net\/arhiva\/dogovorena-vlast-u-gusinju\/"]}]},{"@type":"ImageObject","inLanguage":"bs-BA","@id":"https:\/\/sandzakpress.net\/arhiva\/dogovorena-vlast-u-gusinju\/#primaryimage","url":"https:\/\/sandzakpress.net\/arhiva\/wp-content\/uploads\/2016\/12\/Gusinje2.jpg","contentUrl":"https:\/\/sandzakpress.net\/arhiva\/wp-content\/uploads\/2016\/12\/Gusinje2.jpg","width":720,"height":480},{"@type":"BreadcrumbList","@id":"https:\/\/sandzakpress.net\/arhiva\/dogovorena-vlast-u-gusinju\/#breadcrumb","itemListElement":[{"@type":"ListItem","position":1,"name":"Home","item":"https:\/\/sandzakpress.net\/arhiva\/"},{"@type":"ListItem","position":2,"name":"Dogovorena vlast u Gusinju"}]},{"@type":"WebSite","@id":"https:\/\/sandzakpress.net\/arhiva\/#website","url":"https:\/\/sandzakpress.net\/arhiva\/","name":"Sand\u017eak PRESS","description":"Prve elektronske novine u Sand\u017eaku","publisher":{"@id":"https:\/\/sandzakpress.net\/arhiva\/#\/schema\/person\/6e72b67d6e51910a1117b3b483ba20bd"},"potentialAction":[{"@type":"SearchAction","target":{"@type":"EntryPoint","urlTemplate":"https:\/\/sandzakpress.net\/arhiva\/?s={search_term_string}"},"query-input":{"@type":"PropertyValueSpecification","valueRequired":true,"valueName":"search_term_string"}}],"inLanguage":"bs-BA"},{"@type":["Person","Organization"],"@id":"https:\/\/sandzakpress.net\/arhiva\/#\/schema\/person\/6e72b67d6e51910a1117b3b483ba20bd","name":"Kul","image":{"@type":"ImageObject","inLanguage":"bs-BA","@id":"https:\/\/sandzakpress.net\/arhiva\/#\/schema\/person\/image\/","url":"https:\/\/secure.gravatar.com\/avatar\/42263f39aa27ac04c43cab85c280eb2e?s=96&d=mm&r=pg","contentUrl":"https:\/\/secure.gravatar.com\/avatar\/42263f39aa27ac04c43cab85c280eb2e?s=96&d=mm&r=pg","caption":"Kul"},"logo":{"@id":"https:\/\/sandzakpress.net\/arhiva\/#\/schema\/person\/image\/"}},{"@type":"Person","@id":"https:\/\/sandzakpress.net\/arhiva\/#\/schema\/person\/c8baee722073534b583ea7bdb2e36c02","name":"bosniak","image":{"@type":"ImageObject","inLanguage":"bs-BA","@id":"https:\/\/sandzakpress.net\/arhiva\/#\/schema\/person\/image\/","url":"https:\/\/secure.gravatar.com\/avatar\/a04fd330bfe3a36a72a0ad4a6d89fca7?s=96&d=mm&r=pg","contentUrl":"https:\/\/secure.gravatar.com\/avatar\/a04fd330bfe3a36a72a0ad4a6d89fca7?s=96&d=mm&r=pg","caption":"bosniak"},"url":"https:\/\/sandzakpress.net\/arhiva\/author\/bosniak\/"}]}},"_links":{"self":[{"href":"https:\/\/sandzakpress.net\/arhiva\/wp-json\/wp\/v2\/posts\/175904"}],"collection":[{"href":"https:\/\/sandzakpress.net\/arhiva\/wp-json\/wp\/v2\/posts"}],"about":[{"href":"https:\/\/sandzakpress.net\/arhiva\/wp-json\/wp\/v2\/types\/post"}],"author":[{"embeddable":true,"href":"https:\/\/sandzakpress.net\/arhiva\/wp-json\/wp\/v2\/users\/83"}],"replies":[{"embeddable":true,"href":"https:\/\/sandzakpress.net\/arhiva\/wp-json\/wp\/v2\/comments?post=175904"}],"version-history":[{"count":0,"href":"https:\/\/sandzakpress.net\/arhiva\/wp-json\/wp\/v2\/posts\/175904\/revisions"}],"wp:featuredmedia":[{"embeddable":true,"href":"https:\/\/sandzakpress.net\/arhiva\/wp-json\/wp\/v2\/media\/175914"}],"wp:attachment":[{"href":"https:\/\/sandzakpress.net\/arhiva\/wp-json\/wp\/v2\/media?parent=175904"}],"wp:term":[{"taxonomy":"category","embeddable":true,"href":"https:\/\/sandzakpress.net\/arhiva\/wp-json\/wp\/v2\/categories?post=175904"},{"taxonomy":"post_tag","embeddable":true,"href":"https:\/\/sandzakpress.net\/arhiva\/wp-json\/wp\/v2\/tags?post=175904"}],"curies":[{"name":"wp","href":"https:\/\/api.w.org\/{rel}","templated":true}]}}