{"id":175808,"date":"2016-12-29T13:27:35","date_gmt":"2016-12-29T12:27:35","guid":{"rendered":"https:\/\/sandzakpress.net\/arhiva\/radoncic-koalicija-da-bakirovi-ultimatumi-ne"},"modified":"2016-12-29T13:27:35","modified_gmt":"2016-12-29T12:27:35","slug":"radoncic-koalicija-da-bakirovi-ultimatumi-ne","status":"publish","type":"post","link":"https:\/\/sandzakpress.net\/arhiva\/radoncic-koalicija-da-bakirovi-ultimatumi-ne\/","title":{"rendered":"Radon\u010di\u0107: Koalicija \u2018da\u2019, Bakirovi ultimatumi \u2018ne\u2019"},"content":{"rendered":"<p><span class=\"cb-itemprop\"><\/p>\n<p class=\"story-lead\" style=\"text-align: justify\"><strong><img loading=\"lazy\" decoding=\"async\" class=\"size-large wp-image-192322 aligncenter\" src=\"http:\/\/bosnapress.net\/wp-content\/uploads\/2016\/12\/radoncic-izetbegovic-616x383.jpg\" alt=\"radoncic-izetbegovic\" width=\"616\" height=\"383\" \/>Sarajevo \u2013 Koalicija \u2018da\u2019, ultimatumi \u2018ne\u2019. Ako postoji neka bolja opcija za koaliciju umjesto SBB-a, iako je mi ne vidimo, nemamo ni\u0161ta protiv da Bakir Izetbegovi\u0107 povu\u010de prvi takav potez, kazao je Fahrudin Radon\u010di\u0107.<\/strong><\/p>\n<p style=\"text-align: justify\">Lider Saveza za bolju budu\u0107nost BiH odr\u017eao je novogodi\u0161nju pres konferenciju na kojoj je sumirao proteklu godinu, te odgovorio na pitanja novinara. Najvi\u0161e govora je bilo o tome da li je koalicija u krizi, te o odnosima sa Bakirom Izetbegovi\u0107em.<\/p>\n<p style=\"text-align: justify\">\u201c<strong>Ne prihvatam ni\u010diju ucjenu. Volim koaliciju u koju smo u\u0161li nakon vi\u0161emjese\u010dnih molbi SDA jer je u FBiH bio kolaps. Dali smo sva ministarska mjesta SDA, dali smo direktorske pozicije tri najve\u0107e kompanije. Da bih o\u010duvao koaliciju le\u017eao sam tri mjeseca pod politi\u010dkom optu\u017enicom, a nisam je htio razbiti, a plan je bio da je razbijem. Odjednom imamo dodatni zahtjev<\/strong>\u201c, rekao je Radon\u010di\u0107.<\/p>\n<p style=\"text-align: justify\">On je kazao da izme\u0111u koalicije i slobode gra\u0111ana koja se mjeri slobodom medija, zna \u0161ta \u0107e izabrati.<\/p>\n<p style=\"text-align: justify\">\u201c<strong>Ne postoji koalicioni dogovor koji je podrazumijevao da SDA bude s SBB-om, zajedno s Avazom koji ima neovisnu ure\u0111iva\u010dku politiku.Ko je Izetbegovi\u0107 da veliki Avaz, koji je stariji od SBB-a i koalicije, ucjenjuje kako \u0107e pisati kako bi koalicija opstala!? Koalicija \u2018da\u2019, ultimatumi \u2018ne\u2019<\/strong>, izjavio je Radon\u010di\u0107.<\/p>\n<p style=\"text-align: justify\">Radon\u010di\u0107 je rekao da \u2018ukoliko Bakir Izetbegovi\u0107 ima unutra\u0161nje probleme u SDA, ne treba izmi\u0161ljati vanjske neprijatelje\u2019.<\/p>\n<p style=\"text-align: justify\">Na pitanje kakvi su odnosi Bo\u0161njaka i Hrvata, predsjednik SBB-a je rekao da su ti odnosi dobri.<\/p>\n<p style=\"text-align: justify\">\u201c<strong>Su\u0161tina problema nisu na relaciji SDA-SBB, iako je tako ispalo. Su\u0161tina problema je na relaciji SDA \u2013 HDZ. Ima previ\u0161e otvorenih pitanja koje hrvatski korpus \u010deka da se rije\u0161e ili da ime se pomogne. Tu je presuda Sejdi\u0107 \u2013 Finci, budu\u0107e trase autoputeva, sijaset pitanja koje te dvije stranke moraju rije\u0161iti. Nalazim se u delikatnoj situaciji. Imamo \u010covi\u0107ev veliki optimizam i Izetbegovi\u0107ev pesimizam<\/strong>\u201c, odgovorio je Radon\u010di\u0107 i dodao da \u0107e idu\u0107a godina biti godina rje\u0161avanja problema koje mu\u010de gra\u0111ane.<\/p>\n<p style=\"text-align: justify\">Prvi \u010dovjek Saveza za bolju budu\u0107nost BiH je kazao da SBB ima problem sa stanjem u SDA, jer imaju koalicionog partnera sa unutra\u0161njim problemima. On je naglasio da trenutno nema komunikacije ove dvije stranke.<\/p>\n<p style=\"text-align: justify\">\u201c<strong>Tra\u017eit \u0107emo sastanke sa SDA.\u00a0 \u017delimo staviti odre\u0111ene prioritete. Ja sam poznat graditelj i ne mogu stajati skr\u0161tenih ruku dok se ni\u0161ta ne radi. Za\u0161to niko iz Vlade ne pri\u010da o projektima, o kojima se govorilo? Insistirat \u0107emo na izgradnji autoputeva, brze ceste prema Tuzli, tra\u017eit \u0107emo da se uradi toplovod Kakanj \u2013 Sarajevo, prva transferzala. SDA ima svoje ministre, premijere, pomo\u0107nike ministara i mi \u0107emo tra\u017eiti da se infrastrukturni radovi ubrzaju<\/strong>.\u201d<\/p>\n<p style=\"text-align: justify\">Radon\u010di\u0107 je kazao da \u0107e zamoliti odgovorne Bo\u0161njake da sjedu sa svojim timovima i razmisle gdje vodi bo\u0161nja\u010dka politika.<\/p>\n<p style=\"text-align: justify\">\u201c<strong>U\u2019 ratu\u2019 su sa svima, pa i sami sa sobom. Nema ozbiljne politike ako ste najpametniji na svijetu i u ratu sa svima. Bez kompromisa, dogovora i opu\u0161tanja nije mogu\u0107a niti jedna zemlja, pa ni BiH. U\u010dinit \u0107u sve da vratim Bo\u0161njake kao konstruktivni faktor na regionalnoj politi\u010dkoj sceni<\/strong>.\u201d<\/p>\n<p style=\"text-align: justify\">Govore\u0107i o koaliciji Radon\u010di\u0107 je na po\u010detku kazao da je spreman i na mogu\u0107nost da Izetbegovi\u0107 promijeni koalicionog partnera, ukoliko smatra da SBB nije dovoljno dobar partner.<\/p>\n<p style=\"text-align: justify\">\u201c<strong>On je kazao da \u0107e se to desiti ako Avaz nastavi kritikovati vlast, a to rade svi odgovorni mediji. Avaz je prvo napao na\u0161eg direktora Autocesta i razbio ga kao zve\u010dku. Izetbegovi\u0107 neke stvari ne memori\u0161e.<\/strong> Ne sje\u0107am se da je Avaz posebno napadao Denisa Zvizdi\u0107a i Fadila Novali\u0107a, osim kada su principijalne stvari u pitanju. Ali princip ne postoji da jednu koaliciju uslovljavate pisanjem\u201d, kazao je Radon\u010di\u0107 i nastavio:<\/p>\n<p style=\"text-align: justify\">\u201c<strong>Zamislite da ja ka\u017eem da Izetbegovi\u0107 ima utjecaj na Klix, Federalnu TV, Slobodnu Bosnu, Stav i Faktor koji je ukinut.<\/strong>\u201c<\/p>\n<p style=\"text-align: justify\">Za kraj konferencije Radon\u010di\u0107 je izrazio nadu da \u0107e se do kraja maja odgovoriti na upitnik Evropske komisije. Tako\u0111er je kazao da SBB ne ubire jeftine politi\u010dke poene, ukoliko zna da \u0107e imati priliku u Parlamentu da ka\u017ee svoj stav.<\/p>\n<p style=\"text-align: justify\">\u201c<strong>Uz tragikomi\u010dne trzavice u koaliciji nadam se da \u0107emo kao odgovorna vlast prema gra\u0111anima to uraditi<\/strong>.\u201d<\/p>\n<p style=\"text-align: justify\">(n1)<\/p>\n<p><\/span><br \/>\nPogledajte vijest na izvornom sajtu:<\/p>\n<p><a href=\"http:\/\/bosnapress.net\/radoncic-koalicija-da-bakirovi-ultimatumi-ne\/\" target=\"_blank\">Radon\u010di\u0107: Koalicija \u2018da\u2019, Bakirovi ultimatumi \u2018ne\u2019<\/a><\/p>\n","protected":false},"excerpt":{"rendered":"<p>Sarajevo \u2013 Koalicija \u2018da\u2019, ultimatumi \u2018ne\u2019. Ako postoji neka bolja opcija za koaliciju umjesto SBB-a, iako je mi ne vidimo, nemamo ni\u0161ta protiv da Bakir Izetbegovi\u0107 povu\u010de prvi takav potez, kazao je Fahrudin Radon\u010di\u0107. Lider Saveza za bolju budu\u0107nost BiH odr\u017eao je novogodi\u0161nju pres konferenciju na kojoj je sumirao proteklu godinu, te odgovorio na pitanja [&hellip;]<\/p>\n","protected":false},"author":83,"featured_media":175810,"comment_status":"open","ping_status":"open","sticky":false,"template":"","format":"standard","meta":{"footnotes":""},"categories":[10513],"tags":[10466],"class_list":{"0":"post-175808","1":"post","2":"type-post","3":"status-publish","4":"format-standard","5":"has-post-thumbnail","7":"category-bosna-press","8":"tag-bosna-i-hercegovina"},"yoast_head":"<!-- This site is optimized with the Yoast SEO Premium plugin v23.1 (Yoast SEO v24.9) - https:\/\/yoast.com\/wordpress\/plugins\/seo\/ -->\n<title>Radon\u010di\u0107: Koalicija \u2018da\u2019, Bakirovi ultimatumi \u2018ne\u2019<\/title>\n<meta name=\"robots\" content=\"index, follow, max-snippet:-1, max-image-preview:large, max-video-preview:-1\" \/>\n<link rel=\"canonical\" href=\"https:\/\/sandzakpress.net\/arhiva\/radoncic-koalicija-da-bakirovi-ultimatumi-ne\/\" \/>\n<meta property=\"og:locale\" content=\"bs_BA\" \/>\n<meta property=\"og:type\" content=\"article\" \/>\n<meta property=\"og:title\" content=\"Radon\u010di\u0107: Koalicija \u2018da\u2019, Bakirovi ultimatumi \u2018ne\u2019\" \/>\n<meta property=\"og:description\" content=\"Sarajevo \u2013 Koalicija \u2018da\u2019, ultimatumi \u2018ne\u2019. Ako postoji neka bolja opcija za koaliciju umjesto SBB-a, iako je mi ne vidimo, nemamo ni\u0161ta protiv da Bakir Izetbegovi\u0107 povu\u010de prvi takav potez, kazao je Fahrudin Radon\u010di\u0107. Lider Saveza za bolju budu\u0107nost BiH odr\u017eao je novogodi\u0161nju pres konferenciju na kojoj je sumirao proteklu godinu, te odgovorio na pitanja [&hellip;]\" \/>\n<meta property=\"og:url\" content=\"https:\/\/sandzakpress.net\/arhiva\/radoncic-koalicija-da-bakirovi-ultimatumi-ne\/\" \/>\n<meta property=\"og:site_name\" content=\"Sand\u017eak PRESS\" \/>\n<meta property=\"article:published_time\" content=\"2016-12-29T12:27:35+00:00\" \/>\n<meta property=\"og:image\" content=\"https:\/\/sandzakpress.net\/arhiva\/wp-content\/uploads\/2016\/12\/radoncic-izetbegovic-616x383-1.jpg\" \/>\n\t<meta property=\"og:image:width\" content=\"616\" \/>\n\t<meta property=\"og:image:height\" content=\"383\" \/>\n\t<meta property=\"og:image:type\" content=\"image\/jpeg\" \/>\n<meta name=\"author\" content=\"bosniak\" \/>\n<meta name=\"twitter:card\" content=\"summary_large_image\" \/>\n<meta name=\"twitter:label1\" content=\"Written by\" \/>\n\t<meta name=\"twitter:data1\" content=\"bosniak\" \/>\n\t<meta name=\"twitter:label2\" content=\"Est. reading time\" \/>\n\t<meta name=\"twitter:data2\" content=\"4 minute\" \/>\n<script type=\"application\/ld+json\" class=\"yoast-schema-graph\">{\"@context\":\"https:\/\/schema.org\",\"@graph\":[{\"@type\":\"Article\",\"@id\":\"https:\/\/sandzakpress.net\/arhiva\/radoncic-koalicija-da-bakirovi-ultimatumi-ne\/#article\",\"isPartOf\":{\"@id\":\"https:\/\/sandzakpress.net\/arhiva\/radoncic-koalicija-da-bakirovi-ultimatumi-ne\/\"},\"author\":{\"name\":\"bosniak\",\"@id\":\"https:\/\/sandzakpress.net\/arhiva\/#\/schema\/person\/c8baee722073534b583ea7bdb2e36c02\"},\"headline\":\"Radon\u010di\u0107: Koalicija \u2018da\u2019, Bakirovi ultimatumi \u2018ne\u2019\",\"datePublished\":\"2016-12-29T12:27:35+00:00\",\"mainEntityOfPage\":{\"@id\":\"https:\/\/sandzakpress.net\/arhiva\/radoncic-koalicija-da-bakirovi-ultimatumi-ne\/\"},\"wordCount\":757,\"commentCount\":0,\"publisher\":{\"@id\":\"https:\/\/sandzakpress.net\/arhiva\/#\/schema\/person\/6e72b67d6e51910a1117b3b483ba20bd\"},\"image\":{\"@id\":\"https:\/\/sandzakpress.net\/arhiva\/radoncic-koalicija-da-bakirovi-ultimatumi-ne\/#primaryimage\"},\"thumbnailUrl\":\"https:\/\/sandzakpress.net\/arhiva\/wp-content\/uploads\/2016\/12\/radoncic-izetbegovic-616x383-1.jpg\",\"keywords\":[\"Bosna i Hercegovina\"],\"articleSection\":[\"Bosna PRESS\"],\"inLanguage\":\"bs-BA\",\"potentialAction\":[{\"@type\":\"CommentAction\",\"name\":\"Comment\",\"target\":[\"https:\/\/sandzakpress.net\/arhiva\/radoncic-koalicija-da-bakirovi-ultimatumi-ne\/#respond\"]}]},{\"@type\":\"WebPage\",\"@id\":\"https:\/\/sandzakpress.net\/arhiva\/radoncic-koalicija-da-bakirovi-ultimatumi-ne\/\",\"url\":\"https:\/\/sandzakpress.net\/arhiva\/radoncic-koalicija-da-bakirovi-ultimatumi-ne\/\",\"name\":\"Radon\u010di\u0107: Koalicija \u2018da\u2019, Bakirovi ultimatumi \u2018ne\u2019\",\"isPartOf\":{\"@id\":\"https:\/\/sandzakpress.net\/arhiva\/#website\"},\"primaryImageOfPage\":{\"@id\":\"https:\/\/sandzakpress.net\/arhiva\/radoncic-koalicija-da-bakirovi-ultimatumi-ne\/#primaryimage\"},\"image\":{\"@id\":\"https:\/\/sandzakpress.net\/arhiva\/radoncic-koalicija-da-bakirovi-ultimatumi-ne\/#primaryimage\"},\"thumbnailUrl\":\"https:\/\/sandzakpress.net\/arhiva\/wp-content\/uploads\/2016\/12\/radoncic-izetbegovic-616x383-1.jpg\",\"datePublished\":\"2016-12-29T12:27:35+00:00\",\"breadcrumb\":{\"@id\":\"https:\/\/sandzakpress.net\/arhiva\/radoncic-koalicija-da-bakirovi-ultimatumi-ne\/#breadcrumb\"},\"inLanguage\":\"bs-BA\",\"potentialAction\":[{\"@type\":\"ReadAction\",\"target\":[\"https:\/\/sandzakpress.net\/arhiva\/radoncic-koalicija-da-bakirovi-ultimatumi-ne\/\"]}]},{\"@type\":\"ImageObject\",\"inLanguage\":\"bs-BA\",\"@id\":\"https:\/\/sandzakpress.net\/arhiva\/radoncic-koalicija-da-bakirovi-ultimatumi-ne\/#primaryimage\",\"url\":\"https:\/\/sandzakpress.net\/arhiva\/wp-content\/uploads\/2016\/12\/radoncic-izetbegovic-616x383-1.jpg\",\"contentUrl\":\"https:\/\/sandzakpress.net\/arhiva\/wp-content\/uploads\/2016\/12\/radoncic-izetbegovic-616x383-1.jpg\",\"width\":616,\"height\":383},{\"@type\":\"BreadcrumbList\",\"@id\":\"https:\/\/sandzakpress.net\/arhiva\/radoncic-koalicija-da-bakirovi-ultimatumi-ne\/#breadcrumb\",\"itemListElement\":[{\"@type\":\"ListItem\",\"position\":1,\"name\":\"Home\",\"item\":\"https:\/\/sandzakpress.net\/arhiva\/\"},{\"@type\":\"ListItem\",\"position\":2,\"name\":\"Radon\u010di\u0107: Koalicija \u2018da\u2019, Bakirovi ultimatumi \u2018ne\u2019\"}]},{\"@type\":\"WebSite\",\"@id\":\"https:\/\/sandzakpress.net\/arhiva\/#website\",\"url\":\"https:\/\/sandzakpress.net\/arhiva\/\",\"name\":\"Sand\u017eak PRESS\",\"description\":\"Prve elektronske novine u Sand\u017eaku\",\"publisher\":{\"@id\":\"https:\/\/sandzakpress.net\/arhiva\/#\/schema\/person\/6e72b67d6e51910a1117b3b483ba20bd\"},\"potentialAction\":[{\"@type\":\"SearchAction\",\"target\":{\"@type\":\"EntryPoint\",\"urlTemplate\":\"https:\/\/sandzakpress.net\/arhiva\/?s={search_term_string}\"},\"query-input\":{\"@type\":\"PropertyValueSpecification\",\"valueRequired\":true,\"valueName\":\"search_term_string\"}}],\"inLanguage\":\"bs-BA\"},{\"@type\":[\"Person\",\"Organization\"],\"@id\":\"https:\/\/sandzakpress.net\/arhiva\/#\/schema\/person\/6e72b67d6e51910a1117b3b483ba20bd\",\"name\":\"Kul\",\"image\":{\"@type\":\"ImageObject\",\"inLanguage\":\"bs-BA\",\"@id\":\"https:\/\/sandzakpress.net\/arhiva\/#\/schema\/person\/image\/\",\"url\":\"https:\/\/secure.gravatar.com\/avatar\/42263f39aa27ac04c43cab85c280eb2e?s=96&d=mm&r=pg\",\"contentUrl\":\"https:\/\/secure.gravatar.com\/avatar\/42263f39aa27ac04c43cab85c280eb2e?s=96&d=mm&r=pg\",\"caption\":\"Kul\"},\"logo\":{\"@id\":\"https:\/\/sandzakpress.net\/arhiva\/#\/schema\/person\/image\/\"}},{\"@type\":\"Person\",\"@id\":\"https:\/\/sandzakpress.net\/arhiva\/#\/schema\/person\/c8baee722073534b583ea7bdb2e36c02\",\"name\":\"bosniak\",\"image\":{\"@type\":\"ImageObject\",\"inLanguage\":\"bs-BA\",\"@id\":\"https:\/\/sandzakpress.net\/arhiva\/#\/schema\/person\/image\/\",\"url\":\"https:\/\/secure.gravatar.com\/avatar\/a04fd330bfe3a36a72a0ad4a6d89fca7?s=96&d=mm&r=pg\",\"contentUrl\":\"https:\/\/secure.gravatar.com\/avatar\/a04fd330bfe3a36a72a0ad4a6d89fca7?s=96&d=mm&r=pg\",\"caption\":\"bosniak\"},\"url\":\"https:\/\/sandzakpress.net\/arhiva\/author\/bosniak\/\"}]}<\/script>\n<!-- \/ Yoast SEO Premium plugin. -->","yoast_head_json":{"title":"Radon\u010di\u0107: Koalicija \u2018da\u2019, Bakirovi ultimatumi \u2018ne\u2019","robots":{"index":"index","follow":"follow","max-snippet":"max-snippet:-1","max-image-preview":"max-image-preview:large","max-video-preview":"max-video-preview:-1"},"canonical":"https:\/\/sandzakpress.net\/arhiva\/radoncic-koalicija-da-bakirovi-ultimatumi-ne\/","og_locale":"bs_BA","og_type":"article","og_title":"Radon\u010di\u0107: Koalicija \u2018da\u2019, Bakirovi ultimatumi \u2018ne\u2019","og_description":"Sarajevo \u2013 Koalicija \u2018da\u2019, ultimatumi \u2018ne\u2019. Ako postoji neka bolja opcija za koaliciju umjesto SBB-a, iako je mi ne vidimo, nemamo ni\u0161ta protiv da Bakir Izetbegovi\u0107 povu\u010de prvi takav potez, kazao je Fahrudin Radon\u010di\u0107. Lider Saveza za bolju budu\u0107nost BiH odr\u017eao je novogodi\u0161nju pres konferenciju na kojoj je sumirao proteklu godinu, te odgovorio na pitanja [&hellip;]","og_url":"https:\/\/sandzakpress.net\/arhiva\/radoncic-koalicija-da-bakirovi-ultimatumi-ne\/","og_site_name":"Sand\u017eak PRESS","article_published_time":"2016-12-29T12:27:35+00:00","og_image":[{"width":616,"height":383,"url":"https:\/\/sandzakpress.net\/arhiva\/wp-content\/uploads\/2016\/12\/radoncic-izetbegovic-616x383-1.jpg","type":"image\/jpeg"}],"author":"bosniak","twitter_card":"summary_large_image","twitter_misc":{"Written by":"bosniak","Est. reading time":"4 minute"},"schema":{"@context":"https:\/\/schema.org","@graph":[{"@type":"Article","@id":"https:\/\/sandzakpress.net\/arhiva\/radoncic-koalicija-da-bakirovi-ultimatumi-ne\/#article","isPartOf":{"@id":"https:\/\/sandzakpress.net\/arhiva\/radoncic-koalicija-da-bakirovi-ultimatumi-ne\/"},"author":{"name":"bosniak","@id":"https:\/\/sandzakpress.net\/arhiva\/#\/schema\/person\/c8baee722073534b583ea7bdb2e36c02"},"headline":"Radon\u010di\u0107: Koalicija \u2018da\u2019, Bakirovi ultimatumi \u2018ne\u2019","datePublished":"2016-12-29T12:27:35+00:00","mainEntityOfPage":{"@id":"https:\/\/sandzakpress.net\/arhiva\/radoncic-koalicija-da-bakirovi-ultimatumi-ne\/"},"wordCount":757,"commentCount":0,"publisher":{"@id":"https:\/\/sandzakpress.net\/arhiva\/#\/schema\/person\/6e72b67d6e51910a1117b3b483ba20bd"},"image":{"@id":"https:\/\/sandzakpress.net\/arhiva\/radoncic-koalicija-da-bakirovi-ultimatumi-ne\/#primaryimage"},"thumbnailUrl":"https:\/\/sandzakpress.net\/arhiva\/wp-content\/uploads\/2016\/12\/radoncic-izetbegovic-616x383-1.jpg","keywords":["Bosna i Hercegovina"],"articleSection":["Bosna PRESS"],"inLanguage":"bs-BA","potentialAction":[{"@type":"CommentAction","name":"Comment","target":["https:\/\/sandzakpress.net\/arhiva\/radoncic-koalicija-da-bakirovi-ultimatumi-ne\/#respond"]}]},{"@type":"WebPage","@id":"https:\/\/sandzakpress.net\/arhiva\/radoncic-koalicija-da-bakirovi-ultimatumi-ne\/","url":"https:\/\/sandzakpress.net\/arhiva\/radoncic-koalicija-da-bakirovi-ultimatumi-ne\/","name":"Radon\u010di\u0107: Koalicija \u2018da\u2019, Bakirovi ultimatumi \u2018ne\u2019","isPartOf":{"@id":"https:\/\/sandzakpress.net\/arhiva\/#website"},"primaryImageOfPage":{"@id":"https:\/\/sandzakpress.net\/arhiva\/radoncic-koalicija-da-bakirovi-ultimatumi-ne\/#primaryimage"},"image":{"@id":"https:\/\/sandzakpress.net\/arhiva\/radoncic-koalicija-da-bakirovi-ultimatumi-ne\/#primaryimage"},"thumbnailUrl":"https:\/\/sandzakpress.net\/arhiva\/wp-content\/uploads\/2016\/12\/radoncic-izetbegovic-616x383-1.jpg","datePublished":"2016-12-29T12:27:35+00:00","breadcrumb":{"@id":"https:\/\/sandzakpress.net\/arhiva\/radoncic-koalicija-da-bakirovi-ultimatumi-ne\/#breadcrumb"},"inLanguage":"bs-BA","potentialAction":[{"@type":"ReadAction","target":["https:\/\/sandzakpress.net\/arhiva\/radoncic-koalicija-da-bakirovi-ultimatumi-ne\/"]}]},{"@type":"ImageObject","inLanguage":"bs-BA","@id":"https:\/\/sandzakpress.net\/arhiva\/radoncic-koalicija-da-bakirovi-ultimatumi-ne\/#primaryimage","url":"https:\/\/sandzakpress.net\/arhiva\/wp-content\/uploads\/2016\/12\/radoncic-izetbegovic-616x383-1.jpg","contentUrl":"https:\/\/sandzakpress.net\/arhiva\/wp-content\/uploads\/2016\/12\/radoncic-izetbegovic-616x383-1.jpg","width":616,"height":383},{"@type":"BreadcrumbList","@id":"https:\/\/sandzakpress.net\/arhiva\/radoncic-koalicija-da-bakirovi-ultimatumi-ne\/#breadcrumb","itemListElement":[{"@type":"ListItem","position":1,"name":"Home","item":"https:\/\/sandzakpress.net\/arhiva\/"},{"@type":"ListItem","position":2,"name":"Radon\u010di\u0107: Koalicija \u2018da\u2019, Bakirovi ultimatumi \u2018ne\u2019"}]},{"@type":"WebSite","@id":"https:\/\/sandzakpress.net\/arhiva\/#website","url":"https:\/\/sandzakpress.net\/arhiva\/","name":"Sand\u017eak PRESS","description":"Prve elektronske novine u Sand\u017eaku","publisher":{"@id":"https:\/\/sandzakpress.net\/arhiva\/#\/schema\/person\/6e72b67d6e51910a1117b3b483ba20bd"},"potentialAction":[{"@type":"SearchAction","target":{"@type":"EntryPoint","urlTemplate":"https:\/\/sandzakpress.net\/arhiva\/?s={search_term_string}"},"query-input":{"@type":"PropertyValueSpecification","valueRequired":true,"valueName":"search_term_string"}}],"inLanguage":"bs-BA"},{"@type":["Person","Organization"],"@id":"https:\/\/sandzakpress.net\/arhiva\/#\/schema\/person\/6e72b67d6e51910a1117b3b483ba20bd","name":"Kul","image":{"@type":"ImageObject","inLanguage":"bs-BA","@id":"https:\/\/sandzakpress.net\/arhiva\/#\/schema\/person\/image\/","url":"https:\/\/secure.gravatar.com\/avatar\/42263f39aa27ac04c43cab85c280eb2e?s=96&d=mm&r=pg","contentUrl":"https:\/\/secure.gravatar.com\/avatar\/42263f39aa27ac04c43cab85c280eb2e?s=96&d=mm&r=pg","caption":"Kul"},"logo":{"@id":"https:\/\/sandzakpress.net\/arhiva\/#\/schema\/person\/image\/"}},{"@type":"Person","@id":"https:\/\/sandzakpress.net\/arhiva\/#\/schema\/person\/c8baee722073534b583ea7bdb2e36c02","name":"bosniak","image":{"@type":"ImageObject","inLanguage":"bs-BA","@id":"https:\/\/sandzakpress.net\/arhiva\/#\/schema\/person\/image\/","url":"https:\/\/secure.gravatar.com\/avatar\/a04fd330bfe3a36a72a0ad4a6d89fca7?s=96&d=mm&r=pg","contentUrl":"https:\/\/secure.gravatar.com\/avatar\/a04fd330bfe3a36a72a0ad4a6d89fca7?s=96&d=mm&r=pg","caption":"bosniak"},"url":"https:\/\/sandzakpress.net\/arhiva\/author\/bosniak\/"}]}},"_links":{"self":[{"href":"https:\/\/sandzakpress.net\/arhiva\/wp-json\/wp\/v2\/posts\/175808"}],"collection":[{"href":"https:\/\/sandzakpress.net\/arhiva\/wp-json\/wp\/v2\/posts"}],"about":[{"href":"https:\/\/sandzakpress.net\/arhiva\/wp-json\/wp\/v2\/types\/post"}],"author":[{"embeddable":true,"href":"https:\/\/sandzakpress.net\/arhiva\/wp-json\/wp\/v2\/users\/83"}],"replies":[{"embeddable":true,"href":"https:\/\/sandzakpress.net\/arhiva\/wp-json\/wp\/v2\/comments?post=175808"}],"version-history":[{"count":0,"href":"https:\/\/sandzakpress.net\/arhiva\/wp-json\/wp\/v2\/posts\/175808\/revisions"}],"wp:featuredmedia":[{"embeddable":true,"href":"https:\/\/sandzakpress.net\/arhiva\/wp-json\/wp\/v2\/media\/175810"}],"wp:attachment":[{"href":"https:\/\/sandzakpress.net\/arhiva\/wp-json\/wp\/v2\/media?parent=175808"}],"wp:term":[{"taxonomy":"category","embeddable":true,"href":"https:\/\/sandzakpress.net\/arhiva\/wp-json\/wp\/v2\/categories?post=175808"},{"taxonomy":"post_tag","embeddable":true,"href":"https:\/\/sandzakpress.net\/arhiva\/wp-json\/wp\/v2\/tags?post=175808"}],"curies":[{"name":"wp","href":"https:\/\/api.w.org\/{rel}","templated":true}]}}