{"id":17541,"date":"2011-06-29T10:42:01","date_gmt":"2011-06-29T08:42:01","guid":{"rendered":"https:\/\/sandzakpress.net\/arhiva\/?p=17541"},"modified":"2011-06-29T10:42:01","modified_gmt":"2011-06-29T08:42:01","slug":"oporavljaju-se-djeca-zarazena-salmonelom","status":"publish","type":"post","link":"https:\/\/sandzakpress.net\/arhiva\/oporavljaju-se-djeca-zarazena-salmonelom\/","title":{"rendered":"Oporavljaju se djeca zara\u017eena salmonelom"},"content":{"rendered":"<p><strong><a href=\"https:\/\/sandzakpress.net\/arhiva\/wp-content\/uploads\/2011\/06\/images15.jpg\"><img loading=\"lazy\" decoding=\"async\" class=\"alignleft size-thumbnail wp-image-17542\" src=\"https:\/\/sandzakpress.net\/arhiva\/wp-content\/uploads\/2011\/06\/images15-150x150.jpg\" alt=\"\" width=\"150\" height=\"150\" srcset=\"https:\/\/sandzakpress.net\/arhiva\/wp-content\/uploads\/2011\/06\/images15-150x150.jpg 150w, https:\/\/sandzakpress.net\/arhiva\/wp-content\/uploads\/2011\/06\/images15-90x90.jpg 90w, https:\/\/sandzakpress.net\/arhiva\/wp-content\/uploads\/2011\/06\/images15-125x125.jpg 125w\" sizes=\"(max-width: 150px) 100vw, 150px\" \/><\/a> Prijepolje &#8211; Devetoro djece koja su zadr\u017eana na bolni\u010dkom lije\u010denju u Prijepolju zbog sumnje da su zara\u017eena salmonelom osje\u0107a se bolje i njihovo stanje je stabilno, rekli su<br \/>\ndanas ljekari.<\/strong><br \/>\nSedam od tretiranih osam uzoraka uzetih kod djece koja se le\u010de u prijepoljskoj bolnici pokazalo je prisustvo salmonele enteritidis, bakterije koja se prenosi hranom i kontaktom, rekla je doktorka Biljana Mijovi\u0107, direktorka Zavoda za za\u0161titu zdravlja<br \/>\niz U\u017eica.<br \/>\nPrema njenim rije\u010dima, to je preliminaran nalaz, ali je verovatno da \u0107e on biti potvr\u0111en.<br \/>\nBiljana Mijovi\u0107 je rekla da se sumnja da je uzrok trovanja sladoled iz jedne lokalne poslasti\u010darnice.<br \/>\n&#8220;Zdravstveno stanje svih devet na\u0161ih pacijenata koji su na bolni\u010dkom lije\u010denju je stabilno&#8221;, rekla je za agenciju Beta doktorka Binasa Taso, na\u010delnica Dje\u010djeg odjeljenja bolnice u Prijepolju.<br \/>\n&#8220;Od sredine pro\u0161le nedjelje, kada su po\u010deli da se javljaju pacijenti sa simptomima mu\u010dnine, visoke temperature, proliva i povra\u0107anja, imali smo ukupno 19 djece. Trenutno je njih 10 na ku\u0107nom lije\u010denju, a devet je na odeljenju&#8221;, rekla je ona.<br \/>\nRe\u0161enjem inspekcije, do zavr\u0161etka analiza, privremeno je zatvorena poslasti\u010darnica &#8220;Minjon&#8221; u Prijepolju, gdje je ve\u0107ina oboljelih pro\u0161le sedmice kupovala sladoled, re\u010deno je u Republi\u010dkoj sanitarnoj inspekciji.<\/p>\n<p>Izvor: <strong>RadiStoPlus.com<\/strong><\/p>\n","protected":false},"excerpt":{"rendered":"<p>Prijepolje &#8211; Devetoro djece koja su zadr\u017eana na bolni\u010dkom lije\u010denju u Prijepolju zbog sumnje da su zara\u017eena salmonelom osje\u0107a se bolje i njihovo stanje je stabilno, rekli su danas ljekari. Sedam od tretiranih osam uzoraka uzetih kod djece koja se le\u010de u prijepoljskoj bolnici pokazalo je prisustvo salmonele enteritidis, bakterije koja se prenosi hranom i [&hellip;]<\/p>\n","protected":false},"author":13,"featured_media":17542,"comment_status":"open","ping_status":"open","sticky":false,"template":"","format":"standard","meta":{"footnotes":""},"categories":[392,801],"tags":[],"class_list":{"0":"post-17541","1":"post","2":"type-post","3":"status-publish","4":"format-standard","5":"has-post-thumbnail","7":"category-prijepolje_","8":"category-crna_hronika"},"yoast_head":"<!-- This site is optimized with the Yoast SEO Premium plugin v23.1 (Yoast SEO v24.9) - https:\/\/yoast.com\/wordpress\/plugins\/seo\/ -->\n<title>Oporavljaju se djeca zara\u017eena salmonelom<\/title>\n<meta name=\"robots\" content=\"index, follow, max-snippet:-1, max-image-preview:large, max-video-preview:-1\" \/>\n<link rel=\"canonical\" href=\"https:\/\/sandzakpress.net\/arhiva\/oporavljaju-se-djeca-zarazena-salmonelom\/\" \/>\n<meta property=\"og:locale\" content=\"bs_BA\" \/>\n<meta property=\"og:type\" content=\"article\" \/>\n<meta property=\"og:title\" content=\"Oporavljaju se djeca zara\u017eena salmonelom\" \/>\n<meta property=\"og:description\" content=\"Prijepolje &#8211; Devetoro djece koja su zadr\u017eana na bolni\u010dkom lije\u010denju u Prijepolju zbog sumnje da su zara\u017eena salmonelom osje\u0107a se bolje i njihovo stanje je stabilno, rekli su danas ljekari. Sedam od tretiranih osam uzoraka uzetih kod djece koja se le\u010de u prijepoljskoj bolnici pokazalo je prisustvo salmonele enteritidis, bakterije koja se prenosi hranom i [&hellip;]\" \/>\n<meta property=\"og:url\" content=\"https:\/\/sandzakpress.net\/arhiva\/oporavljaju-se-djeca-zarazena-salmonelom\/\" \/>\n<meta property=\"og:site_name\" content=\"Sand\u017eak PRESS\" \/>\n<meta property=\"article:published_time\" content=\"2011-06-29T08:42:01+00:00\" \/>\n<meta property=\"og:image\" content=\"https:\/\/sandzakpress.net\/arhiva\/wp-content\/uploads\/2011\/06\/images15.jpg\" \/>\n\t<meta property=\"og:image:width\" content=\"279\" \/>\n\t<meta property=\"og:image:height\" content=\"180\" \/>\n\t<meta property=\"og:image:type\" content=\"image\/jpeg\" \/>\n<meta name=\"twitter:card\" content=\"summary_large_image\" \/>\n<meta name=\"twitter:label1\" content=\"Written by\" \/>\n\t<meta name=\"twitter:data1\" content=\"\" \/>\n\t<meta name=\"twitter:label2\" content=\"Est. reading time\" \/>\n\t<meta name=\"twitter:data2\" content=\"1 minuta\" \/>\n<script type=\"application\/ld+json\" class=\"yoast-schema-graph\">{\"@context\":\"https:\/\/schema.org\",\"@graph\":[{\"@type\":\"Article\",\"@id\":\"https:\/\/sandzakpress.net\/arhiva\/oporavljaju-se-djeca-zarazena-salmonelom\/#article\",\"isPartOf\":{\"@id\":\"https:\/\/sandzakpress.net\/arhiva\/oporavljaju-se-djeca-zarazena-salmonelom\/\"},\"author\":{\"name\":\"\",\"@id\":\"\"},\"headline\":\"Oporavljaju se djeca zara\u017eena salmonelom\",\"datePublished\":\"2011-06-29T08:42:01+00:00\",\"mainEntityOfPage\":{\"@id\":\"https:\/\/sandzakpress.net\/arhiva\/oporavljaju-se-djeca-zarazena-salmonelom\/\"},\"wordCount\":227,\"commentCount\":0,\"publisher\":{\"@id\":\"https:\/\/sandzakpress.net\/arhiva\/#\/schema\/person\/6e72b67d6e51910a1117b3b483ba20bd\"},\"image\":{\"@id\":\"https:\/\/sandzakpress.net\/arhiva\/oporavljaju-se-djeca-zarazena-salmonelom\/#primaryimage\"},\"thumbnailUrl\":\"https:\/\/sandzakpress.net\/arhiva\/wp-content\/uploads\/2011\/06\/images15.jpg\",\"articleSection\":[\"Prijepolje\",\"Hronika\"],\"inLanguage\":\"bs-BA\",\"potentialAction\":[{\"@type\":\"CommentAction\",\"name\":\"Comment\",\"target\":[\"https:\/\/sandzakpress.net\/arhiva\/oporavljaju-se-djeca-zarazena-salmonelom\/#respond\"]}]},{\"@type\":\"WebPage\",\"@id\":\"https:\/\/sandzakpress.net\/arhiva\/oporavljaju-se-djeca-zarazena-salmonelom\/\",\"url\":\"https:\/\/sandzakpress.net\/arhiva\/oporavljaju-se-djeca-zarazena-salmonelom\/\",\"name\":\"Oporavljaju se djeca zara\u017eena salmonelom\",\"isPartOf\":{\"@id\":\"https:\/\/sandzakpress.net\/arhiva\/#website\"},\"primaryImageOfPage\":{\"@id\":\"https:\/\/sandzakpress.net\/arhiva\/oporavljaju-se-djeca-zarazena-salmonelom\/#primaryimage\"},\"image\":{\"@id\":\"https:\/\/sandzakpress.net\/arhiva\/oporavljaju-se-djeca-zarazena-salmonelom\/#primaryimage\"},\"thumbnailUrl\":\"https:\/\/sandzakpress.net\/arhiva\/wp-content\/uploads\/2011\/06\/images15.jpg\",\"datePublished\":\"2011-06-29T08:42:01+00:00\",\"breadcrumb\":{\"@id\":\"https:\/\/sandzakpress.net\/arhiva\/oporavljaju-se-djeca-zarazena-salmonelom\/#breadcrumb\"},\"inLanguage\":\"bs-BA\",\"potentialAction\":[{\"@type\":\"ReadAction\",\"target\":[\"https:\/\/sandzakpress.net\/arhiva\/oporavljaju-se-djeca-zarazena-salmonelom\/\"]}]},{\"@type\":\"ImageObject\",\"inLanguage\":\"bs-BA\",\"@id\":\"https:\/\/sandzakpress.net\/arhiva\/oporavljaju-se-djeca-zarazena-salmonelom\/#primaryimage\",\"url\":\"https:\/\/sandzakpress.net\/arhiva\/wp-content\/uploads\/2011\/06\/images15.jpg\",\"contentUrl\":\"https:\/\/sandzakpress.net\/arhiva\/wp-content\/uploads\/2011\/06\/images15.jpg\",\"width\":279,\"height\":180},{\"@type\":\"BreadcrumbList\",\"@id\":\"https:\/\/sandzakpress.net\/arhiva\/oporavljaju-se-djeca-zarazena-salmonelom\/#breadcrumb\",\"itemListElement\":[{\"@type\":\"ListItem\",\"position\":1,\"name\":\"Home\",\"item\":\"https:\/\/sandzakpress.net\/arhiva\/\"},{\"@type\":\"ListItem\",\"position\":2,\"name\":\"Oporavljaju se djeca zara\u017eena salmonelom\"}]},{\"@type\":\"WebSite\",\"@id\":\"https:\/\/sandzakpress.net\/arhiva\/#website\",\"url\":\"https:\/\/sandzakpress.net\/arhiva\/\",\"name\":\"Sand\u017eak PRESS\",\"description\":\"Prve elektronske novine u Sand\u017eaku\",\"publisher\":{\"@id\":\"https:\/\/sandzakpress.net\/arhiva\/#\/schema\/person\/6e72b67d6e51910a1117b3b483ba20bd\"},\"potentialAction\":[{\"@type\":\"SearchAction\",\"target\":{\"@type\":\"EntryPoint\",\"urlTemplate\":\"https:\/\/sandzakpress.net\/arhiva\/?s={search_term_string}\"},\"query-input\":{\"@type\":\"PropertyValueSpecification\",\"valueRequired\":true,\"valueName\":\"search_term_string\"}}],\"inLanguage\":\"bs-BA\"},{\"@type\":[\"Person\",\"Organization\"],\"@id\":\"https:\/\/sandzakpress.net\/arhiva\/#\/schema\/person\/6e72b67d6e51910a1117b3b483ba20bd\",\"name\":\"Kul\",\"image\":{\"@type\":\"ImageObject\",\"inLanguage\":\"bs-BA\",\"@id\":\"https:\/\/sandzakpress.net\/arhiva\/#\/schema\/person\/image\/\",\"url\":\"https:\/\/secure.gravatar.com\/avatar\/42263f39aa27ac04c43cab85c280eb2e?s=96&d=mm&r=pg\",\"contentUrl\":\"https:\/\/secure.gravatar.com\/avatar\/42263f39aa27ac04c43cab85c280eb2e?s=96&d=mm&r=pg\",\"caption\":\"Kul\"},\"logo\":{\"@id\":\"https:\/\/sandzakpress.net\/arhiva\/#\/schema\/person\/image\/\"}},{\"@type\":\"Person\",\"@id\":\"\",\"url\":\"https:\/\/sandzakpress.net\/arhiva\/author\/\"}]}<\/script>\n<!-- \/ Yoast SEO Premium plugin. -->","yoast_head_json":{"title":"Oporavljaju se djeca zara\u017eena salmonelom","robots":{"index":"index","follow":"follow","max-snippet":"max-snippet:-1","max-image-preview":"max-image-preview:large","max-video-preview":"max-video-preview:-1"},"canonical":"https:\/\/sandzakpress.net\/arhiva\/oporavljaju-se-djeca-zarazena-salmonelom\/","og_locale":"bs_BA","og_type":"article","og_title":"Oporavljaju se djeca zara\u017eena salmonelom","og_description":"Prijepolje &#8211; Devetoro djece koja su zadr\u017eana na bolni\u010dkom lije\u010denju u Prijepolju zbog sumnje da su zara\u017eena salmonelom osje\u0107a se bolje i njihovo stanje je stabilno, rekli su danas ljekari. Sedam od tretiranih osam uzoraka uzetih kod djece koja se le\u010de u prijepoljskoj bolnici pokazalo je prisustvo salmonele enteritidis, bakterije koja se prenosi hranom i [&hellip;]","og_url":"https:\/\/sandzakpress.net\/arhiva\/oporavljaju-se-djeca-zarazena-salmonelom\/","og_site_name":"Sand\u017eak PRESS","article_published_time":"2011-06-29T08:42:01+00:00","og_image":[{"width":279,"height":180,"url":"https:\/\/sandzakpress.net\/arhiva\/wp-content\/uploads\/2011\/06\/images15.jpg","type":"image\/jpeg"}],"twitter_card":"summary_large_image","twitter_misc":{"Written by":"","Est. reading time":"1 minuta"},"schema":{"@context":"https:\/\/schema.org","@graph":[{"@type":"Article","@id":"https:\/\/sandzakpress.net\/arhiva\/oporavljaju-se-djeca-zarazena-salmonelom\/#article","isPartOf":{"@id":"https:\/\/sandzakpress.net\/arhiva\/oporavljaju-se-djeca-zarazena-salmonelom\/"},"author":{"name":"","@id":""},"headline":"Oporavljaju se djeca zara\u017eena salmonelom","datePublished":"2011-06-29T08:42:01+00:00","mainEntityOfPage":{"@id":"https:\/\/sandzakpress.net\/arhiva\/oporavljaju-se-djeca-zarazena-salmonelom\/"},"wordCount":227,"commentCount":0,"publisher":{"@id":"https:\/\/sandzakpress.net\/arhiva\/#\/schema\/person\/6e72b67d6e51910a1117b3b483ba20bd"},"image":{"@id":"https:\/\/sandzakpress.net\/arhiva\/oporavljaju-se-djeca-zarazena-salmonelom\/#primaryimage"},"thumbnailUrl":"https:\/\/sandzakpress.net\/arhiva\/wp-content\/uploads\/2011\/06\/images15.jpg","articleSection":["Prijepolje","Hronika"],"inLanguage":"bs-BA","potentialAction":[{"@type":"CommentAction","name":"Comment","target":["https:\/\/sandzakpress.net\/arhiva\/oporavljaju-se-djeca-zarazena-salmonelom\/#respond"]}]},{"@type":"WebPage","@id":"https:\/\/sandzakpress.net\/arhiva\/oporavljaju-se-djeca-zarazena-salmonelom\/","url":"https:\/\/sandzakpress.net\/arhiva\/oporavljaju-se-djeca-zarazena-salmonelom\/","name":"Oporavljaju se djeca zara\u017eena salmonelom","isPartOf":{"@id":"https:\/\/sandzakpress.net\/arhiva\/#website"},"primaryImageOfPage":{"@id":"https:\/\/sandzakpress.net\/arhiva\/oporavljaju-se-djeca-zarazena-salmonelom\/#primaryimage"},"image":{"@id":"https:\/\/sandzakpress.net\/arhiva\/oporavljaju-se-djeca-zarazena-salmonelom\/#primaryimage"},"thumbnailUrl":"https:\/\/sandzakpress.net\/arhiva\/wp-content\/uploads\/2011\/06\/images15.jpg","datePublished":"2011-06-29T08:42:01+00:00","breadcrumb":{"@id":"https:\/\/sandzakpress.net\/arhiva\/oporavljaju-se-djeca-zarazena-salmonelom\/#breadcrumb"},"inLanguage":"bs-BA","potentialAction":[{"@type":"ReadAction","target":["https:\/\/sandzakpress.net\/arhiva\/oporavljaju-se-djeca-zarazena-salmonelom\/"]}]},{"@type":"ImageObject","inLanguage":"bs-BA","@id":"https:\/\/sandzakpress.net\/arhiva\/oporavljaju-se-djeca-zarazena-salmonelom\/#primaryimage","url":"https:\/\/sandzakpress.net\/arhiva\/wp-content\/uploads\/2011\/06\/images15.jpg","contentUrl":"https:\/\/sandzakpress.net\/arhiva\/wp-content\/uploads\/2011\/06\/images15.jpg","width":279,"height":180},{"@type":"BreadcrumbList","@id":"https:\/\/sandzakpress.net\/arhiva\/oporavljaju-se-djeca-zarazena-salmonelom\/#breadcrumb","itemListElement":[{"@type":"ListItem","position":1,"name":"Home","item":"https:\/\/sandzakpress.net\/arhiva\/"},{"@type":"ListItem","position":2,"name":"Oporavljaju se djeca zara\u017eena salmonelom"}]},{"@type":"WebSite","@id":"https:\/\/sandzakpress.net\/arhiva\/#website","url":"https:\/\/sandzakpress.net\/arhiva\/","name":"Sand\u017eak PRESS","description":"Prve elektronske novine u Sand\u017eaku","publisher":{"@id":"https:\/\/sandzakpress.net\/arhiva\/#\/schema\/person\/6e72b67d6e51910a1117b3b483ba20bd"},"potentialAction":[{"@type":"SearchAction","target":{"@type":"EntryPoint","urlTemplate":"https:\/\/sandzakpress.net\/arhiva\/?s={search_term_string}"},"query-input":{"@type":"PropertyValueSpecification","valueRequired":true,"valueName":"search_term_string"}}],"inLanguage":"bs-BA"},{"@type":["Person","Organization"],"@id":"https:\/\/sandzakpress.net\/arhiva\/#\/schema\/person\/6e72b67d6e51910a1117b3b483ba20bd","name":"Kul","image":{"@type":"ImageObject","inLanguage":"bs-BA","@id":"https:\/\/sandzakpress.net\/arhiva\/#\/schema\/person\/image\/","url":"https:\/\/secure.gravatar.com\/avatar\/42263f39aa27ac04c43cab85c280eb2e?s=96&d=mm&r=pg","contentUrl":"https:\/\/secure.gravatar.com\/avatar\/42263f39aa27ac04c43cab85c280eb2e?s=96&d=mm&r=pg","caption":"Kul"},"logo":{"@id":"https:\/\/sandzakpress.net\/arhiva\/#\/schema\/person\/image\/"}},{"@type":"Person","@id":"","url":"https:\/\/sandzakpress.net\/arhiva\/author\/"}]}},"_links":{"self":[{"href":"https:\/\/sandzakpress.net\/arhiva\/wp-json\/wp\/v2\/posts\/17541"}],"collection":[{"href":"https:\/\/sandzakpress.net\/arhiva\/wp-json\/wp\/v2\/posts"}],"about":[{"href":"https:\/\/sandzakpress.net\/arhiva\/wp-json\/wp\/v2\/types\/post"}],"author":[{"embeddable":true,"href":"https:\/\/sandzakpress.net\/arhiva\/wp-json\/wp\/v2\/users\/13"}],"replies":[{"embeddable":true,"href":"https:\/\/sandzakpress.net\/arhiva\/wp-json\/wp\/v2\/comments?post=17541"}],"version-history":[{"count":0,"href":"https:\/\/sandzakpress.net\/arhiva\/wp-json\/wp\/v2\/posts\/17541\/revisions"}],"wp:featuredmedia":[{"embeddable":true,"href":"https:\/\/sandzakpress.net\/arhiva\/wp-json\/wp\/v2\/media\/17542"}],"wp:attachment":[{"href":"https:\/\/sandzakpress.net\/arhiva\/wp-json\/wp\/v2\/media?parent=17541"}],"wp:term":[{"taxonomy":"category","embeddable":true,"href":"https:\/\/sandzakpress.net\/arhiva\/wp-json\/wp\/v2\/categories?post=17541"},{"taxonomy":"post_tag","embeddable":true,"href":"https:\/\/sandzakpress.net\/arhiva\/wp-json\/wp\/v2\/tags?post=17541"}],"curies":[{"name":"wp","href":"https:\/\/api.w.org\/{rel}","templated":true}]}}