{"id":175206,"date":"2016-12-21T01:33:29","date_gmt":"2016-12-21T00:33:29","guid":{"rendered":"https:\/\/sandzakpress.net\/arhiva\/?p=175206"},"modified":"2016-12-21T01:36:32","modified_gmt":"2016-12-21T00:36:32","slug":"sok-i-nevjerica-medu-clanovima-sda-procitajte-reakcije-na-imamovicevu-obznanu-koalicije-sdp-sda","status":"publish","type":"post","link":"https:\/\/sandzakpress.net\/arhiva\/sok-i-nevjerica-medu-clanovima-sda-procitajte-reakcije-na-imamovicevu-obznanu-koalicije-sdp-sda\/","title":{"rendered":"\u0160ok i nevjerica me\u0111u \u010dlanovima SDA &#8211; Pro\u010ditajte reakcije na Imamovi\u0107evu obznanu koalicije SDP-SDA"},"content":{"rendered":"<p>&nbsp;<\/p>\n<p><img loading=\"lazy\" decoding=\"async\" class=\"aligncenter size-full wp-image-175207\" src=\"https:\/\/sandzakpress.net\/arhiva\/wp-content\/uploads\/2016\/12\/DSC_0788.jpg\" alt=\"dsc_0788\" width=\"600\" height=\"490\" \/><\/p>\n<p>Narodni poslanik Enis Imamovi\u0107 je prije par mjeseci, uo\u010di posljednih izbora pozivao Bo\u0161njake da ne glasaju za BDZ, jer \u0107e ti glasovi oti\u0107i Ljaji\u0107u, nakon \u0161to se formira navodna kolaciija BDZ-SDP.<\/p>\n<p>Me\u0111utim, danas je kona\u010dno objavio na svom profilu formiranje koalcije SDP-SDA. Ubrzo je \u010dlanstvo SDA stranke eksplodiralo u komentarima izlivima \u0161oka, razo\u010darenja i ogor\u010denja zbog ovakvog pona\u0161anje stranke.<\/p>\n<p>Prenosimo vam najinteresantnije komentare sa facebook profila Enisa Imamovi\u0107a:<br \/><img loading=\"lazy\" decoding=\"async\" class=\"aligncenter size-large wp-image-175210\" src=\"https:\/\/sandzakpress.net\/arhiva\/wp-content\/uploads\/2016\/12\/3-3.jpg\" alt=\"3\" width=\"501\" height=\"218\" \/> <img loading=\"lazy\" decoding=\"async\" class=\"aligncenter size-large wp-image-175209\" src=\"https:\/\/sandzakpress.net\/arhiva\/wp-content\/uploads\/2016\/12\/2-5.jpg\" alt=\"2\" width=\"510\" height=\"106\" \/> <br \/> <img loading=\"lazy\" decoding=\"async\" class=\"aligncenter size-large wp-image-175212\" src=\"https:\/\/sandzakpress.net\/arhiva\/wp-content\/uploads\/2016\/12\/5-2.jpg\" alt=\"5\" width=\"489\" height=\"81\" \/> <img loading=\"lazy\" decoding=\"async\" class=\"aligncenter size-large wp-image-175213\" src=\"https:\/\/sandzakpress.net\/arhiva\/wp-content\/uploads\/2016\/12\/6-2.jpg\" alt=\"6\" width=\"493\" height=\"170\" \/> <img loading=\"lazy\" decoding=\"async\" class=\"aligncenter size-large wp-image-175214\" src=\"https:\/\/sandzakpress.net\/arhiva\/wp-content\/uploads\/2016\/12\/7-1.jpg\" alt=\"7\" width=\"501\" height=\"112\" \/><\/p>\n<p><img loading=\"lazy\" decoding=\"async\" class=\"aligncenter size-large wp-image-175211\" src=\"https:\/\/sandzakpress.net\/arhiva\/wp-content\/uploads\/2016\/12\/4-2.jpg\" alt=\"4\" width=\"438\" height=\"170\" \/> <img loading=\"lazy\" decoding=\"async\" class=\"aligncenter size-large wp-image-175215\" src=\"https:\/\/sandzakpress.net\/arhiva\/wp-content\/uploads\/2016\/12\/8-2.jpg\" alt=\"8\" width=\"428\" height=\"99\" \/> <img loading=\"lazy\" decoding=\"async\" class=\"aligncenter size-large wp-image-175216\" src=\"https:\/\/sandzakpress.net\/arhiva\/wp-content\/uploads\/2016\/12\/9-1.jpg\" alt=\"9\" width=\"490\" height=\"102\" \/> <img loading=\"lazy\" decoding=\"async\" class=\"aligncenter size-large wp-image-175217\" src=\"https:\/\/sandzakpress.net\/arhiva\/wp-content\/uploads\/2016\/12\/10.jpg\" alt=\"10\" width=\"448\" height=\"86\" \/><\/p>\n<p><img loading=\"lazy\" decoding=\"async\" class=\"aligncenter size-full wp-image-175208\" src=\"https:\/\/sandzakpress.net\/arhiva\/wp-content\/uploads\/2016\/12\/1-6.jpg\" alt=\"1\" width=\"492\" height=\"121\" \/> <img loading=\"lazy\" decoding=\"async\" class=\"aligncenter size-large wp-image-175218\" src=\"https:\/\/sandzakpress.net\/arhiva\/wp-content\/uploads\/2016\/12\/11.jpg\" alt=\"11\" width=\"494\" height=\"81\" \/> <img loading=\"lazy\" decoding=\"async\" class=\"aligncenter size-large wp-image-175219\" src=\"https:\/\/sandzakpress.net\/arhiva\/wp-content\/uploads\/2016\/12\/12.jpg\" alt=\"12\" width=\"481\" height=\"182\" \/> <img loading=\"lazy\" decoding=\"async\" class=\"aligncenter size-large wp-image-175220\" src=\"https:\/\/sandzakpress.net\/arhiva\/wp-content\/uploads\/2016\/12\/13.jpg\" alt=\"13\" width=\"500\" height=\"92\" \/> <img loading=\"lazy\" decoding=\"async\" class=\"aligncenter size-large wp-image-175221\" src=\"https:\/\/sandzakpress.net\/arhiva\/wp-content\/uploads\/2016\/12\/14.jpg\" alt=\"14\" width=\"494\" height=\"134\" \/> <img loading=\"lazy\" decoding=\"async\" class=\"aligncenter size-large wp-image-175222\" src=\"https:\/\/sandzakpress.net\/arhiva\/wp-content\/uploads\/2016\/12\/15.jpg\" alt=\"15\" width=\"499\" height=\"297\" \/> <img loading=\"lazy\" decoding=\"async\" class=\"aligncenter size-large wp-image-175223\" src=\"https:\/\/sandzakpress.net\/arhiva\/wp-content\/uploads\/2016\/12\/16.jpg\" alt=\"16\" width=\"473\" height=\"59\" \/> <img loading=\"lazy\" decoding=\"async\" class=\"aligncenter size-large wp-image-175224\" src=\"https:\/\/sandzakpress.net\/arhiva\/wp-content\/uploads\/2016\/12\/17.jpg\" alt=\"17\" width=\"495\" height=\"124\" \/> <img loading=\"lazy\" decoding=\"async\" class=\"aligncenter size-large wp-image-175225\" src=\"https:\/\/sandzakpress.net\/arhiva\/wp-content\/uploads\/2016\/12\/18.jpg\" alt=\"18\" width=\"495\" height=\"187\" \/><\/p>\n<p>Reakcija Re\u0161ada Hod\u017ei\u0107a, predsjednika NP-a, nakon \u0161to su se pred posljednje izbore saglasili sa SDA da ne\u0107e praviti postizborne koalicije sa Rasimom Ljaji\u0107em.<\/p>\n<p><img loading=\"lazy\" decoding=\"async\" class=\"aligncenter size-large wp-image-175226\" src=\"https:\/\/sandzakpress.net\/arhiva\/wp-content\/uploads\/2016\/12\/19.jpg\" alt=\"19\" width=\"493\" height=\"190\" \/><\/p>\n<p>&nbsp;<\/p>\n","protected":false},"excerpt":{"rendered":"<p>&nbsp; Narodni poslanik Enis Imamovi\u0107 je prije par mjeseci, uo\u010di posljednih izbora pozivao Bo\u0161njake da ne glasaju za BDZ, jer \u0107e ti glasovi oti\u0107i Ljaji\u0107u, nakon \u0161to se formira navodna kolaciija BDZ-SDP. Me\u0111utim, danas je kona\u010dno objavio na svom profilu formiranje koalcije SDP-SDA. Ubrzo je \u010dlanstvo SDA stranke eksplodiralo u komentarima izlivima \u0161oka, razo\u010darenja i [&hellip;]<\/p>\n","protected":false},"author":83,"featured_media":175207,"comment_status":"open","ping_status":"open","sticky":false,"template":"","format":"standard","meta":{"footnotes":""},"categories":[72,1,52,327,392,393,394,8957],"tags":[],"class_list":{"0":"post-175206","1":"post","2":"type-post","3":"status-publish","4":"format-standard","5":"has-post-thumbnail","7":"category-novi-pazar","8":"category-politika","9":"category-sjenica","10":"category-tutin","11":"category-prijepolje_","12":"category-priboj","13":"category-nova-varos","14":"category-vijesti-dana"},"yoast_head":"<!-- This site is optimized with the Yoast SEO Premium plugin v23.1 (Yoast SEO v24.9) - https:\/\/yoast.com\/wordpress\/plugins\/seo\/ -->\n<title>\u0160ok i nevjerica me\u0111u \u010dlanovima SDA - Pro\u010ditajte reakcije na Imamovi\u0107evu obznanu koalicije SDP-SDA<\/title>\n<meta name=\"robots\" content=\"index, follow, max-snippet:-1, max-image-preview:large, max-video-preview:-1\" \/>\n<link rel=\"canonical\" href=\"https:\/\/sandzakpress.net\/arhiva\/sok-i-nevjerica-medu-clanovima-sda-procitajte-reakcije-na-imamovicevu-obznanu-koalicije-sdp-sda\/\" \/>\n<meta property=\"og:locale\" content=\"bs_BA\" \/>\n<meta property=\"og:type\" content=\"article\" \/>\n<meta property=\"og:title\" content=\"\u0160ok i nevjerica me\u0111u \u010dlanovima SDA - Pro\u010ditajte reakcije na Imamovi\u0107evu obznanu koalicije SDP-SDA\" \/>\n<meta property=\"og:description\" content=\"&nbsp; Narodni poslanik Enis Imamovi\u0107 je prije par mjeseci, uo\u010di posljednih izbora pozivao Bo\u0161njake da ne glasaju za BDZ, jer \u0107e ti glasovi oti\u0107i Ljaji\u0107u, nakon \u0161to se formira navodna kolaciija BDZ-SDP. Me\u0111utim, danas je kona\u010dno objavio na svom profilu formiranje koalcije SDP-SDA. Ubrzo je \u010dlanstvo SDA stranke eksplodiralo u komentarima izlivima \u0161oka, razo\u010darenja i [&hellip;]\" \/>\n<meta property=\"og:url\" content=\"https:\/\/sandzakpress.net\/arhiva\/sok-i-nevjerica-medu-clanovima-sda-procitajte-reakcije-na-imamovicevu-obznanu-koalicije-sdp-sda\/\" \/>\n<meta property=\"og:site_name\" content=\"Sand\u017eak PRESS\" \/>\n<meta property=\"article:published_time\" content=\"2016-12-21T00:33:29+00:00\" \/>\n<meta property=\"article:modified_time\" content=\"2016-12-21T00:36:32+00:00\" \/>\n<meta property=\"og:image\" content=\"https:\/\/sandzakpress.net\/arhiva\/wp-content\/uploads\/2016\/12\/DSC_0788.jpg\" \/>\n\t<meta property=\"og:image:width\" content=\"600\" \/>\n\t<meta property=\"og:image:height\" content=\"490\" \/>\n\t<meta property=\"og:image:type\" content=\"image\/jpeg\" \/>\n<meta name=\"author\" content=\"bosniak\" \/>\n<meta name=\"twitter:card\" content=\"summary_large_image\" \/>\n<meta name=\"twitter:label1\" content=\"Written by\" \/>\n\t<meta name=\"twitter:data1\" content=\"bosniak\" \/>\n\t<meta name=\"twitter:label2\" content=\"Est. reading time\" \/>\n\t<meta name=\"twitter:data2\" content=\"1 minuta\" \/>\n<script type=\"application\/ld+json\" class=\"yoast-schema-graph\">{\"@context\":\"https:\/\/schema.org\",\"@graph\":[{\"@type\":\"Article\",\"@id\":\"https:\/\/sandzakpress.net\/arhiva\/sok-i-nevjerica-medu-clanovima-sda-procitajte-reakcije-na-imamovicevu-obznanu-koalicije-sdp-sda\/#article\",\"isPartOf\":{\"@id\":\"https:\/\/sandzakpress.net\/arhiva\/sok-i-nevjerica-medu-clanovima-sda-procitajte-reakcije-na-imamovicevu-obznanu-koalicije-sdp-sda\/\"},\"author\":{\"name\":\"bosniak\",\"@id\":\"https:\/\/sandzakpress.net\/arhiva\/#\/schema\/person\/c8baee722073534b583ea7bdb2e36c02\"},\"headline\":\"\u0160ok i nevjerica me\u0111u \u010dlanovima SDA &#8211; Pro\u010ditajte reakcije na Imamovi\u0107evu obznanu koalicije SDP-SDA\",\"datePublished\":\"2016-12-21T00:33:29+00:00\",\"dateModified\":\"2016-12-21T00:36:32+00:00\",\"mainEntityOfPage\":{\"@id\":\"https:\/\/sandzakpress.net\/arhiva\/sok-i-nevjerica-medu-clanovima-sda-procitajte-reakcije-na-imamovicevu-obznanu-koalicije-sdp-sda\/\"},\"wordCount\":125,\"commentCount\":23,\"publisher\":{\"@id\":\"https:\/\/sandzakpress.net\/arhiva\/#\/schema\/person\/6e72b67d6e51910a1117b3b483ba20bd\"},\"image\":{\"@id\":\"https:\/\/sandzakpress.net\/arhiva\/sok-i-nevjerica-medu-clanovima-sda-procitajte-reakcije-na-imamovicevu-obznanu-koalicije-sdp-sda\/#primaryimage\"},\"thumbnailUrl\":\"https:\/\/sandzakpress.net\/arhiva\/wp-content\/uploads\/2016\/12\/DSC_0788.jpg\",\"articleSection\":[\"Novi Pazar\",\"Politika\",\"Sjenica\",\"Tutin\",\"Prijepolje\",\"Priboj\",\"Nova Varo\u0161\",\"VIJESTI DANA\"],\"inLanguage\":\"bs-BA\",\"potentialAction\":[{\"@type\":\"CommentAction\",\"name\":\"Comment\",\"target\":[\"https:\/\/sandzakpress.net\/arhiva\/sok-i-nevjerica-medu-clanovima-sda-procitajte-reakcije-na-imamovicevu-obznanu-koalicije-sdp-sda\/#respond\"]}]},{\"@type\":\"WebPage\",\"@id\":\"https:\/\/sandzakpress.net\/arhiva\/sok-i-nevjerica-medu-clanovima-sda-procitajte-reakcije-na-imamovicevu-obznanu-koalicije-sdp-sda\/\",\"url\":\"https:\/\/sandzakpress.net\/arhiva\/sok-i-nevjerica-medu-clanovima-sda-procitajte-reakcije-na-imamovicevu-obznanu-koalicije-sdp-sda\/\",\"name\":\"\u0160ok i nevjerica me\u0111u \u010dlanovima SDA - Pro\u010ditajte reakcije na Imamovi\u0107evu obznanu koalicije SDP-SDA\",\"isPartOf\":{\"@id\":\"https:\/\/sandzakpress.net\/arhiva\/#website\"},\"primaryImageOfPage\":{\"@id\":\"https:\/\/sandzakpress.net\/arhiva\/sok-i-nevjerica-medu-clanovima-sda-procitajte-reakcije-na-imamovicevu-obznanu-koalicije-sdp-sda\/#primaryimage\"},\"image\":{\"@id\":\"https:\/\/sandzakpress.net\/arhiva\/sok-i-nevjerica-medu-clanovima-sda-procitajte-reakcije-na-imamovicevu-obznanu-koalicije-sdp-sda\/#primaryimage\"},\"thumbnailUrl\":\"https:\/\/sandzakpress.net\/arhiva\/wp-content\/uploads\/2016\/12\/DSC_0788.jpg\",\"datePublished\":\"2016-12-21T00:33:29+00:00\",\"dateModified\":\"2016-12-21T00:36:32+00:00\",\"breadcrumb\":{\"@id\":\"https:\/\/sandzakpress.net\/arhiva\/sok-i-nevjerica-medu-clanovima-sda-procitajte-reakcije-na-imamovicevu-obznanu-koalicije-sdp-sda\/#breadcrumb\"},\"inLanguage\":\"bs-BA\",\"potentialAction\":[{\"@type\":\"ReadAction\",\"target\":[\"https:\/\/sandzakpress.net\/arhiva\/sok-i-nevjerica-medu-clanovima-sda-procitajte-reakcije-na-imamovicevu-obznanu-koalicije-sdp-sda\/\"]}]},{\"@type\":\"ImageObject\",\"inLanguage\":\"bs-BA\",\"@id\":\"https:\/\/sandzakpress.net\/arhiva\/sok-i-nevjerica-medu-clanovima-sda-procitajte-reakcije-na-imamovicevu-obznanu-koalicije-sdp-sda\/#primaryimage\",\"url\":\"https:\/\/sandzakpress.net\/arhiva\/wp-content\/uploads\/2016\/12\/DSC_0788.jpg\",\"contentUrl\":\"https:\/\/sandzakpress.net\/arhiva\/wp-content\/uploads\/2016\/12\/DSC_0788.jpg\",\"width\":600,\"height\":490},{\"@type\":\"BreadcrumbList\",\"@id\":\"https:\/\/sandzakpress.net\/arhiva\/sok-i-nevjerica-medu-clanovima-sda-procitajte-reakcije-na-imamovicevu-obznanu-koalicije-sdp-sda\/#breadcrumb\",\"itemListElement\":[{\"@type\":\"ListItem\",\"position\":1,\"name\":\"Home\",\"item\":\"https:\/\/sandzakpress.net\/arhiva\/\"},{\"@type\":\"ListItem\",\"position\":2,\"name\":\"\u0160ok i nevjerica me\u0111u \u010dlanovima SDA &#8211; Pro\u010ditajte reakcije na Imamovi\u0107evu obznanu koalicije SDP-SDA\"}]},{\"@type\":\"WebSite\",\"@id\":\"https:\/\/sandzakpress.net\/arhiva\/#website\",\"url\":\"https:\/\/sandzakpress.net\/arhiva\/\",\"name\":\"Sand\u017eak PRESS\",\"description\":\"Prve elektronske novine u Sand\u017eaku\",\"publisher\":{\"@id\":\"https:\/\/sandzakpress.net\/arhiva\/#\/schema\/person\/6e72b67d6e51910a1117b3b483ba20bd\"},\"potentialAction\":[{\"@type\":\"SearchAction\",\"target\":{\"@type\":\"EntryPoint\",\"urlTemplate\":\"https:\/\/sandzakpress.net\/arhiva\/?s={search_term_string}\"},\"query-input\":{\"@type\":\"PropertyValueSpecification\",\"valueRequired\":true,\"valueName\":\"search_term_string\"}}],\"inLanguage\":\"bs-BA\"},{\"@type\":[\"Person\",\"Organization\"],\"@id\":\"https:\/\/sandzakpress.net\/arhiva\/#\/schema\/person\/6e72b67d6e51910a1117b3b483ba20bd\",\"name\":\"Kul\",\"image\":{\"@type\":\"ImageObject\",\"inLanguage\":\"bs-BA\",\"@id\":\"https:\/\/sandzakpress.net\/arhiva\/#\/schema\/person\/image\/\",\"url\":\"https:\/\/secure.gravatar.com\/avatar\/42263f39aa27ac04c43cab85c280eb2e?s=96&d=mm&r=pg\",\"contentUrl\":\"https:\/\/secure.gravatar.com\/avatar\/42263f39aa27ac04c43cab85c280eb2e?s=96&d=mm&r=pg\",\"caption\":\"Kul\"},\"logo\":{\"@id\":\"https:\/\/sandzakpress.net\/arhiva\/#\/schema\/person\/image\/\"}},{\"@type\":\"Person\",\"@id\":\"https:\/\/sandzakpress.net\/arhiva\/#\/schema\/person\/c8baee722073534b583ea7bdb2e36c02\",\"name\":\"bosniak\",\"image\":{\"@type\":\"ImageObject\",\"inLanguage\":\"bs-BA\",\"@id\":\"https:\/\/sandzakpress.net\/arhiva\/#\/schema\/person\/image\/\",\"url\":\"https:\/\/secure.gravatar.com\/avatar\/a04fd330bfe3a36a72a0ad4a6d89fca7?s=96&d=mm&r=pg\",\"contentUrl\":\"https:\/\/secure.gravatar.com\/avatar\/a04fd330bfe3a36a72a0ad4a6d89fca7?s=96&d=mm&r=pg\",\"caption\":\"bosniak\"},\"url\":\"https:\/\/sandzakpress.net\/arhiva\/author\/bosniak\/\"}]}<\/script>\n<!-- \/ Yoast SEO Premium plugin. -->","yoast_head_json":{"title":"\u0160ok i nevjerica me\u0111u \u010dlanovima SDA - Pro\u010ditajte reakcije na Imamovi\u0107evu obznanu koalicije SDP-SDA","robots":{"index":"index","follow":"follow","max-snippet":"max-snippet:-1","max-image-preview":"max-image-preview:large","max-video-preview":"max-video-preview:-1"},"canonical":"https:\/\/sandzakpress.net\/arhiva\/sok-i-nevjerica-medu-clanovima-sda-procitajte-reakcije-na-imamovicevu-obznanu-koalicije-sdp-sda\/","og_locale":"bs_BA","og_type":"article","og_title":"\u0160ok i nevjerica me\u0111u \u010dlanovima SDA - Pro\u010ditajte reakcije na Imamovi\u0107evu obznanu koalicije SDP-SDA","og_description":"&nbsp; Narodni poslanik Enis Imamovi\u0107 je prije par mjeseci, uo\u010di posljednih izbora pozivao Bo\u0161njake da ne glasaju za BDZ, jer \u0107e ti glasovi oti\u0107i Ljaji\u0107u, nakon \u0161to se formira navodna kolaciija BDZ-SDP. Me\u0111utim, danas je kona\u010dno objavio na svom profilu formiranje koalcije SDP-SDA. Ubrzo je \u010dlanstvo SDA stranke eksplodiralo u komentarima izlivima \u0161oka, razo\u010darenja i [&hellip;]","og_url":"https:\/\/sandzakpress.net\/arhiva\/sok-i-nevjerica-medu-clanovima-sda-procitajte-reakcije-na-imamovicevu-obznanu-koalicije-sdp-sda\/","og_site_name":"Sand\u017eak PRESS","article_published_time":"2016-12-21T00:33:29+00:00","article_modified_time":"2016-12-21T00:36:32+00:00","og_image":[{"width":600,"height":490,"url":"https:\/\/sandzakpress.net\/arhiva\/wp-content\/uploads\/2016\/12\/DSC_0788.jpg","type":"image\/jpeg"}],"author":"bosniak","twitter_card":"summary_large_image","twitter_misc":{"Written by":"bosniak","Est. reading time":"1 minuta"},"schema":{"@context":"https:\/\/schema.org","@graph":[{"@type":"Article","@id":"https:\/\/sandzakpress.net\/arhiva\/sok-i-nevjerica-medu-clanovima-sda-procitajte-reakcije-na-imamovicevu-obznanu-koalicije-sdp-sda\/#article","isPartOf":{"@id":"https:\/\/sandzakpress.net\/arhiva\/sok-i-nevjerica-medu-clanovima-sda-procitajte-reakcije-na-imamovicevu-obznanu-koalicije-sdp-sda\/"},"author":{"name":"bosniak","@id":"https:\/\/sandzakpress.net\/arhiva\/#\/schema\/person\/c8baee722073534b583ea7bdb2e36c02"},"headline":"\u0160ok i nevjerica me\u0111u \u010dlanovima SDA &#8211; Pro\u010ditajte reakcije na Imamovi\u0107evu obznanu koalicije SDP-SDA","datePublished":"2016-12-21T00:33:29+00:00","dateModified":"2016-12-21T00:36:32+00:00","mainEntityOfPage":{"@id":"https:\/\/sandzakpress.net\/arhiva\/sok-i-nevjerica-medu-clanovima-sda-procitajte-reakcije-na-imamovicevu-obznanu-koalicije-sdp-sda\/"},"wordCount":125,"commentCount":23,"publisher":{"@id":"https:\/\/sandzakpress.net\/arhiva\/#\/schema\/person\/6e72b67d6e51910a1117b3b483ba20bd"},"image":{"@id":"https:\/\/sandzakpress.net\/arhiva\/sok-i-nevjerica-medu-clanovima-sda-procitajte-reakcije-na-imamovicevu-obznanu-koalicije-sdp-sda\/#primaryimage"},"thumbnailUrl":"https:\/\/sandzakpress.net\/arhiva\/wp-content\/uploads\/2016\/12\/DSC_0788.jpg","articleSection":["Novi Pazar","Politika","Sjenica","Tutin","Prijepolje","Priboj","Nova Varo\u0161","VIJESTI DANA"],"inLanguage":"bs-BA","potentialAction":[{"@type":"CommentAction","name":"Comment","target":["https:\/\/sandzakpress.net\/arhiva\/sok-i-nevjerica-medu-clanovima-sda-procitajte-reakcije-na-imamovicevu-obznanu-koalicije-sdp-sda\/#respond"]}]},{"@type":"WebPage","@id":"https:\/\/sandzakpress.net\/arhiva\/sok-i-nevjerica-medu-clanovima-sda-procitajte-reakcije-na-imamovicevu-obznanu-koalicije-sdp-sda\/","url":"https:\/\/sandzakpress.net\/arhiva\/sok-i-nevjerica-medu-clanovima-sda-procitajte-reakcije-na-imamovicevu-obznanu-koalicije-sdp-sda\/","name":"\u0160ok i nevjerica me\u0111u \u010dlanovima SDA - Pro\u010ditajte reakcije na Imamovi\u0107evu obznanu koalicije SDP-SDA","isPartOf":{"@id":"https:\/\/sandzakpress.net\/arhiva\/#website"},"primaryImageOfPage":{"@id":"https:\/\/sandzakpress.net\/arhiva\/sok-i-nevjerica-medu-clanovima-sda-procitajte-reakcije-na-imamovicevu-obznanu-koalicije-sdp-sda\/#primaryimage"},"image":{"@id":"https:\/\/sandzakpress.net\/arhiva\/sok-i-nevjerica-medu-clanovima-sda-procitajte-reakcije-na-imamovicevu-obznanu-koalicije-sdp-sda\/#primaryimage"},"thumbnailUrl":"https:\/\/sandzakpress.net\/arhiva\/wp-content\/uploads\/2016\/12\/DSC_0788.jpg","datePublished":"2016-12-21T00:33:29+00:00","dateModified":"2016-12-21T00:36:32+00:00","breadcrumb":{"@id":"https:\/\/sandzakpress.net\/arhiva\/sok-i-nevjerica-medu-clanovima-sda-procitajte-reakcije-na-imamovicevu-obznanu-koalicije-sdp-sda\/#breadcrumb"},"inLanguage":"bs-BA","potentialAction":[{"@type":"ReadAction","target":["https:\/\/sandzakpress.net\/arhiva\/sok-i-nevjerica-medu-clanovima-sda-procitajte-reakcije-na-imamovicevu-obznanu-koalicije-sdp-sda\/"]}]},{"@type":"ImageObject","inLanguage":"bs-BA","@id":"https:\/\/sandzakpress.net\/arhiva\/sok-i-nevjerica-medu-clanovima-sda-procitajte-reakcije-na-imamovicevu-obznanu-koalicije-sdp-sda\/#primaryimage","url":"https:\/\/sandzakpress.net\/arhiva\/wp-content\/uploads\/2016\/12\/DSC_0788.jpg","contentUrl":"https:\/\/sandzakpress.net\/arhiva\/wp-content\/uploads\/2016\/12\/DSC_0788.jpg","width":600,"height":490},{"@type":"BreadcrumbList","@id":"https:\/\/sandzakpress.net\/arhiva\/sok-i-nevjerica-medu-clanovima-sda-procitajte-reakcije-na-imamovicevu-obznanu-koalicije-sdp-sda\/#breadcrumb","itemListElement":[{"@type":"ListItem","position":1,"name":"Home","item":"https:\/\/sandzakpress.net\/arhiva\/"},{"@type":"ListItem","position":2,"name":"\u0160ok i nevjerica me\u0111u \u010dlanovima SDA &#8211; Pro\u010ditajte reakcije na Imamovi\u0107evu obznanu koalicije SDP-SDA"}]},{"@type":"WebSite","@id":"https:\/\/sandzakpress.net\/arhiva\/#website","url":"https:\/\/sandzakpress.net\/arhiva\/","name":"Sand\u017eak PRESS","description":"Prve elektronske novine u Sand\u017eaku","publisher":{"@id":"https:\/\/sandzakpress.net\/arhiva\/#\/schema\/person\/6e72b67d6e51910a1117b3b483ba20bd"},"potentialAction":[{"@type":"SearchAction","target":{"@type":"EntryPoint","urlTemplate":"https:\/\/sandzakpress.net\/arhiva\/?s={search_term_string}"},"query-input":{"@type":"PropertyValueSpecification","valueRequired":true,"valueName":"search_term_string"}}],"inLanguage":"bs-BA"},{"@type":["Person","Organization"],"@id":"https:\/\/sandzakpress.net\/arhiva\/#\/schema\/person\/6e72b67d6e51910a1117b3b483ba20bd","name":"Kul","image":{"@type":"ImageObject","inLanguage":"bs-BA","@id":"https:\/\/sandzakpress.net\/arhiva\/#\/schema\/person\/image\/","url":"https:\/\/secure.gravatar.com\/avatar\/42263f39aa27ac04c43cab85c280eb2e?s=96&d=mm&r=pg","contentUrl":"https:\/\/secure.gravatar.com\/avatar\/42263f39aa27ac04c43cab85c280eb2e?s=96&d=mm&r=pg","caption":"Kul"},"logo":{"@id":"https:\/\/sandzakpress.net\/arhiva\/#\/schema\/person\/image\/"}},{"@type":"Person","@id":"https:\/\/sandzakpress.net\/arhiva\/#\/schema\/person\/c8baee722073534b583ea7bdb2e36c02","name":"bosniak","image":{"@type":"ImageObject","inLanguage":"bs-BA","@id":"https:\/\/sandzakpress.net\/arhiva\/#\/schema\/person\/image\/","url":"https:\/\/secure.gravatar.com\/avatar\/a04fd330bfe3a36a72a0ad4a6d89fca7?s=96&d=mm&r=pg","contentUrl":"https:\/\/secure.gravatar.com\/avatar\/a04fd330bfe3a36a72a0ad4a6d89fca7?s=96&d=mm&r=pg","caption":"bosniak"},"url":"https:\/\/sandzakpress.net\/arhiva\/author\/bosniak\/"}]}},"_links":{"self":[{"href":"https:\/\/sandzakpress.net\/arhiva\/wp-json\/wp\/v2\/posts\/175206"}],"collection":[{"href":"https:\/\/sandzakpress.net\/arhiva\/wp-json\/wp\/v2\/posts"}],"about":[{"href":"https:\/\/sandzakpress.net\/arhiva\/wp-json\/wp\/v2\/types\/post"}],"author":[{"embeddable":true,"href":"https:\/\/sandzakpress.net\/arhiva\/wp-json\/wp\/v2\/users\/83"}],"replies":[{"embeddable":true,"href":"https:\/\/sandzakpress.net\/arhiva\/wp-json\/wp\/v2\/comments?post=175206"}],"version-history":[{"count":0,"href":"https:\/\/sandzakpress.net\/arhiva\/wp-json\/wp\/v2\/posts\/175206\/revisions"}],"wp:featuredmedia":[{"embeddable":true,"href":"https:\/\/sandzakpress.net\/arhiva\/wp-json\/wp\/v2\/media\/175207"}],"wp:attachment":[{"href":"https:\/\/sandzakpress.net\/arhiva\/wp-json\/wp\/v2\/media?parent=175206"}],"wp:term":[{"taxonomy":"category","embeddable":true,"href":"https:\/\/sandzakpress.net\/arhiva\/wp-json\/wp\/v2\/categories?post=175206"},{"taxonomy":"post_tag","embeddable":true,"href":"https:\/\/sandzakpress.net\/arhiva\/wp-json\/wp\/v2\/tags?post=175206"}],"curies":[{"name":"wp","href":"https:\/\/api.w.org\/{rel}","templated":true}]}}