{"id":175116,"date":"2016-12-19T18:20:43","date_gmt":"2016-12-19T17:20:43","guid":{"rendered":"https:\/\/sandzakpress.net\/arhiva\/?p=175116"},"modified":"2016-12-19T18:20:43","modified_gmt":"2016-12-19T17:20:43","slug":"koalicija-dps-bs-puca-i-u-petnjici","status":"publish","type":"post","link":"https:\/\/sandzakpress.net\/arhiva\/koalicija-dps-bs-puca-i-u-petnjici\/","title":{"rendered":"Koalicija DPS-BS puca i u Petnjici"},"content":{"rendered":"<p><img decoding=\"async\" src=\"http:\/\/www.radiopetnjica.me\/wp-content\/uploads\/2016\/03\/de98ba7a14ccc2637b5f6114a3d5a1dd.jpg\" \/><\/p>\n<p><strong>Bo\u0161nja\u010dka stranka bi uskoro mogla raskinuti savez sa Demokratskom partijom socijalista u Petnjici, ukoliko ne budu u najkra\u0107em mogu\u0107em roku ispo\u0161tovane sve stavke iz koalicionog sporazuma. To je u razgovoru za ,Dan\u201c saop\u0161tio predsjednik Op\u0161tinskog odbora BS-a Petnjica Adnan Muhovi\u0107.<\/strong><\/p>\n<p>\u2013 Mi \u0107emo da \u201epritegnemo\u201c DPS, jer moraju da apsolutno ispo\u0161tuju sve stavke iz koalicionog sporazuma sa Bo\u0161nja\u010dkom strankom. Ako ih ne ispo\u0161tuju, do\u0107i \u0107e do mnogo gorih problema nego \u0161to se desilo odlukom bjelopoljskog odbora da raskine koaliciju sa DPS \u2013 om. Odbor Bo\u0161nja\u010dke stranke u Petnjici je mnogo druga\u010diji od bjelopoljskog. Mi imamo mnogo vi\u0161e odbornika, kao i predsjednika skup\u0161tine op\u0161tine. Ukoliko petnji\u010dki odbor krene stopama bjelopoljskog i donese odluku o raskidu koalicije, to mo\u017ee mnogo sna\u017enije da se reflektuje i na odnose BS-a i DPS-a i na dr\u017eavnom nivou, poru\u010dio je Muhovi\u0107.<\/p>\n<p>Smatra da bi, ukoliko petnji\u010dki odbor nakon bjelopoljskog donese odluku da raskine koaliciju sa DPS-om, to imalo uticaja i na sli\u010dna de\u0161avanja u jo\u0161 nekim op\u0161tinama.<\/p>\n<p>\u2013 Odnosi BS-a i DPS-a na lokalnom nivou ne samo da su naru\u0161eni, ve\u0107 ne postoji nikakva saradnja, kao \u0161to je slu\u010daj, recimo u Plavu. Treba da se zapitamo gdje to vodi koalicija sa DPS-om ka\u017ee \u0161ef petnji\u010dkog odbora BS-a i predsjednik lokalnog parlamenta.<\/p>\n<p>Bjelopoljski odbor BS-a donio je preksino\u0107, nakon vi\u0161e\u010dasovne sjednice, odluku o raskidu koalicije sa DPS-om na lokalnom nivou. Saop\u0161teno je da svi \u010dlanovi OO BS-a Bijelo Polje zamrzavaju rad u predsjedni\u0161tvu i Glavnom odboru stranke kao i u svim organima na dr\u017eavnom nivou, sve dok najvi\u0161i strana\u010dki organi ne potvrde njihovu odluku o raskidu koalicije sa DPS-om. Iz bjelopoljskog BS-a su ovakvu odluku obrazlo\u017eili time da je DPS za sebe prigrabio sve funkcije na lokalnom nivou, suprotno koalicionom sporazumu.<\/p>\n<p>Komentari\u0161u\u0107i ovakav potez bjelopoljskog odbora, Muhovi\u0107 nagla\u0161ava da postoji puno razloga i problema koji optere\u0107uju koalicione odnose BS-a i DPS-a.<\/p>\n<p>Izra\u017eeno je op\u0161te nezadovoljstvo funkcionisanjem koalicije u Bijelom Polju. Ti problemi poodavno traju i o\u010dekivao sam da \u0107e do\u0107i do odluke o raskidu koalicije sa<\/p>\n<p>DPS-om. Odluka OO BS-a u Bijelom Polju je realna, o\u010dekivana, ali mo\u017eda malo ishitrena. Mo\u017eda je trebalo dati \u0161ansu predsjedniku na\u0161e stranke, Rafetu Husovi\u0107u, da u razgovorima sa rukovodstvom DPS-a, u okviru razgovora o koaliciji na dr\u017eavnom nivou i raspodjeli vlasti, uti\u010de da se koalicioni odnosi u Bijelom Polju i Petnjici poprave. U okviru tih razgovora treba nastojati da se obezbijedi da DPS u potpunosti ispo\u0161tuje koalicione obaveze prema BS-u u svim op\u0161tinama napominje predsjednik petnji\u010dkog odbora BS-a.<\/p>\n<p>Muhovi\u0107 ocjenjuje da, za razliku od lokalnog, koalicija BS-a sa DPS-om bolje funkcioni\u0161e na dr\u017eavnom nivou.<\/p>\n<p>Ono \u0161to predsjednik BS-a Rafet Husovi\u0107 i drugi ljudi iz rukovodstva na\u0161e stranke dogovore sa vrhom DPS-a, to se prili\u010dno po\u0161tuje. Na lokalnom nivou, me\u0111utim, politi\u010dki predstavnici DPS-a iz redova bo\u0161nja\u010dkog naroda ko\u010de bilo kakvu saradnju. Milu \u0110ukanovi\u0107u problem prave lokalni funkcioneri DPS-a i oni \u0107e mu, u politi\u010dkom smislu, \u201edo\u0107i glave\u201c. Problem je u tome \u0161to su oni zacrtali Bo\u0161nja\u010dku stranku kao glavnu metu i prijetnju. U tome prednja\u010de predsjednik petnji\u010dkog odbora DPS-a Samir Agovi\u0107, ali tu su i jo\u0161 neki lokalni funkcioneri te partije iz Bijelog Polja i Plava, a mo\u017ee se re\u0107i i Bara, Plevalja i Podgorice, istakao je Muhovi\u0107.<\/p>\n<p>Zaklju\u010dio je da bi trebalo hitno formirati komisiju koja bi analizirala probleme u odnosima BS-a i DPS-a u Petnjici, Bijelom Polju, ali i u drugim op\u0161tinama i tra\u017eila mogu\u0107a rje\u0161enja.<\/p>\n<p>Bo\u0161nja\u010dka stranka je i u januaru pro\u0161le godine na sjednici predsjedni\u0161tva preispitivala inicijativu svog lokalnog odbora u Petnjici za raskid saveza sa DPS-om. Tada je odlu\u010deno da se savez ne raskida, uz ocjenu predsjednika BS-a Rafeta Husovi\u0107a da \u201ekoalicija zaslu\u017euje jo\u0161 jednu \u0161ansu\u201c. Predsjednik OO BS-a Adnan Muhovi\u0107 je tada saop\u0161tio da nije zadovoljan odlukom predsjedni\u0161tva stranke ali da \u0107e po\u0161tovati stav ve\u0107ine, nagla\u0161avaju\u0107i da \u0107e ako jo\u0161 jednom do\u0111e do nesporazuma, sigurno biti prekompozicije vlasti u Petnjici. V.R.<\/p>\n<p><strong>SD spreman da usko\u010di<\/strong><\/p>\n<p>Iz Socijaldemokrata Crne Gore saop\u0161tili su da od bjelopoljskog DPS-a nijesu dobili nikakav poziv za razgovore o eventualnoj koaliciji. Kako je kazala Mevlida Gusinjac, SD podr\u017eava sve ono \u0161to je u interesu gra\u0111ana.<\/p>\n<p>Tako \u0107emo se pona\u0161ati i ubudu\u0107e. Nijesmo jo\u0161 dobili nikakav formalni zahtjev od DPS-a. Ako nas budu pozvali, naravno da smo spremni za dijalog. O eventualnoj koaliciji i potpisivanju sporazuma odlu\u010diva\u0107e organi partije, rekla je ona za TVCG.<\/p>\n<p>Politi\u010dka korupcija i zloupotrebe resursa<\/p>\n<p>Po rije\u010dima predsjednika Op\u0161tinskog odbora BS-a Petnjica Adnana Muhovi\u0107a, centrala DPS-a bi morala da povede ra\u010duna o svojim lokalnim funkcionerima u toj op\u0161tini.<\/p>\n<p>Centrala DPS-a treba da disciplinuje svoj op\u0161tinski odbor u Petnjici, koji se bavi politi\u010dkom korupcijom, ali i brojnim zloupotrebama dr\u017eavnih i lokalnih resursa u partijske svrhe. U tome prednja\u010di svakako Samir Agovi\u0107, ka\u017ee Muhovi\u0107.<\/p>\n<p><strong>Kujovi\u0107: Iznena\u0111eni smo<\/strong><\/p>\n<p>U Demokratskoj partiji socijalista iznena\u0111eni su odlukom bjelopolzskog odbora Bo\u0161nja\u010dke stranke o raskidu koalicije na lokalnom nivou u toj op\u0161tini.<\/p>\n<p>Mi imamo sa njima koalicioni sporazum, koji smo u potpunosti ispo\u0161tovali. Mislim da je njihova odluka o raskidanju koalicije ishitrena. Nastavljamo da funkcioni\u0161emo i o\u010dekujemo da \u0107e preovladati razum a ne ucjene rekao je za TVCG predsjednik OO DPS-a Bijelo Polje Abaz Kujovi\u0107.<\/p>\n<p>Dodao je da DPS ra\u010duna na podr\u0161ku odbornika Socijaldemokrata Crne Gore, koja bi im obezbijedila ve\u0107inu u lokalnom parlamentu.<\/p>\n<p><strong>PREUZETO IZ DNEVNIKA \u201cDAN\u201d<\/strong><\/p>\n","protected":false},"excerpt":{"rendered":"<p>Bo\u0161nja\u010dka stranka bi uskoro mogla raskinuti savez sa Demokratskom partijom socijalista u Petnjici, ukoliko ne budu u najkra\u0107em mogu\u0107em roku ispo\u0161tovane sve stavke iz koalicionog sporazuma. To je u razgovoru za ,Dan\u201c saop\u0161tio predsjednik Op\u0161tinskog odbora BS-a Petnjica Adnan Muhovi\u0107. \u2013 Mi \u0107emo da \u201epritegnemo\u201c DPS, jer moraju da apsolutno ispo\u0161tuju sve stavke iz koalicionog [&hellip;]<\/p>\n","protected":false},"author":83,"featured_media":175117,"comment_status":"open","ping_status":"open","sticky":false,"template":"","format":"standard","meta":{"footnotes":""},"categories":[398,397,1,10174,396,395,8957],"tags":[],"class_list":{"0":"post-175116","1":"post","2":"type-post","3":"status-publish","4":"format-standard","5":"has-post-thumbnail","7":"category-rozaje","8":"category-berane","9":"category-politika","10":"category-petnjica-vase-vijesti","11":"category-bijelo_polje","12":"category-pljevlja_","13":"category-vijesti-dana"},"yoast_head":"<!-- This site is optimized with the Yoast SEO Premium plugin v23.1 (Yoast SEO v24.9) - https:\/\/yoast.com\/wordpress\/plugins\/seo\/ -->\n<title>Koalicija DPS-BS puca i u Petnjici<\/title>\n<meta name=\"robots\" content=\"index, follow, max-snippet:-1, max-image-preview:large, max-video-preview:-1\" \/>\n<link rel=\"canonical\" href=\"https:\/\/sandzakpress.net\/arhiva\/koalicija-dps-bs-puca-i-u-petnjici\/\" \/>\n<meta property=\"og:locale\" content=\"bs_BA\" \/>\n<meta property=\"og:type\" content=\"article\" \/>\n<meta property=\"og:title\" content=\"Koalicija DPS-BS puca i u Petnjici\" \/>\n<meta property=\"og:description\" content=\"Bo\u0161nja\u010dka stranka bi uskoro mogla raskinuti savez sa Demokratskom partijom socijalista u Petnjici, ukoliko ne budu u najkra\u0107em mogu\u0107em roku ispo\u0161tovane sve stavke iz koalicionog sporazuma. To je u razgovoru za ,Dan\u201c saop\u0161tio predsjednik Op\u0161tinskog odbora BS-a Petnjica Adnan Muhovi\u0107. \u2013 Mi \u0107emo da \u201epritegnemo\u201c DPS, jer moraju da apsolutno ispo\u0161tuju sve stavke iz koalicionog [&hellip;]\" \/>\n<meta property=\"og:url\" content=\"https:\/\/sandzakpress.net\/arhiva\/koalicija-dps-bs-puca-i-u-petnjici\/\" \/>\n<meta property=\"og:site_name\" content=\"Sand\u017eak PRESS\" \/>\n<meta property=\"article:published_time\" content=\"2016-12-19T17:20:43+00:00\" \/>\n<meta property=\"og:image\" content=\"https:\/\/sandzakpress.net\/arhiva\/wp-content\/uploads\/2016\/12\/de98ba7a14ccc2637b5f6114a3d5a1dd.jpg\" \/>\n\t<meta property=\"og:image:width\" content=\"1200\" \/>\n\t<meta property=\"og:image:height\" content=\"770\" \/>\n\t<meta property=\"og:image:type\" content=\"image\/jpeg\" \/>\n<meta name=\"author\" content=\"bosniak\" \/>\n<meta name=\"twitter:card\" content=\"summary_large_image\" \/>\n<meta name=\"twitter:label1\" content=\"Written by\" \/>\n\t<meta name=\"twitter:data1\" content=\"bosniak\" \/>\n\t<meta name=\"twitter:label2\" content=\"Est. reading time\" \/>\n\t<meta name=\"twitter:data2\" content=\"5 minuta\" \/>\n<script type=\"application\/ld+json\" class=\"yoast-schema-graph\">{\"@context\":\"https:\/\/schema.org\",\"@graph\":[{\"@type\":\"Article\",\"@id\":\"https:\/\/sandzakpress.net\/arhiva\/koalicija-dps-bs-puca-i-u-petnjici\/#article\",\"isPartOf\":{\"@id\":\"https:\/\/sandzakpress.net\/arhiva\/koalicija-dps-bs-puca-i-u-petnjici\/\"},\"author\":{\"name\":\"bosniak\",\"@id\":\"https:\/\/sandzakpress.net\/arhiva\/#\/schema\/person\/c8baee722073534b583ea7bdb2e36c02\"},\"headline\":\"Koalicija DPS-BS puca i u Petnjici\",\"datePublished\":\"2016-12-19T17:20:43+00:00\",\"mainEntityOfPage\":{\"@id\":\"https:\/\/sandzakpress.net\/arhiva\/koalicija-dps-bs-puca-i-u-petnjici\/\"},\"wordCount\":990,\"commentCount\":1,\"publisher\":{\"@id\":\"https:\/\/sandzakpress.net\/arhiva\/#\/schema\/person\/6e72b67d6e51910a1117b3b483ba20bd\"},\"image\":{\"@id\":\"https:\/\/sandzakpress.net\/arhiva\/koalicija-dps-bs-puca-i-u-petnjici\/#primaryimage\"},\"thumbnailUrl\":\"https:\/\/sandzakpress.net\/arhiva\/wp-content\/uploads\/2016\/12\/de98ba7a14ccc2637b5f6114a3d5a1dd.jpg\",\"articleSection\":[\"Ro\u017eaje\",\"Berane\",\"Politika\",\"Petnjica\",\"Bijelo Polje\",\"Pljevlja\",\"VIJESTI DANA\"],\"inLanguage\":\"bs-BA\",\"potentialAction\":[{\"@type\":\"CommentAction\",\"name\":\"Comment\",\"target\":[\"https:\/\/sandzakpress.net\/arhiva\/koalicija-dps-bs-puca-i-u-petnjici\/#respond\"]}]},{\"@type\":\"WebPage\",\"@id\":\"https:\/\/sandzakpress.net\/arhiva\/koalicija-dps-bs-puca-i-u-petnjici\/\",\"url\":\"https:\/\/sandzakpress.net\/arhiva\/koalicija-dps-bs-puca-i-u-petnjici\/\",\"name\":\"Koalicija DPS-BS puca i u Petnjici\",\"isPartOf\":{\"@id\":\"https:\/\/sandzakpress.net\/arhiva\/#website\"},\"primaryImageOfPage\":{\"@id\":\"https:\/\/sandzakpress.net\/arhiva\/koalicija-dps-bs-puca-i-u-petnjici\/#primaryimage\"},\"image\":{\"@id\":\"https:\/\/sandzakpress.net\/arhiva\/koalicija-dps-bs-puca-i-u-petnjici\/#primaryimage\"},\"thumbnailUrl\":\"https:\/\/sandzakpress.net\/arhiva\/wp-content\/uploads\/2016\/12\/de98ba7a14ccc2637b5f6114a3d5a1dd.jpg\",\"datePublished\":\"2016-12-19T17:20:43+00:00\",\"breadcrumb\":{\"@id\":\"https:\/\/sandzakpress.net\/arhiva\/koalicija-dps-bs-puca-i-u-petnjici\/#breadcrumb\"},\"inLanguage\":\"bs-BA\",\"potentialAction\":[{\"@type\":\"ReadAction\",\"target\":[\"https:\/\/sandzakpress.net\/arhiva\/koalicija-dps-bs-puca-i-u-petnjici\/\"]}]},{\"@type\":\"ImageObject\",\"inLanguage\":\"bs-BA\",\"@id\":\"https:\/\/sandzakpress.net\/arhiva\/koalicija-dps-bs-puca-i-u-petnjici\/#primaryimage\",\"url\":\"https:\/\/sandzakpress.net\/arhiva\/wp-content\/uploads\/2016\/12\/de98ba7a14ccc2637b5f6114a3d5a1dd.jpg\",\"contentUrl\":\"https:\/\/sandzakpress.net\/arhiva\/wp-content\/uploads\/2016\/12\/de98ba7a14ccc2637b5f6114a3d5a1dd.jpg\",\"width\":1200,\"height\":770},{\"@type\":\"BreadcrumbList\",\"@id\":\"https:\/\/sandzakpress.net\/arhiva\/koalicija-dps-bs-puca-i-u-petnjici\/#breadcrumb\",\"itemListElement\":[{\"@type\":\"ListItem\",\"position\":1,\"name\":\"Home\",\"item\":\"https:\/\/sandzakpress.net\/arhiva\/\"},{\"@type\":\"ListItem\",\"position\":2,\"name\":\"Koalicija DPS-BS puca i u Petnjici\"}]},{\"@type\":\"WebSite\",\"@id\":\"https:\/\/sandzakpress.net\/arhiva\/#website\",\"url\":\"https:\/\/sandzakpress.net\/arhiva\/\",\"name\":\"Sand\u017eak PRESS\",\"description\":\"Prve elektronske novine u Sand\u017eaku\",\"publisher\":{\"@id\":\"https:\/\/sandzakpress.net\/arhiva\/#\/schema\/person\/6e72b67d6e51910a1117b3b483ba20bd\"},\"potentialAction\":[{\"@type\":\"SearchAction\",\"target\":{\"@type\":\"EntryPoint\",\"urlTemplate\":\"https:\/\/sandzakpress.net\/arhiva\/?s={search_term_string}\"},\"query-input\":{\"@type\":\"PropertyValueSpecification\",\"valueRequired\":true,\"valueName\":\"search_term_string\"}}],\"inLanguage\":\"bs-BA\"},{\"@type\":[\"Person\",\"Organization\"],\"@id\":\"https:\/\/sandzakpress.net\/arhiva\/#\/schema\/person\/6e72b67d6e51910a1117b3b483ba20bd\",\"name\":\"Kul\",\"image\":{\"@type\":\"ImageObject\",\"inLanguage\":\"bs-BA\",\"@id\":\"https:\/\/sandzakpress.net\/arhiva\/#\/schema\/person\/image\/\",\"url\":\"https:\/\/secure.gravatar.com\/avatar\/42263f39aa27ac04c43cab85c280eb2e?s=96&d=mm&r=pg\",\"contentUrl\":\"https:\/\/secure.gravatar.com\/avatar\/42263f39aa27ac04c43cab85c280eb2e?s=96&d=mm&r=pg\",\"caption\":\"Kul\"},\"logo\":{\"@id\":\"https:\/\/sandzakpress.net\/arhiva\/#\/schema\/person\/image\/\"}},{\"@type\":\"Person\",\"@id\":\"https:\/\/sandzakpress.net\/arhiva\/#\/schema\/person\/c8baee722073534b583ea7bdb2e36c02\",\"name\":\"bosniak\",\"image\":{\"@type\":\"ImageObject\",\"inLanguage\":\"bs-BA\",\"@id\":\"https:\/\/sandzakpress.net\/arhiva\/#\/schema\/person\/image\/\",\"url\":\"https:\/\/secure.gravatar.com\/avatar\/a04fd330bfe3a36a72a0ad4a6d89fca7?s=96&d=mm&r=pg\",\"contentUrl\":\"https:\/\/secure.gravatar.com\/avatar\/a04fd330bfe3a36a72a0ad4a6d89fca7?s=96&d=mm&r=pg\",\"caption\":\"bosniak\"},\"url\":\"https:\/\/sandzakpress.net\/arhiva\/author\/bosniak\/\"}]}<\/script>\n<!-- \/ Yoast SEO Premium plugin. -->","yoast_head_json":{"title":"Koalicija DPS-BS puca i u Petnjici","robots":{"index":"index","follow":"follow","max-snippet":"max-snippet:-1","max-image-preview":"max-image-preview:large","max-video-preview":"max-video-preview:-1"},"canonical":"https:\/\/sandzakpress.net\/arhiva\/koalicija-dps-bs-puca-i-u-petnjici\/","og_locale":"bs_BA","og_type":"article","og_title":"Koalicija DPS-BS puca i u Petnjici","og_description":"Bo\u0161nja\u010dka stranka bi uskoro mogla raskinuti savez sa Demokratskom partijom socijalista u Petnjici, ukoliko ne budu u najkra\u0107em mogu\u0107em roku ispo\u0161tovane sve stavke iz koalicionog sporazuma. To je u razgovoru za ,Dan\u201c saop\u0161tio predsjednik Op\u0161tinskog odbora BS-a Petnjica Adnan Muhovi\u0107. \u2013 Mi \u0107emo da \u201epritegnemo\u201c DPS, jer moraju da apsolutno ispo\u0161tuju sve stavke iz koalicionog [&hellip;]","og_url":"https:\/\/sandzakpress.net\/arhiva\/koalicija-dps-bs-puca-i-u-petnjici\/","og_site_name":"Sand\u017eak PRESS","article_published_time":"2016-12-19T17:20:43+00:00","og_image":[{"width":1200,"height":770,"url":"https:\/\/sandzakpress.net\/arhiva\/wp-content\/uploads\/2016\/12\/de98ba7a14ccc2637b5f6114a3d5a1dd.jpg","type":"image\/jpeg"}],"author":"bosniak","twitter_card":"summary_large_image","twitter_misc":{"Written by":"bosniak","Est. reading time":"5 minuta"},"schema":{"@context":"https:\/\/schema.org","@graph":[{"@type":"Article","@id":"https:\/\/sandzakpress.net\/arhiva\/koalicija-dps-bs-puca-i-u-petnjici\/#article","isPartOf":{"@id":"https:\/\/sandzakpress.net\/arhiva\/koalicija-dps-bs-puca-i-u-petnjici\/"},"author":{"name":"bosniak","@id":"https:\/\/sandzakpress.net\/arhiva\/#\/schema\/person\/c8baee722073534b583ea7bdb2e36c02"},"headline":"Koalicija DPS-BS puca i u Petnjici","datePublished":"2016-12-19T17:20:43+00:00","mainEntityOfPage":{"@id":"https:\/\/sandzakpress.net\/arhiva\/koalicija-dps-bs-puca-i-u-petnjici\/"},"wordCount":990,"commentCount":1,"publisher":{"@id":"https:\/\/sandzakpress.net\/arhiva\/#\/schema\/person\/6e72b67d6e51910a1117b3b483ba20bd"},"image":{"@id":"https:\/\/sandzakpress.net\/arhiva\/koalicija-dps-bs-puca-i-u-petnjici\/#primaryimage"},"thumbnailUrl":"https:\/\/sandzakpress.net\/arhiva\/wp-content\/uploads\/2016\/12\/de98ba7a14ccc2637b5f6114a3d5a1dd.jpg","articleSection":["Ro\u017eaje","Berane","Politika","Petnjica","Bijelo Polje","Pljevlja","VIJESTI DANA"],"inLanguage":"bs-BA","potentialAction":[{"@type":"CommentAction","name":"Comment","target":["https:\/\/sandzakpress.net\/arhiva\/koalicija-dps-bs-puca-i-u-petnjici\/#respond"]}]},{"@type":"WebPage","@id":"https:\/\/sandzakpress.net\/arhiva\/koalicija-dps-bs-puca-i-u-petnjici\/","url":"https:\/\/sandzakpress.net\/arhiva\/koalicija-dps-bs-puca-i-u-petnjici\/","name":"Koalicija DPS-BS puca i u Petnjici","isPartOf":{"@id":"https:\/\/sandzakpress.net\/arhiva\/#website"},"primaryImageOfPage":{"@id":"https:\/\/sandzakpress.net\/arhiva\/koalicija-dps-bs-puca-i-u-petnjici\/#primaryimage"},"image":{"@id":"https:\/\/sandzakpress.net\/arhiva\/koalicija-dps-bs-puca-i-u-petnjici\/#primaryimage"},"thumbnailUrl":"https:\/\/sandzakpress.net\/arhiva\/wp-content\/uploads\/2016\/12\/de98ba7a14ccc2637b5f6114a3d5a1dd.jpg","datePublished":"2016-12-19T17:20:43+00:00","breadcrumb":{"@id":"https:\/\/sandzakpress.net\/arhiva\/koalicija-dps-bs-puca-i-u-petnjici\/#breadcrumb"},"inLanguage":"bs-BA","potentialAction":[{"@type":"ReadAction","target":["https:\/\/sandzakpress.net\/arhiva\/koalicija-dps-bs-puca-i-u-petnjici\/"]}]},{"@type":"ImageObject","inLanguage":"bs-BA","@id":"https:\/\/sandzakpress.net\/arhiva\/koalicija-dps-bs-puca-i-u-petnjici\/#primaryimage","url":"https:\/\/sandzakpress.net\/arhiva\/wp-content\/uploads\/2016\/12\/de98ba7a14ccc2637b5f6114a3d5a1dd.jpg","contentUrl":"https:\/\/sandzakpress.net\/arhiva\/wp-content\/uploads\/2016\/12\/de98ba7a14ccc2637b5f6114a3d5a1dd.jpg","width":1200,"height":770},{"@type":"BreadcrumbList","@id":"https:\/\/sandzakpress.net\/arhiva\/koalicija-dps-bs-puca-i-u-petnjici\/#breadcrumb","itemListElement":[{"@type":"ListItem","position":1,"name":"Home","item":"https:\/\/sandzakpress.net\/arhiva\/"},{"@type":"ListItem","position":2,"name":"Koalicija DPS-BS puca i u Petnjici"}]},{"@type":"WebSite","@id":"https:\/\/sandzakpress.net\/arhiva\/#website","url":"https:\/\/sandzakpress.net\/arhiva\/","name":"Sand\u017eak PRESS","description":"Prve elektronske novine u Sand\u017eaku","publisher":{"@id":"https:\/\/sandzakpress.net\/arhiva\/#\/schema\/person\/6e72b67d6e51910a1117b3b483ba20bd"},"potentialAction":[{"@type":"SearchAction","target":{"@type":"EntryPoint","urlTemplate":"https:\/\/sandzakpress.net\/arhiva\/?s={search_term_string}"},"query-input":{"@type":"PropertyValueSpecification","valueRequired":true,"valueName":"search_term_string"}}],"inLanguage":"bs-BA"},{"@type":["Person","Organization"],"@id":"https:\/\/sandzakpress.net\/arhiva\/#\/schema\/person\/6e72b67d6e51910a1117b3b483ba20bd","name":"Kul","image":{"@type":"ImageObject","inLanguage":"bs-BA","@id":"https:\/\/sandzakpress.net\/arhiva\/#\/schema\/person\/image\/","url":"https:\/\/secure.gravatar.com\/avatar\/42263f39aa27ac04c43cab85c280eb2e?s=96&d=mm&r=pg","contentUrl":"https:\/\/secure.gravatar.com\/avatar\/42263f39aa27ac04c43cab85c280eb2e?s=96&d=mm&r=pg","caption":"Kul"},"logo":{"@id":"https:\/\/sandzakpress.net\/arhiva\/#\/schema\/person\/image\/"}},{"@type":"Person","@id":"https:\/\/sandzakpress.net\/arhiva\/#\/schema\/person\/c8baee722073534b583ea7bdb2e36c02","name":"bosniak","image":{"@type":"ImageObject","inLanguage":"bs-BA","@id":"https:\/\/sandzakpress.net\/arhiva\/#\/schema\/person\/image\/","url":"https:\/\/secure.gravatar.com\/avatar\/a04fd330bfe3a36a72a0ad4a6d89fca7?s=96&d=mm&r=pg","contentUrl":"https:\/\/secure.gravatar.com\/avatar\/a04fd330bfe3a36a72a0ad4a6d89fca7?s=96&d=mm&r=pg","caption":"bosniak"},"url":"https:\/\/sandzakpress.net\/arhiva\/author\/bosniak\/"}]}},"_links":{"self":[{"href":"https:\/\/sandzakpress.net\/arhiva\/wp-json\/wp\/v2\/posts\/175116"}],"collection":[{"href":"https:\/\/sandzakpress.net\/arhiva\/wp-json\/wp\/v2\/posts"}],"about":[{"href":"https:\/\/sandzakpress.net\/arhiva\/wp-json\/wp\/v2\/types\/post"}],"author":[{"embeddable":true,"href":"https:\/\/sandzakpress.net\/arhiva\/wp-json\/wp\/v2\/users\/83"}],"replies":[{"embeddable":true,"href":"https:\/\/sandzakpress.net\/arhiva\/wp-json\/wp\/v2\/comments?post=175116"}],"version-history":[{"count":0,"href":"https:\/\/sandzakpress.net\/arhiva\/wp-json\/wp\/v2\/posts\/175116\/revisions"}],"wp:featuredmedia":[{"embeddable":true,"href":"https:\/\/sandzakpress.net\/arhiva\/wp-json\/wp\/v2\/media\/175117"}],"wp:attachment":[{"href":"https:\/\/sandzakpress.net\/arhiva\/wp-json\/wp\/v2\/media?parent=175116"}],"wp:term":[{"taxonomy":"category","embeddable":true,"href":"https:\/\/sandzakpress.net\/arhiva\/wp-json\/wp\/v2\/categories?post=175116"},{"taxonomy":"post_tag","embeddable":true,"href":"https:\/\/sandzakpress.net\/arhiva\/wp-json\/wp\/v2\/tags?post=175116"}],"curies":[{"name":"wp","href":"https:\/\/api.w.org\/{rel}","templated":true}]}}