{"id":175067,"date":"2016-12-19T13:26:04","date_gmt":"2016-12-19T12:26:04","guid":{"rendered":"https:\/\/sandzakpress.net\/arhiva\/?p=175067"},"modified":"2016-12-19T13:26:46","modified_gmt":"2016-12-19T12:26:46","slug":"tandir-i-omerovic-posjetili-emirat-abu-dabi","status":"publish","type":"post","link":"https:\/\/sandzakpress.net\/arhiva\/tandir-i-omerovic-posjetili-emirat-abu-dabi\/","title":{"rendered":"Tandir i Omerovi\u0107 posjetili emirat Abu Dabi"},"content":{"rendered":"<div id=\"page-content\" class=\"right-sidebar loop-page-5\">\n<div class=\"tbl-row\">\n<div id=\"main\" class=\"article\">\n<article id=\"post-28041\" class=\"article-post cat-3 loop-page-5 clearfix\">\n<header>\n<h1>\u00a0<\/h1>\n<\/header>\n<div class=\"article-post-content\">\n<p><img loading=\"lazy\" decoding=\"async\" class=\"alignnone wp-image-28042 size-large\" src=\"http:\/\/sanapress.info\/wp-content\/uploads\/2016\/12\/WhatsApp-Image-2016-12-17-at-11.51.35-1024x600.jpeg\" sizes=\"(max-width: 1024px) 100vw, 1024px\" srcset=\"http:\/\/sanapress.info\/wp-content\/uploads\/2016\/12\/WhatsApp-Image-2016-12-17-at-11.51.35-1024x600.jpeg 1024w, http:\/\/sanapress.info\/wp-content\/uploads\/2016\/12\/WhatsApp-Image-2016-12-17-at-11.51.35-300x176.jpeg 300w, http:\/\/sanapress.info\/wp-content\/uploads\/2016\/12\/WhatsApp-Image-2016-12-17-at-11.51.35-768x450.jpeg 768w, http:\/\/sanapress.info\/wp-content\/uploads\/2016\/12\/WhatsApp-Image-2016-12-17-at-11.51.35.jpeg 1600w\" alt=\"whatsapp-image-2016-12-17-at-11-51-35\" width=\"1024\" height=\"600\" \/><\/p>\n<p><strong>Delegacija Agencije za sertificiranje halal kvaliteta koju \u010dine Samir Tandir direktor i Enver Omerovic \u0161ef vjersko-prosvjetne slu\u017ebe posjetila je emirat Abu Dabi koji je najve\u0107i i najbogatiji emirat i ujedno glavni glad UAE.<\/strong><\/p>\n<p>Tandir i Omerovi\u0107 razgovarali su sa predstavnicima poslovne zajednice Abu Dabija predstavnicima njihove privredne komore gdje su sagovornike upoznali sa halal potencijalima Srbije kao i pozitivnoj privrednoj klimi koja\u00a0 je zahvaljuju\u0107i reformskoj politici premijera Aleksandra Vu\u010di\u0107a prisutna u Srbiji . Istakli smo i \u010dinjenicu da je jedna od najve\u0107ih investicija u Srbiji napravila upravo kompanija iz Abu DabijaEtihad Airways kupovinom JAT-a.<\/p>\n<p><iframe loading=\"lazy\" title=\"DELEGACIJA AGENCIJE ZA SERTIFICIRANJE HALAL KVALITETA U POSJETI EMIRATU ABU DABI\" width=\"696\" height=\"522\" src=\"https:\/\/www.youtube.com\/embed\/hRwFHXEoUDs?feature=oembed\" frameborder=\"0\" allow=\"accelerometer; autoplay; encrypted-media; gyroscope; picture-in-picture\" allowfullscreen><\/iframe><\/p>\n<p>&nbsp;<\/p>\n<p>Tandir i Omerovi\u0107 posjetili su i ambasadu R.\u00a0Srbije u Abu Dabiju gdje su razgovarali sa vr\u0161iocem du\u017enosti ambasadora Milo\u0161em Peri\u0161i\u0107em. Tandir je istakao da je ambasador Peri\u0161i\u0107 primjer kako se slu\u017ei dr\u017eavi i zastupa ekonomska zajednica i ekonomski patriotizam. Peri\u0161i\u0107 je sagovornike upoznao sa poslovnim prilikama u Emiratima izazovima sa kojima se suo\u010davaju na\u0161e firme.<\/p>\n<p>SANA<\/p>\n<\/div>\n<\/article>\n<\/div>\n<\/div>\n<\/div>\n","protected":false},"excerpt":{"rendered":"<p>\u00a0 Delegacija Agencije za sertificiranje halal kvaliteta koju \u010dine Samir Tandir direktor i Enver Omerovic \u0161ef vjersko-prosvjetne slu\u017ebe posjetila je emirat Abu Dabi koji je najve\u0107i i najbogatiji emirat i ujedno glavni glad UAE. Tandir i Omerovi\u0107 razgovarali su sa predstavnicima poslovne zajednice Abu Dabija predstavnicima njihove privredne komore gdje su sagovornike upoznali sa halal [&hellip;]<\/p>\n","protected":false},"author":83,"featured_media":175073,"comment_status":"open","ping_status":"open","sticky":false,"template":"","format":"standard","meta":{"footnotes":""},"categories":[72,392,802],"tags":[],"class_list":{"0":"post-175067","1":"post","2":"type-post","3":"status-publish","4":"format-standard","5":"has-post-thumbnail","7":"category-novi-pazar","8":"category-prijepolje_","9":"category-islamska_zajednica"},"yoast_head":"<!-- This site is optimized with the Yoast SEO Premium plugin v23.1 (Yoast SEO v24.9) - https:\/\/yoast.com\/wordpress\/plugins\/seo\/ -->\n<title>Tandir i Omerovi\u0107 posjetili emirat Abu Dabi<\/title>\n<meta name=\"robots\" content=\"index, follow, max-snippet:-1, max-image-preview:large, max-video-preview:-1\" \/>\n<link rel=\"canonical\" href=\"https:\/\/sandzakpress.net\/arhiva\/tandir-i-omerovic-posjetili-emirat-abu-dabi\/\" \/>\n<meta property=\"og:locale\" content=\"bs_BA\" \/>\n<meta property=\"og:type\" content=\"article\" \/>\n<meta property=\"og:title\" content=\"Tandir i Omerovi\u0107 posjetili emirat Abu Dabi\" \/>\n<meta property=\"og:description\" content=\"\u00a0 Delegacija Agencije za sertificiranje halal kvaliteta koju \u010dine Samir Tandir direktor i Enver Omerovic \u0161ef vjersko-prosvjetne slu\u017ebe posjetila je emirat Abu Dabi koji je najve\u0107i i najbogatiji emirat i ujedno glavni glad UAE. Tandir i Omerovi\u0107 razgovarali su sa predstavnicima poslovne zajednice Abu Dabija predstavnicima njihove privredne komore gdje su sagovornike upoznali sa halal [&hellip;]\" \/>\n<meta property=\"og:url\" content=\"https:\/\/sandzakpress.net\/arhiva\/tandir-i-omerovic-posjetili-emirat-abu-dabi\/\" \/>\n<meta property=\"og:site_name\" content=\"Sand\u017eak PRESS\" \/>\n<meta property=\"article:published_time\" content=\"2016-12-19T12:26:04+00:00\" \/>\n<meta property=\"article:modified_time\" content=\"2016-12-19T12:26:46+00:00\" \/>\n<meta property=\"og:image\" content=\"https:\/\/sandzakpress.net\/arhiva\/wp-content\/uploads\/2016\/12\/WhatsApp-Image-2016-12-17-at-11.51.35-1024x600.jpeg.jpg\" \/>\n\t<meta property=\"og:image:width\" content=\"1024\" \/>\n\t<meta property=\"og:image:height\" content=\"600\" \/>\n\t<meta property=\"og:image:type\" content=\"image\/jpeg\" \/>\n<meta name=\"author\" content=\"bosniak\" \/>\n<meta name=\"twitter:card\" content=\"summary_large_image\" \/>\n<meta name=\"twitter:label1\" content=\"Written by\" \/>\n\t<meta name=\"twitter:data1\" content=\"bosniak\" \/>\n\t<meta name=\"twitter:label2\" content=\"Est. reading time\" \/>\n\t<meta name=\"twitter:data2\" content=\"1 minuta\" \/>\n<script type=\"application\/ld+json\" class=\"yoast-schema-graph\">{\"@context\":\"https:\/\/schema.org\",\"@graph\":[{\"@type\":\"Article\",\"@id\":\"https:\/\/sandzakpress.net\/arhiva\/tandir-i-omerovic-posjetili-emirat-abu-dabi\/#article\",\"isPartOf\":{\"@id\":\"https:\/\/sandzakpress.net\/arhiva\/tandir-i-omerovic-posjetili-emirat-abu-dabi\/\"},\"author\":{\"name\":\"bosniak\",\"@id\":\"https:\/\/sandzakpress.net\/arhiva\/#\/schema\/person\/c8baee722073534b583ea7bdb2e36c02\"},\"headline\":\"Tandir i Omerovi\u0107 posjetili emirat Abu Dabi\",\"datePublished\":\"2016-12-19T12:26:04+00:00\",\"dateModified\":\"2016-12-19T12:26:46+00:00\",\"mainEntityOfPage\":{\"@id\":\"https:\/\/sandzakpress.net\/arhiva\/tandir-i-omerovic-posjetili-emirat-abu-dabi\/\"},\"wordCount\":179,\"commentCount\":2,\"publisher\":{\"@id\":\"https:\/\/sandzakpress.net\/arhiva\/#\/schema\/person\/6e72b67d6e51910a1117b3b483ba20bd\"},\"image\":{\"@id\":\"https:\/\/sandzakpress.net\/arhiva\/tandir-i-omerovic-posjetili-emirat-abu-dabi\/#primaryimage\"},\"thumbnailUrl\":\"https:\/\/sandzakpress.net\/arhiva\/wp-content\/uploads\/2016\/12\/WhatsApp-Image-2016-12-17-at-11.51.35-1024x600.jpeg.jpg\",\"articleSection\":[\"Novi Pazar\",\"Prijepolje\",\"Islamska zajednica\"],\"inLanguage\":\"bs-BA\",\"potentialAction\":[{\"@type\":\"CommentAction\",\"name\":\"Comment\",\"target\":[\"https:\/\/sandzakpress.net\/arhiva\/tandir-i-omerovic-posjetili-emirat-abu-dabi\/#respond\"]}]},{\"@type\":\"WebPage\",\"@id\":\"https:\/\/sandzakpress.net\/arhiva\/tandir-i-omerovic-posjetili-emirat-abu-dabi\/\",\"url\":\"https:\/\/sandzakpress.net\/arhiva\/tandir-i-omerovic-posjetili-emirat-abu-dabi\/\",\"name\":\"Tandir i Omerovi\u0107 posjetili emirat Abu Dabi\",\"isPartOf\":{\"@id\":\"https:\/\/sandzakpress.net\/arhiva\/#website\"},\"primaryImageOfPage\":{\"@id\":\"https:\/\/sandzakpress.net\/arhiva\/tandir-i-omerovic-posjetili-emirat-abu-dabi\/#primaryimage\"},\"image\":{\"@id\":\"https:\/\/sandzakpress.net\/arhiva\/tandir-i-omerovic-posjetili-emirat-abu-dabi\/#primaryimage\"},\"thumbnailUrl\":\"https:\/\/sandzakpress.net\/arhiva\/wp-content\/uploads\/2016\/12\/WhatsApp-Image-2016-12-17-at-11.51.35-1024x600.jpeg.jpg\",\"datePublished\":\"2016-12-19T12:26:04+00:00\",\"dateModified\":\"2016-12-19T12:26:46+00:00\",\"breadcrumb\":{\"@id\":\"https:\/\/sandzakpress.net\/arhiva\/tandir-i-omerovic-posjetili-emirat-abu-dabi\/#breadcrumb\"},\"inLanguage\":\"bs-BA\",\"potentialAction\":[{\"@type\":\"ReadAction\",\"target\":[\"https:\/\/sandzakpress.net\/arhiva\/tandir-i-omerovic-posjetili-emirat-abu-dabi\/\"]}]},{\"@type\":\"ImageObject\",\"inLanguage\":\"bs-BA\",\"@id\":\"https:\/\/sandzakpress.net\/arhiva\/tandir-i-omerovic-posjetili-emirat-abu-dabi\/#primaryimage\",\"url\":\"https:\/\/sandzakpress.net\/arhiva\/wp-content\/uploads\/2016\/12\/WhatsApp-Image-2016-12-17-at-11.51.35-1024x600.jpeg.jpg\",\"contentUrl\":\"https:\/\/sandzakpress.net\/arhiva\/wp-content\/uploads\/2016\/12\/WhatsApp-Image-2016-12-17-at-11.51.35-1024x600.jpeg.jpg\",\"width\":1024,\"height\":600},{\"@type\":\"BreadcrumbList\",\"@id\":\"https:\/\/sandzakpress.net\/arhiva\/tandir-i-omerovic-posjetili-emirat-abu-dabi\/#breadcrumb\",\"itemListElement\":[{\"@type\":\"ListItem\",\"position\":1,\"name\":\"Home\",\"item\":\"https:\/\/sandzakpress.net\/arhiva\/\"},{\"@type\":\"ListItem\",\"position\":2,\"name\":\"Tandir i Omerovi\u0107 posjetili emirat Abu Dabi\"}]},{\"@type\":\"WebSite\",\"@id\":\"https:\/\/sandzakpress.net\/arhiva\/#website\",\"url\":\"https:\/\/sandzakpress.net\/arhiva\/\",\"name\":\"Sand\u017eak PRESS\",\"description\":\"Prve elektronske novine u Sand\u017eaku\",\"publisher\":{\"@id\":\"https:\/\/sandzakpress.net\/arhiva\/#\/schema\/person\/6e72b67d6e51910a1117b3b483ba20bd\"},\"potentialAction\":[{\"@type\":\"SearchAction\",\"target\":{\"@type\":\"EntryPoint\",\"urlTemplate\":\"https:\/\/sandzakpress.net\/arhiva\/?s={search_term_string}\"},\"query-input\":{\"@type\":\"PropertyValueSpecification\",\"valueRequired\":true,\"valueName\":\"search_term_string\"}}],\"inLanguage\":\"bs-BA\"},{\"@type\":[\"Person\",\"Organization\"],\"@id\":\"https:\/\/sandzakpress.net\/arhiva\/#\/schema\/person\/6e72b67d6e51910a1117b3b483ba20bd\",\"name\":\"Kul\",\"image\":{\"@type\":\"ImageObject\",\"inLanguage\":\"bs-BA\",\"@id\":\"https:\/\/sandzakpress.net\/arhiva\/#\/schema\/person\/image\/\",\"url\":\"https:\/\/secure.gravatar.com\/avatar\/42263f39aa27ac04c43cab85c280eb2e?s=96&d=mm&r=pg\",\"contentUrl\":\"https:\/\/secure.gravatar.com\/avatar\/42263f39aa27ac04c43cab85c280eb2e?s=96&d=mm&r=pg\",\"caption\":\"Kul\"},\"logo\":{\"@id\":\"https:\/\/sandzakpress.net\/arhiva\/#\/schema\/person\/image\/\"}},{\"@type\":\"Person\",\"@id\":\"https:\/\/sandzakpress.net\/arhiva\/#\/schema\/person\/c8baee722073534b583ea7bdb2e36c02\",\"name\":\"bosniak\",\"image\":{\"@type\":\"ImageObject\",\"inLanguage\":\"bs-BA\",\"@id\":\"https:\/\/sandzakpress.net\/arhiva\/#\/schema\/person\/image\/\",\"url\":\"https:\/\/secure.gravatar.com\/avatar\/a04fd330bfe3a36a72a0ad4a6d89fca7?s=96&d=mm&r=pg\",\"contentUrl\":\"https:\/\/secure.gravatar.com\/avatar\/a04fd330bfe3a36a72a0ad4a6d89fca7?s=96&d=mm&r=pg\",\"caption\":\"bosniak\"},\"url\":\"https:\/\/sandzakpress.net\/arhiva\/author\/bosniak\/\"}]}<\/script>\n<!-- \/ Yoast SEO Premium plugin. -->","yoast_head_json":{"title":"Tandir i Omerovi\u0107 posjetili emirat Abu Dabi","robots":{"index":"index","follow":"follow","max-snippet":"max-snippet:-1","max-image-preview":"max-image-preview:large","max-video-preview":"max-video-preview:-1"},"canonical":"https:\/\/sandzakpress.net\/arhiva\/tandir-i-omerovic-posjetili-emirat-abu-dabi\/","og_locale":"bs_BA","og_type":"article","og_title":"Tandir i Omerovi\u0107 posjetili emirat Abu Dabi","og_description":"\u00a0 Delegacija Agencije za sertificiranje halal kvaliteta koju \u010dine Samir Tandir direktor i Enver Omerovic \u0161ef vjersko-prosvjetne slu\u017ebe posjetila je emirat Abu Dabi koji je najve\u0107i i najbogatiji emirat i ujedno glavni glad UAE. Tandir i Omerovi\u0107 razgovarali su sa predstavnicima poslovne zajednice Abu Dabija predstavnicima njihove privredne komore gdje su sagovornike upoznali sa halal [&hellip;]","og_url":"https:\/\/sandzakpress.net\/arhiva\/tandir-i-omerovic-posjetili-emirat-abu-dabi\/","og_site_name":"Sand\u017eak PRESS","article_published_time":"2016-12-19T12:26:04+00:00","article_modified_time":"2016-12-19T12:26:46+00:00","og_image":[{"width":1024,"height":600,"url":"https:\/\/sandzakpress.net\/arhiva\/wp-content\/uploads\/2016\/12\/WhatsApp-Image-2016-12-17-at-11.51.35-1024x600.jpeg.jpg","type":"image\/jpeg"}],"author":"bosniak","twitter_card":"summary_large_image","twitter_misc":{"Written by":"bosniak","Est. reading time":"1 minuta"},"schema":{"@context":"https:\/\/schema.org","@graph":[{"@type":"Article","@id":"https:\/\/sandzakpress.net\/arhiva\/tandir-i-omerovic-posjetili-emirat-abu-dabi\/#article","isPartOf":{"@id":"https:\/\/sandzakpress.net\/arhiva\/tandir-i-omerovic-posjetili-emirat-abu-dabi\/"},"author":{"name":"bosniak","@id":"https:\/\/sandzakpress.net\/arhiva\/#\/schema\/person\/c8baee722073534b583ea7bdb2e36c02"},"headline":"Tandir i Omerovi\u0107 posjetili emirat Abu Dabi","datePublished":"2016-12-19T12:26:04+00:00","dateModified":"2016-12-19T12:26:46+00:00","mainEntityOfPage":{"@id":"https:\/\/sandzakpress.net\/arhiva\/tandir-i-omerovic-posjetili-emirat-abu-dabi\/"},"wordCount":179,"commentCount":2,"publisher":{"@id":"https:\/\/sandzakpress.net\/arhiva\/#\/schema\/person\/6e72b67d6e51910a1117b3b483ba20bd"},"image":{"@id":"https:\/\/sandzakpress.net\/arhiva\/tandir-i-omerovic-posjetili-emirat-abu-dabi\/#primaryimage"},"thumbnailUrl":"https:\/\/sandzakpress.net\/arhiva\/wp-content\/uploads\/2016\/12\/WhatsApp-Image-2016-12-17-at-11.51.35-1024x600.jpeg.jpg","articleSection":["Novi Pazar","Prijepolje","Islamska zajednica"],"inLanguage":"bs-BA","potentialAction":[{"@type":"CommentAction","name":"Comment","target":["https:\/\/sandzakpress.net\/arhiva\/tandir-i-omerovic-posjetili-emirat-abu-dabi\/#respond"]}]},{"@type":"WebPage","@id":"https:\/\/sandzakpress.net\/arhiva\/tandir-i-omerovic-posjetili-emirat-abu-dabi\/","url":"https:\/\/sandzakpress.net\/arhiva\/tandir-i-omerovic-posjetili-emirat-abu-dabi\/","name":"Tandir i Omerovi\u0107 posjetili emirat Abu Dabi","isPartOf":{"@id":"https:\/\/sandzakpress.net\/arhiva\/#website"},"primaryImageOfPage":{"@id":"https:\/\/sandzakpress.net\/arhiva\/tandir-i-omerovic-posjetili-emirat-abu-dabi\/#primaryimage"},"image":{"@id":"https:\/\/sandzakpress.net\/arhiva\/tandir-i-omerovic-posjetili-emirat-abu-dabi\/#primaryimage"},"thumbnailUrl":"https:\/\/sandzakpress.net\/arhiva\/wp-content\/uploads\/2016\/12\/WhatsApp-Image-2016-12-17-at-11.51.35-1024x600.jpeg.jpg","datePublished":"2016-12-19T12:26:04+00:00","dateModified":"2016-12-19T12:26:46+00:00","breadcrumb":{"@id":"https:\/\/sandzakpress.net\/arhiva\/tandir-i-omerovic-posjetili-emirat-abu-dabi\/#breadcrumb"},"inLanguage":"bs-BA","potentialAction":[{"@type":"ReadAction","target":["https:\/\/sandzakpress.net\/arhiva\/tandir-i-omerovic-posjetili-emirat-abu-dabi\/"]}]},{"@type":"ImageObject","inLanguage":"bs-BA","@id":"https:\/\/sandzakpress.net\/arhiva\/tandir-i-omerovic-posjetili-emirat-abu-dabi\/#primaryimage","url":"https:\/\/sandzakpress.net\/arhiva\/wp-content\/uploads\/2016\/12\/WhatsApp-Image-2016-12-17-at-11.51.35-1024x600.jpeg.jpg","contentUrl":"https:\/\/sandzakpress.net\/arhiva\/wp-content\/uploads\/2016\/12\/WhatsApp-Image-2016-12-17-at-11.51.35-1024x600.jpeg.jpg","width":1024,"height":600},{"@type":"BreadcrumbList","@id":"https:\/\/sandzakpress.net\/arhiva\/tandir-i-omerovic-posjetili-emirat-abu-dabi\/#breadcrumb","itemListElement":[{"@type":"ListItem","position":1,"name":"Home","item":"https:\/\/sandzakpress.net\/arhiva\/"},{"@type":"ListItem","position":2,"name":"Tandir i Omerovi\u0107 posjetili emirat Abu Dabi"}]},{"@type":"WebSite","@id":"https:\/\/sandzakpress.net\/arhiva\/#website","url":"https:\/\/sandzakpress.net\/arhiva\/","name":"Sand\u017eak PRESS","description":"Prve elektronske novine u Sand\u017eaku","publisher":{"@id":"https:\/\/sandzakpress.net\/arhiva\/#\/schema\/person\/6e72b67d6e51910a1117b3b483ba20bd"},"potentialAction":[{"@type":"SearchAction","target":{"@type":"EntryPoint","urlTemplate":"https:\/\/sandzakpress.net\/arhiva\/?s={search_term_string}"},"query-input":{"@type":"PropertyValueSpecification","valueRequired":true,"valueName":"search_term_string"}}],"inLanguage":"bs-BA"},{"@type":["Person","Organization"],"@id":"https:\/\/sandzakpress.net\/arhiva\/#\/schema\/person\/6e72b67d6e51910a1117b3b483ba20bd","name":"Kul","image":{"@type":"ImageObject","inLanguage":"bs-BA","@id":"https:\/\/sandzakpress.net\/arhiva\/#\/schema\/person\/image\/","url":"https:\/\/secure.gravatar.com\/avatar\/42263f39aa27ac04c43cab85c280eb2e?s=96&d=mm&r=pg","contentUrl":"https:\/\/secure.gravatar.com\/avatar\/42263f39aa27ac04c43cab85c280eb2e?s=96&d=mm&r=pg","caption":"Kul"},"logo":{"@id":"https:\/\/sandzakpress.net\/arhiva\/#\/schema\/person\/image\/"}},{"@type":"Person","@id":"https:\/\/sandzakpress.net\/arhiva\/#\/schema\/person\/c8baee722073534b583ea7bdb2e36c02","name":"bosniak","image":{"@type":"ImageObject","inLanguage":"bs-BA","@id":"https:\/\/sandzakpress.net\/arhiva\/#\/schema\/person\/image\/","url":"https:\/\/secure.gravatar.com\/avatar\/a04fd330bfe3a36a72a0ad4a6d89fca7?s=96&d=mm&r=pg","contentUrl":"https:\/\/secure.gravatar.com\/avatar\/a04fd330bfe3a36a72a0ad4a6d89fca7?s=96&d=mm&r=pg","caption":"bosniak"},"url":"https:\/\/sandzakpress.net\/arhiva\/author\/bosniak\/"}]}},"_links":{"self":[{"href":"https:\/\/sandzakpress.net\/arhiva\/wp-json\/wp\/v2\/posts\/175067"}],"collection":[{"href":"https:\/\/sandzakpress.net\/arhiva\/wp-json\/wp\/v2\/posts"}],"about":[{"href":"https:\/\/sandzakpress.net\/arhiva\/wp-json\/wp\/v2\/types\/post"}],"author":[{"embeddable":true,"href":"https:\/\/sandzakpress.net\/arhiva\/wp-json\/wp\/v2\/users\/83"}],"replies":[{"embeddable":true,"href":"https:\/\/sandzakpress.net\/arhiva\/wp-json\/wp\/v2\/comments?post=175067"}],"version-history":[{"count":0,"href":"https:\/\/sandzakpress.net\/arhiva\/wp-json\/wp\/v2\/posts\/175067\/revisions"}],"wp:featuredmedia":[{"embeddable":true,"href":"https:\/\/sandzakpress.net\/arhiva\/wp-json\/wp\/v2\/media\/175073"}],"wp:attachment":[{"href":"https:\/\/sandzakpress.net\/arhiva\/wp-json\/wp\/v2\/media?parent=175067"}],"wp:term":[{"taxonomy":"category","embeddable":true,"href":"https:\/\/sandzakpress.net\/arhiva\/wp-json\/wp\/v2\/categories?post=175067"},{"taxonomy":"post_tag","embeddable":true,"href":"https:\/\/sandzakpress.net\/arhiva\/wp-json\/wp\/v2\/tags?post=175067"}],"curies":[{"name":"wp","href":"https:\/\/api.w.org\/{rel}","templated":true}]}}