{"id":174937,"date":"2016-12-16T19:20:22","date_gmt":"2016-12-16T18:20:22","guid":{"rendered":"https:\/\/sandzakpress.net\/arhiva\/?p=174937"},"modified":"2016-12-17T13:33:36","modified_gmt":"2016-12-17T12:33:36","slug":"privode-se-kraju-grubi-radovi-na-izgradnji-islamskog-centra-u-bacu","status":"publish","type":"post","link":"https:\/\/sandzakpress.net\/arhiva\/privode-se-kraju-grubi-radovi-na-izgradnji-islamskog-centra-u-bacu\/","title":{"rendered":"Privode se kraju grubi radovi na izgradnji Islamskog centra u Ba\u0107u"},"content":{"rendered":"<p><img loading=\"lazy\" decoding=\"async\" class=\"aligncenter size-full wp-image-174949\" src=\"https:\/\/sandzakpress.net\/arhiva\/wp-content\/uploads\/2016\/12\/15349813_1577291198952912_7704160363380255573_n.jpg\" alt=\"15349813_1577291198952912_7704160363380255573_n\" width=\"960\" height=\"540\" srcset=\"https:\/\/sandzakpress.net\/arhiva\/wp-content\/uploads\/2016\/12\/15349813_1577291198952912_7704160363380255573_n.jpg 960w, https:\/\/sandzakpress.net\/arhiva\/wp-content\/uploads\/2016\/12\/15349813_1577291198952912_7704160363380255573_n-768x432.jpg 768w, https:\/\/sandzakpress.net\/arhiva\/wp-content\/uploads\/2016\/12\/15349813_1577291198952912_7704160363380255573_n-616x347.jpg 616w\" sizes=\"(max-width: 960px) 100vw, 960px\" \/><\/p>\n<p><strong>Izgradnja Islamskog centra\u00a0u\u00a0 Ba\u0107u po\u010dela je u prole\u0107e pod pokroviteljstvo IZ muftijstva sand\u017ea\u010dkog, danas su grubi radovi u zavr\u0161noj fazi.<\/strong><\/p>\n<p>\u201eZadovoljstvo i sre\u0107a svih nas ja na visokom nivou zbog ovih rezultata. Zahvalnost i zasluga pripada Uzvi\u0161enom Allahu d\u017e.\u0161. a nakon toga i sand\u017ea\u010dkom \u010dovjeku , odnosno ljudima koji \u017eive ovdje a koji su dali nemjerljiv doprinos, ali i ljudima iz dijaspore.\u201c Ist\u010de mufttija sand\u017ea\u010dki<\/p>\n<p>Mje\u0161tani zahvlani i veoma sre\u0107ni kako zbog napredovanja radova na izgradnji tako i zbog skorog otvarnja \u0161kole Kur\u2019ana \u010casnog i najavljuju da \u0107e krov biti postavljen u toku slede\u0107e sedmice.<\/p>\n<p>Nadamo se da \u0107e naredne godine ovaj objekat biti u funkciji kako bi bio od koristi muslimanima ovog kraja, ka\u017ee muftija sand\u017ea\u010dki.<\/p>\n<p><iframe loading=\"lazy\" src=\"https:\/\/www.youtube.com\/embed\/qFkjpd5q7yM\" width=\"560\" height=\"315\" frameborder=\"0\" allowfullscreen=\"allowfullscreen\"><\/iframe> SANA<\/p>\n","protected":false},"excerpt":{"rendered":"<p>Izgradnja Islamskog centra\u00a0u\u00a0 Ba\u0107u po\u010dela je u prole\u0107e pod pokroviteljstvo IZ muftijstva sand\u017ea\u010dkog, danas su grubi radovi u zavr\u0161noj fazi. \u201eZadovoljstvo i sre\u0107a svih nas ja na visokom nivou zbog ovih rezultata. Zahvalnost i zasluga pripada Uzvi\u0161enom Allahu d\u017e.\u0161. a nakon toga i sand\u017ea\u010dkom \u010dovjeku , odnosno ljudima koji \u017eive ovdje a koji su dali [&hellip;]<\/p>\n","protected":false},"author":83,"featured_media":174949,"comment_status":"open","ping_status":"open","sticky":false,"template":"","format":"standard","meta":{"footnotes":""},"categories":[398,10174,802,8957],"tags":[],"class_list":{"0":"post-174937","1":"post","2":"type-post","3":"status-publish","4":"format-standard","5":"has-post-thumbnail","7":"category-rozaje","8":"category-petnjica-vase-vijesti","9":"category-islamska_zajednica","10":"category-vijesti-dana"},"yoast_head":"<!-- This site is optimized with the Yoast SEO Premium plugin v23.1 (Yoast SEO v24.9) - https:\/\/yoast.com\/wordpress\/plugins\/seo\/ -->\n<title>Privode se kraju grubi radovi na izgradnji Islamskog centra u Ba\u0107u<\/title>\n<meta name=\"robots\" content=\"index, follow, max-snippet:-1, max-image-preview:large, max-video-preview:-1\" \/>\n<link rel=\"canonical\" href=\"https:\/\/sandzakpress.net\/arhiva\/privode-se-kraju-grubi-radovi-na-izgradnji-islamskog-centra-u-bacu\/\" \/>\n<meta property=\"og:locale\" content=\"bs_BA\" \/>\n<meta property=\"og:type\" content=\"article\" \/>\n<meta property=\"og:title\" content=\"Privode se kraju grubi radovi na izgradnji Islamskog centra u Ba\u0107u\" \/>\n<meta property=\"og:description\" content=\"Izgradnja Islamskog centra\u00a0u\u00a0 Ba\u0107u po\u010dela je u prole\u0107e pod pokroviteljstvo IZ muftijstva sand\u017ea\u010dkog, danas su grubi radovi u zavr\u0161noj fazi. \u201eZadovoljstvo i sre\u0107a svih nas ja na visokom nivou zbog ovih rezultata. Zahvalnost i zasluga pripada Uzvi\u0161enom Allahu d\u017e.\u0161. a nakon toga i sand\u017ea\u010dkom \u010dovjeku , odnosno ljudima koji \u017eive ovdje a koji su dali [&hellip;]\" \/>\n<meta property=\"og:url\" content=\"https:\/\/sandzakpress.net\/arhiva\/privode-se-kraju-grubi-radovi-na-izgradnji-islamskog-centra-u-bacu\/\" \/>\n<meta property=\"og:site_name\" content=\"Sand\u017eak PRESS\" \/>\n<meta property=\"article:published_time\" content=\"2016-12-16T18:20:22+00:00\" \/>\n<meta property=\"article:modified_time\" content=\"2016-12-17T12:33:36+00:00\" \/>\n<meta property=\"og:image\" content=\"https:\/\/sandzakpress.net\/arhiva\/wp-content\/uploads\/2016\/12\/15349813_1577291198952912_7704160363380255573_n.jpg\" \/>\n\t<meta property=\"og:image:width\" content=\"960\" \/>\n\t<meta property=\"og:image:height\" content=\"540\" \/>\n\t<meta property=\"og:image:type\" content=\"image\/jpeg\" \/>\n<meta name=\"author\" content=\"bosniak\" \/>\n<meta name=\"twitter:card\" content=\"summary_large_image\" \/>\n<meta name=\"twitter:label1\" content=\"Written by\" \/>\n\t<meta name=\"twitter:data1\" content=\"bosniak\" \/>\n\t<meta name=\"twitter:label2\" content=\"Est. reading time\" \/>\n\t<meta name=\"twitter:data2\" content=\"1 minuta\" \/>\n<script type=\"application\/ld+json\" class=\"yoast-schema-graph\">{\"@context\":\"https:\/\/schema.org\",\"@graph\":[{\"@type\":\"Article\",\"@id\":\"https:\/\/sandzakpress.net\/arhiva\/privode-se-kraju-grubi-radovi-na-izgradnji-islamskog-centra-u-bacu\/#article\",\"isPartOf\":{\"@id\":\"https:\/\/sandzakpress.net\/arhiva\/privode-se-kraju-grubi-radovi-na-izgradnji-islamskog-centra-u-bacu\/\"},\"author\":{\"name\":\"bosniak\",\"@id\":\"https:\/\/sandzakpress.net\/arhiva\/#\/schema\/person\/c8baee722073534b583ea7bdb2e36c02\"},\"headline\":\"Privode se kraju grubi radovi na izgradnji Islamskog centra u Ba\u0107u\",\"datePublished\":\"2016-12-16T18:20:22+00:00\",\"dateModified\":\"2016-12-17T12:33:36+00:00\",\"mainEntityOfPage\":{\"@id\":\"https:\/\/sandzakpress.net\/arhiva\/privode-se-kraju-grubi-radovi-na-izgradnji-islamskog-centra-u-bacu\/\"},\"wordCount\":150,\"commentCount\":0,\"publisher\":{\"@id\":\"https:\/\/sandzakpress.net\/arhiva\/#\/schema\/person\/6e72b67d6e51910a1117b3b483ba20bd\"},\"image\":{\"@id\":\"https:\/\/sandzakpress.net\/arhiva\/privode-se-kraju-grubi-radovi-na-izgradnji-islamskog-centra-u-bacu\/#primaryimage\"},\"thumbnailUrl\":\"https:\/\/sandzakpress.net\/arhiva\/wp-content\/uploads\/2016\/12\/15349813_1577291198952912_7704160363380255573_n.jpg\",\"articleSection\":[\"Ro\u017eaje\",\"Petnjica\",\"Islamska zajednica\",\"VIJESTI DANA\"],\"inLanguage\":\"bs-BA\",\"potentialAction\":[{\"@type\":\"CommentAction\",\"name\":\"Comment\",\"target\":[\"https:\/\/sandzakpress.net\/arhiva\/privode-se-kraju-grubi-radovi-na-izgradnji-islamskog-centra-u-bacu\/#respond\"]}]},{\"@type\":\"WebPage\",\"@id\":\"https:\/\/sandzakpress.net\/arhiva\/privode-se-kraju-grubi-radovi-na-izgradnji-islamskog-centra-u-bacu\/\",\"url\":\"https:\/\/sandzakpress.net\/arhiva\/privode-se-kraju-grubi-radovi-na-izgradnji-islamskog-centra-u-bacu\/\",\"name\":\"Privode se kraju grubi radovi na izgradnji Islamskog centra u Ba\u0107u\",\"isPartOf\":{\"@id\":\"https:\/\/sandzakpress.net\/arhiva\/#website\"},\"primaryImageOfPage\":{\"@id\":\"https:\/\/sandzakpress.net\/arhiva\/privode-se-kraju-grubi-radovi-na-izgradnji-islamskog-centra-u-bacu\/#primaryimage\"},\"image\":{\"@id\":\"https:\/\/sandzakpress.net\/arhiva\/privode-se-kraju-grubi-radovi-na-izgradnji-islamskog-centra-u-bacu\/#primaryimage\"},\"thumbnailUrl\":\"https:\/\/sandzakpress.net\/arhiva\/wp-content\/uploads\/2016\/12\/15349813_1577291198952912_7704160363380255573_n.jpg\",\"datePublished\":\"2016-12-16T18:20:22+00:00\",\"dateModified\":\"2016-12-17T12:33:36+00:00\",\"breadcrumb\":{\"@id\":\"https:\/\/sandzakpress.net\/arhiva\/privode-se-kraju-grubi-radovi-na-izgradnji-islamskog-centra-u-bacu\/#breadcrumb\"},\"inLanguage\":\"bs-BA\",\"potentialAction\":[{\"@type\":\"ReadAction\",\"target\":[\"https:\/\/sandzakpress.net\/arhiva\/privode-se-kraju-grubi-radovi-na-izgradnji-islamskog-centra-u-bacu\/\"]}]},{\"@type\":\"ImageObject\",\"inLanguage\":\"bs-BA\",\"@id\":\"https:\/\/sandzakpress.net\/arhiva\/privode-se-kraju-grubi-radovi-na-izgradnji-islamskog-centra-u-bacu\/#primaryimage\",\"url\":\"https:\/\/sandzakpress.net\/arhiva\/wp-content\/uploads\/2016\/12\/15349813_1577291198952912_7704160363380255573_n.jpg\",\"contentUrl\":\"https:\/\/sandzakpress.net\/arhiva\/wp-content\/uploads\/2016\/12\/15349813_1577291198952912_7704160363380255573_n.jpg\",\"width\":960,\"height\":540},{\"@type\":\"BreadcrumbList\",\"@id\":\"https:\/\/sandzakpress.net\/arhiva\/privode-se-kraju-grubi-radovi-na-izgradnji-islamskog-centra-u-bacu\/#breadcrumb\",\"itemListElement\":[{\"@type\":\"ListItem\",\"position\":1,\"name\":\"Home\",\"item\":\"https:\/\/sandzakpress.net\/arhiva\/\"},{\"@type\":\"ListItem\",\"position\":2,\"name\":\"Privode se kraju grubi radovi na izgradnji Islamskog centra u Ba\u0107u\"}]},{\"@type\":\"WebSite\",\"@id\":\"https:\/\/sandzakpress.net\/arhiva\/#website\",\"url\":\"https:\/\/sandzakpress.net\/arhiva\/\",\"name\":\"Sand\u017eak PRESS\",\"description\":\"Prve elektronske novine u Sand\u017eaku\",\"publisher\":{\"@id\":\"https:\/\/sandzakpress.net\/arhiva\/#\/schema\/person\/6e72b67d6e51910a1117b3b483ba20bd\"},\"potentialAction\":[{\"@type\":\"SearchAction\",\"target\":{\"@type\":\"EntryPoint\",\"urlTemplate\":\"https:\/\/sandzakpress.net\/arhiva\/?s={search_term_string}\"},\"query-input\":{\"@type\":\"PropertyValueSpecification\",\"valueRequired\":true,\"valueName\":\"search_term_string\"}}],\"inLanguage\":\"bs-BA\"},{\"@type\":[\"Person\",\"Organization\"],\"@id\":\"https:\/\/sandzakpress.net\/arhiva\/#\/schema\/person\/6e72b67d6e51910a1117b3b483ba20bd\",\"name\":\"Kul\",\"image\":{\"@type\":\"ImageObject\",\"inLanguage\":\"bs-BA\",\"@id\":\"https:\/\/sandzakpress.net\/arhiva\/#\/schema\/person\/image\/\",\"url\":\"https:\/\/secure.gravatar.com\/avatar\/42263f39aa27ac04c43cab85c280eb2e?s=96&d=mm&r=pg\",\"contentUrl\":\"https:\/\/secure.gravatar.com\/avatar\/42263f39aa27ac04c43cab85c280eb2e?s=96&d=mm&r=pg\",\"caption\":\"Kul\"},\"logo\":{\"@id\":\"https:\/\/sandzakpress.net\/arhiva\/#\/schema\/person\/image\/\"}},{\"@type\":\"Person\",\"@id\":\"https:\/\/sandzakpress.net\/arhiva\/#\/schema\/person\/c8baee722073534b583ea7bdb2e36c02\",\"name\":\"bosniak\",\"image\":{\"@type\":\"ImageObject\",\"inLanguage\":\"bs-BA\",\"@id\":\"https:\/\/sandzakpress.net\/arhiva\/#\/schema\/person\/image\/\",\"url\":\"https:\/\/secure.gravatar.com\/avatar\/a04fd330bfe3a36a72a0ad4a6d89fca7?s=96&d=mm&r=pg\",\"contentUrl\":\"https:\/\/secure.gravatar.com\/avatar\/a04fd330bfe3a36a72a0ad4a6d89fca7?s=96&d=mm&r=pg\",\"caption\":\"bosniak\"},\"url\":\"https:\/\/sandzakpress.net\/arhiva\/author\/bosniak\/\"}]}<\/script>\n<!-- \/ Yoast SEO Premium plugin. -->","yoast_head_json":{"title":"Privode se kraju grubi radovi na izgradnji Islamskog centra u Ba\u0107u","robots":{"index":"index","follow":"follow","max-snippet":"max-snippet:-1","max-image-preview":"max-image-preview:large","max-video-preview":"max-video-preview:-1"},"canonical":"https:\/\/sandzakpress.net\/arhiva\/privode-se-kraju-grubi-radovi-na-izgradnji-islamskog-centra-u-bacu\/","og_locale":"bs_BA","og_type":"article","og_title":"Privode se kraju grubi radovi na izgradnji Islamskog centra u Ba\u0107u","og_description":"Izgradnja Islamskog centra\u00a0u\u00a0 Ba\u0107u po\u010dela je u prole\u0107e pod pokroviteljstvo IZ muftijstva sand\u017ea\u010dkog, danas su grubi radovi u zavr\u0161noj fazi. \u201eZadovoljstvo i sre\u0107a svih nas ja na visokom nivou zbog ovih rezultata. Zahvalnost i zasluga pripada Uzvi\u0161enom Allahu d\u017e.\u0161. a nakon toga i sand\u017ea\u010dkom \u010dovjeku , odnosno ljudima koji \u017eive ovdje a koji su dali [&hellip;]","og_url":"https:\/\/sandzakpress.net\/arhiva\/privode-se-kraju-grubi-radovi-na-izgradnji-islamskog-centra-u-bacu\/","og_site_name":"Sand\u017eak PRESS","article_published_time":"2016-12-16T18:20:22+00:00","article_modified_time":"2016-12-17T12:33:36+00:00","og_image":[{"width":960,"height":540,"url":"https:\/\/sandzakpress.net\/arhiva\/wp-content\/uploads\/2016\/12\/15349813_1577291198952912_7704160363380255573_n.jpg","type":"image\/jpeg"}],"author":"bosniak","twitter_card":"summary_large_image","twitter_misc":{"Written by":"bosniak","Est. reading time":"1 minuta"},"schema":{"@context":"https:\/\/schema.org","@graph":[{"@type":"Article","@id":"https:\/\/sandzakpress.net\/arhiva\/privode-se-kraju-grubi-radovi-na-izgradnji-islamskog-centra-u-bacu\/#article","isPartOf":{"@id":"https:\/\/sandzakpress.net\/arhiva\/privode-se-kraju-grubi-radovi-na-izgradnji-islamskog-centra-u-bacu\/"},"author":{"name":"bosniak","@id":"https:\/\/sandzakpress.net\/arhiva\/#\/schema\/person\/c8baee722073534b583ea7bdb2e36c02"},"headline":"Privode se kraju grubi radovi na izgradnji Islamskog centra u Ba\u0107u","datePublished":"2016-12-16T18:20:22+00:00","dateModified":"2016-12-17T12:33:36+00:00","mainEntityOfPage":{"@id":"https:\/\/sandzakpress.net\/arhiva\/privode-se-kraju-grubi-radovi-na-izgradnji-islamskog-centra-u-bacu\/"},"wordCount":150,"commentCount":0,"publisher":{"@id":"https:\/\/sandzakpress.net\/arhiva\/#\/schema\/person\/6e72b67d6e51910a1117b3b483ba20bd"},"image":{"@id":"https:\/\/sandzakpress.net\/arhiva\/privode-se-kraju-grubi-radovi-na-izgradnji-islamskog-centra-u-bacu\/#primaryimage"},"thumbnailUrl":"https:\/\/sandzakpress.net\/arhiva\/wp-content\/uploads\/2016\/12\/15349813_1577291198952912_7704160363380255573_n.jpg","articleSection":["Ro\u017eaje","Petnjica","Islamska zajednica","VIJESTI DANA"],"inLanguage":"bs-BA","potentialAction":[{"@type":"CommentAction","name":"Comment","target":["https:\/\/sandzakpress.net\/arhiva\/privode-se-kraju-grubi-radovi-na-izgradnji-islamskog-centra-u-bacu\/#respond"]}]},{"@type":"WebPage","@id":"https:\/\/sandzakpress.net\/arhiva\/privode-se-kraju-grubi-radovi-na-izgradnji-islamskog-centra-u-bacu\/","url":"https:\/\/sandzakpress.net\/arhiva\/privode-se-kraju-grubi-radovi-na-izgradnji-islamskog-centra-u-bacu\/","name":"Privode se kraju grubi radovi na izgradnji Islamskog centra u Ba\u0107u","isPartOf":{"@id":"https:\/\/sandzakpress.net\/arhiva\/#website"},"primaryImageOfPage":{"@id":"https:\/\/sandzakpress.net\/arhiva\/privode-se-kraju-grubi-radovi-na-izgradnji-islamskog-centra-u-bacu\/#primaryimage"},"image":{"@id":"https:\/\/sandzakpress.net\/arhiva\/privode-se-kraju-grubi-radovi-na-izgradnji-islamskog-centra-u-bacu\/#primaryimage"},"thumbnailUrl":"https:\/\/sandzakpress.net\/arhiva\/wp-content\/uploads\/2016\/12\/15349813_1577291198952912_7704160363380255573_n.jpg","datePublished":"2016-12-16T18:20:22+00:00","dateModified":"2016-12-17T12:33:36+00:00","breadcrumb":{"@id":"https:\/\/sandzakpress.net\/arhiva\/privode-se-kraju-grubi-radovi-na-izgradnji-islamskog-centra-u-bacu\/#breadcrumb"},"inLanguage":"bs-BA","potentialAction":[{"@type":"ReadAction","target":["https:\/\/sandzakpress.net\/arhiva\/privode-se-kraju-grubi-radovi-na-izgradnji-islamskog-centra-u-bacu\/"]}]},{"@type":"ImageObject","inLanguage":"bs-BA","@id":"https:\/\/sandzakpress.net\/arhiva\/privode-se-kraju-grubi-radovi-na-izgradnji-islamskog-centra-u-bacu\/#primaryimage","url":"https:\/\/sandzakpress.net\/arhiva\/wp-content\/uploads\/2016\/12\/15349813_1577291198952912_7704160363380255573_n.jpg","contentUrl":"https:\/\/sandzakpress.net\/arhiva\/wp-content\/uploads\/2016\/12\/15349813_1577291198952912_7704160363380255573_n.jpg","width":960,"height":540},{"@type":"BreadcrumbList","@id":"https:\/\/sandzakpress.net\/arhiva\/privode-se-kraju-grubi-radovi-na-izgradnji-islamskog-centra-u-bacu\/#breadcrumb","itemListElement":[{"@type":"ListItem","position":1,"name":"Home","item":"https:\/\/sandzakpress.net\/arhiva\/"},{"@type":"ListItem","position":2,"name":"Privode se kraju grubi radovi na izgradnji Islamskog centra u Ba\u0107u"}]},{"@type":"WebSite","@id":"https:\/\/sandzakpress.net\/arhiva\/#website","url":"https:\/\/sandzakpress.net\/arhiva\/","name":"Sand\u017eak PRESS","description":"Prve elektronske novine u Sand\u017eaku","publisher":{"@id":"https:\/\/sandzakpress.net\/arhiva\/#\/schema\/person\/6e72b67d6e51910a1117b3b483ba20bd"},"potentialAction":[{"@type":"SearchAction","target":{"@type":"EntryPoint","urlTemplate":"https:\/\/sandzakpress.net\/arhiva\/?s={search_term_string}"},"query-input":{"@type":"PropertyValueSpecification","valueRequired":true,"valueName":"search_term_string"}}],"inLanguage":"bs-BA"},{"@type":["Person","Organization"],"@id":"https:\/\/sandzakpress.net\/arhiva\/#\/schema\/person\/6e72b67d6e51910a1117b3b483ba20bd","name":"Kul","image":{"@type":"ImageObject","inLanguage":"bs-BA","@id":"https:\/\/sandzakpress.net\/arhiva\/#\/schema\/person\/image\/","url":"https:\/\/secure.gravatar.com\/avatar\/42263f39aa27ac04c43cab85c280eb2e?s=96&d=mm&r=pg","contentUrl":"https:\/\/secure.gravatar.com\/avatar\/42263f39aa27ac04c43cab85c280eb2e?s=96&d=mm&r=pg","caption":"Kul"},"logo":{"@id":"https:\/\/sandzakpress.net\/arhiva\/#\/schema\/person\/image\/"}},{"@type":"Person","@id":"https:\/\/sandzakpress.net\/arhiva\/#\/schema\/person\/c8baee722073534b583ea7bdb2e36c02","name":"bosniak","image":{"@type":"ImageObject","inLanguage":"bs-BA","@id":"https:\/\/sandzakpress.net\/arhiva\/#\/schema\/person\/image\/","url":"https:\/\/secure.gravatar.com\/avatar\/a04fd330bfe3a36a72a0ad4a6d89fca7?s=96&d=mm&r=pg","contentUrl":"https:\/\/secure.gravatar.com\/avatar\/a04fd330bfe3a36a72a0ad4a6d89fca7?s=96&d=mm&r=pg","caption":"bosniak"},"url":"https:\/\/sandzakpress.net\/arhiva\/author\/bosniak\/"}]}},"_links":{"self":[{"href":"https:\/\/sandzakpress.net\/arhiva\/wp-json\/wp\/v2\/posts\/174937"}],"collection":[{"href":"https:\/\/sandzakpress.net\/arhiva\/wp-json\/wp\/v2\/posts"}],"about":[{"href":"https:\/\/sandzakpress.net\/arhiva\/wp-json\/wp\/v2\/types\/post"}],"author":[{"embeddable":true,"href":"https:\/\/sandzakpress.net\/arhiva\/wp-json\/wp\/v2\/users\/83"}],"replies":[{"embeddable":true,"href":"https:\/\/sandzakpress.net\/arhiva\/wp-json\/wp\/v2\/comments?post=174937"}],"version-history":[{"count":0,"href":"https:\/\/sandzakpress.net\/arhiva\/wp-json\/wp\/v2\/posts\/174937\/revisions"}],"wp:featuredmedia":[{"embeddable":true,"href":"https:\/\/sandzakpress.net\/arhiva\/wp-json\/wp\/v2\/media\/174949"}],"wp:attachment":[{"href":"https:\/\/sandzakpress.net\/arhiva\/wp-json\/wp\/v2\/media?parent=174937"}],"wp:term":[{"taxonomy":"category","embeddable":true,"href":"https:\/\/sandzakpress.net\/arhiva\/wp-json\/wp\/v2\/categories?post=174937"},{"taxonomy":"post_tag","embeddable":true,"href":"https:\/\/sandzakpress.net\/arhiva\/wp-json\/wp\/v2\/tags?post=174937"}],"curies":[{"name":"wp","href":"https:\/\/api.w.org\/{rel}","templated":true}]}}