{"id":17485,"date":"2011-06-28T14:28:52","date_gmt":"2011-06-28T12:28:52","guid":{"rendered":"https:\/\/sandzakpress.net\/arhiva\/?p=17485"},"modified":"2011-06-28T14:28:52","modified_gmt":"2011-06-28T12:28:52","slug":"ukoliko-ne-produ-mjere-stednje-grckoj-prijeti-katastrofa","status":"publish","type":"post","link":"https:\/\/sandzakpress.net\/arhiva\/ukoliko-ne-produ-mjere-stednje-grckoj-prijeti-katastrofa\/","title":{"rendered":"Ukoliko &#8220;ne pro\u0111u&#8221; mjere \u0161tednje Gr\u010dkoj prijeti katastrofa"},"content":{"rendered":"<p><strong><a href=\"https:\/\/sandzakpress.net\/arhiva\/wp-content\/uploads\/2011\/06\/d73504dd473c9751242ec8a29086930e.jpg\"><img loading=\"lazy\" decoding=\"async\" class=\"alignleft size-full wp-image-17487\" src=\"https:\/\/sandzakpress.net\/arhiva\/wp-content\/uploads\/2011\/06\/d73504dd473c9751242ec8a29086930e.jpg\" alt=\"\" width=\"180\" height=\"220\" \/><\/a>Gr\u010dka &#8211; Suo\u010den s mogu\u0107no\u0161\u0107u da zbog neslaganja nekih zastupnika vladaju\u0107ega  PASOK-a parlament odbije 28 milijarda eura te\u017eak paket mjera \u0161tednje i  pove\u0107anja poreza, gr\u010dki ministar odbrane Panos Beglitis upozorio je da  zemlji prijeti &#8220;katastrofa&#8221;.<\/strong><\/p>\n<p>Gr\u010dka konzervativna opozicija odbila je poziv evropskih \u010delnika na  nacionalno jedinstvo i tako prisilila premijera Georgea Papandreua da se  osloni na svoju tanku parlamentarnu ve\u0107inu za prihvatanje predvi\u0111enih  mjera. Ne pro\u0111e li taj paket mjera, Evropska unija i Me\u0111unarodni  monetarni fond ne\u0107e Gr\u010dkoj dati petu tran\u0161u iz programa pomo\u0107i vrijednog  ukupno 110 milijarda eura.<\/p>\n<p>Atina treba 12 milijardi eura da bi idu\u0107i mjesec platila ra\u010dune, a  nepla\u0107anje bi potreslo ve\u0107 ionako uzdrmani svjetski finansijski sistem.<\/p>\n<p>&#8220;Vjerujem da \u0107e (mjere \u0161tednje) pro\u0107i. Ima nepovjerenja, ima  zabrinutosti, ali iznad svega postoji stav o zajedni\u010dkoj odgovornosti  me\u0111u PASOKO-ovim zastupnicima&#8221;, rekao je ministar obrane za gr\u010dki Skai  TV.<\/p>\n<p>&#8220;Glasanje protiv odvelo bi ve\u0107 sutra zemlju u velike pote\u0161ko\u0107e,  bankrot i nemogu\u0107nost podmirivanja duga&#8221;, rekao je i upozorio da bi i  novi izbori koji bi nu\u017eno slijedili poraz u parlamentu bili &#8220;katastrofa&#8221;  za Gr\u010dku.<\/p>\n<p>Izvor: <strong>IslamBosna.ba<\/strong><\/p>\n","protected":false},"excerpt":{"rendered":"<p>Gr\u010dka &#8211; Suo\u010den s mogu\u0107no\u0161\u0107u da zbog neslaganja nekih zastupnika vladaju\u0107ega PASOK-a parlament odbije 28 milijarda eura te\u017eak paket mjera \u0161tednje i pove\u0107anja poreza, gr\u010dki ministar odbrane Panos Beglitis upozorio je da zemlji prijeti &#8220;katastrofa&#8221;. Gr\u010dka konzervativna opozicija odbila je poziv evropskih \u010delnika na nacionalno jedinstvo i tako prisilila premijera Georgea Papandreua da se osloni [&hellip;]<\/p>\n","protected":false},"author":13,"featured_media":17487,"comment_status":"open","ping_status":"open","sticky":false,"template":"","format":"standard","meta":{"footnotes":""},"categories":[9],"tags":[],"class_list":{"0":"post-17485","1":"post","2":"type-post","3":"status-publish","4":"format-standard","5":"has-post-thumbnail","7":"category-svijet"},"yoast_head":"<!-- This site is optimized with the Yoast SEO Premium plugin v23.1 (Yoast SEO v24.9) - https:\/\/yoast.com\/wordpress\/plugins\/seo\/ -->\n<title>Ukoliko &quot;ne pro\u0111u&quot; mjere \u0161tednje Gr\u010dkoj prijeti katastrofa<\/title>\n<meta name=\"robots\" content=\"index, follow, max-snippet:-1, max-image-preview:large, max-video-preview:-1\" \/>\n<link rel=\"canonical\" href=\"https:\/\/sandzakpress.net\/arhiva\/ukoliko-ne-produ-mjere-stednje-grckoj-prijeti-katastrofa\/\" \/>\n<meta property=\"og:locale\" content=\"bs_BA\" \/>\n<meta property=\"og:type\" content=\"article\" \/>\n<meta property=\"og:title\" content=\"Ukoliko &quot;ne pro\u0111u&quot; mjere \u0161tednje Gr\u010dkoj prijeti katastrofa\" \/>\n<meta property=\"og:description\" content=\"Gr\u010dka &#8211; Suo\u010den s mogu\u0107no\u0161\u0107u da zbog neslaganja nekih zastupnika vladaju\u0107ega PASOK-a parlament odbije 28 milijarda eura te\u017eak paket mjera \u0161tednje i pove\u0107anja poreza, gr\u010dki ministar odbrane Panos Beglitis upozorio je da zemlji prijeti &#8220;katastrofa&#8221;. Gr\u010dka konzervativna opozicija odbila je poziv evropskih \u010delnika na nacionalno jedinstvo i tako prisilila premijera Georgea Papandreua da se osloni [&hellip;]\" \/>\n<meta property=\"og:url\" content=\"https:\/\/sandzakpress.net\/arhiva\/ukoliko-ne-produ-mjere-stednje-grckoj-prijeti-katastrofa\/\" \/>\n<meta property=\"og:site_name\" content=\"Sand\u017eak PRESS\" \/>\n<meta property=\"article:published_time\" content=\"2011-06-28T12:28:52+00:00\" \/>\n<meta property=\"og:image\" content=\"https:\/\/sandzakpress.net\/arhiva\/wp-content\/uploads\/2011\/06\/d73504dd473c9751242ec8a29086930e.jpg\" \/>\n\t<meta property=\"og:image:width\" content=\"180\" \/>\n\t<meta property=\"og:image:height\" content=\"220\" \/>\n\t<meta property=\"og:image:type\" content=\"image\/jpeg\" \/>\n<meta name=\"twitter:card\" content=\"summary_large_image\" \/>\n<meta name=\"twitter:label1\" content=\"Written by\" \/>\n\t<meta name=\"twitter:data1\" content=\"\" \/>\n\t<meta name=\"twitter:label2\" content=\"Est. reading time\" \/>\n\t<meta name=\"twitter:data2\" content=\"1 minuta\" \/>\n<script type=\"application\/ld+json\" class=\"yoast-schema-graph\">{\"@context\":\"https:\/\/schema.org\",\"@graph\":[{\"@type\":\"Article\",\"@id\":\"https:\/\/sandzakpress.net\/arhiva\/ukoliko-ne-produ-mjere-stednje-grckoj-prijeti-katastrofa\/#article\",\"isPartOf\":{\"@id\":\"https:\/\/sandzakpress.net\/arhiva\/ukoliko-ne-produ-mjere-stednje-grckoj-prijeti-katastrofa\/\"},\"author\":{\"name\":\"\",\"@id\":\"\"},\"headline\":\"Ukoliko &#8220;ne pro\u0111u&#8221; mjere \u0161tednje Gr\u010dkoj prijeti katastrofa\",\"datePublished\":\"2011-06-28T12:28:52+00:00\",\"mainEntityOfPage\":{\"@id\":\"https:\/\/sandzakpress.net\/arhiva\/ukoliko-ne-produ-mjere-stednje-grckoj-prijeti-katastrofa\/\"},\"wordCount\":213,\"commentCount\":3,\"publisher\":{\"@id\":\"https:\/\/sandzakpress.net\/arhiva\/#\/schema\/person\/6e72b67d6e51910a1117b3b483ba20bd\"},\"image\":{\"@id\":\"https:\/\/sandzakpress.net\/arhiva\/ukoliko-ne-produ-mjere-stednje-grckoj-prijeti-katastrofa\/#primaryimage\"},\"thumbnailUrl\":\"https:\/\/sandzakpress.net\/arhiva\/wp-content\/uploads\/2011\/06\/d73504dd473c9751242ec8a29086930e.jpg\",\"articleSection\":[\"Svijet\"],\"inLanguage\":\"bs-BA\",\"potentialAction\":[{\"@type\":\"CommentAction\",\"name\":\"Comment\",\"target\":[\"https:\/\/sandzakpress.net\/arhiva\/ukoliko-ne-produ-mjere-stednje-grckoj-prijeti-katastrofa\/#respond\"]}]},{\"@type\":\"WebPage\",\"@id\":\"https:\/\/sandzakpress.net\/arhiva\/ukoliko-ne-produ-mjere-stednje-grckoj-prijeti-katastrofa\/\",\"url\":\"https:\/\/sandzakpress.net\/arhiva\/ukoliko-ne-produ-mjere-stednje-grckoj-prijeti-katastrofa\/\",\"name\":\"Ukoliko \\\"ne pro\u0111u\\\" mjere \u0161tednje Gr\u010dkoj prijeti katastrofa\",\"isPartOf\":{\"@id\":\"https:\/\/sandzakpress.net\/arhiva\/#website\"},\"primaryImageOfPage\":{\"@id\":\"https:\/\/sandzakpress.net\/arhiva\/ukoliko-ne-produ-mjere-stednje-grckoj-prijeti-katastrofa\/#primaryimage\"},\"image\":{\"@id\":\"https:\/\/sandzakpress.net\/arhiva\/ukoliko-ne-produ-mjere-stednje-grckoj-prijeti-katastrofa\/#primaryimage\"},\"thumbnailUrl\":\"https:\/\/sandzakpress.net\/arhiva\/wp-content\/uploads\/2011\/06\/d73504dd473c9751242ec8a29086930e.jpg\",\"datePublished\":\"2011-06-28T12:28:52+00:00\",\"breadcrumb\":{\"@id\":\"https:\/\/sandzakpress.net\/arhiva\/ukoliko-ne-produ-mjere-stednje-grckoj-prijeti-katastrofa\/#breadcrumb\"},\"inLanguage\":\"bs-BA\",\"potentialAction\":[{\"@type\":\"ReadAction\",\"target\":[\"https:\/\/sandzakpress.net\/arhiva\/ukoliko-ne-produ-mjere-stednje-grckoj-prijeti-katastrofa\/\"]}]},{\"@type\":\"ImageObject\",\"inLanguage\":\"bs-BA\",\"@id\":\"https:\/\/sandzakpress.net\/arhiva\/ukoliko-ne-produ-mjere-stednje-grckoj-prijeti-katastrofa\/#primaryimage\",\"url\":\"https:\/\/sandzakpress.net\/arhiva\/wp-content\/uploads\/2011\/06\/d73504dd473c9751242ec8a29086930e.jpg\",\"contentUrl\":\"https:\/\/sandzakpress.net\/arhiva\/wp-content\/uploads\/2011\/06\/d73504dd473c9751242ec8a29086930e.jpg\",\"width\":180,\"height\":220},{\"@type\":\"BreadcrumbList\",\"@id\":\"https:\/\/sandzakpress.net\/arhiva\/ukoliko-ne-produ-mjere-stednje-grckoj-prijeti-katastrofa\/#breadcrumb\",\"itemListElement\":[{\"@type\":\"ListItem\",\"position\":1,\"name\":\"Home\",\"item\":\"https:\/\/sandzakpress.net\/arhiva\/\"},{\"@type\":\"ListItem\",\"position\":2,\"name\":\"Ukoliko &#8220;ne pro\u0111u&#8221; mjere \u0161tednje Gr\u010dkoj prijeti katastrofa\"}]},{\"@type\":\"WebSite\",\"@id\":\"https:\/\/sandzakpress.net\/arhiva\/#website\",\"url\":\"https:\/\/sandzakpress.net\/arhiva\/\",\"name\":\"Sand\u017eak PRESS\",\"description\":\"Prve elektronske novine u Sand\u017eaku\",\"publisher\":{\"@id\":\"https:\/\/sandzakpress.net\/arhiva\/#\/schema\/person\/6e72b67d6e51910a1117b3b483ba20bd\"},\"potentialAction\":[{\"@type\":\"SearchAction\",\"target\":{\"@type\":\"EntryPoint\",\"urlTemplate\":\"https:\/\/sandzakpress.net\/arhiva\/?s={search_term_string}\"},\"query-input\":{\"@type\":\"PropertyValueSpecification\",\"valueRequired\":true,\"valueName\":\"search_term_string\"}}],\"inLanguage\":\"bs-BA\"},{\"@type\":[\"Person\",\"Organization\"],\"@id\":\"https:\/\/sandzakpress.net\/arhiva\/#\/schema\/person\/6e72b67d6e51910a1117b3b483ba20bd\",\"name\":\"Kul\",\"image\":{\"@type\":\"ImageObject\",\"inLanguage\":\"bs-BA\",\"@id\":\"https:\/\/sandzakpress.net\/arhiva\/#\/schema\/person\/image\/\",\"url\":\"https:\/\/secure.gravatar.com\/avatar\/42263f39aa27ac04c43cab85c280eb2e?s=96&d=mm&r=pg\",\"contentUrl\":\"https:\/\/secure.gravatar.com\/avatar\/42263f39aa27ac04c43cab85c280eb2e?s=96&d=mm&r=pg\",\"caption\":\"Kul\"},\"logo\":{\"@id\":\"https:\/\/sandzakpress.net\/arhiva\/#\/schema\/person\/image\/\"}},{\"@type\":\"Person\",\"@id\":\"\",\"url\":\"https:\/\/sandzakpress.net\/arhiva\/author\/\"}]}<\/script>\n<!-- \/ Yoast SEO Premium plugin. -->","yoast_head_json":{"title":"Ukoliko \"ne pro\u0111u\" mjere \u0161tednje Gr\u010dkoj prijeti katastrofa","robots":{"index":"index","follow":"follow","max-snippet":"max-snippet:-1","max-image-preview":"max-image-preview:large","max-video-preview":"max-video-preview:-1"},"canonical":"https:\/\/sandzakpress.net\/arhiva\/ukoliko-ne-produ-mjere-stednje-grckoj-prijeti-katastrofa\/","og_locale":"bs_BA","og_type":"article","og_title":"Ukoliko \"ne pro\u0111u\" mjere \u0161tednje Gr\u010dkoj prijeti katastrofa","og_description":"Gr\u010dka &#8211; Suo\u010den s mogu\u0107no\u0161\u0107u da zbog neslaganja nekih zastupnika vladaju\u0107ega PASOK-a parlament odbije 28 milijarda eura te\u017eak paket mjera \u0161tednje i pove\u0107anja poreza, gr\u010dki ministar odbrane Panos Beglitis upozorio je da zemlji prijeti &#8220;katastrofa&#8221;. Gr\u010dka konzervativna opozicija odbila je poziv evropskih \u010delnika na nacionalno jedinstvo i tako prisilila premijera Georgea Papandreua da se osloni [&hellip;]","og_url":"https:\/\/sandzakpress.net\/arhiva\/ukoliko-ne-produ-mjere-stednje-grckoj-prijeti-katastrofa\/","og_site_name":"Sand\u017eak PRESS","article_published_time":"2011-06-28T12:28:52+00:00","og_image":[{"width":180,"height":220,"url":"https:\/\/sandzakpress.net\/arhiva\/wp-content\/uploads\/2011\/06\/d73504dd473c9751242ec8a29086930e.jpg","type":"image\/jpeg"}],"twitter_card":"summary_large_image","twitter_misc":{"Written by":"","Est. reading time":"1 minuta"},"schema":{"@context":"https:\/\/schema.org","@graph":[{"@type":"Article","@id":"https:\/\/sandzakpress.net\/arhiva\/ukoliko-ne-produ-mjere-stednje-grckoj-prijeti-katastrofa\/#article","isPartOf":{"@id":"https:\/\/sandzakpress.net\/arhiva\/ukoliko-ne-produ-mjere-stednje-grckoj-prijeti-katastrofa\/"},"author":{"name":"","@id":""},"headline":"Ukoliko &#8220;ne pro\u0111u&#8221; mjere \u0161tednje Gr\u010dkoj prijeti katastrofa","datePublished":"2011-06-28T12:28:52+00:00","mainEntityOfPage":{"@id":"https:\/\/sandzakpress.net\/arhiva\/ukoliko-ne-produ-mjere-stednje-grckoj-prijeti-katastrofa\/"},"wordCount":213,"commentCount":3,"publisher":{"@id":"https:\/\/sandzakpress.net\/arhiva\/#\/schema\/person\/6e72b67d6e51910a1117b3b483ba20bd"},"image":{"@id":"https:\/\/sandzakpress.net\/arhiva\/ukoliko-ne-produ-mjere-stednje-grckoj-prijeti-katastrofa\/#primaryimage"},"thumbnailUrl":"https:\/\/sandzakpress.net\/arhiva\/wp-content\/uploads\/2011\/06\/d73504dd473c9751242ec8a29086930e.jpg","articleSection":["Svijet"],"inLanguage":"bs-BA","potentialAction":[{"@type":"CommentAction","name":"Comment","target":["https:\/\/sandzakpress.net\/arhiva\/ukoliko-ne-produ-mjere-stednje-grckoj-prijeti-katastrofa\/#respond"]}]},{"@type":"WebPage","@id":"https:\/\/sandzakpress.net\/arhiva\/ukoliko-ne-produ-mjere-stednje-grckoj-prijeti-katastrofa\/","url":"https:\/\/sandzakpress.net\/arhiva\/ukoliko-ne-produ-mjere-stednje-grckoj-prijeti-katastrofa\/","name":"Ukoliko \"ne pro\u0111u\" mjere \u0161tednje Gr\u010dkoj prijeti katastrofa","isPartOf":{"@id":"https:\/\/sandzakpress.net\/arhiva\/#website"},"primaryImageOfPage":{"@id":"https:\/\/sandzakpress.net\/arhiva\/ukoliko-ne-produ-mjere-stednje-grckoj-prijeti-katastrofa\/#primaryimage"},"image":{"@id":"https:\/\/sandzakpress.net\/arhiva\/ukoliko-ne-produ-mjere-stednje-grckoj-prijeti-katastrofa\/#primaryimage"},"thumbnailUrl":"https:\/\/sandzakpress.net\/arhiva\/wp-content\/uploads\/2011\/06\/d73504dd473c9751242ec8a29086930e.jpg","datePublished":"2011-06-28T12:28:52+00:00","breadcrumb":{"@id":"https:\/\/sandzakpress.net\/arhiva\/ukoliko-ne-produ-mjere-stednje-grckoj-prijeti-katastrofa\/#breadcrumb"},"inLanguage":"bs-BA","potentialAction":[{"@type":"ReadAction","target":["https:\/\/sandzakpress.net\/arhiva\/ukoliko-ne-produ-mjere-stednje-grckoj-prijeti-katastrofa\/"]}]},{"@type":"ImageObject","inLanguage":"bs-BA","@id":"https:\/\/sandzakpress.net\/arhiva\/ukoliko-ne-produ-mjere-stednje-grckoj-prijeti-katastrofa\/#primaryimage","url":"https:\/\/sandzakpress.net\/arhiva\/wp-content\/uploads\/2011\/06\/d73504dd473c9751242ec8a29086930e.jpg","contentUrl":"https:\/\/sandzakpress.net\/arhiva\/wp-content\/uploads\/2011\/06\/d73504dd473c9751242ec8a29086930e.jpg","width":180,"height":220},{"@type":"BreadcrumbList","@id":"https:\/\/sandzakpress.net\/arhiva\/ukoliko-ne-produ-mjere-stednje-grckoj-prijeti-katastrofa\/#breadcrumb","itemListElement":[{"@type":"ListItem","position":1,"name":"Home","item":"https:\/\/sandzakpress.net\/arhiva\/"},{"@type":"ListItem","position":2,"name":"Ukoliko &#8220;ne pro\u0111u&#8221; mjere \u0161tednje Gr\u010dkoj prijeti katastrofa"}]},{"@type":"WebSite","@id":"https:\/\/sandzakpress.net\/arhiva\/#website","url":"https:\/\/sandzakpress.net\/arhiva\/","name":"Sand\u017eak PRESS","description":"Prve elektronske novine u Sand\u017eaku","publisher":{"@id":"https:\/\/sandzakpress.net\/arhiva\/#\/schema\/person\/6e72b67d6e51910a1117b3b483ba20bd"},"potentialAction":[{"@type":"SearchAction","target":{"@type":"EntryPoint","urlTemplate":"https:\/\/sandzakpress.net\/arhiva\/?s={search_term_string}"},"query-input":{"@type":"PropertyValueSpecification","valueRequired":true,"valueName":"search_term_string"}}],"inLanguage":"bs-BA"},{"@type":["Person","Organization"],"@id":"https:\/\/sandzakpress.net\/arhiva\/#\/schema\/person\/6e72b67d6e51910a1117b3b483ba20bd","name":"Kul","image":{"@type":"ImageObject","inLanguage":"bs-BA","@id":"https:\/\/sandzakpress.net\/arhiva\/#\/schema\/person\/image\/","url":"https:\/\/secure.gravatar.com\/avatar\/42263f39aa27ac04c43cab85c280eb2e?s=96&d=mm&r=pg","contentUrl":"https:\/\/secure.gravatar.com\/avatar\/42263f39aa27ac04c43cab85c280eb2e?s=96&d=mm&r=pg","caption":"Kul"},"logo":{"@id":"https:\/\/sandzakpress.net\/arhiva\/#\/schema\/person\/image\/"}},{"@type":"Person","@id":"","url":"https:\/\/sandzakpress.net\/arhiva\/author\/"}]}},"_links":{"self":[{"href":"https:\/\/sandzakpress.net\/arhiva\/wp-json\/wp\/v2\/posts\/17485"}],"collection":[{"href":"https:\/\/sandzakpress.net\/arhiva\/wp-json\/wp\/v2\/posts"}],"about":[{"href":"https:\/\/sandzakpress.net\/arhiva\/wp-json\/wp\/v2\/types\/post"}],"author":[{"embeddable":true,"href":"https:\/\/sandzakpress.net\/arhiva\/wp-json\/wp\/v2\/users\/13"}],"replies":[{"embeddable":true,"href":"https:\/\/sandzakpress.net\/arhiva\/wp-json\/wp\/v2\/comments?post=17485"}],"version-history":[{"count":0,"href":"https:\/\/sandzakpress.net\/arhiva\/wp-json\/wp\/v2\/posts\/17485\/revisions"}],"wp:featuredmedia":[{"embeddable":true,"href":"https:\/\/sandzakpress.net\/arhiva\/wp-json\/wp\/v2\/media\/17487"}],"wp:attachment":[{"href":"https:\/\/sandzakpress.net\/arhiva\/wp-json\/wp\/v2\/media?parent=17485"}],"wp:term":[{"taxonomy":"category","embeddable":true,"href":"https:\/\/sandzakpress.net\/arhiva\/wp-json\/wp\/v2\/categories?post=17485"},{"taxonomy":"post_tag","embeddable":true,"href":"https:\/\/sandzakpress.net\/arhiva\/wp-json\/wp\/v2\/tags?post=17485"}],"curies":[{"name":"wp","href":"https:\/\/api.w.org\/{rel}","templated":true}]}}