{"id":174736,"date":"2016-12-14T15:44:22","date_gmt":"2016-12-14T14:44:22","guid":{"rendered":"https:\/\/sandzakpress.net\/arhiva\/?p=174736"},"modified":"2016-12-14T15:44:22","modified_gmt":"2016-12-14T14:44:22","slug":"nova-koalicija-rasim-prigrlio-slavicu","status":"publish","type":"post","link":"https:\/\/sandzakpress.net\/arhiva\/nova-koalicija-rasim-prigrlio-slavicu\/","title":{"rendered":"NOVA KOALICIJA? Rasim prigrlio Slavicu!"},"content":{"rendered":"<p><img decoding=\"async\" src=\"http:\/\/www.sandzacke.rs\/wp-content\/uploads\/2016\/12\/rasim-slavica-660x330.jpg\" alt=\"Foto: Dejan Briza\" \/><\/p>\n<p><strong>Zamjenica predsjednika socijalista Slavica \u0110uki\u0107 Dejanovi\u0107 pojavila se na obilje\u017eavanju sedam godina SDPS-a i sa liderom te stranke Rasimom Ljaji\u0107em srda\u010dno se pozdravila i izgrlila.<\/strong><\/p>\n<p>Da su kolege iz Vlade u vi\u0161e nego dobrim odnosima pokazuju i ove fotografije, ali i informacije da bi ove dvije stranke mogle zajedno iza\u0107i na parlamentarne izbore.<\/p>\n<p>Lider SDPS-a Rasim Ljaji\u0107 ne krije dobre odnose sa koleginocom iz Vlade, ali i isi\u010de da srda\u010dan pozdrav nije isto \u0161to i najava koalicije.<\/p>\n<p>\u201cSlavicu cenim i po\u0161tujem, pa makar bila u bilo kojoj stranci. I da sam je sreo na ulici, na isti na\u010din bih se pozdravio, a kamoli ako je do\u0161la kao gost na na\u0161 koktel. Kao \u0161to mi je bilo drago \u0161to su do\u0161li i Vuk Dra\u0161kovi\u0107, Milenko Jovanov, Zoran \u0110or\u0111evi\u0107, Novak Nedi\u0107, zatim kolege iz Pokreta socijalista\u201d, kazao je Ljaji\u0107 za \u201cAlo!\u201d.<\/p>\n<p><em>Izvor: Alo!<\/em><\/p>\n","protected":false},"excerpt":{"rendered":"<p>Zamjenica predsjednika socijalista Slavica \u0110uki\u0107 Dejanovi\u0107 pojavila se na obilje\u017eavanju sedam godina SDPS-a i sa liderom te stranke Rasimom Ljaji\u0107em srda\u010dno se pozdravila i izgrlila. Da su kolege iz Vlade u vi\u0161e nego dobrim odnosima pokazuju i ove fotografije, ali i informacije da bi ove dvije stranke mogle zajedno iza\u0107i na parlamentarne izbore. Lider SDPS-a [&hellip;]<\/p>\n","protected":false},"author":83,"featured_media":174739,"comment_status":"open","ping_status":"open","sticky":false,"template":"","format":"standard","meta":{"footnotes":""},"categories":[72,1,8957],"tags":[],"class_list":{"0":"post-174736","1":"post","2":"type-post","3":"status-publish","4":"format-standard","5":"has-post-thumbnail","7":"category-novi-pazar","8":"category-politika","9":"category-vijesti-dana"},"yoast_head":"<!-- This site is optimized with the Yoast SEO Premium plugin v23.1 (Yoast SEO v24.9) - https:\/\/yoast.com\/wordpress\/plugins\/seo\/ -->\n<title>NOVA KOALICIJA? Rasim prigrlio Slavicu!<\/title>\n<meta name=\"robots\" content=\"index, follow, max-snippet:-1, max-image-preview:large, max-video-preview:-1\" \/>\n<link rel=\"canonical\" href=\"https:\/\/sandzakpress.net\/arhiva\/nova-koalicija-rasim-prigrlio-slavicu\/\" \/>\n<meta property=\"og:locale\" content=\"bs_BA\" \/>\n<meta property=\"og:type\" content=\"article\" \/>\n<meta property=\"og:title\" content=\"NOVA KOALICIJA? Rasim prigrlio Slavicu!\" \/>\n<meta property=\"og:description\" content=\"Zamjenica predsjednika socijalista Slavica \u0110uki\u0107 Dejanovi\u0107 pojavila se na obilje\u017eavanju sedam godina SDPS-a i sa liderom te stranke Rasimom Ljaji\u0107em srda\u010dno se pozdravila i izgrlila. Da su kolege iz Vlade u vi\u0161e nego dobrim odnosima pokazuju i ove fotografije, ali i informacije da bi ove dvije stranke mogle zajedno iza\u0107i na parlamentarne izbore. Lider SDPS-a [&hellip;]\" \/>\n<meta property=\"og:url\" content=\"https:\/\/sandzakpress.net\/arhiva\/nova-koalicija-rasim-prigrlio-slavicu\/\" \/>\n<meta property=\"og:site_name\" content=\"Sand\u017eak PRESS\" \/>\n<meta property=\"article:published_time\" content=\"2016-12-14T14:44:22+00:00\" \/>\n<meta property=\"og:image\" content=\"https:\/\/sandzakpress.net\/arhiva\/wp-content\/uploads\/2016\/12\/rasim-slavica-660x330.jpg\" \/>\n\t<meta property=\"og:image:width\" content=\"660\" \/>\n\t<meta property=\"og:image:height\" content=\"330\" \/>\n\t<meta property=\"og:image:type\" content=\"image\/jpeg\" \/>\n<meta name=\"author\" content=\"bosniak\" \/>\n<meta name=\"twitter:card\" content=\"summary_large_image\" \/>\n<meta name=\"twitter:label1\" content=\"Written by\" \/>\n\t<meta name=\"twitter:data1\" content=\"bosniak\" \/>\n\t<meta name=\"twitter:label2\" content=\"Est. reading time\" \/>\n\t<meta name=\"twitter:data2\" content=\"1 minuta\" \/>\n<script type=\"application\/ld+json\" class=\"yoast-schema-graph\">{\"@context\":\"https:\/\/schema.org\",\"@graph\":[{\"@type\":\"Article\",\"@id\":\"https:\/\/sandzakpress.net\/arhiva\/nova-koalicija-rasim-prigrlio-slavicu\/#article\",\"isPartOf\":{\"@id\":\"https:\/\/sandzakpress.net\/arhiva\/nova-koalicija-rasim-prigrlio-slavicu\/\"},\"author\":{\"name\":\"bosniak\",\"@id\":\"https:\/\/sandzakpress.net\/arhiva\/#\/schema\/person\/c8baee722073534b583ea7bdb2e36c02\"},\"headline\":\"NOVA KOALICIJA? Rasim prigrlio Slavicu!\",\"datePublished\":\"2016-12-14T14:44:22+00:00\",\"mainEntityOfPage\":{\"@id\":\"https:\/\/sandzakpress.net\/arhiva\/nova-koalicija-rasim-prigrlio-slavicu\/\"},\"wordCount\":159,\"commentCount\":17,\"publisher\":{\"@id\":\"https:\/\/sandzakpress.net\/arhiva\/#\/schema\/person\/6e72b67d6e51910a1117b3b483ba20bd\"},\"image\":{\"@id\":\"https:\/\/sandzakpress.net\/arhiva\/nova-koalicija-rasim-prigrlio-slavicu\/#primaryimage\"},\"thumbnailUrl\":\"https:\/\/sandzakpress.net\/arhiva\/wp-content\/uploads\/2016\/12\/rasim-slavica-660x330.jpg\",\"articleSection\":[\"Novi Pazar\",\"Politika\",\"VIJESTI DANA\"],\"inLanguage\":\"bs-BA\",\"potentialAction\":[{\"@type\":\"CommentAction\",\"name\":\"Comment\",\"target\":[\"https:\/\/sandzakpress.net\/arhiva\/nova-koalicija-rasim-prigrlio-slavicu\/#respond\"]}]},{\"@type\":\"WebPage\",\"@id\":\"https:\/\/sandzakpress.net\/arhiva\/nova-koalicija-rasim-prigrlio-slavicu\/\",\"url\":\"https:\/\/sandzakpress.net\/arhiva\/nova-koalicija-rasim-prigrlio-slavicu\/\",\"name\":\"NOVA KOALICIJA? Rasim prigrlio Slavicu!\",\"isPartOf\":{\"@id\":\"https:\/\/sandzakpress.net\/arhiva\/#website\"},\"primaryImageOfPage\":{\"@id\":\"https:\/\/sandzakpress.net\/arhiva\/nova-koalicija-rasim-prigrlio-slavicu\/#primaryimage\"},\"image\":{\"@id\":\"https:\/\/sandzakpress.net\/arhiva\/nova-koalicija-rasim-prigrlio-slavicu\/#primaryimage\"},\"thumbnailUrl\":\"https:\/\/sandzakpress.net\/arhiva\/wp-content\/uploads\/2016\/12\/rasim-slavica-660x330.jpg\",\"datePublished\":\"2016-12-14T14:44:22+00:00\",\"breadcrumb\":{\"@id\":\"https:\/\/sandzakpress.net\/arhiva\/nova-koalicija-rasim-prigrlio-slavicu\/#breadcrumb\"},\"inLanguage\":\"bs-BA\",\"potentialAction\":[{\"@type\":\"ReadAction\",\"target\":[\"https:\/\/sandzakpress.net\/arhiva\/nova-koalicija-rasim-prigrlio-slavicu\/\"]}]},{\"@type\":\"ImageObject\",\"inLanguage\":\"bs-BA\",\"@id\":\"https:\/\/sandzakpress.net\/arhiva\/nova-koalicija-rasim-prigrlio-slavicu\/#primaryimage\",\"url\":\"https:\/\/sandzakpress.net\/arhiva\/wp-content\/uploads\/2016\/12\/rasim-slavica-660x330.jpg\",\"contentUrl\":\"https:\/\/sandzakpress.net\/arhiva\/wp-content\/uploads\/2016\/12\/rasim-slavica-660x330.jpg\",\"width\":660,\"height\":330},{\"@type\":\"BreadcrumbList\",\"@id\":\"https:\/\/sandzakpress.net\/arhiva\/nova-koalicija-rasim-prigrlio-slavicu\/#breadcrumb\",\"itemListElement\":[{\"@type\":\"ListItem\",\"position\":1,\"name\":\"Home\",\"item\":\"https:\/\/sandzakpress.net\/arhiva\/\"},{\"@type\":\"ListItem\",\"position\":2,\"name\":\"NOVA KOALICIJA? Rasim prigrlio Slavicu!\"}]},{\"@type\":\"WebSite\",\"@id\":\"https:\/\/sandzakpress.net\/arhiva\/#website\",\"url\":\"https:\/\/sandzakpress.net\/arhiva\/\",\"name\":\"Sand\u017eak PRESS\",\"description\":\"Prve elektronske novine u Sand\u017eaku\",\"publisher\":{\"@id\":\"https:\/\/sandzakpress.net\/arhiva\/#\/schema\/person\/6e72b67d6e51910a1117b3b483ba20bd\"},\"potentialAction\":[{\"@type\":\"SearchAction\",\"target\":{\"@type\":\"EntryPoint\",\"urlTemplate\":\"https:\/\/sandzakpress.net\/arhiva\/?s={search_term_string}\"},\"query-input\":{\"@type\":\"PropertyValueSpecification\",\"valueRequired\":true,\"valueName\":\"search_term_string\"}}],\"inLanguage\":\"bs-BA\"},{\"@type\":[\"Person\",\"Organization\"],\"@id\":\"https:\/\/sandzakpress.net\/arhiva\/#\/schema\/person\/6e72b67d6e51910a1117b3b483ba20bd\",\"name\":\"Kul\",\"image\":{\"@type\":\"ImageObject\",\"inLanguage\":\"bs-BA\",\"@id\":\"https:\/\/sandzakpress.net\/arhiva\/#\/schema\/person\/image\/\",\"url\":\"https:\/\/secure.gravatar.com\/avatar\/42263f39aa27ac04c43cab85c280eb2e?s=96&d=mm&r=pg\",\"contentUrl\":\"https:\/\/secure.gravatar.com\/avatar\/42263f39aa27ac04c43cab85c280eb2e?s=96&d=mm&r=pg\",\"caption\":\"Kul\"},\"logo\":{\"@id\":\"https:\/\/sandzakpress.net\/arhiva\/#\/schema\/person\/image\/\"}},{\"@type\":\"Person\",\"@id\":\"https:\/\/sandzakpress.net\/arhiva\/#\/schema\/person\/c8baee722073534b583ea7bdb2e36c02\",\"name\":\"bosniak\",\"image\":{\"@type\":\"ImageObject\",\"inLanguage\":\"bs-BA\",\"@id\":\"https:\/\/sandzakpress.net\/arhiva\/#\/schema\/person\/image\/\",\"url\":\"https:\/\/secure.gravatar.com\/avatar\/a04fd330bfe3a36a72a0ad4a6d89fca7?s=96&d=mm&r=pg\",\"contentUrl\":\"https:\/\/secure.gravatar.com\/avatar\/a04fd330bfe3a36a72a0ad4a6d89fca7?s=96&d=mm&r=pg\",\"caption\":\"bosniak\"},\"url\":\"https:\/\/sandzakpress.net\/arhiva\/author\/bosniak\/\"}]}<\/script>\n<!-- \/ Yoast SEO Premium plugin. -->","yoast_head_json":{"title":"NOVA KOALICIJA? Rasim prigrlio Slavicu!","robots":{"index":"index","follow":"follow","max-snippet":"max-snippet:-1","max-image-preview":"max-image-preview:large","max-video-preview":"max-video-preview:-1"},"canonical":"https:\/\/sandzakpress.net\/arhiva\/nova-koalicija-rasim-prigrlio-slavicu\/","og_locale":"bs_BA","og_type":"article","og_title":"NOVA KOALICIJA? Rasim prigrlio Slavicu!","og_description":"Zamjenica predsjednika socijalista Slavica \u0110uki\u0107 Dejanovi\u0107 pojavila se na obilje\u017eavanju sedam godina SDPS-a i sa liderom te stranke Rasimom Ljaji\u0107em srda\u010dno se pozdravila i izgrlila. Da su kolege iz Vlade u vi\u0161e nego dobrim odnosima pokazuju i ove fotografije, ali i informacije da bi ove dvije stranke mogle zajedno iza\u0107i na parlamentarne izbore. Lider SDPS-a [&hellip;]","og_url":"https:\/\/sandzakpress.net\/arhiva\/nova-koalicija-rasim-prigrlio-slavicu\/","og_site_name":"Sand\u017eak PRESS","article_published_time":"2016-12-14T14:44:22+00:00","og_image":[{"width":660,"height":330,"url":"https:\/\/sandzakpress.net\/arhiva\/wp-content\/uploads\/2016\/12\/rasim-slavica-660x330.jpg","type":"image\/jpeg"}],"author":"bosniak","twitter_card":"summary_large_image","twitter_misc":{"Written by":"bosniak","Est. reading time":"1 minuta"},"schema":{"@context":"https:\/\/schema.org","@graph":[{"@type":"Article","@id":"https:\/\/sandzakpress.net\/arhiva\/nova-koalicija-rasim-prigrlio-slavicu\/#article","isPartOf":{"@id":"https:\/\/sandzakpress.net\/arhiva\/nova-koalicija-rasim-prigrlio-slavicu\/"},"author":{"name":"bosniak","@id":"https:\/\/sandzakpress.net\/arhiva\/#\/schema\/person\/c8baee722073534b583ea7bdb2e36c02"},"headline":"NOVA KOALICIJA? Rasim prigrlio Slavicu!","datePublished":"2016-12-14T14:44:22+00:00","mainEntityOfPage":{"@id":"https:\/\/sandzakpress.net\/arhiva\/nova-koalicija-rasim-prigrlio-slavicu\/"},"wordCount":159,"commentCount":17,"publisher":{"@id":"https:\/\/sandzakpress.net\/arhiva\/#\/schema\/person\/6e72b67d6e51910a1117b3b483ba20bd"},"image":{"@id":"https:\/\/sandzakpress.net\/arhiva\/nova-koalicija-rasim-prigrlio-slavicu\/#primaryimage"},"thumbnailUrl":"https:\/\/sandzakpress.net\/arhiva\/wp-content\/uploads\/2016\/12\/rasim-slavica-660x330.jpg","articleSection":["Novi Pazar","Politika","VIJESTI DANA"],"inLanguage":"bs-BA","potentialAction":[{"@type":"CommentAction","name":"Comment","target":["https:\/\/sandzakpress.net\/arhiva\/nova-koalicija-rasim-prigrlio-slavicu\/#respond"]}]},{"@type":"WebPage","@id":"https:\/\/sandzakpress.net\/arhiva\/nova-koalicija-rasim-prigrlio-slavicu\/","url":"https:\/\/sandzakpress.net\/arhiva\/nova-koalicija-rasim-prigrlio-slavicu\/","name":"NOVA KOALICIJA? Rasim prigrlio Slavicu!","isPartOf":{"@id":"https:\/\/sandzakpress.net\/arhiva\/#website"},"primaryImageOfPage":{"@id":"https:\/\/sandzakpress.net\/arhiva\/nova-koalicija-rasim-prigrlio-slavicu\/#primaryimage"},"image":{"@id":"https:\/\/sandzakpress.net\/arhiva\/nova-koalicija-rasim-prigrlio-slavicu\/#primaryimage"},"thumbnailUrl":"https:\/\/sandzakpress.net\/arhiva\/wp-content\/uploads\/2016\/12\/rasim-slavica-660x330.jpg","datePublished":"2016-12-14T14:44:22+00:00","breadcrumb":{"@id":"https:\/\/sandzakpress.net\/arhiva\/nova-koalicija-rasim-prigrlio-slavicu\/#breadcrumb"},"inLanguage":"bs-BA","potentialAction":[{"@type":"ReadAction","target":["https:\/\/sandzakpress.net\/arhiva\/nova-koalicija-rasim-prigrlio-slavicu\/"]}]},{"@type":"ImageObject","inLanguage":"bs-BA","@id":"https:\/\/sandzakpress.net\/arhiva\/nova-koalicija-rasim-prigrlio-slavicu\/#primaryimage","url":"https:\/\/sandzakpress.net\/arhiva\/wp-content\/uploads\/2016\/12\/rasim-slavica-660x330.jpg","contentUrl":"https:\/\/sandzakpress.net\/arhiva\/wp-content\/uploads\/2016\/12\/rasim-slavica-660x330.jpg","width":660,"height":330},{"@type":"BreadcrumbList","@id":"https:\/\/sandzakpress.net\/arhiva\/nova-koalicija-rasim-prigrlio-slavicu\/#breadcrumb","itemListElement":[{"@type":"ListItem","position":1,"name":"Home","item":"https:\/\/sandzakpress.net\/arhiva\/"},{"@type":"ListItem","position":2,"name":"NOVA KOALICIJA? Rasim prigrlio Slavicu!"}]},{"@type":"WebSite","@id":"https:\/\/sandzakpress.net\/arhiva\/#website","url":"https:\/\/sandzakpress.net\/arhiva\/","name":"Sand\u017eak PRESS","description":"Prve elektronske novine u Sand\u017eaku","publisher":{"@id":"https:\/\/sandzakpress.net\/arhiva\/#\/schema\/person\/6e72b67d6e51910a1117b3b483ba20bd"},"potentialAction":[{"@type":"SearchAction","target":{"@type":"EntryPoint","urlTemplate":"https:\/\/sandzakpress.net\/arhiva\/?s={search_term_string}"},"query-input":{"@type":"PropertyValueSpecification","valueRequired":true,"valueName":"search_term_string"}}],"inLanguage":"bs-BA"},{"@type":["Person","Organization"],"@id":"https:\/\/sandzakpress.net\/arhiva\/#\/schema\/person\/6e72b67d6e51910a1117b3b483ba20bd","name":"Kul","image":{"@type":"ImageObject","inLanguage":"bs-BA","@id":"https:\/\/sandzakpress.net\/arhiva\/#\/schema\/person\/image\/","url":"https:\/\/secure.gravatar.com\/avatar\/42263f39aa27ac04c43cab85c280eb2e?s=96&d=mm&r=pg","contentUrl":"https:\/\/secure.gravatar.com\/avatar\/42263f39aa27ac04c43cab85c280eb2e?s=96&d=mm&r=pg","caption":"Kul"},"logo":{"@id":"https:\/\/sandzakpress.net\/arhiva\/#\/schema\/person\/image\/"}},{"@type":"Person","@id":"https:\/\/sandzakpress.net\/arhiva\/#\/schema\/person\/c8baee722073534b583ea7bdb2e36c02","name":"bosniak","image":{"@type":"ImageObject","inLanguage":"bs-BA","@id":"https:\/\/sandzakpress.net\/arhiva\/#\/schema\/person\/image\/","url":"https:\/\/secure.gravatar.com\/avatar\/a04fd330bfe3a36a72a0ad4a6d89fca7?s=96&d=mm&r=pg","contentUrl":"https:\/\/secure.gravatar.com\/avatar\/a04fd330bfe3a36a72a0ad4a6d89fca7?s=96&d=mm&r=pg","caption":"bosniak"},"url":"https:\/\/sandzakpress.net\/arhiva\/author\/bosniak\/"}]}},"_links":{"self":[{"href":"https:\/\/sandzakpress.net\/arhiva\/wp-json\/wp\/v2\/posts\/174736"}],"collection":[{"href":"https:\/\/sandzakpress.net\/arhiva\/wp-json\/wp\/v2\/posts"}],"about":[{"href":"https:\/\/sandzakpress.net\/arhiva\/wp-json\/wp\/v2\/types\/post"}],"author":[{"embeddable":true,"href":"https:\/\/sandzakpress.net\/arhiva\/wp-json\/wp\/v2\/users\/83"}],"replies":[{"embeddable":true,"href":"https:\/\/sandzakpress.net\/arhiva\/wp-json\/wp\/v2\/comments?post=174736"}],"version-history":[{"count":0,"href":"https:\/\/sandzakpress.net\/arhiva\/wp-json\/wp\/v2\/posts\/174736\/revisions"}],"wp:featuredmedia":[{"embeddable":true,"href":"https:\/\/sandzakpress.net\/arhiva\/wp-json\/wp\/v2\/media\/174739"}],"wp:attachment":[{"href":"https:\/\/sandzakpress.net\/arhiva\/wp-json\/wp\/v2\/media?parent=174736"}],"wp:term":[{"taxonomy":"category","embeddable":true,"href":"https:\/\/sandzakpress.net\/arhiva\/wp-json\/wp\/v2\/categories?post=174736"},{"taxonomy":"post_tag","embeddable":true,"href":"https:\/\/sandzakpress.net\/arhiva\/wp-json\/wp\/v2\/tags?post=174736"}],"curies":[{"name":"wp","href":"https:\/\/api.w.org\/{rel}","templated":true}]}}