{"id":17473,"date":"2011-06-28T14:21:16","date_gmt":"2011-06-28T12:21:16","guid":{"rendered":"https:\/\/sandzakpress.net\/arhiva\/?p=17473"},"modified":"2011-06-28T14:23:29","modified_gmt":"2011-06-28T12:23:29","slug":"srbija-ce-u-julu-priznati-nezavisnost-kosova","status":"publish","type":"post","link":"https:\/\/sandzakpress.net\/arhiva\/srbija-ce-u-julu-priznati-nezavisnost-kosova\/","title":{"rendered":"Srbija \u0107e u julu priznati nezavisnost Kosova?!"},"content":{"rendered":"<p><strong><a href=\"https:\/\/sandzakpress.net\/arhiva\/wp-content\/uploads\/2011\/06\/Pristina_3_IS_665953539.jpg\"><img loading=\"lazy\" decoding=\"async\" class=\"alignleft size-medium wp-image-17474\" src=\"https:\/\/sandzakpress.net\/arhiva\/wp-content\/uploads\/2011\/06\/Pristina_3_IS_665953539-300x195.jpg\" alt=\"\" width=\"300\" height=\"195\" \/><\/a>Srbija, Kosovo &#8211; Beograd \u0107e priznati paso\u0161e, registarske tablice, voza\u010dke i saobra\u0107ajne dozvole, kao i pe\u010date carine<\/strong><\/p>\n<p>Edita Tahiri, \u0161efica pri\u0161tinskog pregovara\u010dkog tima, tvrdi da  su stavovi Pri\u0161tine i Beograda \u201edosta pribli\u017eeni\u201c, te da je uvjerena da  \u0107e \u201epo\u010detkom jula Srbija prihvatiti sve sporazume posrednika EU Roberta  Kupera\u201c, to jest Beograd \u0107e priznati paso\u0161e, registarske tablice,  voza\u010dke i saobra\u0107ajne dozvole, kao i pe\u010date carine Kosova.<\/p>\n<p>&#8211;  Stavovi Pri\u0161tine i Beograda dosta su pribli\u017eeni. Na\u0161a je strana u  principu dala saglasnost za prijedloge koje je 6. juna dao Robert Kuper  (posrednik EU) &#8211; rekla je Tahirijeva.<\/p>\n<p>Prema njenim re\u010dima,  Srbija \u0107e u julu priznati pe\u010date Carine Kosova onako kako ih je priznala  i kako ih primenjuje EU. Sporazum, tako\u0111e, predvi\u0111a da Srbija prizna  registarske tablice Kosova sa oznakom RKS (Republika Kosovo), dok \u0107e  kosovskim Srbima koji to ne budu \u017eeljeli biti omogu\u0107eno da dobiju stare  registarske tablice sa oznakama KS, koje su ranije izdavane na Kosovu.  Na Kosovu se, me\u0111utim, vi\u0161e ne\u0107e mo\u0107i koristiti biv\u0161e registarske  tablice kosovskih gradova izdatih od strane SRJ ili Srbije.<\/p>\n<p>Prema nacrtu sporazuma, gra\u0111ani Kosova \u0107e samo sa li\u010dnim kartama mo\u0107i  da u\u0111u u Srbiju, a kada gra\u0111anin Kosova u tranzitu za druge zemlje  prolazi kroz Srbiju na grani\u010dnom prelazu izme\u0111u Srbije i druge zemlje,  na ulasku u tu zemlju pokazuje paso\u0161 Republike Kosovo. Pored toga,  sporazum, tako\u0111e, predvi\u0111a priznanje voza\u010dkih i saobra\u0107ajnih dozvola  Kosova.<\/p>\n<p>Da li \u0107emo od jula priznati paso\u0161e i registarske tablice  Republike Kosova, srbijanski &#8220;Alo&#8221; je \u017eelio provjeriti i kod \u0161efa za  pregovore Borka Stefanovi\u0107a. Zatekli smo ga rasr\u0111enog \u201enekonstruktivnim\u201c  pona\u0161anjem partnerke u dijalogu.<\/p>\n<p>&#8211; Te\u0161ko mi je da komentari\u0161em  izjave Edite Tahiri. Smatram da nije konstruktivno i nije dobro pri\u010dati o  detaljima sporazuma, kada dogovor jo\u0161 nije postignut &#8211; odbrusio je  Stefanovi\u0107. On je ponovio da je bitno da se sa Kosovom postigne  sporazum, ali da nikakvo priznanje ne dolazi u obzir. O ovih \u0161est  sporazuma se jo\u0161 uvek dogovara, jo\u0161 ni\u0161ta nije kona\u010dno. Mi bismo voljeli  da se dogovorimo, ali nikakvo priznanje ne dolazi u obzir &#8211; obja\u0161njava  on, napominju\u0107i da je njegov tim, a ne neko sa strane, pravio  modalitete.<\/p>\n<p>Posebnim sporazumom izme\u0111u osiguravaju\u0107ih dru\u0161tava  Kosova i Srbije treba da se uredi i na\u010din kompenzacije \u0161tete. U  sporazumu o telekomunikacijama, prema rije\u010dima Edite Tahiri, bi\u0107e  prekinut rad mobilne i fiksne telefonije iz Srbije na teritoriji Kosova,  time \u0161to \u0107e se posti\u0107i sporazum o romingu pod vrlo povoljnim uslovima,  uz obezbje\u0111ivanje visokog kvaliteta usluga i prihvatljivim tarifama.<\/p>\n<p>U  oblasti energetike pak predvi\u0111a se uspostavljanje saradnje izme\u0111u dva  elektroenergetska sistema, u kojima \u0107e se po\u0161tovati dokument usvojen u  Atini koji ure\u0111uje te odnose, pi\u0161u danas srbijanski mediji.<\/p>\n<p>Izvor:<strong> DnevniAvaz.ba<\/strong><\/p>\n","protected":false},"excerpt":{"rendered":"<p>Srbija, Kosovo &#8211; Beograd \u0107e priznati paso\u0161e, registarske tablice, voza\u010dke i saobra\u0107ajne dozvole, kao i pe\u010date carine Edita Tahiri, \u0161efica pri\u0161tinskog pregovara\u010dkog tima, tvrdi da su stavovi Pri\u0161tine i Beograda \u201edosta pribli\u017eeni\u201c, te da je uvjerena da \u0107e \u201epo\u010detkom jula Srbija prihvatiti sve sporazume posrednika EU Roberta Kupera\u201c, to jest Beograd \u0107e priznati paso\u0161e, registarske [&hellip;]<\/p>\n","protected":false},"author":13,"featured_media":17474,"comment_status":"open","ping_status":"open","sticky":false,"template":"","format":"standard","meta":{"footnotes":""},"categories":[2690],"tags":[],"class_list":{"0":"post-17473","1":"post","2":"type-post","3":"status-publish","4":"format-standard","5":"has-post-thumbnail","7":"category-kosovo-gradovi"},"yoast_head":"<!-- This site is optimized with the Yoast SEO Premium plugin v23.1 (Yoast SEO v24.9) - https:\/\/yoast.com\/wordpress\/plugins\/seo\/ -->\n<title>Srbija \u0107e u julu priznati nezavisnost Kosova?!<\/title>\n<meta name=\"robots\" content=\"index, follow, max-snippet:-1, max-image-preview:large, max-video-preview:-1\" \/>\n<link rel=\"canonical\" href=\"https:\/\/sandzakpress.net\/arhiva\/srbija-ce-u-julu-priznati-nezavisnost-kosova\/\" \/>\n<meta property=\"og:locale\" content=\"bs_BA\" \/>\n<meta property=\"og:type\" content=\"article\" \/>\n<meta property=\"og:title\" content=\"Srbija \u0107e u julu priznati nezavisnost Kosova?!\" \/>\n<meta property=\"og:description\" content=\"Srbija, Kosovo &#8211; Beograd \u0107e priznati paso\u0161e, registarske tablice, voza\u010dke i saobra\u0107ajne dozvole, kao i pe\u010date carine Edita Tahiri, \u0161efica pri\u0161tinskog pregovara\u010dkog tima, tvrdi da su stavovi Pri\u0161tine i Beograda \u201edosta pribli\u017eeni\u201c, te da je uvjerena da \u0107e \u201epo\u010detkom jula Srbija prihvatiti sve sporazume posrednika EU Roberta Kupera\u201c, to jest Beograd \u0107e priznati paso\u0161e, registarske [&hellip;]\" \/>\n<meta property=\"og:url\" content=\"https:\/\/sandzakpress.net\/arhiva\/srbija-ce-u-julu-priznati-nezavisnost-kosova\/\" \/>\n<meta property=\"og:site_name\" content=\"Sand\u017eak PRESS\" \/>\n<meta property=\"article:published_time\" content=\"2011-06-28T12:21:16+00:00\" \/>\n<meta property=\"article:modified_time\" content=\"2011-06-28T12:23:29+00:00\" \/>\n<meta property=\"og:image\" content=\"https:\/\/sandzakpress.net\/arhiva\/wp-content\/uploads\/2011\/06\/Pristina_3_IS_665953539.jpg\" \/>\n\t<meta property=\"og:image:width\" content=\"318\" \/>\n\t<meta property=\"og:image:height\" content=\"207\" \/>\n\t<meta property=\"og:image:type\" content=\"image\/jpeg\" \/>\n<meta name=\"twitter:card\" content=\"summary_large_image\" \/>\n<meta name=\"twitter:label1\" content=\"Written by\" \/>\n\t<meta name=\"twitter:data1\" content=\"\" \/>\n\t<meta name=\"twitter:label2\" content=\"Est. reading time\" \/>\n\t<meta name=\"twitter:data2\" content=\"2 minute\" \/>\n<script type=\"application\/ld+json\" class=\"yoast-schema-graph\">{\"@context\":\"https:\/\/schema.org\",\"@graph\":[{\"@type\":\"Article\",\"@id\":\"https:\/\/sandzakpress.net\/arhiva\/srbija-ce-u-julu-priznati-nezavisnost-kosova\/#article\",\"isPartOf\":{\"@id\":\"https:\/\/sandzakpress.net\/arhiva\/srbija-ce-u-julu-priznati-nezavisnost-kosova\/\"},\"author\":{\"name\":\"\",\"@id\":\"\"},\"headline\":\"Srbija \u0107e u julu priznati nezavisnost Kosova?!\",\"datePublished\":\"2011-06-28T12:21:16+00:00\",\"dateModified\":\"2011-06-28T12:23:29+00:00\",\"mainEntityOfPage\":{\"@id\":\"https:\/\/sandzakpress.net\/arhiva\/srbija-ce-u-julu-priznati-nezavisnost-kosova\/\"},\"wordCount\":506,\"commentCount\":10,\"publisher\":{\"@id\":\"https:\/\/sandzakpress.net\/arhiva\/#\/schema\/person\/6e72b67d6e51910a1117b3b483ba20bd\"},\"image\":{\"@id\":\"https:\/\/sandzakpress.net\/arhiva\/srbija-ce-u-julu-priznati-nezavisnost-kosova\/#primaryimage\"},\"thumbnailUrl\":\"https:\/\/sandzakpress.net\/arhiva\/wp-content\/uploads\/2011\/06\/Pristina_3_IS_665953539.jpg\",\"articleSection\":[\"Kosovo\"],\"inLanguage\":\"bs-BA\",\"potentialAction\":[{\"@type\":\"CommentAction\",\"name\":\"Comment\",\"target\":[\"https:\/\/sandzakpress.net\/arhiva\/srbija-ce-u-julu-priznati-nezavisnost-kosova\/#respond\"]}]},{\"@type\":\"WebPage\",\"@id\":\"https:\/\/sandzakpress.net\/arhiva\/srbija-ce-u-julu-priznati-nezavisnost-kosova\/\",\"url\":\"https:\/\/sandzakpress.net\/arhiva\/srbija-ce-u-julu-priznati-nezavisnost-kosova\/\",\"name\":\"Srbija \u0107e u julu priznati nezavisnost Kosova?!\",\"isPartOf\":{\"@id\":\"https:\/\/sandzakpress.net\/arhiva\/#website\"},\"primaryImageOfPage\":{\"@id\":\"https:\/\/sandzakpress.net\/arhiva\/srbija-ce-u-julu-priznati-nezavisnost-kosova\/#primaryimage\"},\"image\":{\"@id\":\"https:\/\/sandzakpress.net\/arhiva\/srbija-ce-u-julu-priznati-nezavisnost-kosova\/#primaryimage\"},\"thumbnailUrl\":\"https:\/\/sandzakpress.net\/arhiva\/wp-content\/uploads\/2011\/06\/Pristina_3_IS_665953539.jpg\",\"datePublished\":\"2011-06-28T12:21:16+00:00\",\"dateModified\":\"2011-06-28T12:23:29+00:00\",\"breadcrumb\":{\"@id\":\"https:\/\/sandzakpress.net\/arhiva\/srbija-ce-u-julu-priznati-nezavisnost-kosova\/#breadcrumb\"},\"inLanguage\":\"bs-BA\",\"potentialAction\":[{\"@type\":\"ReadAction\",\"target\":[\"https:\/\/sandzakpress.net\/arhiva\/srbija-ce-u-julu-priznati-nezavisnost-kosova\/\"]}]},{\"@type\":\"ImageObject\",\"inLanguage\":\"bs-BA\",\"@id\":\"https:\/\/sandzakpress.net\/arhiva\/srbija-ce-u-julu-priznati-nezavisnost-kosova\/#primaryimage\",\"url\":\"https:\/\/sandzakpress.net\/arhiva\/wp-content\/uploads\/2011\/06\/Pristina_3_IS_665953539.jpg\",\"contentUrl\":\"https:\/\/sandzakpress.net\/arhiva\/wp-content\/uploads\/2011\/06\/Pristina_3_IS_665953539.jpg\",\"width\":318,\"height\":207},{\"@type\":\"BreadcrumbList\",\"@id\":\"https:\/\/sandzakpress.net\/arhiva\/srbija-ce-u-julu-priznati-nezavisnost-kosova\/#breadcrumb\",\"itemListElement\":[{\"@type\":\"ListItem\",\"position\":1,\"name\":\"Home\",\"item\":\"https:\/\/sandzakpress.net\/arhiva\/\"},{\"@type\":\"ListItem\",\"position\":2,\"name\":\"Srbija \u0107e u julu priznati nezavisnost Kosova?!\"}]},{\"@type\":\"WebSite\",\"@id\":\"https:\/\/sandzakpress.net\/arhiva\/#website\",\"url\":\"https:\/\/sandzakpress.net\/arhiva\/\",\"name\":\"Sand\u017eak PRESS\",\"description\":\"Prve elektronske novine u Sand\u017eaku\",\"publisher\":{\"@id\":\"https:\/\/sandzakpress.net\/arhiva\/#\/schema\/person\/6e72b67d6e51910a1117b3b483ba20bd\"},\"potentialAction\":[{\"@type\":\"SearchAction\",\"target\":{\"@type\":\"EntryPoint\",\"urlTemplate\":\"https:\/\/sandzakpress.net\/arhiva\/?s={search_term_string}\"},\"query-input\":{\"@type\":\"PropertyValueSpecification\",\"valueRequired\":true,\"valueName\":\"search_term_string\"}}],\"inLanguage\":\"bs-BA\"},{\"@type\":[\"Person\",\"Organization\"],\"@id\":\"https:\/\/sandzakpress.net\/arhiva\/#\/schema\/person\/6e72b67d6e51910a1117b3b483ba20bd\",\"name\":\"Kul\",\"image\":{\"@type\":\"ImageObject\",\"inLanguage\":\"bs-BA\",\"@id\":\"https:\/\/sandzakpress.net\/arhiva\/#\/schema\/person\/image\/\",\"url\":\"https:\/\/secure.gravatar.com\/avatar\/42263f39aa27ac04c43cab85c280eb2e?s=96&d=mm&r=pg\",\"contentUrl\":\"https:\/\/secure.gravatar.com\/avatar\/42263f39aa27ac04c43cab85c280eb2e?s=96&d=mm&r=pg\",\"caption\":\"Kul\"},\"logo\":{\"@id\":\"https:\/\/sandzakpress.net\/arhiva\/#\/schema\/person\/image\/\"}},{\"@type\":\"Person\",\"@id\":\"\",\"url\":\"https:\/\/sandzakpress.net\/arhiva\/author\/\"}]}<\/script>\n<!-- \/ Yoast SEO Premium plugin. -->","yoast_head_json":{"title":"Srbija \u0107e u julu priznati nezavisnost Kosova?!","robots":{"index":"index","follow":"follow","max-snippet":"max-snippet:-1","max-image-preview":"max-image-preview:large","max-video-preview":"max-video-preview:-1"},"canonical":"https:\/\/sandzakpress.net\/arhiva\/srbija-ce-u-julu-priznati-nezavisnost-kosova\/","og_locale":"bs_BA","og_type":"article","og_title":"Srbija \u0107e u julu priznati nezavisnost Kosova?!","og_description":"Srbija, Kosovo &#8211; Beograd \u0107e priznati paso\u0161e, registarske tablice, voza\u010dke i saobra\u0107ajne dozvole, kao i pe\u010date carine Edita Tahiri, \u0161efica pri\u0161tinskog pregovara\u010dkog tima, tvrdi da su stavovi Pri\u0161tine i Beograda \u201edosta pribli\u017eeni\u201c, te da je uvjerena da \u0107e \u201epo\u010detkom jula Srbija prihvatiti sve sporazume posrednika EU Roberta Kupera\u201c, to jest Beograd \u0107e priznati paso\u0161e, registarske [&hellip;]","og_url":"https:\/\/sandzakpress.net\/arhiva\/srbija-ce-u-julu-priznati-nezavisnost-kosova\/","og_site_name":"Sand\u017eak PRESS","article_published_time":"2011-06-28T12:21:16+00:00","article_modified_time":"2011-06-28T12:23:29+00:00","og_image":[{"width":318,"height":207,"url":"https:\/\/sandzakpress.net\/arhiva\/wp-content\/uploads\/2011\/06\/Pristina_3_IS_665953539.jpg","type":"image\/jpeg"}],"twitter_card":"summary_large_image","twitter_misc":{"Written by":"","Est. reading time":"2 minute"},"schema":{"@context":"https:\/\/schema.org","@graph":[{"@type":"Article","@id":"https:\/\/sandzakpress.net\/arhiva\/srbija-ce-u-julu-priznati-nezavisnost-kosova\/#article","isPartOf":{"@id":"https:\/\/sandzakpress.net\/arhiva\/srbija-ce-u-julu-priznati-nezavisnost-kosova\/"},"author":{"name":"","@id":""},"headline":"Srbija \u0107e u julu priznati nezavisnost Kosova?!","datePublished":"2011-06-28T12:21:16+00:00","dateModified":"2011-06-28T12:23:29+00:00","mainEntityOfPage":{"@id":"https:\/\/sandzakpress.net\/arhiva\/srbija-ce-u-julu-priznati-nezavisnost-kosova\/"},"wordCount":506,"commentCount":10,"publisher":{"@id":"https:\/\/sandzakpress.net\/arhiva\/#\/schema\/person\/6e72b67d6e51910a1117b3b483ba20bd"},"image":{"@id":"https:\/\/sandzakpress.net\/arhiva\/srbija-ce-u-julu-priznati-nezavisnost-kosova\/#primaryimage"},"thumbnailUrl":"https:\/\/sandzakpress.net\/arhiva\/wp-content\/uploads\/2011\/06\/Pristina_3_IS_665953539.jpg","articleSection":["Kosovo"],"inLanguage":"bs-BA","potentialAction":[{"@type":"CommentAction","name":"Comment","target":["https:\/\/sandzakpress.net\/arhiva\/srbija-ce-u-julu-priznati-nezavisnost-kosova\/#respond"]}]},{"@type":"WebPage","@id":"https:\/\/sandzakpress.net\/arhiva\/srbija-ce-u-julu-priznati-nezavisnost-kosova\/","url":"https:\/\/sandzakpress.net\/arhiva\/srbija-ce-u-julu-priznati-nezavisnost-kosova\/","name":"Srbija \u0107e u julu priznati nezavisnost Kosova?!","isPartOf":{"@id":"https:\/\/sandzakpress.net\/arhiva\/#website"},"primaryImageOfPage":{"@id":"https:\/\/sandzakpress.net\/arhiva\/srbija-ce-u-julu-priznati-nezavisnost-kosova\/#primaryimage"},"image":{"@id":"https:\/\/sandzakpress.net\/arhiva\/srbija-ce-u-julu-priznati-nezavisnost-kosova\/#primaryimage"},"thumbnailUrl":"https:\/\/sandzakpress.net\/arhiva\/wp-content\/uploads\/2011\/06\/Pristina_3_IS_665953539.jpg","datePublished":"2011-06-28T12:21:16+00:00","dateModified":"2011-06-28T12:23:29+00:00","breadcrumb":{"@id":"https:\/\/sandzakpress.net\/arhiva\/srbija-ce-u-julu-priznati-nezavisnost-kosova\/#breadcrumb"},"inLanguage":"bs-BA","potentialAction":[{"@type":"ReadAction","target":["https:\/\/sandzakpress.net\/arhiva\/srbija-ce-u-julu-priznati-nezavisnost-kosova\/"]}]},{"@type":"ImageObject","inLanguage":"bs-BA","@id":"https:\/\/sandzakpress.net\/arhiva\/srbija-ce-u-julu-priznati-nezavisnost-kosova\/#primaryimage","url":"https:\/\/sandzakpress.net\/arhiva\/wp-content\/uploads\/2011\/06\/Pristina_3_IS_665953539.jpg","contentUrl":"https:\/\/sandzakpress.net\/arhiva\/wp-content\/uploads\/2011\/06\/Pristina_3_IS_665953539.jpg","width":318,"height":207},{"@type":"BreadcrumbList","@id":"https:\/\/sandzakpress.net\/arhiva\/srbija-ce-u-julu-priznati-nezavisnost-kosova\/#breadcrumb","itemListElement":[{"@type":"ListItem","position":1,"name":"Home","item":"https:\/\/sandzakpress.net\/arhiva\/"},{"@type":"ListItem","position":2,"name":"Srbija \u0107e u julu priznati nezavisnost Kosova?!"}]},{"@type":"WebSite","@id":"https:\/\/sandzakpress.net\/arhiva\/#website","url":"https:\/\/sandzakpress.net\/arhiva\/","name":"Sand\u017eak PRESS","description":"Prve elektronske novine u Sand\u017eaku","publisher":{"@id":"https:\/\/sandzakpress.net\/arhiva\/#\/schema\/person\/6e72b67d6e51910a1117b3b483ba20bd"},"potentialAction":[{"@type":"SearchAction","target":{"@type":"EntryPoint","urlTemplate":"https:\/\/sandzakpress.net\/arhiva\/?s={search_term_string}"},"query-input":{"@type":"PropertyValueSpecification","valueRequired":true,"valueName":"search_term_string"}}],"inLanguage":"bs-BA"},{"@type":["Person","Organization"],"@id":"https:\/\/sandzakpress.net\/arhiva\/#\/schema\/person\/6e72b67d6e51910a1117b3b483ba20bd","name":"Kul","image":{"@type":"ImageObject","inLanguage":"bs-BA","@id":"https:\/\/sandzakpress.net\/arhiva\/#\/schema\/person\/image\/","url":"https:\/\/secure.gravatar.com\/avatar\/42263f39aa27ac04c43cab85c280eb2e?s=96&d=mm&r=pg","contentUrl":"https:\/\/secure.gravatar.com\/avatar\/42263f39aa27ac04c43cab85c280eb2e?s=96&d=mm&r=pg","caption":"Kul"},"logo":{"@id":"https:\/\/sandzakpress.net\/arhiva\/#\/schema\/person\/image\/"}},{"@type":"Person","@id":"","url":"https:\/\/sandzakpress.net\/arhiva\/author\/"}]}},"_links":{"self":[{"href":"https:\/\/sandzakpress.net\/arhiva\/wp-json\/wp\/v2\/posts\/17473"}],"collection":[{"href":"https:\/\/sandzakpress.net\/arhiva\/wp-json\/wp\/v2\/posts"}],"about":[{"href":"https:\/\/sandzakpress.net\/arhiva\/wp-json\/wp\/v2\/types\/post"}],"author":[{"embeddable":true,"href":"https:\/\/sandzakpress.net\/arhiva\/wp-json\/wp\/v2\/users\/13"}],"replies":[{"embeddable":true,"href":"https:\/\/sandzakpress.net\/arhiva\/wp-json\/wp\/v2\/comments?post=17473"}],"version-history":[{"count":0,"href":"https:\/\/sandzakpress.net\/arhiva\/wp-json\/wp\/v2\/posts\/17473\/revisions"}],"wp:featuredmedia":[{"embeddable":true,"href":"https:\/\/sandzakpress.net\/arhiva\/wp-json\/wp\/v2\/media\/17474"}],"wp:attachment":[{"href":"https:\/\/sandzakpress.net\/arhiva\/wp-json\/wp\/v2\/media?parent=17473"}],"wp:term":[{"taxonomy":"category","embeddable":true,"href":"https:\/\/sandzakpress.net\/arhiva\/wp-json\/wp\/v2\/categories?post=17473"},{"taxonomy":"post_tag","embeddable":true,"href":"https:\/\/sandzakpress.net\/arhiva\/wp-json\/wp\/v2\/tags?post=17473"}],"curies":[{"name":"wp","href":"https:\/\/api.w.org\/{rel}","templated":true}]}}