{"id":17442,"date":"2011-06-28T13:59:53","date_gmt":"2011-06-28T11:59:53","guid":{"rendered":"https:\/\/sandzakpress.net\/arhiva\/?p=17442"},"modified":"2011-06-28T13:59:53","modified_gmt":"2011-06-28T11:59:53","slug":"sesti-dan-bez-struje","status":"publish","type":"post","link":"https:\/\/sandzakpress.net\/arhiva\/sesti-dan-bez-struje\/","title":{"rendered":"\u0160esti dan bez struje"},"content":{"rendered":"<p><strong><a href=\"https:\/\/sandzakpress.net\/arhiva\/wp-content\/uploads\/2011\/06\/donje_ljubinje.jpg\"><img loading=\"lazy\" decoding=\"async\" class=\"alignleft size-medium wp-image-17446\" src=\"https:\/\/sandzakpress.net\/arhiva\/wp-content\/uploads\/2011\/06\/donje_ljubinje-300x225.jpg\" alt=\"\" width=\"300\" height=\"225\" \/><\/a>Kosovo &#8211; Tri sela (Gornje Ljubine, Donje Ljubine i Draj\u010di\u0107e) u regionu \u017dupe  \u0161esti dan za redom su bez struje. Dodu\u0161e od sino\u0107 iza 19 sati, kako su  izjavili zvani\u010dnici KEK-a, struje nema zbog kvara u \u010ditavom regionu  \u017dupe.<\/strong><\/p>\n<p>Oni dodaju da su im ekipe na terenu i da \u0107e u toku dana najvjerovatnije kvar biti otklonjen.<\/p>\n<p>Dok se ostala sela nadaju da \u0107e nakon otklonjenog kvara dobiti struju pomenuta tri sela nisu sigurna.<\/p>\n<p>Mje\u0161tani Gornjeg Ljubina koji redovno izmiruju ra\u010dune, zahtjevaju od KEK-a da primjenuju pojedina\u010dna isklju\u010dena.<\/p>\n<p>Oni tra\u017ee da se po\u0161tuje odluka Vlade Kosova, a odluka je jasna &#8211; kolektivnog isklju\u010dena ne smije biti.<\/p>\n<p>Nezvani\u010dno  saznajemo da je Donje Ljubine izmirilo potra\u017eivanja za posljednji  mjesec te da bi oni trebali imati elektri\u010dnu energiju.<\/p>\n<p>Zbog du\u017eeg  perioda bez struje u pomenuta tri sela ba\u010dena je velika koli\u010dina  osjetljivih prehrambenih namirnica. Uslijed te\u0161kih vru\u0107ina mo\u017ee biti  izazvana i neka vrsta epidemije, misle mje\u0161tani ovih sela i apeluju na  zvani\u010dnike KEK-a da u dogovoru sa njima prona\u0111u rje\u0161enje i dobiju  struju.<\/p>\n<p>Izvor:<strong> Info-Ks.net<\/strong><\/p>\n","protected":false},"excerpt":{"rendered":"<p>Kosovo &#8211; Tri sela (Gornje Ljubine, Donje Ljubine i Draj\u010di\u0107e) u regionu \u017dupe \u0161esti dan za redom su bez struje. Dodu\u0161e od sino\u0107 iza 19 sati, kako su izjavili zvani\u010dnici KEK-a, struje nema zbog kvara u \u010ditavom regionu \u017dupe. Oni dodaju da su im ekipe na terenu i da \u0107e u toku dana najvjerovatnije kvar [&hellip;]<\/p>\n","protected":false},"author":13,"featured_media":17446,"comment_status":"open","ping_status":"open","sticky":false,"template":"","format":"standard","meta":{"footnotes":""},"categories":[2690,5],"tags":[],"class_list":{"0":"post-17442","1":"post","2":"type-post","3":"status-publish","4":"format-standard","5":"has-post-thumbnail","7":"category-kosovo-gradovi","8":"category-drustvo"},"yoast_head":"<!-- This site is optimized with the Yoast SEO Premium plugin v23.1 (Yoast SEO v24.9) - https:\/\/yoast.com\/wordpress\/plugins\/seo\/ -->\n<title>\u0160esti dan bez struje<\/title>\n<meta name=\"robots\" content=\"index, follow, max-snippet:-1, max-image-preview:large, max-video-preview:-1\" \/>\n<link rel=\"canonical\" href=\"https:\/\/sandzakpress.net\/arhiva\/sesti-dan-bez-struje\/\" \/>\n<meta property=\"og:locale\" content=\"bs_BA\" \/>\n<meta property=\"og:type\" content=\"article\" \/>\n<meta property=\"og:title\" content=\"\u0160esti dan bez struje\" \/>\n<meta property=\"og:description\" content=\"Kosovo &#8211; Tri sela (Gornje Ljubine, Donje Ljubine i Draj\u010di\u0107e) u regionu \u017dupe \u0161esti dan za redom su bez struje. Dodu\u0161e od sino\u0107 iza 19 sati, kako su izjavili zvani\u010dnici KEK-a, struje nema zbog kvara u \u010ditavom regionu \u017dupe. Oni dodaju da su im ekipe na terenu i da \u0107e u toku dana najvjerovatnije kvar [&hellip;]\" \/>\n<meta property=\"og:url\" content=\"https:\/\/sandzakpress.net\/arhiva\/sesti-dan-bez-struje\/\" \/>\n<meta property=\"og:site_name\" content=\"Sand\u017eak PRESS\" \/>\n<meta property=\"article:published_time\" content=\"2011-06-28T11:59:53+00:00\" \/>\n<meta property=\"og:image\" content=\"https:\/\/sandzakpress.net\/arhiva\/wp-content\/uploads\/2011\/06\/donje_ljubinje.jpg\" \/>\n\t<meta property=\"og:image:width\" content=\"302\" \/>\n\t<meta property=\"og:image:height\" content=\"227\" \/>\n\t<meta property=\"og:image:type\" content=\"image\/jpeg\" \/>\n<meta name=\"twitter:card\" content=\"summary_large_image\" \/>\n<meta name=\"twitter:label1\" content=\"Written by\" \/>\n\t<meta name=\"twitter:data1\" content=\"\" \/>\n\t<meta name=\"twitter:label2\" content=\"Est. reading time\" \/>\n\t<meta name=\"twitter:data2\" content=\"1 minuta\" \/>\n<script type=\"application\/ld+json\" class=\"yoast-schema-graph\">{\"@context\":\"https:\/\/schema.org\",\"@graph\":[{\"@type\":\"Article\",\"@id\":\"https:\/\/sandzakpress.net\/arhiva\/sesti-dan-bez-struje\/#article\",\"isPartOf\":{\"@id\":\"https:\/\/sandzakpress.net\/arhiva\/sesti-dan-bez-struje\/\"},\"author\":{\"name\":\"\",\"@id\":\"\"},\"headline\":\"\u0160esti dan bez struje\",\"datePublished\":\"2011-06-28T11:59:53+00:00\",\"mainEntityOfPage\":{\"@id\":\"https:\/\/sandzakpress.net\/arhiva\/sesti-dan-bez-struje\/\"},\"wordCount\":200,\"commentCount\":0,\"publisher\":{\"@id\":\"https:\/\/sandzakpress.net\/arhiva\/#\/schema\/person\/6e72b67d6e51910a1117b3b483ba20bd\"},\"image\":{\"@id\":\"https:\/\/sandzakpress.net\/arhiva\/sesti-dan-bez-struje\/#primaryimage\"},\"thumbnailUrl\":\"https:\/\/sandzakpress.net\/arhiva\/wp-content\/uploads\/2011\/06\/donje_ljubinje.jpg\",\"articleSection\":[\"Kosovo\",\"Dru\u0161tvo\"],\"inLanguage\":\"bs-BA\",\"potentialAction\":[{\"@type\":\"CommentAction\",\"name\":\"Comment\",\"target\":[\"https:\/\/sandzakpress.net\/arhiva\/sesti-dan-bez-struje\/#respond\"]}]},{\"@type\":\"WebPage\",\"@id\":\"https:\/\/sandzakpress.net\/arhiva\/sesti-dan-bez-struje\/\",\"url\":\"https:\/\/sandzakpress.net\/arhiva\/sesti-dan-bez-struje\/\",\"name\":\"\u0160esti dan bez struje\",\"isPartOf\":{\"@id\":\"https:\/\/sandzakpress.net\/arhiva\/#website\"},\"primaryImageOfPage\":{\"@id\":\"https:\/\/sandzakpress.net\/arhiva\/sesti-dan-bez-struje\/#primaryimage\"},\"image\":{\"@id\":\"https:\/\/sandzakpress.net\/arhiva\/sesti-dan-bez-struje\/#primaryimage\"},\"thumbnailUrl\":\"https:\/\/sandzakpress.net\/arhiva\/wp-content\/uploads\/2011\/06\/donje_ljubinje.jpg\",\"datePublished\":\"2011-06-28T11:59:53+00:00\",\"breadcrumb\":{\"@id\":\"https:\/\/sandzakpress.net\/arhiva\/sesti-dan-bez-struje\/#breadcrumb\"},\"inLanguage\":\"bs-BA\",\"potentialAction\":[{\"@type\":\"ReadAction\",\"target\":[\"https:\/\/sandzakpress.net\/arhiva\/sesti-dan-bez-struje\/\"]}]},{\"@type\":\"ImageObject\",\"inLanguage\":\"bs-BA\",\"@id\":\"https:\/\/sandzakpress.net\/arhiva\/sesti-dan-bez-struje\/#primaryimage\",\"url\":\"https:\/\/sandzakpress.net\/arhiva\/wp-content\/uploads\/2011\/06\/donje_ljubinje.jpg\",\"contentUrl\":\"https:\/\/sandzakpress.net\/arhiva\/wp-content\/uploads\/2011\/06\/donje_ljubinje.jpg\",\"width\":302,\"height\":227},{\"@type\":\"BreadcrumbList\",\"@id\":\"https:\/\/sandzakpress.net\/arhiva\/sesti-dan-bez-struje\/#breadcrumb\",\"itemListElement\":[{\"@type\":\"ListItem\",\"position\":1,\"name\":\"Home\",\"item\":\"https:\/\/sandzakpress.net\/arhiva\/\"},{\"@type\":\"ListItem\",\"position\":2,\"name\":\"\u0160esti dan bez struje\"}]},{\"@type\":\"WebSite\",\"@id\":\"https:\/\/sandzakpress.net\/arhiva\/#website\",\"url\":\"https:\/\/sandzakpress.net\/arhiva\/\",\"name\":\"Sand\u017eak PRESS\",\"description\":\"Prve elektronske novine u Sand\u017eaku\",\"publisher\":{\"@id\":\"https:\/\/sandzakpress.net\/arhiva\/#\/schema\/person\/6e72b67d6e51910a1117b3b483ba20bd\"},\"potentialAction\":[{\"@type\":\"SearchAction\",\"target\":{\"@type\":\"EntryPoint\",\"urlTemplate\":\"https:\/\/sandzakpress.net\/arhiva\/?s={search_term_string}\"},\"query-input\":{\"@type\":\"PropertyValueSpecification\",\"valueRequired\":true,\"valueName\":\"search_term_string\"}}],\"inLanguage\":\"bs-BA\"},{\"@type\":[\"Person\",\"Organization\"],\"@id\":\"https:\/\/sandzakpress.net\/arhiva\/#\/schema\/person\/6e72b67d6e51910a1117b3b483ba20bd\",\"name\":\"Kul\",\"image\":{\"@type\":\"ImageObject\",\"inLanguage\":\"bs-BA\",\"@id\":\"https:\/\/sandzakpress.net\/arhiva\/#\/schema\/person\/image\/\",\"url\":\"https:\/\/secure.gravatar.com\/avatar\/42263f39aa27ac04c43cab85c280eb2e?s=96&d=mm&r=pg\",\"contentUrl\":\"https:\/\/secure.gravatar.com\/avatar\/42263f39aa27ac04c43cab85c280eb2e?s=96&d=mm&r=pg\",\"caption\":\"Kul\"},\"logo\":{\"@id\":\"https:\/\/sandzakpress.net\/arhiva\/#\/schema\/person\/image\/\"}},{\"@type\":\"Person\",\"@id\":\"\",\"url\":\"https:\/\/sandzakpress.net\/arhiva\/author\/\"}]}<\/script>\n<!-- \/ Yoast SEO Premium plugin. -->","yoast_head_json":{"title":"\u0160esti dan bez struje","robots":{"index":"index","follow":"follow","max-snippet":"max-snippet:-1","max-image-preview":"max-image-preview:large","max-video-preview":"max-video-preview:-1"},"canonical":"https:\/\/sandzakpress.net\/arhiva\/sesti-dan-bez-struje\/","og_locale":"bs_BA","og_type":"article","og_title":"\u0160esti dan bez struje","og_description":"Kosovo &#8211; Tri sela (Gornje Ljubine, Donje Ljubine i Draj\u010di\u0107e) u regionu \u017dupe \u0161esti dan za redom su bez struje. Dodu\u0161e od sino\u0107 iza 19 sati, kako su izjavili zvani\u010dnici KEK-a, struje nema zbog kvara u \u010ditavom regionu \u017dupe. Oni dodaju da su im ekipe na terenu i da \u0107e u toku dana najvjerovatnije kvar [&hellip;]","og_url":"https:\/\/sandzakpress.net\/arhiva\/sesti-dan-bez-struje\/","og_site_name":"Sand\u017eak PRESS","article_published_time":"2011-06-28T11:59:53+00:00","og_image":[{"width":302,"height":227,"url":"https:\/\/sandzakpress.net\/arhiva\/wp-content\/uploads\/2011\/06\/donje_ljubinje.jpg","type":"image\/jpeg"}],"twitter_card":"summary_large_image","twitter_misc":{"Written by":"","Est. reading time":"1 minuta"},"schema":{"@context":"https:\/\/schema.org","@graph":[{"@type":"Article","@id":"https:\/\/sandzakpress.net\/arhiva\/sesti-dan-bez-struje\/#article","isPartOf":{"@id":"https:\/\/sandzakpress.net\/arhiva\/sesti-dan-bez-struje\/"},"author":{"name":"","@id":""},"headline":"\u0160esti dan bez struje","datePublished":"2011-06-28T11:59:53+00:00","mainEntityOfPage":{"@id":"https:\/\/sandzakpress.net\/arhiva\/sesti-dan-bez-struje\/"},"wordCount":200,"commentCount":0,"publisher":{"@id":"https:\/\/sandzakpress.net\/arhiva\/#\/schema\/person\/6e72b67d6e51910a1117b3b483ba20bd"},"image":{"@id":"https:\/\/sandzakpress.net\/arhiva\/sesti-dan-bez-struje\/#primaryimage"},"thumbnailUrl":"https:\/\/sandzakpress.net\/arhiva\/wp-content\/uploads\/2011\/06\/donje_ljubinje.jpg","articleSection":["Kosovo","Dru\u0161tvo"],"inLanguage":"bs-BA","potentialAction":[{"@type":"CommentAction","name":"Comment","target":["https:\/\/sandzakpress.net\/arhiva\/sesti-dan-bez-struje\/#respond"]}]},{"@type":"WebPage","@id":"https:\/\/sandzakpress.net\/arhiva\/sesti-dan-bez-struje\/","url":"https:\/\/sandzakpress.net\/arhiva\/sesti-dan-bez-struje\/","name":"\u0160esti dan bez struje","isPartOf":{"@id":"https:\/\/sandzakpress.net\/arhiva\/#website"},"primaryImageOfPage":{"@id":"https:\/\/sandzakpress.net\/arhiva\/sesti-dan-bez-struje\/#primaryimage"},"image":{"@id":"https:\/\/sandzakpress.net\/arhiva\/sesti-dan-bez-struje\/#primaryimage"},"thumbnailUrl":"https:\/\/sandzakpress.net\/arhiva\/wp-content\/uploads\/2011\/06\/donje_ljubinje.jpg","datePublished":"2011-06-28T11:59:53+00:00","breadcrumb":{"@id":"https:\/\/sandzakpress.net\/arhiva\/sesti-dan-bez-struje\/#breadcrumb"},"inLanguage":"bs-BA","potentialAction":[{"@type":"ReadAction","target":["https:\/\/sandzakpress.net\/arhiva\/sesti-dan-bez-struje\/"]}]},{"@type":"ImageObject","inLanguage":"bs-BA","@id":"https:\/\/sandzakpress.net\/arhiva\/sesti-dan-bez-struje\/#primaryimage","url":"https:\/\/sandzakpress.net\/arhiva\/wp-content\/uploads\/2011\/06\/donje_ljubinje.jpg","contentUrl":"https:\/\/sandzakpress.net\/arhiva\/wp-content\/uploads\/2011\/06\/donje_ljubinje.jpg","width":302,"height":227},{"@type":"BreadcrumbList","@id":"https:\/\/sandzakpress.net\/arhiva\/sesti-dan-bez-struje\/#breadcrumb","itemListElement":[{"@type":"ListItem","position":1,"name":"Home","item":"https:\/\/sandzakpress.net\/arhiva\/"},{"@type":"ListItem","position":2,"name":"\u0160esti dan bez struje"}]},{"@type":"WebSite","@id":"https:\/\/sandzakpress.net\/arhiva\/#website","url":"https:\/\/sandzakpress.net\/arhiva\/","name":"Sand\u017eak PRESS","description":"Prve elektronske novine u Sand\u017eaku","publisher":{"@id":"https:\/\/sandzakpress.net\/arhiva\/#\/schema\/person\/6e72b67d6e51910a1117b3b483ba20bd"},"potentialAction":[{"@type":"SearchAction","target":{"@type":"EntryPoint","urlTemplate":"https:\/\/sandzakpress.net\/arhiva\/?s={search_term_string}"},"query-input":{"@type":"PropertyValueSpecification","valueRequired":true,"valueName":"search_term_string"}}],"inLanguage":"bs-BA"},{"@type":["Person","Organization"],"@id":"https:\/\/sandzakpress.net\/arhiva\/#\/schema\/person\/6e72b67d6e51910a1117b3b483ba20bd","name":"Kul","image":{"@type":"ImageObject","inLanguage":"bs-BA","@id":"https:\/\/sandzakpress.net\/arhiva\/#\/schema\/person\/image\/","url":"https:\/\/secure.gravatar.com\/avatar\/42263f39aa27ac04c43cab85c280eb2e?s=96&d=mm&r=pg","contentUrl":"https:\/\/secure.gravatar.com\/avatar\/42263f39aa27ac04c43cab85c280eb2e?s=96&d=mm&r=pg","caption":"Kul"},"logo":{"@id":"https:\/\/sandzakpress.net\/arhiva\/#\/schema\/person\/image\/"}},{"@type":"Person","@id":"","url":"https:\/\/sandzakpress.net\/arhiva\/author\/"}]}},"_links":{"self":[{"href":"https:\/\/sandzakpress.net\/arhiva\/wp-json\/wp\/v2\/posts\/17442"}],"collection":[{"href":"https:\/\/sandzakpress.net\/arhiva\/wp-json\/wp\/v2\/posts"}],"about":[{"href":"https:\/\/sandzakpress.net\/arhiva\/wp-json\/wp\/v2\/types\/post"}],"author":[{"embeddable":true,"href":"https:\/\/sandzakpress.net\/arhiva\/wp-json\/wp\/v2\/users\/13"}],"replies":[{"embeddable":true,"href":"https:\/\/sandzakpress.net\/arhiva\/wp-json\/wp\/v2\/comments?post=17442"}],"version-history":[{"count":0,"href":"https:\/\/sandzakpress.net\/arhiva\/wp-json\/wp\/v2\/posts\/17442\/revisions"}],"wp:featuredmedia":[{"embeddable":true,"href":"https:\/\/sandzakpress.net\/arhiva\/wp-json\/wp\/v2\/media\/17446"}],"wp:attachment":[{"href":"https:\/\/sandzakpress.net\/arhiva\/wp-json\/wp\/v2\/media?parent=17442"}],"wp:term":[{"taxonomy":"category","embeddable":true,"href":"https:\/\/sandzakpress.net\/arhiva\/wp-json\/wp\/v2\/categories?post=17442"},{"taxonomy":"post_tag","embeddable":true,"href":"https:\/\/sandzakpress.net\/arhiva\/wp-json\/wp\/v2\/tags?post=17442"}],"curies":[{"name":"wp","href":"https:\/\/api.w.org\/{rel}","templated":true}]}}