{"id":173664,"date":"2016-11-27T12:26:58","date_gmt":"2016-11-27T11:26:58","guid":{"rendered":"https:\/\/sandzakpress.net\/arhiva\/?p=173664"},"modified":"2016-11-27T22:37:32","modified_gmt":"2016-11-27T21:37:32","slug":"bkz-u-luksemburgu-obiljezila-dan-bih-i-sandzaka","status":"publish","type":"post","link":"https:\/\/sandzakpress.net\/arhiva\/bkz-u-luksemburgu-obiljezila-dan-bih-i-sandzaka\/","title":{"rendered":"BKZ u Luksemburgu obilje\u017eila Dan BiH i Sand\u017eaka"},"content":{"rendered":"<p>Pored Sand\u017eaka, Crne Gore, BiH, dan Sand\u017eaka obilje\u017eio se i u Luksemburgu, gdje se ujedno obilje\u017eio i dan dr\u017eavnosti BiH. U organizaciji BKZ u Luksmeburgu, \u201eProsvetitelja MUALIM\u201c tim Luksemburg, a pod pokrovteljstvom Odbora za obilje\u017eavanje 11. jula dana sje\u0107anja na \u017ertve genocida u Srebrenici u Luksemburgu.<\/p>\n<p>Na skupu su istakli da su ponosni \u0161to su istrajali na ideji da jedan narod, na jednom mjestu obilje\u017ei zajedno svoje zna\u010dajne dane u historiji, jer ih granice ne mogu podijeliti ako su srca bliska.<\/p>\n<p>Na samom po\u010detku skupu se obratio Mugdin Halilovic ispred Udru\u017eenja \u201eProsvjetitelj MUALIM\u201c koji isti\u010de da je odbor za Srebrenicu na \u010dijem je \u010delu bio 5 godina \u010dine sve bo\u0161nja\u010dke asocijacije i dzemati u Luksemburgu, ali i da je za\u017eivjela saradnja sa udru\u017eenjem \u201eProsvetitelj MUALIM\u201c Srebrenica\u00a0 \u010diji je osnvni cilj izgradnja i o\u010duvanje vjerskog identiteta\u00a0 \u0161to je okosnica u o\u010duvanju cjelovite i jedinstvene BiH.<\/p>\n<p>\u201eKad bi bilo vi\u0161e merhameta a manje haterljivosti stanje bi bilo jo\u0161 bolje.\u201c \u2013 isti\u010de gospodin Halilovi\u0107.<\/p>\n<p>Dodaje da ve\u0107ina asocijacija koje su dio Odbora za Srebrenicu nose nazive koji asociraju na zavi\u010daj i time pokazuju da su tijelom van domovine ali du\u0161om u svojoj domovini BiH.<\/p>\n<p>\u201eKroz historiju opasno je bilo biti aktivan Bo\u0161njak-Musliman, boriti se za svoju vjeru, dr\u017eavu, naciju, zato su uvijek ubijani hrabri ljudi jer je kasnije bilo lak\u0161e vladati. Danas Bo\u0161njaku muslimanu je opasno govoriti o genocidu, a emanet nam je boriti se za dostojanstvo svakog Bo\u0161njaka.\u201c naglasio je Halilovi\u0107.<\/p>\n<p>Ono \u0161to jo\u0161 ve\u017ee asocijacije i udru\u017eenja Bo\u0161njaka u Luksemburgu je \u017eelja da izgrade i Bo\u0161nja\u010dki kulturni centar u toj dr\u017eavi.<\/p>\n<p>Prisutnima je prikazan i film o stradanju i herojstvu Bo\u0161njaku, kontinuiranom genocidu nad Bo\u0161njacima, nasilnom pokr\u0161tavnaju Bo\u0161njaka od strane crnogorskih vlasti, iseljavanju i svim ostalim zlo\u010dinima koji su zlo\u010dinci \u010dinili nad njima. Ovim filmom, isti\u010du \u017eele jo\u0161 vi\u0161e osvijestiti Bo\u0161njake o svojoj historiji ali i pokazati za\u0161to nikada ne smiju zaboraviti svoju historiju, vjeru, kulturu i tradiciju!<\/p>\n<p>Poseban gost ove ve\u010deri bio je muderis Nezim Halilovi\u0107 iz BiH, a skup je podsetio na ono o \u010demu govori sura Al-Ahzab.<\/p>\n<p>\u201eEmanetom svako od nas pojedina\u010dno preuzimamo odre\u0111enu odgovornost. Bo\u0161njaci su bili izlo\u017eeni mnogobrojnim genocidima ili jednom kontinuiranom genocidu, mumine su kroz istoriju ubili zbog vjere isto kao i Bo\u0161njake zbog toga sto su muslimani.\u201c Ka\u017ee Halilovi\u0107<\/p>\n<p>\u201eBilo je Bo\u0161njaka koji nisu znali ni\u0161ta o vjeri, koji su se \u017eenili sa drugom vjerom, posje\u0107ivali i dru\u017eili sa onima druge vjere, posje\u0107ivali ih i jeli sa njima, ali ih ni\u0161ta genocida nije spasilo jer su nosili bo\u0161nja\u010dko prezime. Zlo\u010dinci koji su po\u010dinili genocid\u00a0 gori su od onih koji su ubijali mumine kroz historiju, jer su \u010detnici ubijali sve sto je imalo veze sa Bo\u0161njastvom. Tek nakon 10. genocida suprostavili i branili i na neki na\u010din spasili sa ogromnim posljedicama.\u201c \u2013 ka\u017ee Halilovi\u0107.<\/p>\n<p>Za Bo\u0161njake je va\u017ena historija koju ne smiju zaboraviti i moraju pamtiti, kao i znati \u010dime raspola\u017eu. Najbolji Bo\u0161njaci 70-ich godina napustili su BiH, Sand\u017eak, Albaniju, Kosovo, a mnogi koji su ostali izginuli su kroz ratove. Sve ono sto je vrijedilo od Bo\u0161njaka je ubijeno ili zatvoreno, ali oni \u0161to su ostali se ne predaju! Bo\u0161njaci nisu zlo\u010dinacki narod a tome svjedo\u010de i netaknute crkve, manastiri, hramovi i sve ono \u0161to je pripadalo zlo\u010dincima a \u0161to je bilo na teritoriji armije BiH.\u201c \u2013 isti\u010de muderis Halilovi\u0107.<\/p>\n<p>Dodaje da, ako Bo\u0161njaci ne budu u\u010dili svoju djecu historiji Bo\u0161njaka ne\u0107e znati sa kim su njihovi preci imali posla i kakvi su zlo\u010dinci.<\/p>\n<p>\u201ePrenosite ljubav prema domovini na svoju djecu i ne dozvolite da va\u0161a djeca budu stranci i da se pona\u0161aju kao da ste stranci za njih, pri\u010dajte sa njima i u\u010dite ih da ste vi njihov oslonac, u\u010dite ih vjeri, podstaknite ih da zavr\u0161avaju \u0161to bolje fakultete, jer je komunikacija najva\u017enija.\u201c \u2013 naglasio je.<\/p>\n<p>\u201eMi smo jedan narod, a Sand\u017eaklije i Bosanci dali su mnoge \u017eivote za nas i niko nas ne smije dijeliti!\u201c \u2013 zavr\u0161io je Muderis.<\/p>\n<p>Cilj manifestacije izme\u0111u ostalog je pro\u0161iriti svijest Bo\u0161njacima u dijaspori o de\u0161avanjima koja su ih pratila kroz istoriju, ali i kako sa\u010duvati vjeru, tradiciju i kulturu.<\/p>\n<p>Ljudi iz BKZ u Luksemburgu \u010dine sve kako bi zajedno sa ostalim bo\u0161nja\u010dkim udru\u017eenjima o\u010duvala vjeru, identitet, kulturu i tradiciju Bo\u0161njaka u Luksemburgu<\/p>\n<p>Na kraju programa dodijeljenja su priznanja za humanost. Priznanja su uru\u010dena od strane Udru\u017eenja \u201eProsvjetitelj MUALIM\u201c Srebrenica tim Luksemburg.<\/p>\n<p>Va\u017eno je napomenuti da su ocaj skup sponzorirali slede\u0107i:<br \/>&#8211; Odbor za Srebrenicu<br \/>&#8211; Bossok (Hajrudin Adrovi\u0107)<br \/>&#8211; Top Auto (Haris Skoko)<br \/>&#8211; A la belle viande (Samir Boran\u010di\u0107)<br \/>&#8211; Jardins en beaute (Selman Isovi\u0107) <br \/>&#8211; Reisenbus Tutin<br \/>&#8211; Balkan Food (Nusret Ramovi\u0107)<br \/>&#8211; Lilien sarl (Amir Hrki\u0107)<br \/>&#8211; Pape Construction (Zlatan Susic)<br \/>&#8211; ANM Constructions (Fahir \u0106osi\u0107) <br \/>&#8211; RM &amp; CO (Rasim Mujkic)<br \/>&#8211; Dr. Sead Mavri\u0107<br \/>&#8211; Fadil Ahmatovi\u0107<br \/>&#8211; Faruk Li\u010dina<br \/>&#8211; Mugdin Halilovi\u0107<\/p>\n<p><strong>(SANA)<\/strong><\/p>\n<p><strong>\u00a0<a href=\"&quot;http:\/\/sanapress.info\/wp-content\/uploads\/2016\/11\/dan-sandzaka-luksemburg-2.jpg&quot;\"><img decoding=\"async\" class=\"&quot;alignnone\" src=\"&quot;http:\/\/sanapress.info\/wp-content\/uploads\/2016\/11\/dan-sandzaka-luksemburg-2.jpg&quot;\" alt=\"&quot;dan-sandzaka-luksemburg-2&quot;\" width=\"&quot;1280&quot;\" height=\"&quot;720&quot;\" \/><\/a> <a href=\"&quot;http:\/\/sanapress.info\/wp-content\/uploads\/2016\/11\/dan-sandzaka-luksemburg-3.jpg&quot;\"><img decoding=\"async\" class=\"&quot;alignnone\" src=\"&quot;http:\/\/sanapress.info\/wp-content\/uploads\/2016\/11\/dan-sandzaka-luksemburg-3.jpg&quot;\" alt=\"&quot;dan-sandzaka-luksemburg-3&quot;\" width=\"&quot;1280&quot;\" height=\"&quot;720&quot;\" \/><\/a> <a href=\"&quot;http:\/\/sanapress.info\/wp-content\/uploads\/2016\/11\/dan-sandzaka-luksemburg-4.jpg&quot;\"><img decoding=\"async\" class=\"&quot;alignnone\" src=\"&quot;http:\/\/sanapress.info\/wp-content\/uploads\/2016\/11\/dan-sandzaka-luksemburg-4.jpg&quot;\" alt=\"&quot;dan-sandzaka-luksemburg-4&quot;\" width=\"&quot;1280&quot;\" height=\"&quot;720&quot;\" \/><\/a> <a href=\"&quot;http:\/\/sanapress.info\/wp-content\/uploads\/2016\/11\/dan-sandzaka-luksemburg-5.jpg&quot;\"><img decoding=\"async\" class=\"&quot;alignnone\" src=\"&quot;http:\/\/sanapress.info\/wp-content\/uploads\/2016\/11\/dan-sandzaka-luksemburg-5.jpg&quot;\" alt=\"&quot;dan-sandzaka-luksemburg-5&quot;\" width=\"&quot;1280&quot;\" height=\"&quot;960&quot;\" \/><\/a> <a href=\"&quot;http:\/\/sanapress.info\/wp-content\/uploads\/2016\/11\/dan-sandzaka-luksemburg-6.jpg&quot;\"><img decoding=\"async\" class=\"&quot;alignnone\" src=\"&quot;http:\/\/sanapress.info\/wp-content\/uploads\/2016\/11\/dan-sandzaka-luksemburg-6.jpg&quot;\" alt=\"&quot;dan-sandzaka-luksemburg-6&quot;\" width=\"&quot;1280&quot;\" height=\"&quot;720&quot;\" \/><\/a> <a href=\"&quot;http:\/\/sanapress.info\/wp-content\/uploads\/2016\/11\/dan-sandzaka-luksemburg-7.jpg&quot;\"><img decoding=\"async\" class=\"&quot;alignnone\" src=\"&quot;http:\/\/sanapress.info\/wp-content\/uploads\/2016\/11\/dan-sandzaka-luksemburg-7.jpg&quot;\" alt=\"&quot;dan-sandzaka-luksemburg-7&quot;\" width=\"&quot;1280&quot;\" height=\"&quot;720&quot;\" \/><\/a> <a href=\"&quot;http:\/\/sanapress.info\/wp-content\/uploads\/2016\/11\/dan-sandzaka-luksemburg-8.jpg&quot;\"><img decoding=\"async\" class=\"&quot;alignnone\" src=\"&quot;http:\/\/sanapress.info\/wp-content\/uploads\/2016\/11\/dan-sandzaka-luksemburg-8.jpg&quot;\" alt=\"&quot;dan-sandzaka-luksemburg-8&quot;\" width=\"&quot;1280&quot;\" height=\"&quot;720&quot;\" \/><\/a> <a href=\"&quot;http:\/\/sanapress.info\/wp-content\/uploads\/2016\/11\/dan-sandzaka-luksemburg-9.jpg&quot;\"><img decoding=\"async\" class=\"&quot;alignnone\" src=\"&quot;http:\/\/sanapress.info\/wp-content\/uploads\/2016\/11\/dan-sandzaka-luksemburg-9.jpg&quot;\" alt=\"&quot;dan-sandzaka-luksemburg-9&quot;\" width=\"&quot;1280&quot;\" height=\"&quot;960&quot;\" \/><\/a> <a href=\"&quot;http:\/\/sanapress.info\/wp-content\/uploads\/2016\/11\/dan-sandzaka-luksemburg-10.jpg&quot;\"><img decoding=\"async\" class=\"&quot;alignnone\" src=\"&quot;http:\/\/sanapress.info\/wp-content\/uploads\/2016\/11\/dan-sandzaka-luksemburg-10.jpg&quot;\" alt=\"&quot;dan-sandzaka-luksemburg-10&quot;\" width=\"&quot;1280&quot;\" height=\"&quot;960&quot;\" \/><\/a> <a href=\"&quot;http:\/\/sanapress.info\/wp-content\/uploads\/2016\/11\/dan-sandzaka-luksemburg-11.jpg&quot;\"><img decoding=\"async\" class=\"&quot;alignnone\" src=\"&quot;http:\/\/sanapress.info\/wp-content\/uploads\/2016\/11\/dan-sandzaka-luksemburg-11.jpg&quot;\" alt=\"&quot;dan-sandzaka-luksemburg-11&quot;\" width=\"&quot;1280&quot;\" height=\"&quot;720&quot;\" \/><\/a> <a href=\"&quot;http:\/\/sanapress.info\/wp-content\/uploads\/2016\/11\/dan-sandzaka-luksemburg-12.jpg&quot;\"><img decoding=\"async\" class=\"&quot;alignnone\" src=\"&quot;http:\/\/sanapress.info\/wp-content\/uploads\/2016\/11\/dan-sandzaka-luksemburg-12.jpg&quot;\" alt=\"&quot;dan-sandzaka-luksemburg-12&quot;\" width=\"&quot;1280&quot;\" height=\"&quot;720&quot;\" \/><\/a> <a href=\"&quot;http:\/\/sanapress.info\/wp-content\/uploads\/2016\/11\/dan-sandzaka-luksemburg-13.jpg&quot;\"><img decoding=\"async\" class=\"&quot;alignnone\" src=\"&quot;http:\/\/sanapress.info\/wp-content\/uploads\/2016\/11\/dan-sandzaka-luksemburg-13.jpg&quot;\" alt=\"&quot;dan-sandzaka-luksemburg-13&quot;\" width=\"&quot;1280&quot;\" height=\"&quot;720&quot;\" \/><br \/><\/a><\/strong><strong>\u00a0\u00a0<a href=\"http:\/\/sanapress.info\/wp-content\/uploads\/2016\/11\/dan-sandzaka-luksemburg-3.jpg\"><img loading=\"lazy\" decoding=\"async\" class=\"alignnone size-full wp-image-27705\" src=\"http:\/\/sanapress.info\/wp-content\/uploads\/2016\/11\/dan-sandzaka-luksemburg-3.jpg\" sizes=\"(max-width: 1280px) 100vw, 1280px\" srcset=\"http:\/\/sanapress.info\/wp-content\/uploads\/2016\/11\/dan-sandzaka-luksemburg-3.jpg 1280w, http:\/\/sanapress.info\/wp-content\/uploads\/2016\/11\/dan-sandzaka-luksemburg-3-300x169.jpg 300w, http:\/\/sanapress.info\/wp-content\/uploads\/2016\/11\/dan-sandzaka-luksemburg-3-768x432.jpg 768w, http:\/\/sanapress.info\/wp-content\/uploads\/2016\/11\/dan-sandzaka-luksemburg-3-1024x576.jpg 1024w\" alt=\"dan-sandzaka-luksemburg-3\" width=\"1280\" height=\"720\" \/><\/a><a href=\"http:\/\/sanapress.info\/wp-content\/uploads\/2016\/11\/dan-sandzaka-luksemburg-4.jpg\"><img loading=\"lazy\" decoding=\"async\" class=\"alignnone size-full wp-image-27706\" src=\"http:\/\/sanapress.info\/wp-content\/uploads\/2016\/11\/dan-sandzaka-luksemburg-4.jpg\" sizes=\"(max-width: 1280px) 100vw, 1280px\" srcset=\"http:\/\/sanapress.info\/wp-content\/uploads\/2016\/11\/dan-sandzaka-luksemburg-4.jpg 1280w, http:\/\/sanapress.info\/wp-content\/uploads\/2016\/11\/dan-sandzaka-luksemburg-4-300x169.jpg 300w, http:\/\/sanapress.info\/wp-content\/uploads\/2016\/11\/dan-sandzaka-luksemburg-4-768x432.jpg 768w, http:\/\/sanapress.info\/wp-content\/uploads\/2016\/11\/dan-sandzaka-luksemburg-4-1024x576.jpg 1024w\" alt=\"dan-sandzaka-luksemburg-4\" width=\"1280\" height=\"720\" \/><\/a>\u00a0\u00a0\u00a0<a href=\"http:\/\/sanapress.info\/wp-content\/uploads\/2016\/11\/dan-sandzaka-luksemburg-8.jpg\"><img loading=\"lazy\" decoding=\"async\" class=\"alignnone size-full wp-image-27710\" src=\"http:\/\/sanapress.info\/wp-content\/uploads\/2016\/11\/dan-sandzaka-luksemburg-8.jpg\" sizes=\"(max-width: 1280px) 100vw, 1280px\" srcset=\"http:\/\/sanapress.info\/wp-content\/uploads\/2016\/11\/dan-sandzaka-luksemburg-8.jpg 1280w, http:\/\/sanapress.info\/wp-content\/uploads\/2016\/11\/dan-sandzaka-luksemburg-8-300x169.jpg 300w, http:\/\/sanapress.info\/wp-content\/uploads\/2016\/11\/dan-sandzaka-luksemburg-8-768x432.jpg 768w, http:\/\/sanapress.info\/wp-content\/uploads\/2016\/11\/dan-sandzaka-luksemburg-8-1024x576.jpg 1024w\" alt=\"dan-sandzaka-luksemburg-8\" width=\"1280\" height=\"720\" \/><\/a>\u00a0\u00a0<a href=\"http:\/\/sanapress.info\/wp-content\/uploads\/2016\/11\/dan-sandzaka-luksemburg-11.jpg\"><img loading=\"lazy\" decoding=\"async\" class=\"alignnone size-full wp-image-27713\" src=\"http:\/\/sanapress.info\/wp-content\/uploads\/2016\/11\/dan-sandzaka-luksemburg-11.jpg\" sizes=\"(max-width: 1280px) 100vw, 1280px\" srcset=\"http:\/\/sanapress.info\/wp-content\/uploads\/2016\/11\/dan-sandzaka-luksemburg-11.jpg 1280w, http:\/\/sanapress.info\/wp-content\/uploads\/2016\/11\/dan-sandzaka-luksemburg-11-300x169.jpg 300w, http:\/\/sanapress.info\/wp-content\/uploads\/2016\/11\/dan-sandzaka-luksemburg-11-768x432.jpg 768w, http:\/\/sanapress.info\/wp-content\/uploads\/2016\/11\/dan-sandzaka-luksemburg-11-1024x576.jpg 1024w\" alt=\"dan-sandzaka-luksemburg-11\" width=\"1280\" height=\"720\" \/><\/a><a href=\"http:\/\/sanapress.info\/wp-content\/uploads\/2016\/11\/dan-sandzaka-luksemburg-12.jpg\"><img loading=\"lazy\" decoding=\"async\" class=\"alignnone size-full wp-image-27714\" src=\"http:\/\/sanapress.info\/wp-content\/uploads\/2016\/11\/dan-sandzaka-luksemburg-12.jpg\" sizes=\"(max-width: 1280px) 100vw, 1280px\" srcset=\"http:\/\/sanapress.info\/wp-content\/uploads\/2016\/11\/dan-sandzaka-luksemburg-12.jpg 1280w, http:\/\/sanapress.info\/wp-content\/uploads\/2016\/11\/dan-sandzaka-luksemburg-12-300x169.jpg 300w, http:\/\/sanapress.info\/wp-content\/uploads\/2016\/11\/dan-sandzaka-luksemburg-12-768x432.jpg 768w, http:\/\/sanapress.info\/wp-content\/uploads\/2016\/11\/dan-sandzaka-luksemburg-12-1024x576.jpg 1024w\" alt=\"dan-sandzaka-luksemburg-12\" width=\"1280\" height=\"720\" \/><\/a><\/strong><strong><a href=\"&quot;http:\/\/sanapress.info\/wp-content\/uploads\/2016\/11\/dan-sandzaka-luksemburg-13.jpg&quot;\"><br \/><\/a><\/strong><\/p>\n<div id=\"page-content\" class=\"right-sidebar loop-page-5\">\n<div class=\"tbl-row\">\n<div id=\"main\" class=\"article\">\n<article id=\"post-27702\" class=\"article-post cat-3 loop-page-5 clearfix\">\n<div class=\"article-post-content\">\n<p><img loading=\"lazy\" decoding=\"async\" class=\"alignnone wp-image-27732 size-large\" src=\"http:\/\/sanapress.info\/wp-content\/uploads\/2016\/11\/1-12-1024x560.jpg\" sizes=\"(max-width: 1024px) 100vw, 1024px\" srcset=\"http:\/\/sanapress.info\/wp-content\/uploads\/2016\/11\/1-12-1024x560.jpg 1024w, http:\/\/sanapress.info\/wp-content\/uploads\/2016\/11\/1-12-300x164.jpg 300w, http:\/\/sanapress.info\/wp-content\/uploads\/2016\/11\/1-12-768x420.jpg 768w, http:\/\/sanapress.info\/wp-content\/uploads\/2016\/11\/1-12.jpg 1280w\" alt=\"1\" width=\"1024\" height=\"560\" \/><img loading=\"lazy\" decoding=\"async\" class=\"alignnone wp-image-27733 size-large\" src=\"http:\/\/sanapress.info\/wp-content\/uploads\/2016\/11\/2-9-1024x576.jpg\" sizes=\"(max-width: 1024px) 100vw, 1024px\" srcset=\"http:\/\/sanapress.info\/wp-content\/uploads\/2016\/11\/2-9-1024x576.jpg 1024w, http:\/\/sanapress.info\/wp-content\/uploads\/2016\/11\/2-9-300x169.jpg 300w, http:\/\/sanapress.info\/wp-content\/uploads\/2016\/11\/2-9-768x432.jpg 768w, http:\/\/sanapress.info\/wp-content\/uploads\/2016\/11\/2-9.jpg 1280w\" alt=\"2\" width=\"1024\" height=\"576\" \/><img loading=\"lazy\" decoding=\"async\" class=\"alignnone wp-image-27734 size-large\" src=\"http:\/\/sanapress.info\/wp-content\/uploads\/2016\/11\/3-9-1024x576.jpg\" sizes=\"(max-width: 1024px) 100vw, 1024px\" srcset=\"http:\/\/sanapress.info\/wp-content\/uploads\/2016\/11\/3-9-1024x576.jpg 1024w, http:\/\/sanapress.info\/wp-content\/uploads\/2016\/11\/3-9-300x169.jpg 300w, http:\/\/sanapress.info\/wp-content\/uploads\/2016\/11\/3-9-768x432.jpg 768w, http:\/\/sanapress.info\/wp-content\/uploads\/2016\/11\/3-9.jpg 1280w\" alt=\"3\" width=\"1024\" height=\"576\" \/><img loading=\"lazy\" decoding=\"async\" class=\"alignnone wp-image-27735 size-large\" src=\"http:\/\/sanapress.info\/wp-content\/uploads\/2016\/11\/4-10-1024x576.jpg\" sizes=\"(max-width: 1024px) 100vw, 1024px\" srcset=\"http:\/\/sanapress.info\/wp-content\/uploads\/2016\/11\/4-10-1024x576.jpg 1024w, http:\/\/sanapress.info\/wp-content\/uploads\/2016\/11\/4-10-300x169.jpg 300w, http:\/\/sanapress.info\/wp-content\/uploads\/2016\/11\/4-10-768x432.jpg 768w, http:\/\/sanapress.info\/wp-content\/uploads\/2016\/11\/4-10.jpg 1280w\" alt=\"4\" width=\"1024\" height=\"576\" \/><img loading=\"lazy\" decoding=\"async\" class=\"alignnone wp-image-27736 size-large\" src=\"http:\/\/sanapress.info\/wp-content\/uploads\/2016\/11\/5-8-1024x575.jpg\" sizes=\"(max-width: 1024px) 100vw, 1024px\" srcset=\"http:\/\/sanapress.info\/wp-content\/uploads\/2016\/11\/5-8-1024x575.jpg 1024w, http:\/\/sanapress.info\/wp-content\/uploads\/2016\/11\/5-8-300x169.jpg 300w, http:\/\/sanapress.info\/wp-content\/uploads\/2016\/11\/5-8-768x431.jpg 768w, http:\/\/sanapress.info\/wp-content\/uploads\/2016\/11\/5-8.jpg 1280w\" alt=\"5\" width=\"1024\" height=\"575\" \/><img loading=\"lazy\" decoding=\"async\" class=\"alignnone size-full wp-image-27703\" src=\"http:\/\/sanapress.info\/wp-content\/uploads\/2016\/11\/dan-sandzaka-luksemburg-1.jpg\" sizes=\"(max-width: 1280px) 100vw, 1280px\" srcset=\"http:\/\/sanapress.info\/wp-content\/uploads\/2016\/11\/dan-sandzaka-luksemburg-1.jpg 1280w, http:\/\/sanapress.info\/wp-content\/uploads\/2016\/11\/dan-sandzaka-luksemburg-1-300x169.jpg 300w, http:\/\/sanapress.info\/wp-content\/uploads\/2016\/11\/dan-sandzaka-luksemburg-1-768x432.jpg 768w, http:\/\/sanapress.info\/wp-content\/uploads\/2016\/11\/dan-sandzaka-luksemburg-1-1024x576.jpg 1024w\" alt=\"dan-sandzaka-luksemburg-1\" width=\"1280\" height=\"720\" \/><img loading=\"lazy\" decoding=\"async\" class=\"alignnone wp-image-27737 size-large\" src=\"http:\/\/sanapress.info\/wp-content\/uploads\/2016\/11\/6-6-1024x680.jpg\" sizes=\"(max-width: 1024px) 100vw, 1024px\" srcset=\"http:\/\/sanapress.info\/wp-content\/uploads\/2016\/11\/6-6-1024x680.jpg 1024w, http:\/\/sanapress.info\/wp-content\/uploads\/2016\/11\/6-6-300x199.jpg 300w, http:\/\/sanapress.info\/wp-content\/uploads\/2016\/11\/6-6-768x510.jpg 768w, http:\/\/sanapress.info\/wp-content\/uploads\/2016\/11\/6-6.jpg 1261w\" alt=\"6\" width=\"1024\" height=\"680\" \/><\/p>\n<\/div>\n<\/article>\n<\/div>\n<\/div>\n<\/div>\n","protected":false},"excerpt":{"rendered":"<p>Pored Sand\u017eaka, Crne Gore, BiH, dan Sand\u017eaka obilje\u017eio se i u Luksemburgu, gdje se ujedno obilje\u017eio i dan dr\u017eavnosti BiH. U organizaciji BKZ u Luksmeburgu, \u201eProsvetitelja MUALIM\u201c tim Luksemburg, a pod pokrovteljstvom Odbora za obilje\u017eavanje 11. jula dana sje\u0107anja na \u017ertve genocida u Srebrenici u Luksemburgu. Na skupu su istakli da su ponosni \u0161to su [&hellip;]<\/p>\n","protected":false},"author":83,"featured_media":173666,"comment_status":"open","ping_status":"open","sticky":false,"template":"","format":"standard","meta":{"footnotes":""},"categories":[800,9549,8957],"tags":[],"class_list":{"0":"post-173664","1":"post","2":"type-post","3":"status-publish","4":"format-standard","5":"has-post-thumbnail","7":"category-nacija","8":"category-luxemburg","9":"category-vijesti-dana"},"yoast_head":"<!-- This site is optimized with the Yoast SEO Premium plugin v23.1 (Yoast SEO v24.9) - https:\/\/yoast.com\/wordpress\/plugins\/seo\/ -->\n<title>BKZ u Luksemburgu obilje\u017eila Dan BiH i Sand\u017eaka<\/title>\n<meta name=\"robots\" content=\"index, follow, max-snippet:-1, max-image-preview:large, max-video-preview:-1\" \/>\n<link rel=\"canonical\" href=\"https:\/\/sandzakpress.net\/arhiva\/bkz-u-luksemburgu-obiljezila-dan-bih-i-sandzaka\/\" \/>\n<meta property=\"og:locale\" content=\"bs_BA\" \/>\n<meta property=\"og:type\" content=\"article\" \/>\n<meta property=\"og:title\" content=\"BKZ u Luksemburgu obilje\u017eila Dan BiH i Sand\u017eaka\" \/>\n<meta property=\"og:description\" content=\"Pored Sand\u017eaka, Crne Gore, BiH, dan Sand\u017eaka obilje\u017eio se i u Luksemburgu, gdje se ujedno obilje\u017eio i dan dr\u017eavnosti BiH. U organizaciji BKZ u Luksmeburgu, \u201eProsvetitelja MUALIM\u201c tim Luksemburg, a pod pokrovteljstvom Odbora za obilje\u017eavanje 11. jula dana sje\u0107anja na \u017ertve genocida u Srebrenici u Luksemburgu. Na skupu su istakli da su ponosni \u0161to su [&hellip;]\" \/>\n<meta property=\"og:url\" content=\"https:\/\/sandzakpress.net\/arhiva\/bkz-u-luksemburgu-obiljezila-dan-bih-i-sandzaka\/\" \/>\n<meta property=\"og:site_name\" content=\"Sand\u017eak PRESS\" \/>\n<meta property=\"article:published_time\" content=\"2016-11-27T11:26:58+00:00\" \/>\n<meta property=\"article:modified_time\" content=\"2016-11-27T21:37:32+00:00\" \/>\n<meta property=\"og:image\" content=\"https:\/\/sandzakpress.net\/arhiva\/wp-content\/uploads\/2016\/11\/dan-sandzaka-luksemburg-6.jpg\" \/>\n\t<meta property=\"og:image:width\" content=\"1280\" \/>\n\t<meta property=\"og:image:height\" content=\"720\" \/>\n\t<meta property=\"og:image:type\" content=\"image\/jpeg\" \/>\n<meta name=\"author\" content=\"bosniak\" \/>\n<meta name=\"twitter:card\" content=\"summary_large_image\" \/>\n<meta name=\"twitter:label1\" content=\"Written by\" \/>\n\t<meta name=\"twitter:data1\" content=\"bosniak\" \/>\n\t<meta name=\"twitter:label2\" content=\"Est. reading time\" \/>\n\t<meta name=\"twitter:data2\" content=\"4 minute\" \/>\n<script type=\"application\/ld+json\" class=\"yoast-schema-graph\">{\"@context\":\"https:\/\/schema.org\",\"@graph\":[{\"@type\":\"Article\",\"@id\":\"https:\/\/sandzakpress.net\/arhiva\/bkz-u-luksemburgu-obiljezila-dan-bih-i-sandzaka\/#article\",\"isPartOf\":{\"@id\":\"https:\/\/sandzakpress.net\/arhiva\/bkz-u-luksemburgu-obiljezila-dan-bih-i-sandzaka\/\"},\"author\":{\"name\":\"bosniak\",\"@id\":\"https:\/\/sandzakpress.net\/arhiva\/#\/schema\/person\/c8baee722073534b583ea7bdb2e36c02\"},\"headline\":\"BKZ u Luksemburgu obilje\u017eila Dan BiH i Sand\u017eaka\",\"datePublished\":\"2016-11-27T11:26:58+00:00\",\"dateModified\":\"2016-11-27T21:37:32+00:00\",\"mainEntityOfPage\":{\"@id\":\"https:\/\/sandzakpress.net\/arhiva\/bkz-u-luksemburgu-obiljezila-dan-bih-i-sandzaka\/\"},\"wordCount\":896,\"commentCount\":3,\"publisher\":{\"@id\":\"https:\/\/sandzakpress.net\/arhiva\/#\/schema\/person\/6e72b67d6e51910a1117b3b483ba20bd\"},\"image\":{\"@id\":\"https:\/\/sandzakpress.net\/arhiva\/bkz-u-luksemburgu-obiljezila-dan-bih-i-sandzaka\/#primaryimage\"},\"thumbnailUrl\":\"https:\/\/sandzakpress.net\/arhiva\/wp-content\/uploads\/2016\/11\/dan-sandzaka-luksemburg-6.jpg\",\"articleSection\":[\"Nacija\",\"Luksemburg\",\"VIJESTI DANA\"],\"inLanguage\":\"bs-BA\",\"potentialAction\":[{\"@type\":\"CommentAction\",\"name\":\"Comment\",\"target\":[\"https:\/\/sandzakpress.net\/arhiva\/bkz-u-luksemburgu-obiljezila-dan-bih-i-sandzaka\/#respond\"]}]},{\"@type\":\"WebPage\",\"@id\":\"https:\/\/sandzakpress.net\/arhiva\/bkz-u-luksemburgu-obiljezila-dan-bih-i-sandzaka\/\",\"url\":\"https:\/\/sandzakpress.net\/arhiva\/bkz-u-luksemburgu-obiljezila-dan-bih-i-sandzaka\/\",\"name\":\"BKZ u Luksemburgu obilje\u017eila Dan BiH i Sand\u017eaka\",\"isPartOf\":{\"@id\":\"https:\/\/sandzakpress.net\/arhiva\/#website\"},\"primaryImageOfPage\":{\"@id\":\"https:\/\/sandzakpress.net\/arhiva\/bkz-u-luksemburgu-obiljezila-dan-bih-i-sandzaka\/#primaryimage\"},\"image\":{\"@id\":\"https:\/\/sandzakpress.net\/arhiva\/bkz-u-luksemburgu-obiljezila-dan-bih-i-sandzaka\/#primaryimage\"},\"thumbnailUrl\":\"https:\/\/sandzakpress.net\/arhiva\/wp-content\/uploads\/2016\/11\/dan-sandzaka-luksemburg-6.jpg\",\"datePublished\":\"2016-11-27T11:26:58+00:00\",\"dateModified\":\"2016-11-27T21:37:32+00:00\",\"breadcrumb\":{\"@id\":\"https:\/\/sandzakpress.net\/arhiva\/bkz-u-luksemburgu-obiljezila-dan-bih-i-sandzaka\/#breadcrumb\"},\"inLanguage\":\"bs-BA\",\"potentialAction\":[{\"@type\":\"ReadAction\",\"target\":[\"https:\/\/sandzakpress.net\/arhiva\/bkz-u-luksemburgu-obiljezila-dan-bih-i-sandzaka\/\"]}]},{\"@type\":\"ImageObject\",\"inLanguage\":\"bs-BA\",\"@id\":\"https:\/\/sandzakpress.net\/arhiva\/bkz-u-luksemburgu-obiljezila-dan-bih-i-sandzaka\/#primaryimage\",\"url\":\"https:\/\/sandzakpress.net\/arhiva\/wp-content\/uploads\/2016\/11\/dan-sandzaka-luksemburg-6.jpg\",\"contentUrl\":\"https:\/\/sandzakpress.net\/arhiva\/wp-content\/uploads\/2016\/11\/dan-sandzaka-luksemburg-6.jpg\",\"width\":1280,\"height\":720},{\"@type\":\"BreadcrumbList\",\"@id\":\"https:\/\/sandzakpress.net\/arhiva\/bkz-u-luksemburgu-obiljezila-dan-bih-i-sandzaka\/#breadcrumb\",\"itemListElement\":[{\"@type\":\"ListItem\",\"position\":1,\"name\":\"Home\",\"item\":\"https:\/\/sandzakpress.net\/arhiva\/\"},{\"@type\":\"ListItem\",\"position\":2,\"name\":\"BKZ u Luksemburgu obilje\u017eila Dan BiH i Sand\u017eaka\"}]},{\"@type\":\"WebSite\",\"@id\":\"https:\/\/sandzakpress.net\/arhiva\/#website\",\"url\":\"https:\/\/sandzakpress.net\/arhiva\/\",\"name\":\"Sand\u017eak PRESS\",\"description\":\"Prve elektronske novine u Sand\u017eaku\",\"publisher\":{\"@id\":\"https:\/\/sandzakpress.net\/arhiva\/#\/schema\/person\/6e72b67d6e51910a1117b3b483ba20bd\"},\"potentialAction\":[{\"@type\":\"SearchAction\",\"target\":{\"@type\":\"EntryPoint\",\"urlTemplate\":\"https:\/\/sandzakpress.net\/arhiva\/?s={search_term_string}\"},\"query-input\":{\"@type\":\"PropertyValueSpecification\",\"valueRequired\":true,\"valueName\":\"search_term_string\"}}],\"inLanguage\":\"bs-BA\"},{\"@type\":[\"Person\",\"Organization\"],\"@id\":\"https:\/\/sandzakpress.net\/arhiva\/#\/schema\/person\/6e72b67d6e51910a1117b3b483ba20bd\",\"name\":\"Kul\",\"image\":{\"@type\":\"ImageObject\",\"inLanguage\":\"bs-BA\",\"@id\":\"https:\/\/sandzakpress.net\/arhiva\/#\/schema\/person\/image\/\",\"url\":\"https:\/\/secure.gravatar.com\/avatar\/42263f39aa27ac04c43cab85c280eb2e?s=96&d=mm&r=pg\",\"contentUrl\":\"https:\/\/secure.gravatar.com\/avatar\/42263f39aa27ac04c43cab85c280eb2e?s=96&d=mm&r=pg\",\"caption\":\"Kul\"},\"logo\":{\"@id\":\"https:\/\/sandzakpress.net\/arhiva\/#\/schema\/person\/image\/\"}},{\"@type\":\"Person\",\"@id\":\"https:\/\/sandzakpress.net\/arhiva\/#\/schema\/person\/c8baee722073534b583ea7bdb2e36c02\",\"name\":\"bosniak\",\"image\":{\"@type\":\"ImageObject\",\"inLanguage\":\"bs-BA\",\"@id\":\"https:\/\/sandzakpress.net\/arhiva\/#\/schema\/person\/image\/\",\"url\":\"https:\/\/secure.gravatar.com\/avatar\/a04fd330bfe3a36a72a0ad4a6d89fca7?s=96&d=mm&r=pg\",\"contentUrl\":\"https:\/\/secure.gravatar.com\/avatar\/a04fd330bfe3a36a72a0ad4a6d89fca7?s=96&d=mm&r=pg\",\"caption\":\"bosniak\"},\"url\":\"https:\/\/sandzakpress.net\/arhiva\/author\/bosniak\/\"}]}<\/script>\n<!-- \/ Yoast SEO Premium plugin. -->","yoast_head_json":{"title":"BKZ u Luksemburgu obilje\u017eila Dan BiH i Sand\u017eaka","robots":{"index":"index","follow":"follow","max-snippet":"max-snippet:-1","max-image-preview":"max-image-preview:large","max-video-preview":"max-video-preview:-1"},"canonical":"https:\/\/sandzakpress.net\/arhiva\/bkz-u-luksemburgu-obiljezila-dan-bih-i-sandzaka\/","og_locale":"bs_BA","og_type":"article","og_title":"BKZ u Luksemburgu obilje\u017eila Dan BiH i Sand\u017eaka","og_description":"Pored Sand\u017eaka, Crne Gore, BiH, dan Sand\u017eaka obilje\u017eio se i u Luksemburgu, gdje se ujedno obilje\u017eio i dan dr\u017eavnosti BiH. U organizaciji BKZ u Luksmeburgu, \u201eProsvetitelja MUALIM\u201c tim Luksemburg, a pod pokrovteljstvom Odbora za obilje\u017eavanje 11. jula dana sje\u0107anja na \u017ertve genocida u Srebrenici u Luksemburgu. Na skupu su istakli da su ponosni \u0161to su [&hellip;]","og_url":"https:\/\/sandzakpress.net\/arhiva\/bkz-u-luksemburgu-obiljezila-dan-bih-i-sandzaka\/","og_site_name":"Sand\u017eak PRESS","article_published_time":"2016-11-27T11:26:58+00:00","article_modified_time":"2016-11-27T21:37:32+00:00","og_image":[{"width":1280,"height":720,"url":"https:\/\/sandzakpress.net\/arhiva\/wp-content\/uploads\/2016\/11\/dan-sandzaka-luksemburg-6.jpg","type":"image\/jpeg"}],"author":"bosniak","twitter_card":"summary_large_image","twitter_misc":{"Written by":"bosniak","Est. reading time":"4 minute"},"schema":{"@context":"https:\/\/schema.org","@graph":[{"@type":"Article","@id":"https:\/\/sandzakpress.net\/arhiva\/bkz-u-luksemburgu-obiljezila-dan-bih-i-sandzaka\/#article","isPartOf":{"@id":"https:\/\/sandzakpress.net\/arhiva\/bkz-u-luksemburgu-obiljezila-dan-bih-i-sandzaka\/"},"author":{"name":"bosniak","@id":"https:\/\/sandzakpress.net\/arhiva\/#\/schema\/person\/c8baee722073534b583ea7bdb2e36c02"},"headline":"BKZ u Luksemburgu obilje\u017eila Dan BiH i Sand\u017eaka","datePublished":"2016-11-27T11:26:58+00:00","dateModified":"2016-11-27T21:37:32+00:00","mainEntityOfPage":{"@id":"https:\/\/sandzakpress.net\/arhiva\/bkz-u-luksemburgu-obiljezila-dan-bih-i-sandzaka\/"},"wordCount":896,"commentCount":3,"publisher":{"@id":"https:\/\/sandzakpress.net\/arhiva\/#\/schema\/person\/6e72b67d6e51910a1117b3b483ba20bd"},"image":{"@id":"https:\/\/sandzakpress.net\/arhiva\/bkz-u-luksemburgu-obiljezila-dan-bih-i-sandzaka\/#primaryimage"},"thumbnailUrl":"https:\/\/sandzakpress.net\/arhiva\/wp-content\/uploads\/2016\/11\/dan-sandzaka-luksemburg-6.jpg","articleSection":["Nacija","Luksemburg","VIJESTI DANA"],"inLanguage":"bs-BA","potentialAction":[{"@type":"CommentAction","name":"Comment","target":["https:\/\/sandzakpress.net\/arhiva\/bkz-u-luksemburgu-obiljezila-dan-bih-i-sandzaka\/#respond"]}]},{"@type":"WebPage","@id":"https:\/\/sandzakpress.net\/arhiva\/bkz-u-luksemburgu-obiljezila-dan-bih-i-sandzaka\/","url":"https:\/\/sandzakpress.net\/arhiva\/bkz-u-luksemburgu-obiljezila-dan-bih-i-sandzaka\/","name":"BKZ u Luksemburgu obilje\u017eila Dan BiH i Sand\u017eaka","isPartOf":{"@id":"https:\/\/sandzakpress.net\/arhiva\/#website"},"primaryImageOfPage":{"@id":"https:\/\/sandzakpress.net\/arhiva\/bkz-u-luksemburgu-obiljezila-dan-bih-i-sandzaka\/#primaryimage"},"image":{"@id":"https:\/\/sandzakpress.net\/arhiva\/bkz-u-luksemburgu-obiljezila-dan-bih-i-sandzaka\/#primaryimage"},"thumbnailUrl":"https:\/\/sandzakpress.net\/arhiva\/wp-content\/uploads\/2016\/11\/dan-sandzaka-luksemburg-6.jpg","datePublished":"2016-11-27T11:26:58+00:00","dateModified":"2016-11-27T21:37:32+00:00","breadcrumb":{"@id":"https:\/\/sandzakpress.net\/arhiva\/bkz-u-luksemburgu-obiljezila-dan-bih-i-sandzaka\/#breadcrumb"},"inLanguage":"bs-BA","potentialAction":[{"@type":"ReadAction","target":["https:\/\/sandzakpress.net\/arhiva\/bkz-u-luksemburgu-obiljezila-dan-bih-i-sandzaka\/"]}]},{"@type":"ImageObject","inLanguage":"bs-BA","@id":"https:\/\/sandzakpress.net\/arhiva\/bkz-u-luksemburgu-obiljezila-dan-bih-i-sandzaka\/#primaryimage","url":"https:\/\/sandzakpress.net\/arhiva\/wp-content\/uploads\/2016\/11\/dan-sandzaka-luksemburg-6.jpg","contentUrl":"https:\/\/sandzakpress.net\/arhiva\/wp-content\/uploads\/2016\/11\/dan-sandzaka-luksemburg-6.jpg","width":1280,"height":720},{"@type":"BreadcrumbList","@id":"https:\/\/sandzakpress.net\/arhiva\/bkz-u-luksemburgu-obiljezila-dan-bih-i-sandzaka\/#breadcrumb","itemListElement":[{"@type":"ListItem","position":1,"name":"Home","item":"https:\/\/sandzakpress.net\/arhiva\/"},{"@type":"ListItem","position":2,"name":"BKZ u Luksemburgu obilje\u017eila Dan BiH i Sand\u017eaka"}]},{"@type":"WebSite","@id":"https:\/\/sandzakpress.net\/arhiva\/#website","url":"https:\/\/sandzakpress.net\/arhiva\/","name":"Sand\u017eak PRESS","description":"Prve elektronske novine u Sand\u017eaku","publisher":{"@id":"https:\/\/sandzakpress.net\/arhiva\/#\/schema\/person\/6e72b67d6e51910a1117b3b483ba20bd"},"potentialAction":[{"@type":"SearchAction","target":{"@type":"EntryPoint","urlTemplate":"https:\/\/sandzakpress.net\/arhiva\/?s={search_term_string}"},"query-input":{"@type":"PropertyValueSpecification","valueRequired":true,"valueName":"search_term_string"}}],"inLanguage":"bs-BA"},{"@type":["Person","Organization"],"@id":"https:\/\/sandzakpress.net\/arhiva\/#\/schema\/person\/6e72b67d6e51910a1117b3b483ba20bd","name":"Kul","image":{"@type":"ImageObject","inLanguage":"bs-BA","@id":"https:\/\/sandzakpress.net\/arhiva\/#\/schema\/person\/image\/","url":"https:\/\/secure.gravatar.com\/avatar\/42263f39aa27ac04c43cab85c280eb2e?s=96&d=mm&r=pg","contentUrl":"https:\/\/secure.gravatar.com\/avatar\/42263f39aa27ac04c43cab85c280eb2e?s=96&d=mm&r=pg","caption":"Kul"},"logo":{"@id":"https:\/\/sandzakpress.net\/arhiva\/#\/schema\/person\/image\/"}},{"@type":"Person","@id":"https:\/\/sandzakpress.net\/arhiva\/#\/schema\/person\/c8baee722073534b583ea7bdb2e36c02","name":"bosniak","image":{"@type":"ImageObject","inLanguage":"bs-BA","@id":"https:\/\/sandzakpress.net\/arhiva\/#\/schema\/person\/image\/","url":"https:\/\/secure.gravatar.com\/avatar\/a04fd330bfe3a36a72a0ad4a6d89fca7?s=96&d=mm&r=pg","contentUrl":"https:\/\/secure.gravatar.com\/avatar\/a04fd330bfe3a36a72a0ad4a6d89fca7?s=96&d=mm&r=pg","caption":"bosniak"},"url":"https:\/\/sandzakpress.net\/arhiva\/author\/bosniak\/"}]}},"_links":{"self":[{"href":"https:\/\/sandzakpress.net\/arhiva\/wp-json\/wp\/v2\/posts\/173664"}],"collection":[{"href":"https:\/\/sandzakpress.net\/arhiva\/wp-json\/wp\/v2\/posts"}],"about":[{"href":"https:\/\/sandzakpress.net\/arhiva\/wp-json\/wp\/v2\/types\/post"}],"author":[{"embeddable":true,"href":"https:\/\/sandzakpress.net\/arhiva\/wp-json\/wp\/v2\/users\/83"}],"replies":[{"embeddable":true,"href":"https:\/\/sandzakpress.net\/arhiva\/wp-json\/wp\/v2\/comments?post=173664"}],"version-history":[{"count":0,"href":"https:\/\/sandzakpress.net\/arhiva\/wp-json\/wp\/v2\/posts\/173664\/revisions"}],"wp:featuredmedia":[{"embeddable":true,"href":"https:\/\/sandzakpress.net\/arhiva\/wp-json\/wp\/v2\/media\/173666"}],"wp:attachment":[{"href":"https:\/\/sandzakpress.net\/arhiva\/wp-json\/wp\/v2\/media?parent=173664"}],"wp:term":[{"taxonomy":"category","embeddable":true,"href":"https:\/\/sandzakpress.net\/arhiva\/wp-json\/wp\/v2\/categories?post=173664"},{"taxonomy":"post_tag","embeddable":true,"href":"https:\/\/sandzakpress.net\/arhiva\/wp-json\/wp\/v2\/tags?post=173664"}],"curies":[{"name":"wp","href":"https:\/\/api.w.org\/{rel}","templated":true}]}}