{"id":17349,"date":"2011-06-27T13:47:48","date_gmt":"2011-06-27T11:47:48","guid":{"rendered":"https:\/\/sandzakpress.net\/arhiva\/?p=17349"},"modified":"2011-06-27T13:47:48","modified_gmt":"2011-06-27T11:47:48","slug":"druzenje-bosnjaka-u-francuskoj","status":"publish","type":"post","link":"https:\/\/sandzakpress.net\/arhiva\/druzenje-bosnjaka-u-francuskoj\/","title":{"rendered":"Dru\u017eenje Bo\u0161njaka u Francuskoj"},"content":{"rendered":"<p><strong><a href=\"https:\/\/sandzakpress.net\/arhiva\/wp-content\/uploads\/2011\/06\/druzenje-bosnjaka-u-francuskoj-juni-2011.jpg\"><img loading=\"lazy\" decoding=\"async\" class=\"alignleft size-medium wp-image-17350\" src=\"https:\/\/sandzakpress.net\/arhiva\/wp-content\/uploads\/2011\/06\/druzenje-bosnjaka-u-francuskoj-juni-2011-300x225.jpg\" alt=\"\" width=\"300\" height=\"225\" \/><\/a>Evropa &#8211; Islamska zajednica Bo\u0161njaka Francuske je  jo\u0161 jednom pokazala svoju spremnost i odlu\u010dnost da u zajednici\u00a0 razvija  sve oblike djelovanja koji vode pospje\u0161ivanju zajedni\u0161tva, sloge i  razumijevanja me\u0111u njenim \u010dlanovima.<\/strong><\/p>\n<p>Naime IZBF je 12.06.2011. godine veoma  uspje\u0161no organizirala zajedni\u010dki jednodevni izlet Bo\u0161njaka sa prostora  Francuske u parku\u00a0 &#8220;Miribel Jonage&#8221; u Lionu.<\/p>\n<p>U prelijepom prirodnom ambijentu i  prekrasnoj organizaciji doma\u0107ina d\u017eemata Lion vi\u0161e od 150 Bo\u0161njaka,  razli\u010ditih generacijskih dobi u\u017eivali su u prelijepom dru\u017eenju.<\/p>\n<p>Ovo je historijski doga\u0111aj za nas u  Francuskoj s obzirom da smo najmla\u0111a bo\u0161nja\u010dka dijaspora pogotovu kada  su rije\u010d o na\u0161im d\u017eemati. Ovo je veliki iskorak ka daljem ja\u010danju na\u0161e  zajednice a to zna\u010di povezivanje na\u0161ih ljudi u onome \u0161to nam je  najva\u017enije, vjeri , kulturi i tradiciji.<\/p>\n<p>Op\u0107e je poznato da su na\u0161i d\u017eemati u  Francuskoj po\u010deli da funkcioni\u0161u, ja\u010daju i razvijaju se u toku i nakon  agresije na nasu domovinu Bosnu i Hercegovinu. Prognan je veliki broj  muslimana Bo\u0161njaka koji su glavom bez obzira bili prinu\u0111eni tra\u017eiti tada  ve\u0107 privremeno rje\u0161avanje pitanja golog opstanka u zemljama zapadne  Evrope, Amerike i Australije&#8230;<\/p>\n<p>Period osnivanja d\u017eemata, njihovog  stasavanja, kupovine vjerskih objekata, poku\u0161aji organiziranja na\u0161eg  naroda kroz d\u017eemate je bilo va\u017eno zbog lak\u0161eg rje\u0161avanja sopstvenih  problema \u00a0i koliko je bilo mogu\u0107e pomaganju na\u0161e domovine kroz razne  vidove, a posebno na\u0161oj omladini da se lak\u0161e \u0161koluje.<\/p>\n<p>Na\u0161e sazrijevanje od nivoa samostalnih  d\u017eemata preko krovne organizacije i glavnog imama trajalo je oko jedne  decenije. Na\u0161i Bo\u0161njaci kao \u0161to rekosmo su stigli ovdje trbuhom za  kruhom i uglavnom su radni\u010dka dijaspora.<\/p>\n<p>Ali ono \u010dime se na\u0161 Bo\u0161njo mo\u017ee da  ponosi, i \u0161to, ma gdje bio, ponese sa sobom jeste jaka \u017eelja da u mjestu  gdje \u017eivi ima svoju d\u017eamiju, u\u010di ezan, ali i da njegovi potomci imaju  gdje da se okupe iako su u dijaspori.<\/p>\n<p>Svakako na tom polju su najvi\u0161i doprinos  dali na\u0161i imami, d\u017eematski odbori, posebno prve generacije koji su  bukvalno uvakufili sebe za zajedni\u010dko dobro.<\/p>\n<p>Naime na redovnoj godi\u0161njoj skup\u0161tini  IZBF odr\u017eanoj u d\u017eematu Miluz ove godine\u00a0 dogovoreno je na nivou svih  d\u017eemata, organizirati teferi\u0107, koji ce se sastojati od turnira u malom  fudbalu, takmi\u010denju polaznika vjerske pouke iz svih d\u017eemata iz  vjeronauke, porodi\u010dnom dru\u017eenju a pomalo sve to uz pokoju sevdalinku, uz  tradicionalno pripremljene \u0107evape i osvje\u017eavaju\u0107im bezalkoholnim  pi\u0107ima&#8230;<\/p>\n<p>Vjerski muhabeti o daljim aktivnostima  na\u0161ih d\u017eemata su bili neizostavni dio programa, pored imama d\u017eemata Lion  D\u017eenan ef. Bili su i imami D\u017eemata Paris Abduselam ef. Feti\u0107 i glavni  imam IZBF Isah ef. Daci\u0107.<\/p>\n<p>S obzirom da je omladina \u010dinila  ve\u0107inu,sportske aktivnosti su bile u najve\u0107em interesovanju. Naime prvo  mjesto je pripalo, iako u jakoj konkurenciji d\u017eematu Paris drugo mjesto  d\u017eemat Strazbur i tre\u0107e mjesto D\u017eemat Lion. Na kraju programa  prezadovoljne d\u017eematlije su odmah tra\u017eile od imama da se organizira  sljede\u0107i projekat, jer da bismo se vi\u0161e po\u0161tovali i cijenili moramo se  vi\u0161e upoznavati i tako ru\u0161iti neke predrasude koje imamo jedni prema  drugima.<\/p>\n<p>Ovakvi susreti su od izuzetne va\u017enosti  posebno za na\u0161e mla\u0111e generacije, koji se moramo priznati razlikuju od  svojih roditelja. Njihovi roditelji se pitaju \u0161ta mogu da daju svojoj  Islamskoj zajednici? Njihova djeca pitaju: \u0160ta meni daje Islamska  zajednica i koje su to aktivnosti&#8230;?<\/p>\n<p>I kao IZ, i kao roditelji i kao ljudi moramo dati prave odgovore i ponuditi prave aktivnosti na\u0161oj djeci&#8230;<\/p>\n<p>Izvor: <strong>Rijaset.ba<\/strong><\/p>\n","protected":false},"excerpt":{"rendered":"<p>Evropa &#8211; Islamska zajednica Bo\u0161njaka Francuske je jo\u0161 jednom pokazala svoju spremnost i odlu\u010dnost da u zajednici\u00a0 razvija sve oblike djelovanja koji vode pospje\u0161ivanju zajedni\u0161tva, sloge i razumijevanja me\u0111u njenim \u010dlanovima. Naime IZBF je 12.06.2011. godine veoma uspje\u0161no organizirala zajedni\u010dki jednodevni izlet Bo\u0161njaka sa prostora Francuske u parku\u00a0 &#8220;Miribel Jonage&#8221; u Lionu. U prelijepom prirodnom [&hellip;]<\/p>\n","protected":false},"author":13,"featured_media":17350,"comment_status":"open","ping_status":"open","sticky":false,"template":"","format":"standard","meta":{"footnotes":""},"categories":[5,2693],"tags":[],"class_list":{"0":"post-17349","1":"post","2":"type-post","3":"status-publish","4":"format-standard","5":"has-post-thumbnail","7":"category-drustvo","8":"category-dijaspora-gradovi"},"yoast_head":"<!-- This site is optimized with the Yoast SEO Premium plugin v23.1 (Yoast SEO v24.9) - https:\/\/yoast.com\/wordpress\/plugins\/seo\/ -->\n<title>Dru\u017eenje Bo\u0161njaka u Francuskoj<\/title>\n<meta name=\"robots\" content=\"index, follow, max-snippet:-1, max-image-preview:large, max-video-preview:-1\" \/>\n<link rel=\"canonical\" href=\"https:\/\/sandzakpress.net\/arhiva\/druzenje-bosnjaka-u-francuskoj\/\" \/>\n<meta property=\"og:locale\" content=\"bs_BA\" \/>\n<meta property=\"og:type\" content=\"article\" \/>\n<meta property=\"og:title\" content=\"Dru\u017eenje Bo\u0161njaka u Francuskoj\" \/>\n<meta property=\"og:description\" content=\"Evropa &#8211; Islamska zajednica Bo\u0161njaka Francuske je jo\u0161 jednom pokazala svoju spremnost i odlu\u010dnost da u zajednici\u00a0 razvija sve oblike djelovanja koji vode pospje\u0161ivanju zajedni\u0161tva, sloge i razumijevanja me\u0111u njenim \u010dlanovima. Naime IZBF je 12.06.2011. godine veoma uspje\u0161no organizirala zajedni\u010dki jednodevni izlet Bo\u0161njaka sa prostora Francuske u parku\u00a0 &#8220;Miribel Jonage&#8221; u Lionu. U prelijepom prirodnom [&hellip;]\" \/>\n<meta property=\"og:url\" content=\"https:\/\/sandzakpress.net\/arhiva\/druzenje-bosnjaka-u-francuskoj\/\" \/>\n<meta property=\"og:site_name\" content=\"Sand\u017eak PRESS\" \/>\n<meta property=\"article:published_time\" content=\"2011-06-27T11:47:48+00:00\" \/>\n<meta property=\"og:image\" content=\"https:\/\/sandzakpress.net\/arhiva\/wp-content\/uploads\/2011\/06\/druzenje-bosnjaka-u-francuskoj-juni-2011.jpg\" \/>\n\t<meta property=\"og:image:width\" content=\"500\" \/>\n\t<meta property=\"og:image:height\" content=\"375\" \/>\n\t<meta property=\"og:image:type\" content=\"image\/jpeg\" \/>\n<meta name=\"twitter:card\" content=\"summary_large_image\" \/>\n<meta name=\"twitter:label1\" content=\"Written by\" \/>\n\t<meta name=\"twitter:data1\" content=\"\" \/>\n\t<meta name=\"twitter:label2\" content=\"Est. reading time\" \/>\n\t<meta name=\"twitter:data2\" content=\"3 minute\" \/>\n<script type=\"application\/ld+json\" class=\"yoast-schema-graph\">{\"@context\":\"https:\/\/schema.org\",\"@graph\":[{\"@type\":\"Article\",\"@id\":\"https:\/\/sandzakpress.net\/arhiva\/druzenje-bosnjaka-u-francuskoj\/#article\",\"isPartOf\":{\"@id\":\"https:\/\/sandzakpress.net\/arhiva\/druzenje-bosnjaka-u-francuskoj\/\"},\"author\":{\"name\":\"\",\"@id\":\"\"},\"headline\":\"Dru\u017eenje Bo\u0161njaka u Francuskoj\",\"datePublished\":\"2011-06-27T11:47:48+00:00\",\"mainEntityOfPage\":{\"@id\":\"https:\/\/sandzakpress.net\/arhiva\/druzenje-bosnjaka-u-francuskoj\/\"},\"wordCount\":640,\"commentCount\":0,\"publisher\":{\"@id\":\"https:\/\/sandzakpress.net\/arhiva\/#\/schema\/person\/6e72b67d6e51910a1117b3b483ba20bd\"},\"image\":{\"@id\":\"https:\/\/sandzakpress.net\/arhiva\/druzenje-bosnjaka-u-francuskoj\/#primaryimage\"},\"thumbnailUrl\":\"https:\/\/sandzakpress.net\/arhiva\/wp-content\/uploads\/2011\/06\/druzenje-bosnjaka-u-francuskoj-juni-2011.jpg\",\"articleSection\":[\"Dru\u0161tvo\",\"Evropa\"],\"inLanguage\":\"bs-BA\",\"potentialAction\":[{\"@type\":\"CommentAction\",\"name\":\"Comment\",\"target\":[\"https:\/\/sandzakpress.net\/arhiva\/druzenje-bosnjaka-u-francuskoj\/#respond\"]}]},{\"@type\":\"WebPage\",\"@id\":\"https:\/\/sandzakpress.net\/arhiva\/druzenje-bosnjaka-u-francuskoj\/\",\"url\":\"https:\/\/sandzakpress.net\/arhiva\/druzenje-bosnjaka-u-francuskoj\/\",\"name\":\"Dru\u017eenje Bo\u0161njaka u Francuskoj\",\"isPartOf\":{\"@id\":\"https:\/\/sandzakpress.net\/arhiva\/#website\"},\"primaryImageOfPage\":{\"@id\":\"https:\/\/sandzakpress.net\/arhiva\/druzenje-bosnjaka-u-francuskoj\/#primaryimage\"},\"image\":{\"@id\":\"https:\/\/sandzakpress.net\/arhiva\/druzenje-bosnjaka-u-francuskoj\/#primaryimage\"},\"thumbnailUrl\":\"https:\/\/sandzakpress.net\/arhiva\/wp-content\/uploads\/2011\/06\/druzenje-bosnjaka-u-francuskoj-juni-2011.jpg\",\"datePublished\":\"2011-06-27T11:47:48+00:00\",\"breadcrumb\":{\"@id\":\"https:\/\/sandzakpress.net\/arhiva\/druzenje-bosnjaka-u-francuskoj\/#breadcrumb\"},\"inLanguage\":\"bs-BA\",\"potentialAction\":[{\"@type\":\"ReadAction\",\"target\":[\"https:\/\/sandzakpress.net\/arhiva\/druzenje-bosnjaka-u-francuskoj\/\"]}]},{\"@type\":\"ImageObject\",\"inLanguage\":\"bs-BA\",\"@id\":\"https:\/\/sandzakpress.net\/arhiva\/druzenje-bosnjaka-u-francuskoj\/#primaryimage\",\"url\":\"https:\/\/sandzakpress.net\/arhiva\/wp-content\/uploads\/2011\/06\/druzenje-bosnjaka-u-francuskoj-juni-2011.jpg\",\"contentUrl\":\"https:\/\/sandzakpress.net\/arhiva\/wp-content\/uploads\/2011\/06\/druzenje-bosnjaka-u-francuskoj-juni-2011.jpg\",\"width\":500,\"height\":375},{\"@type\":\"BreadcrumbList\",\"@id\":\"https:\/\/sandzakpress.net\/arhiva\/druzenje-bosnjaka-u-francuskoj\/#breadcrumb\",\"itemListElement\":[{\"@type\":\"ListItem\",\"position\":1,\"name\":\"Home\",\"item\":\"https:\/\/sandzakpress.net\/arhiva\/\"},{\"@type\":\"ListItem\",\"position\":2,\"name\":\"Dru\u017eenje Bo\u0161njaka u Francuskoj\"}]},{\"@type\":\"WebSite\",\"@id\":\"https:\/\/sandzakpress.net\/arhiva\/#website\",\"url\":\"https:\/\/sandzakpress.net\/arhiva\/\",\"name\":\"Sand\u017eak PRESS\",\"description\":\"Prve elektronske novine u Sand\u017eaku\",\"publisher\":{\"@id\":\"https:\/\/sandzakpress.net\/arhiva\/#\/schema\/person\/6e72b67d6e51910a1117b3b483ba20bd\"},\"potentialAction\":[{\"@type\":\"SearchAction\",\"target\":{\"@type\":\"EntryPoint\",\"urlTemplate\":\"https:\/\/sandzakpress.net\/arhiva\/?s={search_term_string}\"},\"query-input\":{\"@type\":\"PropertyValueSpecification\",\"valueRequired\":true,\"valueName\":\"search_term_string\"}}],\"inLanguage\":\"bs-BA\"},{\"@type\":[\"Person\",\"Organization\"],\"@id\":\"https:\/\/sandzakpress.net\/arhiva\/#\/schema\/person\/6e72b67d6e51910a1117b3b483ba20bd\",\"name\":\"Kul\",\"image\":{\"@type\":\"ImageObject\",\"inLanguage\":\"bs-BA\",\"@id\":\"https:\/\/sandzakpress.net\/arhiva\/#\/schema\/person\/image\/\",\"url\":\"https:\/\/secure.gravatar.com\/avatar\/42263f39aa27ac04c43cab85c280eb2e?s=96&d=mm&r=pg\",\"contentUrl\":\"https:\/\/secure.gravatar.com\/avatar\/42263f39aa27ac04c43cab85c280eb2e?s=96&d=mm&r=pg\",\"caption\":\"Kul\"},\"logo\":{\"@id\":\"https:\/\/sandzakpress.net\/arhiva\/#\/schema\/person\/image\/\"}},{\"@type\":\"Person\",\"@id\":\"\",\"url\":\"https:\/\/sandzakpress.net\/arhiva\/author\/\"}]}<\/script>\n<!-- \/ Yoast SEO Premium plugin. -->","yoast_head_json":{"title":"Dru\u017eenje Bo\u0161njaka u Francuskoj","robots":{"index":"index","follow":"follow","max-snippet":"max-snippet:-1","max-image-preview":"max-image-preview:large","max-video-preview":"max-video-preview:-1"},"canonical":"https:\/\/sandzakpress.net\/arhiva\/druzenje-bosnjaka-u-francuskoj\/","og_locale":"bs_BA","og_type":"article","og_title":"Dru\u017eenje Bo\u0161njaka u Francuskoj","og_description":"Evropa &#8211; Islamska zajednica Bo\u0161njaka Francuske je jo\u0161 jednom pokazala svoju spremnost i odlu\u010dnost da u zajednici\u00a0 razvija sve oblike djelovanja koji vode pospje\u0161ivanju zajedni\u0161tva, sloge i razumijevanja me\u0111u njenim \u010dlanovima. Naime IZBF je 12.06.2011. godine veoma uspje\u0161no organizirala zajedni\u010dki jednodevni izlet Bo\u0161njaka sa prostora Francuske u parku\u00a0 &#8220;Miribel Jonage&#8221; u Lionu. U prelijepom prirodnom [&hellip;]","og_url":"https:\/\/sandzakpress.net\/arhiva\/druzenje-bosnjaka-u-francuskoj\/","og_site_name":"Sand\u017eak PRESS","article_published_time":"2011-06-27T11:47:48+00:00","og_image":[{"width":500,"height":375,"url":"https:\/\/sandzakpress.net\/arhiva\/wp-content\/uploads\/2011\/06\/druzenje-bosnjaka-u-francuskoj-juni-2011.jpg","type":"image\/jpeg"}],"twitter_card":"summary_large_image","twitter_misc":{"Written by":"","Est. reading time":"3 minute"},"schema":{"@context":"https:\/\/schema.org","@graph":[{"@type":"Article","@id":"https:\/\/sandzakpress.net\/arhiva\/druzenje-bosnjaka-u-francuskoj\/#article","isPartOf":{"@id":"https:\/\/sandzakpress.net\/arhiva\/druzenje-bosnjaka-u-francuskoj\/"},"author":{"name":"","@id":""},"headline":"Dru\u017eenje Bo\u0161njaka u Francuskoj","datePublished":"2011-06-27T11:47:48+00:00","mainEntityOfPage":{"@id":"https:\/\/sandzakpress.net\/arhiva\/druzenje-bosnjaka-u-francuskoj\/"},"wordCount":640,"commentCount":0,"publisher":{"@id":"https:\/\/sandzakpress.net\/arhiva\/#\/schema\/person\/6e72b67d6e51910a1117b3b483ba20bd"},"image":{"@id":"https:\/\/sandzakpress.net\/arhiva\/druzenje-bosnjaka-u-francuskoj\/#primaryimage"},"thumbnailUrl":"https:\/\/sandzakpress.net\/arhiva\/wp-content\/uploads\/2011\/06\/druzenje-bosnjaka-u-francuskoj-juni-2011.jpg","articleSection":["Dru\u0161tvo","Evropa"],"inLanguage":"bs-BA","potentialAction":[{"@type":"CommentAction","name":"Comment","target":["https:\/\/sandzakpress.net\/arhiva\/druzenje-bosnjaka-u-francuskoj\/#respond"]}]},{"@type":"WebPage","@id":"https:\/\/sandzakpress.net\/arhiva\/druzenje-bosnjaka-u-francuskoj\/","url":"https:\/\/sandzakpress.net\/arhiva\/druzenje-bosnjaka-u-francuskoj\/","name":"Dru\u017eenje Bo\u0161njaka u Francuskoj","isPartOf":{"@id":"https:\/\/sandzakpress.net\/arhiva\/#website"},"primaryImageOfPage":{"@id":"https:\/\/sandzakpress.net\/arhiva\/druzenje-bosnjaka-u-francuskoj\/#primaryimage"},"image":{"@id":"https:\/\/sandzakpress.net\/arhiva\/druzenje-bosnjaka-u-francuskoj\/#primaryimage"},"thumbnailUrl":"https:\/\/sandzakpress.net\/arhiva\/wp-content\/uploads\/2011\/06\/druzenje-bosnjaka-u-francuskoj-juni-2011.jpg","datePublished":"2011-06-27T11:47:48+00:00","breadcrumb":{"@id":"https:\/\/sandzakpress.net\/arhiva\/druzenje-bosnjaka-u-francuskoj\/#breadcrumb"},"inLanguage":"bs-BA","potentialAction":[{"@type":"ReadAction","target":["https:\/\/sandzakpress.net\/arhiva\/druzenje-bosnjaka-u-francuskoj\/"]}]},{"@type":"ImageObject","inLanguage":"bs-BA","@id":"https:\/\/sandzakpress.net\/arhiva\/druzenje-bosnjaka-u-francuskoj\/#primaryimage","url":"https:\/\/sandzakpress.net\/arhiva\/wp-content\/uploads\/2011\/06\/druzenje-bosnjaka-u-francuskoj-juni-2011.jpg","contentUrl":"https:\/\/sandzakpress.net\/arhiva\/wp-content\/uploads\/2011\/06\/druzenje-bosnjaka-u-francuskoj-juni-2011.jpg","width":500,"height":375},{"@type":"BreadcrumbList","@id":"https:\/\/sandzakpress.net\/arhiva\/druzenje-bosnjaka-u-francuskoj\/#breadcrumb","itemListElement":[{"@type":"ListItem","position":1,"name":"Home","item":"https:\/\/sandzakpress.net\/arhiva\/"},{"@type":"ListItem","position":2,"name":"Dru\u017eenje Bo\u0161njaka u Francuskoj"}]},{"@type":"WebSite","@id":"https:\/\/sandzakpress.net\/arhiva\/#website","url":"https:\/\/sandzakpress.net\/arhiva\/","name":"Sand\u017eak PRESS","description":"Prve elektronske novine u Sand\u017eaku","publisher":{"@id":"https:\/\/sandzakpress.net\/arhiva\/#\/schema\/person\/6e72b67d6e51910a1117b3b483ba20bd"},"potentialAction":[{"@type":"SearchAction","target":{"@type":"EntryPoint","urlTemplate":"https:\/\/sandzakpress.net\/arhiva\/?s={search_term_string}"},"query-input":{"@type":"PropertyValueSpecification","valueRequired":true,"valueName":"search_term_string"}}],"inLanguage":"bs-BA"},{"@type":["Person","Organization"],"@id":"https:\/\/sandzakpress.net\/arhiva\/#\/schema\/person\/6e72b67d6e51910a1117b3b483ba20bd","name":"Kul","image":{"@type":"ImageObject","inLanguage":"bs-BA","@id":"https:\/\/sandzakpress.net\/arhiva\/#\/schema\/person\/image\/","url":"https:\/\/secure.gravatar.com\/avatar\/42263f39aa27ac04c43cab85c280eb2e?s=96&d=mm&r=pg","contentUrl":"https:\/\/secure.gravatar.com\/avatar\/42263f39aa27ac04c43cab85c280eb2e?s=96&d=mm&r=pg","caption":"Kul"},"logo":{"@id":"https:\/\/sandzakpress.net\/arhiva\/#\/schema\/person\/image\/"}},{"@type":"Person","@id":"","url":"https:\/\/sandzakpress.net\/arhiva\/author\/"}]}},"_links":{"self":[{"href":"https:\/\/sandzakpress.net\/arhiva\/wp-json\/wp\/v2\/posts\/17349"}],"collection":[{"href":"https:\/\/sandzakpress.net\/arhiva\/wp-json\/wp\/v2\/posts"}],"about":[{"href":"https:\/\/sandzakpress.net\/arhiva\/wp-json\/wp\/v2\/types\/post"}],"author":[{"embeddable":true,"href":"https:\/\/sandzakpress.net\/arhiva\/wp-json\/wp\/v2\/users\/13"}],"replies":[{"embeddable":true,"href":"https:\/\/sandzakpress.net\/arhiva\/wp-json\/wp\/v2\/comments?post=17349"}],"version-history":[{"count":0,"href":"https:\/\/sandzakpress.net\/arhiva\/wp-json\/wp\/v2\/posts\/17349\/revisions"}],"wp:featuredmedia":[{"embeddable":true,"href":"https:\/\/sandzakpress.net\/arhiva\/wp-json\/wp\/v2\/media\/17350"}],"wp:attachment":[{"href":"https:\/\/sandzakpress.net\/arhiva\/wp-json\/wp\/v2\/media?parent=17349"}],"wp:term":[{"taxonomy":"category","embeddable":true,"href":"https:\/\/sandzakpress.net\/arhiva\/wp-json\/wp\/v2\/categories?post=17349"},{"taxonomy":"post_tag","embeddable":true,"href":"https:\/\/sandzakpress.net\/arhiva\/wp-json\/wp\/v2\/tags?post=17349"}],"curies":[{"name":"wp","href":"https:\/\/api.w.org\/{rel}","templated":true}]}}