{"id":173482,"date":"2016-11-23T17:29:23","date_gmt":"2016-11-23T16:29:23","guid":{"rendered":"https:\/\/sandzakpress.net\/arhiva\/?p=173482"},"modified":"2016-11-23T17:29:23","modified_gmt":"2016-11-23T16:29:23","slug":"vakufi-za-otpor-kriminalu","status":"publish","type":"post","link":"https:\/\/sandzakpress.net\/arhiva\/vakufi-za-otpor-kriminalu\/","title":{"rendered":"Vakufi za otpor kriminalu"},"content":{"rendered":"<p><img loading=\"lazy\" decoding=\"async\" class=\"aligncenter size-full wp-image-173492\" src=\"https:\/\/sandzakpress.net\/arhiva\/wp-content\/uploads\/2016\/11\/unnamed-1-1.jpg\" alt=\"unnamed-1\" width=\"714\" height=\"587\" srcset=\"https:\/\/sandzakpress.net\/arhiva\/wp-content\/uploads\/2016\/11\/unnamed-1-1.jpg 714w, https:\/\/sandzakpress.net\/arhiva\/wp-content\/uploads\/2016\/11\/unnamed-1-1-616x506.jpg 616w, https:\/\/sandzakpress.net\/arhiva\/wp-content\/uploads\/2016\/11\/unnamed-1-1-220x180.jpg 220w\" sizes=\"(max-width: 714px) 100vw, 714px\" \/><\/p>\n<p>Protiv harange koja je ve\u0107 du\u017ee vrijeme uperena protiv Islamske zajednice u Novom Pazaru i doju\u010dera\u0161njeg njenog lidera, Muamera Zukorli\u0107a, mora se oglasiti i dijaspora vjernika, koja tako\u0111er, na svoj na\u010din, brani svoju tradiciju, u ovom slu\u010daju, vakufe.<\/p>\n<p>Podjela u na\u0161em gradu, ne samo politi\u010dka, koja je evidentna ve\u0107 du\u017ee vrijeme, i iz koje se izdvojila jedna grupa koja postavlja standarde, rezultirala je novom satanizacijom takozvane bespravne gradnje u Novom Pazaru, iza koje navodno stoji Islamska zajednica, tj. Muamer Zukorli\u0107, koji formalno pravne veze nema sa tim. Kakav nonsens, u odnosu na milion drugih nepravno podignutih objekata, ne samo u na\u0161em gradu.<\/p>\n<p>Dijaspora jeste daleko, ali ne mo\u017ee biti neprisutna, dok se ta satanzacija de\u0161ava. Dovoljno smo blizu, dovoljno smo vjernici, i dovoljno smo prisutni, da smo i svjedoci velikog broja divlje gradnje koja se nikada nije dovela u pitanje!<\/p>\n<p>Pravda je uvijek na strani onoga ko je defini\u0161e, ali mi ne mo\u017eemo biti nijemi, niti nemu\u0161ti, pa ne izre\u0107i ono \u0161to jeste svakodnevica u na\u0161em gradu. I ne\u0107emo prihvatiti da tim istim gradom kriminal bude standard, i da razli\u010diti ar\u0161ini budu mjera! A to je postalo sveprisutno, u gotovo svim institucijama. Tome se jednom mora stati na put. Zato \u0161to \u017eelimo da\u00a0 na\u0161a zemja bude ure\u0111ena, kao one u kojima mi trenutno \u017eivimo i radimo. I to je \u017eelja svih nas koji \u017eivimo i u Srbiji, u kojoj smo ro\u0111eni, kao i \u017eelja ostalih njenih stanovnika.<\/p>\n<p>Poenta je da u cijeloj ovoj pri\u010di, treba da postoje kriterijumi, da bi se napravila lista priorieta. Me\u0111utim, ovdje se de\u0161ava sljede\u0107e, oni, koji su dio kriminalne grupacije, pokre\u0107u hajku protiv onoga, koji \u017eeli dobro svom narodu, samo, i isklju\u010divo, po\u0161teno. A narod, bio on u dijaspori, ili u Novom Pazaru, nije slijep. Pred njihovim o\u010dima svakodnevno rastu nova zdanja \u010dije se dozvole dobijaju na reket (ne sve, naravno), i raste nepravda. Svakodnevno se u svim institucijama zapo\u0161ljavaju politi\u010dki kadrovi, a ne stu\u010dnjaci, i vladaju iz sjenke kvazi-kompetentni. Ta smutna klika, satkana od nepotizma, svim bojevim municijama sada ga\u0111a na sve strane sve ono, \u0161to je na bilo koji na\u010din mo\u017ee dovesti u pitanje, satanizuju\u0107i upravo ono \u0161to je oduvijek bilo za dobro naroda, sand\u017ea\u010dkog. Tako se dovode u pitanje mnoge stvari, od bespravne gradnje, do porodi\u010dnih i politi\u010dkih zapo\u0161ljavanja, neprestaju\u0107e korupcije, i kriminala. Ako po\u010dnemo te knjige da otvaramo, bojimo se \u0161ta \u0107e nas u istima tamo sa\u010dekati.<\/p>\n<p>Naravno, postavljamo onda s pravom pitanje, za\u0161to neko vjerski \u010din poklona dovodi u pitanje, kada je op\u0161te poznato, da vakufi pripadaju vjernicima. Oni, zapravo, poklanjaju dobro Allahu, a dobro slu\u017ei narodu. To je imovina koja, zapravo, nikada nije vra\u0107ena Islamskoj zajednici, a koju gradi i dijaspora, prikupljaju\u0107i sredstva preko svojih vjernika. A vjernicima, politi\u010dke boje, valjda ne doziraju vjeru, pa da zatvaraju o\u010di pred onim \u0161to je za dobrobit cijelog naroda, zaradi li\u010dnih interesa.<\/p>\n<p>Pomenu\u0107emo neke od mno\u0161tva bespravne eksploatacije upravo, vakufske imovine. Na primjer, zemlji\u0161te na Had\u017eetu (kod Pete mjesne zajednice); de\u010dji vrti\u0107 na Poilima; stara Novopazarska banja; objekti Lipa i Uniprom na Musali; zemlji\u0161te u krugu bolni\u010dkog kompleksa itd.<\/p>\n<p>Situacija je sli\u010dna i u drugim gradovima u Sand\u017eaku. Izdvoji\u0107emo ne\u0161to od toga: zemlji\u0161te u krugu starog pogona fabrike Ra\u0161ka u Sjenici, tako\u0111e je vakufsko; potom Taxi-plac kod autobuske stanice; dio parcele na kojem se nalazi ambulanta; Op\u0161tinsko zemlji\u0161te, desno od Glavne d\u017eamije u Tutinu. Ovome se mo\u017ee dodati i osnovna \u0161kola Mustafa Pe\u0107anin u Ro\u017eajama; preduze\u0107e Svjetlost u Prijepolju; veterinarska stanica u \u0160arampovu (podignuta je na temeljima medrese); stambena zgrada u Priboju na Brijegu, tako\u0111er je na vakufskom zemlji\u0161tu, a objekat Elektro prenosa u Bijelom Polju napravljen je na temeljima poru\u0161ene Harem d\u017eamije.<\/p>\n<p>Od svih ovih uzurpacija najbezo\u010dnija otima\u010dina za vjernike jeste nasrtaj na Gazi Isa-Begovu vakufsku imovinu, u centru Novog Pazara. Ina\u010de, Gazi Isa-Begova d\u017eamija stajala je na Trgu, i sru\u0161ena je odavno, a zgrada Islamske ustanove godinama je davana subjektima, koji nisu vlasnici.<\/p>\n<p>Jedno je sigurno, ovaj objekat ne ugro\u017eava nikoga, na vakufskoj je teritoriji, pro\u0161iruje se iz svojih potreba, a cijela pri\u010da ima za cilj jedno: napraviti uznemirenje gra\u0111ana, u ve\u0107 slo\u017eenom dru\u0161tvenom miljeu, i jo\u0161 jedanput podijeliti narod i vernike, a svakako, i demonstrirati mo\u0107 koja je nekima data.<\/p>\n<p>Nakon \u0161to je Islamska zajednica uspjela da vrati vakuf u svoje vlasni\u0161tvo, gramziva korumpirano-nepotisti\u010dka vlast, ponovo nastoji da ga otme, ne biraju\u0107i sredstva, pi\u0161u\u0107i lako\u0161tivne tekstove, bez argumenata, koji dolaze iz pera nesuvislih ljudi i sl. Vjernici su, kako ka\u017eu (ne samo oni u dijaspori), spremni, da zakonski brane svim sredstvima svoje vakufe, vjeruju\u0107i da \u0107e to i uspjeti, \u017eivu\u0107i u dr\u017eavi u kojoj svi nastojimo da zavlada rad i red!<\/p>\n<p>Stanimo na put svemu onome \u0161to naru\u0161ava ugled i \u010dast, na\u0161eg grada, naroda i vjernika, jer u interesu je svih nas da poka\u017eemo jedinstvo, odupremo se nepravdi, makar i na ovaj na\u010din, kao i svemu onome \u0161to mo\u017ee da pokvari, na\u0161u budu\u0107nost. Ovo svakako uznemiruje javnost, gra\u0111ane Novog Pazara, i mo\u017ee da rezultira posljedicama, a to bi moglo biti veoma problemati\u010dno, jer nije nimalo slu\u010dajno \u0161to se to sada i de\u0161ava. A vakufi, kao kontekst, mogu biti po\u010detak odmotavanja klupka svega onoga \u0161to nas je dovelo u situaciju da se oglasimo, ili bolje re\u0107i, lajt-motiv, za sve budu\u0107e nove poteze, koje \u0107emo preduzeti, po svim strukturama.<\/p>\n<p>&nbsp;<\/p>\n<p>&nbsp;<\/p>\n<p>Mithat Be\u0107irovi\u0107<\/p>\n","protected":false},"excerpt":{"rendered":"<p>\u200bMithat Be\u0107irovi\u0107<\/p>\n","protected":false},"author":83,"featured_media":173492,"comment_status":"open","ping_status":"open","sticky":false,"template":"","format":"standard","meta":{"footnotes":""},"categories":[10196],"tags":[],"class_list":{"0":"post-173482","1":"post","2":"type-post","3":"status-publish","4":"format-standard","5":"has-post-thumbnail","7":"category-iz-pera-nasih-autora"},"yoast_head":"<!-- This site is optimized with the Yoast SEO Premium plugin v23.1 (Yoast SEO v24.9) - https:\/\/yoast.com\/wordpress\/plugins\/seo\/ -->\n<title>Vakufi za otpor kriminalu<\/title>\n<meta name=\"robots\" content=\"index, follow, max-snippet:-1, max-image-preview:large, max-video-preview:-1\" \/>\n<link rel=\"canonical\" href=\"https:\/\/sandzakpress.net\/arhiva\/vakufi-za-otpor-kriminalu\/\" \/>\n<meta property=\"og:locale\" content=\"bs_BA\" \/>\n<meta property=\"og:type\" content=\"article\" \/>\n<meta property=\"og:title\" content=\"Vakufi za otpor kriminalu\" \/>\n<meta property=\"og:description\" content=\"\u200bMithat Be\u0107irovi\u0107\" \/>\n<meta property=\"og:url\" content=\"https:\/\/sandzakpress.net\/arhiva\/vakufi-za-otpor-kriminalu\/\" \/>\n<meta property=\"og:site_name\" content=\"Sand\u017eak PRESS\" \/>\n<meta property=\"article:published_time\" content=\"2016-11-23T16:29:23+00:00\" \/>\n<meta property=\"og:image\" content=\"https:\/\/sandzakpress.net\/arhiva\/wp-content\/uploads\/2016\/11\/unnamed-1-1.jpg\" \/>\n\t<meta property=\"og:image:width\" content=\"714\" \/>\n\t<meta property=\"og:image:height\" content=\"587\" \/>\n\t<meta property=\"og:image:type\" content=\"image\/jpeg\" \/>\n<meta name=\"author\" content=\"bosniak\" \/>\n<meta name=\"twitter:card\" content=\"summary_large_image\" \/>\n<meta name=\"twitter:label1\" content=\"Written by\" \/>\n\t<meta name=\"twitter:data1\" content=\"bosniak\" \/>\n\t<meta name=\"twitter:label2\" content=\"Est. reading time\" \/>\n\t<meta name=\"twitter:data2\" content=\"5 minuta\" \/>\n<script type=\"application\/ld+json\" class=\"yoast-schema-graph\">{\"@context\":\"https:\/\/schema.org\",\"@graph\":[{\"@type\":\"Article\",\"@id\":\"https:\/\/sandzakpress.net\/arhiva\/vakufi-za-otpor-kriminalu\/#article\",\"isPartOf\":{\"@id\":\"https:\/\/sandzakpress.net\/arhiva\/vakufi-za-otpor-kriminalu\/\"},\"author\":{\"name\":\"bosniak\",\"@id\":\"https:\/\/sandzakpress.net\/arhiva\/#\/schema\/person\/c8baee722073534b583ea7bdb2e36c02\"},\"headline\":\"Vakufi za otpor kriminalu\",\"datePublished\":\"2016-11-23T16:29:23+00:00\",\"mainEntityOfPage\":{\"@id\":\"https:\/\/sandzakpress.net\/arhiva\/vakufi-za-otpor-kriminalu\/\"},\"wordCount\":993,\"commentCount\":0,\"publisher\":{\"@id\":\"https:\/\/sandzakpress.net\/arhiva\/#\/schema\/person\/6e72b67d6e51910a1117b3b483ba20bd\"},\"image\":{\"@id\":\"https:\/\/sandzakpress.net\/arhiva\/vakufi-za-otpor-kriminalu\/#primaryimage\"},\"thumbnailUrl\":\"https:\/\/sandzakpress.net\/arhiva\/wp-content\/uploads\/2016\/11\/unnamed-1-1.jpg\",\"articleSection\":[\"Iz pera na\u0161ih autora\"],\"inLanguage\":\"bs-BA\",\"potentialAction\":[{\"@type\":\"CommentAction\",\"name\":\"Comment\",\"target\":[\"https:\/\/sandzakpress.net\/arhiva\/vakufi-za-otpor-kriminalu\/#respond\"]}]},{\"@type\":\"WebPage\",\"@id\":\"https:\/\/sandzakpress.net\/arhiva\/vakufi-za-otpor-kriminalu\/\",\"url\":\"https:\/\/sandzakpress.net\/arhiva\/vakufi-za-otpor-kriminalu\/\",\"name\":\"Vakufi za otpor kriminalu\",\"isPartOf\":{\"@id\":\"https:\/\/sandzakpress.net\/arhiva\/#website\"},\"primaryImageOfPage\":{\"@id\":\"https:\/\/sandzakpress.net\/arhiva\/vakufi-za-otpor-kriminalu\/#primaryimage\"},\"image\":{\"@id\":\"https:\/\/sandzakpress.net\/arhiva\/vakufi-za-otpor-kriminalu\/#primaryimage\"},\"thumbnailUrl\":\"https:\/\/sandzakpress.net\/arhiva\/wp-content\/uploads\/2016\/11\/unnamed-1-1.jpg\",\"datePublished\":\"2016-11-23T16:29:23+00:00\",\"breadcrumb\":{\"@id\":\"https:\/\/sandzakpress.net\/arhiva\/vakufi-za-otpor-kriminalu\/#breadcrumb\"},\"inLanguage\":\"bs-BA\",\"potentialAction\":[{\"@type\":\"ReadAction\",\"target\":[\"https:\/\/sandzakpress.net\/arhiva\/vakufi-za-otpor-kriminalu\/\"]}]},{\"@type\":\"ImageObject\",\"inLanguage\":\"bs-BA\",\"@id\":\"https:\/\/sandzakpress.net\/arhiva\/vakufi-za-otpor-kriminalu\/#primaryimage\",\"url\":\"https:\/\/sandzakpress.net\/arhiva\/wp-content\/uploads\/2016\/11\/unnamed-1-1.jpg\",\"contentUrl\":\"https:\/\/sandzakpress.net\/arhiva\/wp-content\/uploads\/2016\/11\/unnamed-1-1.jpg\",\"width\":714,\"height\":587},{\"@type\":\"BreadcrumbList\",\"@id\":\"https:\/\/sandzakpress.net\/arhiva\/vakufi-za-otpor-kriminalu\/#breadcrumb\",\"itemListElement\":[{\"@type\":\"ListItem\",\"position\":1,\"name\":\"Home\",\"item\":\"https:\/\/sandzakpress.net\/arhiva\/\"},{\"@type\":\"ListItem\",\"position\":2,\"name\":\"Vakufi za otpor kriminalu\"}]},{\"@type\":\"WebSite\",\"@id\":\"https:\/\/sandzakpress.net\/arhiva\/#website\",\"url\":\"https:\/\/sandzakpress.net\/arhiva\/\",\"name\":\"Sand\u017eak PRESS\",\"description\":\"Prve elektronske novine u Sand\u017eaku\",\"publisher\":{\"@id\":\"https:\/\/sandzakpress.net\/arhiva\/#\/schema\/person\/6e72b67d6e51910a1117b3b483ba20bd\"},\"potentialAction\":[{\"@type\":\"SearchAction\",\"target\":{\"@type\":\"EntryPoint\",\"urlTemplate\":\"https:\/\/sandzakpress.net\/arhiva\/?s={search_term_string}\"},\"query-input\":{\"@type\":\"PropertyValueSpecification\",\"valueRequired\":true,\"valueName\":\"search_term_string\"}}],\"inLanguage\":\"bs-BA\"},{\"@type\":[\"Person\",\"Organization\"],\"@id\":\"https:\/\/sandzakpress.net\/arhiva\/#\/schema\/person\/6e72b67d6e51910a1117b3b483ba20bd\",\"name\":\"Kul\",\"image\":{\"@type\":\"ImageObject\",\"inLanguage\":\"bs-BA\",\"@id\":\"https:\/\/sandzakpress.net\/arhiva\/#\/schema\/person\/image\/\",\"url\":\"https:\/\/secure.gravatar.com\/avatar\/42263f39aa27ac04c43cab85c280eb2e?s=96&d=mm&r=pg\",\"contentUrl\":\"https:\/\/secure.gravatar.com\/avatar\/42263f39aa27ac04c43cab85c280eb2e?s=96&d=mm&r=pg\",\"caption\":\"Kul\"},\"logo\":{\"@id\":\"https:\/\/sandzakpress.net\/arhiva\/#\/schema\/person\/image\/\"}},{\"@type\":\"Person\",\"@id\":\"https:\/\/sandzakpress.net\/arhiva\/#\/schema\/person\/c8baee722073534b583ea7bdb2e36c02\",\"name\":\"bosniak\",\"image\":{\"@type\":\"ImageObject\",\"inLanguage\":\"bs-BA\",\"@id\":\"https:\/\/sandzakpress.net\/arhiva\/#\/schema\/person\/image\/\",\"url\":\"https:\/\/secure.gravatar.com\/avatar\/a04fd330bfe3a36a72a0ad4a6d89fca7?s=96&d=mm&r=pg\",\"contentUrl\":\"https:\/\/secure.gravatar.com\/avatar\/a04fd330bfe3a36a72a0ad4a6d89fca7?s=96&d=mm&r=pg\",\"caption\":\"bosniak\"},\"url\":\"https:\/\/sandzakpress.net\/arhiva\/author\/bosniak\/\"}]}<\/script>\n<!-- \/ Yoast SEO Premium plugin. -->","yoast_head_json":{"title":"Vakufi za otpor kriminalu","robots":{"index":"index","follow":"follow","max-snippet":"max-snippet:-1","max-image-preview":"max-image-preview:large","max-video-preview":"max-video-preview:-1"},"canonical":"https:\/\/sandzakpress.net\/arhiva\/vakufi-za-otpor-kriminalu\/","og_locale":"bs_BA","og_type":"article","og_title":"Vakufi za otpor kriminalu","og_description":"\u200bMithat Be\u0107irovi\u0107","og_url":"https:\/\/sandzakpress.net\/arhiva\/vakufi-za-otpor-kriminalu\/","og_site_name":"Sand\u017eak PRESS","article_published_time":"2016-11-23T16:29:23+00:00","og_image":[{"width":714,"height":587,"url":"https:\/\/sandzakpress.net\/arhiva\/wp-content\/uploads\/2016\/11\/unnamed-1-1.jpg","type":"image\/jpeg"}],"author":"bosniak","twitter_card":"summary_large_image","twitter_misc":{"Written by":"bosniak","Est. reading time":"5 minuta"},"schema":{"@context":"https:\/\/schema.org","@graph":[{"@type":"Article","@id":"https:\/\/sandzakpress.net\/arhiva\/vakufi-za-otpor-kriminalu\/#article","isPartOf":{"@id":"https:\/\/sandzakpress.net\/arhiva\/vakufi-za-otpor-kriminalu\/"},"author":{"name":"bosniak","@id":"https:\/\/sandzakpress.net\/arhiva\/#\/schema\/person\/c8baee722073534b583ea7bdb2e36c02"},"headline":"Vakufi za otpor kriminalu","datePublished":"2016-11-23T16:29:23+00:00","mainEntityOfPage":{"@id":"https:\/\/sandzakpress.net\/arhiva\/vakufi-za-otpor-kriminalu\/"},"wordCount":993,"commentCount":0,"publisher":{"@id":"https:\/\/sandzakpress.net\/arhiva\/#\/schema\/person\/6e72b67d6e51910a1117b3b483ba20bd"},"image":{"@id":"https:\/\/sandzakpress.net\/arhiva\/vakufi-za-otpor-kriminalu\/#primaryimage"},"thumbnailUrl":"https:\/\/sandzakpress.net\/arhiva\/wp-content\/uploads\/2016\/11\/unnamed-1-1.jpg","articleSection":["Iz pera na\u0161ih autora"],"inLanguage":"bs-BA","potentialAction":[{"@type":"CommentAction","name":"Comment","target":["https:\/\/sandzakpress.net\/arhiva\/vakufi-za-otpor-kriminalu\/#respond"]}]},{"@type":"WebPage","@id":"https:\/\/sandzakpress.net\/arhiva\/vakufi-za-otpor-kriminalu\/","url":"https:\/\/sandzakpress.net\/arhiva\/vakufi-za-otpor-kriminalu\/","name":"Vakufi za otpor kriminalu","isPartOf":{"@id":"https:\/\/sandzakpress.net\/arhiva\/#website"},"primaryImageOfPage":{"@id":"https:\/\/sandzakpress.net\/arhiva\/vakufi-za-otpor-kriminalu\/#primaryimage"},"image":{"@id":"https:\/\/sandzakpress.net\/arhiva\/vakufi-za-otpor-kriminalu\/#primaryimage"},"thumbnailUrl":"https:\/\/sandzakpress.net\/arhiva\/wp-content\/uploads\/2016\/11\/unnamed-1-1.jpg","datePublished":"2016-11-23T16:29:23+00:00","breadcrumb":{"@id":"https:\/\/sandzakpress.net\/arhiva\/vakufi-za-otpor-kriminalu\/#breadcrumb"},"inLanguage":"bs-BA","potentialAction":[{"@type":"ReadAction","target":["https:\/\/sandzakpress.net\/arhiva\/vakufi-za-otpor-kriminalu\/"]}]},{"@type":"ImageObject","inLanguage":"bs-BA","@id":"https:\/\/sandzakpress.net\/arhiva\/vakufi-za-otpor-kriminalu\/#primaryimage","url":"https:\/\/sandzakpress.net\/arhiva\/wp-content\/uploads\/2016\/11\/unnamed-1-1.jpg","contentUrl":"https:\/\/sandzakpress.net\/arhiva\/wp-content\/uploads\/2016\/11\/unnamed-1-1.jpg","width":714,"height":587},{"@type":"BreadcrumbList","@id":"https:\/\/sandzakpress.net\/arhiva\/vakufi-za-otpor-kriminalu\/#breadcrumb","itemListElement":[{"@type":"ListItem","position":1,"name":"Home","item":"https:\/\/sandzakpress.net\/arhiva\/"},{"@type":"ListItem","position":2,"name":"Vakufi za otpor kriminalu"}]},{"@type":"WebSite","@id":"https:\/\/sandzakpress.net\/arhiva\/#website","url":"https:\/\/sandzakpress.net\/arhiva\/","name":"Sand\u017eak PRESS","description":"Prve elektronske novine u Sand\u017eaku","publisher":{"@id":"https:\/\/sandzakpress.net\/arhiva\/#\/schema\/person\/6e72b67d6e51910a1117b3b483ba20bd"},"potentialAction":[{"@type":"SearchAction","target":{"@type":"EntryPoint","urlTemplate":"https:\/\/sandzakpress.net\/arhiva\/?s={search_term_string}"},"query-input":{"@type":"PropertyValueSpecification","valueRequired":true,"valueName":"search_term_string"}}],"inLanguage":"bs-BA"},{"@type":["Person","Organization"],"@id":"https:\/\/sandzakpress.net\/arhiva\/#\/schema\/person\/6e72b67d6e51910a1117b3b483ba20bd","name":"Kul","image":{"@type":"ImageObject","inLanguage":"bs-BA","@id":"https:\/\/sandzakpress.net\/arhiva\/#\/schema\/person\/image\/","url":"https:\/\/secure.gravatar.com\/avatar\/42263f39aa27ac04c43cab85c280eb2e?s=96&d=mm&r=pg","contentUrl":"https:\/\/secure.gravatar.com\/avatar\/42263f39aa27ac04c43cab85c280eb2e?s=96&d=mm&r=pg","caption":"Kul"},"logo":{"@id":"https:\/\/sandzakpress.net\/arhiva\/#\/schema\/person\/image\/"}},{"@type":"Person","@id":"https:\/\/sandzakpress.net\/arhiva\/#\/schema\/person\/c8baee722073534b583ea7bdb2e36c02","name":"bosniak","image":{"@type":"ImageObject","inLanguage":"bs-BA","@id":"https:\/\/sandzakpress.net\/arhiva\/#\/schema\/person\/image\/","url":"https:\/\/secure.gravatar.com\/avatar\/a04fd330bfe3a36a72a0ad4a6d89fca7?s=96&d=mm&r=pg","contentUrl":"https:\/\/secure.gravatar.com\/avatar\/a04fd330bfe3a36a72a0ad4a6d89fca7?s=96&d=mm&r=pg","caption":"bosniak"},"url":"https:\/\/sandzakpress.net\/arhiva\/author\/bosniak\/"}]}},"_links":{"self":[{"href":"https:\/\/sandzakpress.net\/arhiva\/wp-json\/wp\/v2\/posts\/173482"}],"collection":[{"href":"https:\/\/sandzakpress.net\/arhiva\/wp-json\/wp\/v2\/posts"}],"about":[{"href":"https:\/\/sandzakpress.net\/arhiva\/wp-json\/wp\/v2\/types\/post"}],"author":[{"embeddable":true,"href":"https:\/\/sandzakpress.net\/arhiva\/wp-json\/wp\/v2\/users\/83"}],"replies":[{"embeddable":true,"href":"https:\/\/sandzakpress.net\/arhiva\/wp-json\/wp\/v2\/comments?post=173482"}],"version-history":[{"count":0,"href":"https:\/\/sandzakpress.net\/arhiva\/wp-json\/wp\/v2\/posts\/173482\/revisions"}],"wp:featuredmedia":[{"embeddable":true,"href":"https:\/\/sandzakpress.net\/arhiva\/wp-json\/wp\/v2\/media\/173492"}],"wp:attachment":[{"href":"https:\/\/sandzakpress.net\/arhiva\/wp-json\/wp\/v2\/media?parent=173482"}],"wp:term":[{"taxonomy":"category","embeddable":true,"href":"https:\/\/sandzakpress.net\/arhiva\/wp-json\/wp\/v2\/categories?post=173482"},{"taxonomy":"post_tag","embeddable":true,"href":"https:\/\/sandzakpress.net\/arhiva\/wp-json\/wp\/v2\/tags?post=173482"}],"curies":[{"name":"wp","href":"https:\/\/api.w.org\/{rel}","templated":true}]}}