{"id":173312,"date":"2016-11-21T12:47:29","date_gmt":"2016-11-21T11:47:29","guid":{"rendered":"https:\/\/sandzakpress.net\/arhiva\/?p=173312"},"modified":"2016-11-21T12:47:29","modified_gmt":"2016-11-21T11:47:29","slug":"u-frankfurtu-i-hamburgu-odrzane-manifestacije-povodom-dana-sandzaka-i-dana-drzavnosti-bih","status":"publish","type":"post","link":"https:\/\/sandzakpress.net\/arhiva\/u-frankfurtu-i-hamburgu-odrzane-manifestacije-povodom-dana-sandzaka-i-dana-drzavnosti-bih\/","title":{"rendered":"U Frankfurtu i Hamburgu odr\u017eane manifestacije povodom Dana Sand\u017eaka i Dana dr\u017eavnosti BiH"},"content":{"rendered":"<div>\n<p><img loading=\"lazy\" decoding=\"async\" class=\"alignnone wp-image-27663 size-large\" src=\"http:\/\/sanapress.info\/wp-content\/uploads\/2016\/11\/8-2-1024x681.jpg\" alt=\"8\" width=\"1024\" height=\"681\" \/><\/p>\n<p><strong>Zajednica sand\u017ea\u010dke dijaspore, BKZ Njema\u010dke, BNF i Bo\u0161njaci Frankfurt organizirali su u \u00a0prepunoj sali hotela Sej Sand\u017eak Tribinu povodom 20. novembra Dana Sand\u017eaka, \u201cBo\u0161njaci izme\u0111u asimilacije i integracije\u201d.\u00a0Gosti na tribini bili su: prof. dr. Jahja Fehratovi\u0107, prof. Mithad ef. Mujovi\u0107, prof. dr. Ernes Kala\u010d, dr. Harun Crnovr\u0161anin, hfz. Hilmija ef. Red\u017ei\u0107, Edin ef. Ljaji\u0107, knji\u017eevnica Hanka Hamzagi\u0107 i knji\u017eevnik Husein Ljaji\u0107.<\/strong><\/p>\n<\/div>\n<div>\u00a0<\/div>\n<div>Prisutnima se obratila Aleksandra \u0110or\u0111evi\u0107 generalni konzul Republike Srbije u Frankfurtu koja je \u010destitala blagdan, iskazala zadovoljstvo \u0161to prisustvuje ovom skupu uz rije\u010di da \u0107e u\u010diniti sve \u0161to mo\u017ee da pomogne svim gra\u0111anima Srbije u borbi protiv asimilacije.<\/div>\n<div>\u00a0<\/div>\n<div>\n<p>Zamjenik generalnog konzula BiH Almir Hasanovi\u0107 je poselamio skup i izrazio veliko zadovoljstvo \u0161to je na svom prvom diplomatskom nastupu prisustvovao ba\u0161 ovom skupu ovakvom kulturnom doga\u0111aju.<\/p>\n<p>Mithad ef. Mujovi\u0107 se osvrnuo na zna\u010dajne rije\u010di Sand\u017eaka i pored ostalog osudio napade na pripadnike ZSD-a od strane Regionalne televizije.<\/p>\n<\/div>\n<div>\u00a0<\/div>\n<div>\n<p>Narodni poslanik Dr. Jahja Fehratovi\u0107 govorio o zna\u010daju dana Sand\u017eaka i historijskom zna\u010daju ovog datuma za Bo\u0161njake isti\u010du\u0107i da su na ZAVNOS-u u\u010destvovali i Srbi i Albanci i Crnogorci i da je ovo dan svih nas koji tamo \u017eivimo. On je istakao da su tu viziju iznijeli Rifat Bure\u017eovi\u0107 Tr\u0161o i Selen Vukosavljevi\u0107 no\u0161eni idejom da samo saradnja, pomirenje \u00a0i su\u017eivot naroda mo\u017ee osigurati budu\u0107nost Sand\u017eaka.<\/p>\n<p>Dr. Fehoratovi\u0107 isti\u010de da su istu takvu viziju decenijama proslije, nakon te\u0161kih iskustva 90-tih godina imali su muftija Muamer Zukorli\u0107 sada narodni poslanik i tada\u0161nji premier Republike Srbije Zoran \u0110in\u0111i\u0107 osnivaju\u0107i UNINP kao stub opstanka i sigurnosti ovog prostora.\u00a0 On je tako\u0111er, komentari\u0161u\u0107i najnovija doga\u0111anja istakao da politika pomirenja koju vodi lider BDZ Sand\u017eaka, narodni poslanik Muamer Zukorli\u0107, slijede tu viziju i da za sada tu priliku prepoznaje i Premier Srbije Aleksandra Vu\u010di\u0107.<\/p>\n<\/div>\n<div>\u00a0<\/div>\n<div>Narodni poslanik dr. Fehratovi\u0107 \u00a0se posebno zahvalio Bo\u0161njacima Frankfurta i Njema\u010dke koji su na prethodnim izborima u zna\u010dajnom \u00a0broju podr\u017eali viziju i politike pomirenja koju vodi Zukorli\u0107, isti\u010du\u0107i korektnost generalnog konzulata R. Srbije u Frankfurtu i li\u010dno gospo\u0111i \u0110or\u0111evi\u0107 \u00a0koji su na fer i demokratski na\u010din\u00a0iznijeli izborni proces, nagla\u0161avaju\u0107i da je to obavezalo i dalo legitimitet narodnim poslanicima BDZ Sand\u017eaka da preko odbora za Dijasporu Skup\u0161tine R.Srbije i Ministarstvo obrazovanja da pri konzulatima u mjestima gdje \u00a0\u017eivi zna\u010dajan broj Bo\u0161njaka otvore dopunske \u0161kole nastave na bosanskom jeziku prema ve\u0107 utvr\u0111enim planovima izvo\u0111enja nastave za pripadnike bo\u0161nja\u010dkog naroda.<\/div>\n<div>\n<p>Manifestaciju povodom Druge godi\u0161njice postojanja BKZ-a Njema\u010dke, Dana dr\u017eavnosti BiH i Dana Sand\u017eaka, organizirala je i Bo\u0161nja\u010dka kulturna zajednica Hamburga.<\/p>\n<p>Izvor: SANA<\/p>\n<\/div>\n<div>\n<p><img loading=\"lazy\" decoding=\"async\" class=\"alignnone wp-image-27657 size-large\" src=\"http:\/\/sanapress.info\/wp-content\/uploads\/2016\/11\/1-10-1024x681.jpg\" alt=\"1\" width=\"1024\" height=\"681\" \/> <img loading=\"lazy\" decoding=\"async\" class=\"alignnone wp-image-27658 size-large\" src=\"http:\/\/sanapress.info\/wp-content\/uploads\/2016\/11\/3-7-1024x681.jpg\" alt=\"3\" width=\"1024\" height=\"681\" \/> <img loading=\"lazy\" decoding=\"async\" class=\"alignnone wp-image-27659 size-large\" src=\"http:\/\/sanapress.info\/wp-content\/uploads\/2016\/11\/4-8-1024x681.jpg\" alt=\"4\" width=\"1024\" height=\"681\" \/> <img loading=\"lazy\" decoding=\"async\" class=\"alignnone wp-image-27660 size-large\" src=\"http:\/\/sanapress.info\/wp-content\/uploads\/2016\/11\/5-6-1024x681.jpg\" alt=\"5\" width=\"1024\" height=\"681\" \/> <img loading=\"lazy\" decoding=\"async\" class=\"alignnone wp-image-27661 size-large\" src=\"http:\/\/sanapress.info\/wp-content\/uploads\/2016\/11\/6-4-1024x681.jpg\" alt=\"6\" width=\"1024\" height=\"681\" \/> <img loading=\"lazy\" decoding=\"async\" class=\"alignnone wp-image-27662 size-large\" src=\"http:\/\/sanapress.info\/wp-content\/uploads\/2016\/11\/7-4-1024x681.jpg\" alt=\"7\" width=\"1024\" height=\"681\" \/> <img loading=\"lazy\" decoding=\"async\" class=\"alignnone wp-image-27663 size-large\" src=\"http:\/\/sanapress.info\/wp-content\/uploads\/2016\/11\/8-2-1024x681.jpg\" alt=\"8\" width=\"1024\" height=\"681\" \/> <img loading=\"lazy\" decoding=\"async\" class=\"alignnone wp-image-27664 size-large\" src=\"http:\/\/sanapress.info\/wp-content\/uploads\/2016\/11\/9-2-1024x681.jpg\" alt=\"9\" width=\"1024\" height=\"681\" \/> <img loading=\"lazy\" decoding=\"async\" class=\"alignnone wp-image-27665 size-large\" src=\"http:\/\/sanapress.info\/wp-content\/uploads\/2016\/11\/10-2-1024x681.jpg\" alt=\"10\" width=\"1024\" height=\"681\" \/> <img loading=\"lazy\" decoding=\"async\" class=\"alignnone wp-image-27666 size-large\" src=\"http:\/\/sanapress.info\/wp-content\/uploads\/2016\/11\/11-1-1024x681.jpg\" alt=\"11\" width=\"1024\" height=\"681\" \/><\/p>\n<p>Fotografije sa skupa u Hamburgu:<\/p>\n<p><img loading=\"lazy\" decoding=\"async\" class=\"alignnone wp-image-27668 size-full\" src=\"http:\/\/sanapress.info\/wp-content\/uploads\/2016\/11\/Capture-1.jpg\" alt=\"capture\" width=\"517\" height=\"289\" \/> <img loading=\"lazy\" decoding=\"async\" class=\"alignnone wp-image-27669 size-full\" src=\"http:\/\/sanapress.info\/wp-content\/uploads\/2016\/11\/Capture1.jpg\" alt=\"capture1\" width=\"901\" height=\"574\" \/> <img loading=\"lazy\" decoding=\"async\" class=\"alignnone wp-image-27670 size-full\" src=\"http:\/\/sanapress.info\/wp-content\/uploads\/2016\/11\/Capture2.jpg\" alt=\"capture2\" width=\"886\" height=\"565\" \/> <img loading=\"lazy\" decoding=\"async\" class=\"alignnone wp-image-27671 size-full\" src=\"http:\/\/sanapress.info\/wp-content\/uploads\/2016\/11\/Capture3.jpg\" alt=\"capture3\" width=\"902\" height=\"572\" \/> <img loading=\"lazy\" decoding=\"async\" class=\"alignnone wp-image-27672 size-full\" src=\"http:\/\/sanapress.info\/wp-content\/uploads\/2016\/11\/Capture4.jpg\" alt=\"capture4\" width=\"900\" height=\"563\" \/><\/p>\n<\/div>\n<div>\u00a0<\/div>\n","protected":false},"excerpt":{"rendered":"<p>Zajednica sand\u017ea\u010dke dijaspore, BKZ Njema\u010dke, BNF i Bo\u0161njaci Frankfurt organizirali su u \u00a0prepunoj sali hotela Sej Sand\u017eak Tribinu povodom 20. novembra Dana Sand\u017eaka, \u201cBo\u0161njaci izme\u0111u asimilacije i integracije\u201d.\u00a0Gosti na tribini bili su: prof. dr. Jahja Fehratovi\u0107, prof. Mithad ef. Mujovi\u0107, prof. dr. Ernes Kala\u010d, dr. Harun Crnovr\u0161anin, hfz. Hilmija ef. Red\u017ei\u0107, Edin ef. Ljaji\u0107, knji\u017eevnica [&hellip;]<\/p>\n","protected":false},"author":83,"featured_media":173313,"comment_status":"open","ping_status":"open","sticky":false,"template":"","format":"standard","meta":{"footnotes":""},"categories":[800,9538,8957],"tags":[],"class_list":{"0":"post-173312","1":"post","2":"type-post","3":"status-publish","4":"format-standard","5":"has-post-thumbnail","7":"category-nacija","8":"category-njemacka-dijaspora-gradovi-vase-vijesti","9":"category-vijesti-dana"},"yoast_head":"<!-- This site is optimized with the Yoast SEO Premium plugin v23.1 (Yoast SEO v24.9) - https:\/\/yoast.com\/wordpress\/plugins\/seo\/ -->\n<title>U Frankfurtu i Hamburgu odr\u017eane manifestacije povodom Dana Sand\u017eaka i Dana dr\u017eavnosti BiH<\/title>\n<meta name=\"robots\" content=\"index, follow, max-snippet:-1, max-image-preview:large, max-video-preview:-1\" \/>\n<link rel=\"canonical\" href=\"https:\/\/sandzakpress.net\/arhiva\/u-frankfurtu-i-hamburgu-odrzane-manifestacije-povodom-dana-sandzaka-i-dana-drzavnosti-bih\/\" \/>\n<meta property=\"og:locale\" content=\"bs_BA\" \/>\n<meta property=\"og:type\" content=\"article\" \/>\n<meta property=\"og:title\" content=\"U Frankfurtu i Hamburgu odr\u017eane manifestacije povodom Dana Sand\u017eaka i Dana dr\u017eavnosti BiH\" \/>\n<meta property=\"og:description\" content=\"Zajednica sand\u017ea\u010dke dijaspore, BKZ Njema\u010dke, BNF i Bo\u0161njaci Frankfurt organizirali su u \u00a0prepunoj sali hotela Sej Sand\u017eak Tribinu povodom 20. novembra Dana Sand\u017eaka, \u201cBo\u0161njaci izme\u0111u asimilacije i integracije\u201d.\u00a0Gosti na tribini bili su: prof. dr. Jahja Fehratovi\u0107, prof. Mithad ef. Mujovi\u0107, prof. dr. Ernes Kala\u010d, dr. Harun Crnovr\u0161anin, hfz. Hilmija ef. Red\u017ei\u0107, Edin ef. Ljaji\u0107, knji\u017eevnica [&hellip;]\" \/>\n<meta property=\"og:url\" content=\"https:\/\/sandzakpress.net\/arhiva\/u-frankfurtu-i-hamburgu-odrzane-manifestacije-povodom-dana-sandzaka-i-dana-drzavnosti-bih\/\" \/>\n<meta property=\"og:site_name\" content=\"Sand\u017eak PRESS\" \/>\n<meta property=\"article:published_time\" content=\"2016-11-21T11:47:29+00:00\" \/>\n<meta property=\"og:image\" content=\"https:\/\/sandzakpress.net\/arhiva\/wp-content\/uploads\/2016\/11\/8-2-1024x681.jpg\" \/>\n\t<meta property=\"og:image:width\" content=\"1024\" \/>\n\t<meta property=\"og:image:height\" content=\"681\" \/>\n\t<meta property=\"og:image:type\" content=\"image\/jpeg\" \/>\n<meta name=\"author\" content=\"bosniak\" \/>\n<meta name=\"twitter:card\" content=\"summary_large_image\" \/>\n<meta name=\"twitter:label1\" content=\"Written by\" \/>\n\t<meta name=\"twitter:data1\" content=\"bosniak\" \/>\n\t<meta name=\"twitter:label2\" content=\"Est. reading time\" \/>\n\t<meta name=\"twitter:data2\" content=\"2 minute\" \/>\n<script type=\"application\/ld+json\" class=\"yoast-schema-graph\">{\"@context\":\"https:\/\/schema.org\",\"@graph\":[{\"@type\":\"Article\",\"@id\":\"https:\/\/sandzakpress.net\/arhiva\/u-frankfurtu-i-hamburgu-odrzane-manifestacije-povodom-dana-sandzaka-i-dana-drzavnosti-bih\/#article\",\"isPartOf\":{\"@id\":\"https:\/\/sandzakpress.net\/arhiva\/u-frankfurtu-i-hamburgu-odrzane-manifestacije-povodom-dana-sandzaka-i-dana-drzavnosti-bih\/\"},\"author\":{\"name\":\"bosniak\",\"@id\":\"https:\/\/sandzakpress.net\/arhiva\/#\/schema\/person\/c8baee722073534b583ea7bdb2e36c02\"},\"headline\":\"U Frankfurtu i Hamburgu odr\u017eane manifestacije povodom Dana Sand\u017eaka i Dana dr\u017eavnosti BiH\",\"datePublished\":\"2016-11-21T11:47:29+00:00\",\"mainEntityOfPage\":{\"@id\":\"https:\/\/sandzakpress.net\/arhiva\/u-frankfurtu-i-hamburgu-odrzane-manifestacije-povodom-dana-sandzaka-i-dana-drzavnosti-bih\/\"},\"wordCount\":500,\"commentCount\":2,\"publisher\":{\"@id\":\"https:\/\/sandzakpress.net\/arhiva\/#\/schema\/person\/6e72b67d6e51910a1117b3b483ba20bd\"},\"image\":{\"@id\":\"https:\/\/sandzakpress.net\/arhiva\/u-frankfurtu-i-hamburgu-odrzane-manifestacije-povodom-dana-sandzaka-i-dana-drzavnosti-bih\/#primaryimage\"},\"thumbnailUrl\":\"https:\/\/sandzakpress.net\/arhiva\/wp-content\/uploads\/2016\/11\/8-2-1024x681.jpg\",\"articleSection\":[\"Nacija\",\"Njema\u010dka\",\"VIJESTI DANA\"],\"inLanguage\":\"bs-BA\",\"potentialAction\":[{\"@type\":\"CommentAction\",\"name\":\"Comment\",\"target\":[\"https:\/\/sandzakpress.net\/arhiva\/u-frankfurtu-i-hamburgu-odrzane-manifestacije-povodom-dana-sandzaka-i-dana-drzavnosti-bih\/#respond\"]}]},{\"@type\":\"WebPage\",\"@id\":\"https:\/\/sandzakpress.net\/arhiva\/u-frankfurtu-i-hamburgu-odrzane-manifestacije-povodom-dana-sandzaka-i-dana-drzavnosti-bih\/\",\"url\":\"https:\/\/sandzakpress.net\/arhiva\/u-frankfurtu-i-hamburgu-odrzane-manifestacije-povodom-dana-sandzaka-i-dana-drzavnosti-bih\/\",\"name\":\"U Frankfurtu i Hamburgu odr\u017eane manifestacije povodom Dana Sand\u017eaka i Dana dr\u017eavnosti BiH\",\"isPartOf\":{\"@id\":\"https:\/\/sandzakpress.net\/arhiva\/#website\"},\"primaryImageOfPage\":{\"@id\":\"https:\/\/sandzakpress.net\/arhiva\/u-frankfurtu-i-hamburgu-odrzane-manifestacije-povodom-dana-sandzaka-i-dana-drzavnosti-bih\/#primaryimage\"},\"image\":{\"@id\":\"https:\/\/sandzakpress.net\/arhiva\/u-frankfurtu-i-hamburgu-odrzane-manifestacije-povodom-dana-sandzaka-i-dana-drzavnosti-bih\/#primaryimage\"},\"thumbnailUrl\":\"https:\/\/sandzakpress.net\/arhiva\/wp-content\/uploads\/2016\/11\/8-2-1024x681.jpg\",\"datePublished\":\"2016-11-21T11:47:29+00:00\",\"breadcrumb\":{\"@id\":\"https:\/\/sandzakpress.net\/arhiva\/u-frankfurtu-i-hamburgu-odrzane-manifestacije-povodom-dana-sandzaka-i-dana-drzavnosti-bih\/#breadcrumb\"},\"inLanguage\":\"bs-BA\",\"potentialAction\":[{\"@type\":\"ReadAction\",\"target\":[\"https:\/\/sandzakpress.net\/arhiva\/u-frankfurtu-i-hamburgu-odrzane-manifestacije-povodom-dana-sandzaka-i-dana-drzavnosti-bih\/\"]}]},{\"@type\":\"ImageObject\",\"inLanguage\":\"bs-BA\",\"@id\":\"https:\/\/sandzakpress.net\/arhiva\/u-frankfurtu-i-hamburgu-odrzane-manifestacije-povodom-dana-sandzaka-i-dana-drzavnosti-bih\/#primaryimage\",\"url\":\"https:\/\/sandzakpress.net\/arhiva\/wp-content\/uploads\/2016\/11\/8-2-1024x681.jpg\",\"contentUrl\":\"https:\/\/sandzakpress.net\/arhiva\/wp-content\/uploads\/2016\/11\/8-2-1024x681.jpg\",\"width\":1024,\"height\":681},{\"@type\":\"BreadcrumbList\",\"@id\":\"https:\/\/sandzakpress.net\/arhiva\/u-frankfurtu-i-hamburgu-odrzane-manifestacije-povodom-dana-sandzaka-i-dana-drzavnosti-bih\/#breadcrumb\",\"itemListElement\":[{\"@type\":\"ListItem\",\"position\":1,\"name\":\"Home\",\"item\":\"https:\/\/sandzakpress.net\/arhiva\/\"},{\"@type\":\"ListItem\",\"position\":2,\"name\":\"U Frankfurtu i Hamburgu odr\u017eane manifestacije povodom Dana Sand\u017eaka i Dana dr\u017eavnosti BiH\"}]},{\"@type\":\"WebSite\",\"@id\":\"https:\/\/sandzakpress.net\/arhiva\/#website\",\"url\":\"https:\/\/sandzakpress.net\/arhiva\/\",\"name\":\"Sand\u017eak PRESS\",\"description\":\"Prve elektronske novine u Sand\u017eaku\",\"publisher\":{\"@id\":\"https:\/\/sandzakpress.net\/arhiva\/#\/schema\/person\/6e72b67d6e51910a1117b3b483ba20bd\"},\"potentialAction\":[{\"@type\":\"SearchAction\",\"target\":{\"@type\":\"EntryPoint\",\"urlTemplate\":\"https:\/\/sandzakpress.net\/arhiva\/?s={search_term_string}\"},\"query-input\":{\"@type\":\"PropertyValueSpecification\",\"valueRequired\":true,\"valueName\":\"search_term_string\"}}],\"inLanguage\":\"bs-BA\"},{\"@type\":[\"Person\",\"Organization\"],\"@id\":\"https:\/\/sandzakpress.net\/arhiva\/#\/schema\/person\/6e72b67d6e51910a1117b3b483ba20bd\",\"name\":\"Kul\",\"image\":{\"@type\":\"ImageObject\",\"inLanguage\":\"bs-BA\",\"@id\":\"https:\/\/sandzakpress.net\/arhiva\/#\/schema\/person\/image\/\",\"url\":\"https:\/\/secure.gravatar.com\/avatar\/42263f39aa27ac04c43cab85c280eb2e?s=96&d=mm&r=pg\",\"contentUrl\":\"https:\/\/secure.gravatar.com\/avatar\/42263f39aa27ac04c43cab85c280eb2e?s=96&d=mm&r=pg\",\"caption\":\"Kul\"},\"logo\":{\"@id\":\"https:\/\/sandzakpress.net\/arhiva\/#\/schema\/person\/image\/\"}},{\"@type\":\"Person\",\"@id\":\"https:\/\/sandzakpress.net\/arhiva\/#\/schema\/person\/c8baee722073534b583ea7bdb2e36c02\",\"name\":\"bosniak\",\"image\":{\"@type\":\"ImageObject\",\"inLanguage\":\"bs-BA\",\"@id\":\"https:\/\/sandzakpress.net\/arhiva\/#\/schema\/person\/image\/\",\"url\":\"https:\/\/secure.gravatar.com\/avatar\/a04fd330bfe3a36a72a0ad4a6d89fca7?s=96&d=mm&r=pg\",\"contentUrl\":\"https:\/\/secure.gravatar.com\/avatar\/a04fd330bfe3a36a72a0ad4a6d89fca7?s=96&d=mm&r=pg\",\"caption\":\"bosniak\"},\"url\":\"https:\/\/sandzakpress.net\/arhiva\/author\/bosniak\/\"}]}<\/script>\n<!-- \/ Yoast SEO Premium plugin. -->","yoast_head_json":{"title":"U Frankfurtu i Hamburgu odr\u017eane manifestacije povodom Dana Sand\u017eaka i Dana dr\u017eavnosti BiH","robots":{"index":"index","follow":"follow","max-snippet":"max-snippet:-1","max-image-preview":"max-image-preview:large","max-video-preview":"max-video-preview:-1"},"canonical":"https:\/\/sandzakpress.net\/arhiva\/u-frankfurtu-i-hamburgu-odrzane-manifestacije-povodom-dana-sandzaka-i-dana-drzavnosti-bih\/","og_locale":"bs_BA","og_type":"article","og_title":"U Frankfurtu i Hamburgu odr\u017eane manifestacije povodom Dana Sand\u017eaka i Dana dr\u017eavnosti BiH","og_description":"Zajednica sand\u017ea\u010dke dijaspore, BKZ Njema\u010dke, BNF i Bo\u0161njaci Frankfurt organizirali su u \u00a0prepunoj sali hotela Sej Sand\u017eak Tribinu povodom 20. novembra Dana Sand\u017eaka, \u201cBo\u0161njaci izme\u0111u asimilacije i integracije\u201d.\u00a0Gosti na tribini bili su: prof. dr. Jahja Fehratovi\u0107, prof. Mithad ef. Mujovi\u0107, prof. dr. Ernes Kala\u010d, dr. Harun Crnovr\u0161anin, hfz. Hilmija ef. Red\u017ei\u0107, Edin ef. Ljaji\u0107, knji\u017eevnica [&hellip;]","og_url":"https:\/\/sandzakpress.net\/arhiva\/u-frankfurtu-i-hamburgu-odrzane-manifestacije-povodom-dana-sandzaka-i-dana-drzavnosti-bih\/","og_site_name":"Sand\u017eak PRESS","article_published_time":"2016-11-21T11:47:29+00:00","og_image":[{"width":1024,"height":681,"url":"https:\/\/sandzakpress.net\/arhiva\/wp-content\/uploads\/2016\/11\/8-2-1024x681.jpg","type":"image\/jpeg"}],"author":"bosniak","twitter_card":"summary_large_image","twitter_misc":{"Written by":"bosniak","Est. reading time":"2 minute"},"schema":{"@context":"https:\/\/schema.org","@graph":[{"@type":"Article","@id":"https:\/\/sandzakpress.net\/arhiva\/u-frankfurtu-i-hamburgu-odrzane-manifestacije-povodom-dana-sandzaka-i-dana-drzavnosti-bih\/#article","isPartOf":{"@id":"https:\/\/sandzakpress.net\/arhiva\/u-frankfurtu-i-hamburgu-odrzane-manifestacije-povodom-dana-sandzaka-i-dana-drzavnosti-bih\/"},"author":{"name":"bosniak","@id":"https:\/\/sandzakpress.net\/arhiva\/#\/schema\/person\/c8baee722073534b583ea7bdb2e36c02"},"headline":"U Frankfurtu i Hamburgu odr\u017eane manifestacije povodom Dana Sand\u017eaka i Dana dr\u017eavnosti BiH","datePublished":"2016-11-21T11:47:29+00:00","mainEntityOfPage":{"@id":"https:\/\/sandzakpress.net\/arhiva\/u-frankfurtu-i-hamburgu-odrzane-manifestacije-povodom-dana-sandzaka-i-dana-drzavnosti-bih\/"},"wordCount":500,"commentCount":2,"publisher":{"@id":"https:\/\/sandzakpress.net\/arhiva\/#\/schema\/person\/6e72b67d6e51910a1117b3b483ba20bd"},"image":{"@id":"https:\/\/sandzakpress.net\/arhiva\/u-frankfurtu-i-hamburgu-odrzane-manifestacije-povodom-dana-sandzaka-i-dana-drzavnosti-bih\/#primaryimage"},"thumbnailUrl":"https:\/\/sandzakpress.net\/arhiva\/wp-content\/uploads\/2016\/11\/8-2-1024x681.jpg","articleSection":["Nacija","Njema\u010dka","VIJESTI DANA"],"inLanguage":"bs-BA","potentialAction":[{"@type":"CommentAction","name":"Comment","target":["https:\/\/sandzakpress.net\/arhiva\/u-frankfurtu-i-hamburgu-odrzane-manifestacije-povodom-dana-sandzaka-i-dana-drzavnosti-bih\/#respond"]}]},{"@type":"WebPage","@id":"https:\/\/sandzakpress.net\/arhiva\/u-frankfurtu-i-hamburgu-odrzane-manifestacije-povodom-dana-sandzaka-i-dana-drzavnosti-bih\/","url":"https:\/\/sandzakpress.net\/arhiva\/u-frankfurtu-i-hamburgu-odrzane-manifestacije-povodom-dana-sandzaka-i-dana-drzavnosti-bih\/","name":"U Frankfurtu i Hamburgu odr\u017eane manifestacije povodom Dana Sand\u017eaka i Dana dr\u017eavnosti BiH","isPartOf":{"@id":"https:\/\/sandzakpress.net\/arhiva\/#website"},"primaryImageOfPage":{"@id":"https:\/\/sandzakpress.net\/arhiva\/u-frankfurtu-i-hamburgu-odrzane-manifestacije-povodom-dana-sandzaka-i-dana-drzavnosti-bih\/#primaryimage"},"image":{"@id":"https:\/\/sandzakpress.net\/arhiva\/u-frankfurtu-i-hamburgu-odrzane-manifestacije-povodom-dana-sandzaka-i-dana-drzavnosti-bih\/#primaryimage"},"thumbnailUrl":"https:\/\/sandzakpress.net\/arhiva\/wp-content\/uploads\/2016\/11\/8-2-1024x681.jpg","datePublished":"2016-11-21T11:47:29+00:00","breadcrumb":{"@id":"https:\/\/sandzakpress.net\/arhiva\/u-frankfurtu-i-hamburgu-odrzane-manifestacije-povodom-dana-sandzaka-i-dana-drzavnosti-bih\/#breadcrumb"},"inLanguage":"bs-BA","potentialAction":[{"@type":"ReadAction","target":["https:\/\/sandzakpress.net\/arhiva\/u-frankfurtu-i-hamburgu-odrzane-manifestacije-povodom-dana-sandzaka-i-dana-drzavnosti-bih\/"]}]},{"@type":"ImageObject","inLanguage":"bs-BA","@id":"https:\/\/sandzakpress.net\/arhiva\/u-frankfurtu-i-hamburgu-odrzane-manifestacije-povodom-dana-sandzaka-i-dana-drzavnosti-bih\/#primaryimage","url":"https:\/\/sandzakpress.net\/arhiva\/wp-content\/uploads\/2016\/11\/8-2-1024x681.jpg","contentUrl":"https:\/\/sandzakpress.net\/arhiva\/wp-content\/uploads\/2016\/11\/8-2-1024x681.jpg","width":1024,"height":681},{"@type":"BreadcrumbList","@id":"https:\/\/sandzakpress.net\/arhiva\/u-frankfurtu-i-hamburgu-odrzane-manifestacije-povodom-dana-sandzaka-i-dana-drzavnosti-bih\/#breadcrumb","itemListElement":[{"@type":"ListItem","position":1,"name":"Home","item":"https:\/\/sandzakpress.net\/arhiva\/"},{"@type":"ListItem","position":2,"name":"U Frankfurtu i Hamburgu odr\u017eane manifestacije povodom Dana Sand\u017eaka i Dana dr\u017eavnosti BiH"}]},{"@type":"WebSite","@id":"https:\/\/sandzakpress.net\/arhiva\/#website","url":"https:\/\/sandzakpress.net\/arhiva\/","name":"Sand\u017eak PRESS","description":"Prve elektronske novine u Sand\u017eaku","publisher":{"@id":"https:\/\/sandzakpress.net\/arhiva\/#\/schema\/person\/6e72b67d6e51910a1117b3b483ba20bd"},"potentialAction":[{"@type":"SearchAction","target":{"@type":"EntryPoint","urlTemplate":"https:\/\/sandzakpress.net\/arhiva\/?s={search_term_string}"},"query-input":{"@type":"PropertyValueSpecification","valueRequired":true,"valueName":"search_term_string"}}],"inLanguage":"bs-BA"},{"@type":["Person","Organization"],"@id":"https:\/\/sandzakpress.net\/arhiva\/#\/schema\/person\/6e72b67d6e51910a1117b3b483ba20bd","name":"Kul","image":{"@type":"ImageObject","inLanguage":"bs-BA","@id":"https:\/\/sandzakpress.net\/arhiva\/#\/schema\/person\/image\/","url":"https:\/\/secure.gravatar.com\/avatar\/42263f39aa27ac04c43cab85c280eb2e?s=96&d=mm&r=pg","contentUrl":"https:\/\/secure.gravatar.com\/avatar\/42263f39aa27ac04c43cab85c280eb2e?s=96&d=mm&r=pg","caption":"Kul"},"logo":{"@id":"https:\/\/sandzakpress.net\/arhiva\/#\/schema\/person\/image\/"}},{"@type":"Person","@id":"https:\/\/sandzakpress.net\/arhiva\/#\/schema\/person\/c8baee722073534b583ea7bdb2e36c02","name":"bosniak","image":{"@type":"ImageObject","inLanguage":"bs-BA","@id":"https:\/\/sandzakpress.net\/arhiva\/#\/schema\/person\/image\/","url":"https:\/\/secure.gravatar.com\/avatar\/a04fd330bfe3a36a72a0ad4a6d89fca7?s=96&d=mm&r=pg","contentUrl":"https:\/\/secure.gravatar.com\/avatar\/a04fd330bfe3a36a72a0ad4a6d89fca7?s=96&d=mm&r=pg","caption":"bosniak"},"url":"https:\/\/sandzakpress.net\/arhiva\/author\/bosniak\/"}]}},"_links":{"self":[{"href":"https:\/\/sandzakpress.net\/arhiva\/wp-json\/wp\/v2\/posts\/173312"}],"collection":[{"href":"https:\/\/sandzakpress.net\/arhiva\/wp-json\/wp\/v2\/posts"}],"about":[{"href":"https:\/\/sandzakpress.net\/arhiva\/wp-json\/wp\/v2\/types\/post"}],"author":[{"embeddable":true,"href":"https:\/\/sandzakpress.net\/arhiva\/wp-json\/wp\/v2\/users\/83"}],"replies":[{"embeddable":true,"href":"https:\/\/sandzakpress.net\/arhiva\/wp-json\/wp\/v2\/comments?post=173312"}],"version-history":[{"count":0,"href":"https:\/\/sandzakpress.net\/arhiva\/wp-json\/wp\/v2\/posts\/173312\/revisions"}],"wp:featuredmedia":[{"embeddable":true,"href":"https:\/\/sandzakpress.net\/arhiva\/wp-json\/wp\/v2\/media\/173313"}],"wp:attachment":[{"href":"https:\/\/sandzakpress.net\/arhiva\/wp-json\/wp\/v2\/media?parent=173312"}],"wp:term":[{"taxonomy":"category","embeddable":true,"href":"https:\/\/sandzakpress.net\/arhiva\/wp-json\/wp\/v2\/categories?post=173312"},{"taxonomy":"post_tag","embeddable":true,"href":"https:\/\/sandzakpress.net\/arhiva\/wp-json\/wp\/v2\/tags?post=173312"}],"curies":[{"name":"wp","href":"https:\/\/api.w.org\/{rel}","templated":true}]}}