{"id":172867,"date":"2016-11-14T16:53:04","date_gmt":"2016-11-14T15:53:04","guid":{"rendered":"https:\/\/sandzakpress.net\/arhiva\/?p=172867"},"modified":"2016-11-14T16:53:04","modified_gmt":"2016-11-14T15:53:04","slug":"dio-osvrta-na-stanje-u-novom-pazaru","status":"publish","type":"post","link":"https:\/\/sandzakpress.net\/arhiva\/dio-osvrta-na-stanje-u-novom-pazaru\/","title":{"rendered":"Dio osvrta na stanje u Novom Pazaru"},"content":{"rendered":"<p><img loading=\"lazy\" decoding=\"async\" class=\"aligncenter size-full wp-image-172901\" src=\"https:\/\/sandzakpress.net\/arhiva\/wp-content\/uploads\/2016\/11\/625443_429697150477231_495889559_n.jpg\" alt=\"625443_429697150477231_495889559_n\" width=\"600\" height=\"398\" \/><br \/>Kako koji dan sve vise sam ubije\u0111en u ideje koje sam predlo\u017eio.Velika potreba tramvaj prevoza od Kru\u0161eva\u010dkog mosta do De\u017eeve i od Po\u017eege do Banje. Tako\u0111e parking ispod trga i pijace i podzemnog grada u pravcu od trga do na vrh \u010darsije gdje bi saobra\u0107aj se odvijao ispod sada\u0161njih saobra\u0107ajnica a gore iznad bila pje\u0161a\u010dka zona.<\/p>\n<p>Nadam se da \u0107e in sa Allah ova vlast pasti ubrzo ili \u0107emo je natjerati da realizuje ovakve projekte. Nadamo se da ce im biti prioriteti ure\u0111ivanje ulica ali kako treba i to po\u010dev\u0161i od samog centra a ne da moramo lomiti auta i praviti trapove svako 5 mjeseci. Njihova pri\u010da i petljavina je oko Islamskog fakulteta i Internacionalnog univerziteta i na takav nacin zamajavaju gra\u0111ane i proti\u010de vrijeme. Svaku no\u0107 na jadnu televiziju koja se zove Regionalna, samo mla\u0107enje slame. Uzmem daljinski i prebacim kanal i vazda se pokajem.Haj sve mislim promijenili \u0161emu i program. Pogledam po nekad pi\u0161e vjerski program. Ja bih ga nazvao Zvjerski program. Tobe Ja Rabbi. Vidim onu voditeljku stidi se i komi\u0161a se jer zna sirota da la\u017ee. Na toj TV je lahko prepoznati i razdvojiti kad la\u017eu kad je istina.Samo pogledajte kad spiker koluta o\u010dima, uvija se i komi\u0161a se. D\u017eaba otima im se i moraju za platu.<\/p>\n<p>Otidite do bolnice .Ima po\u0161tenih i ljubaznih ljudi a ima i naopakih. Naopaki budu najvi\u0161e oni koji su najodgovorniji. Allah je dao prije neki dan sam bio u bolnici da posjetim jednog brata. Pozvao me na\u010delnik jednog odjeljenja pa smo otvorili pri\u010du oko bolesti ovog na\u0161eg brata. Po\u010deo sam mu pri\u010dati tretman u Beogradu na klini\u010dkom centru. To sam tek onako pomenuo i htio da izadjem da ga ne ometam u poslu. Insistirao je da mu pri\u010dam. Pri\u010dao sam mu istinu koja je njemu izgledala kao bajka. \u010cudio se tretmanu ljubazno\u0161\u0107u i odnosu u Beogradu a da nisam dao ni jedan dinar mita.<\/p>\n<p> \u010cak su bili toliko ljubazni kao da sam im svoje. \u017dena mi je bila na porodjaju. Po\u0161to je pokrivena svi specijalisti koji su do\u0161li da je pregledaju bili su \u017eene.U sali za porodjaj sve su bile \u017eene njih pet. Mu\u0161ki ljekar je htio da udje u sobu sestra mu je rekla da tu le\u017ei pokrivena \u017eena i nije u\u0161ao.U kuhinji u bolnici pacijenti imaju pravo da spremaju sebi hranu koja im odgovara.Imali su da izaberu raznog vo\u0107a i povr\u0107a, jogurta i mlijeka i svega raznog. Klanjala je svaki namaz i niko joj nije progovorio ni rije\u010d. <\/p>\n<p>Jedan veliki problem i parola je u Pazarskoj bolnici. Jednom carski uvijek carski. U Beogradu su se \u010dudili tom kasapljenju pacijenata i rekli da to nije u redu.\u010cudio se doktor i nije mi dao da izadjem nego je tra\u017eio da mu pri\u010dam sve.<\/p>\n<p>Ispri\u010dao sam mu de\u0161avanja u Pazarskom porodili\u0161tu.Pohvalio sam neke ljekare i osoblje ali sam mu i iznio neke detalje gdje su se neki ljekari koji su i had\u017eije drali na sred hodnika i pokrivene \u017eene nazivali sektom i prisiljavali ih da ih ginekolo\u0161ki pregledaju mu\u0161karci i na takav na\u010din ih poni\u017eavaju.Malo je to bilo nego jedan mu\u0161karac ljekar je pregleda bez mu\u017ea i prisustva pa uvede jo\u0161 dvoicu.Ljekar po prezimenu Le\u0161evi\u0107 je naro\u010dito volio da upada na preglede\u00a0\u017eena muslimanki. Taj je sad reko\u0161e u penziji ali ga i dalje preporu\u010duju da radi kiretaze i ostale stvari koje su ne\u010dasne. Neke medicinske sestre su tjerale tek poro\u0111ene zene da se penju na krevet sa ranom i da se hipkaju a nemaju snage ni da hodaju.\u017dalosno je da se u \u0161ok sobi dozvoljava da se pu\u0161i.Moramo i spomenuti da nave\u010de kad se ugasi svjetlo da bube idu uz zid.Li\u010dno sam bio prisutan kad je mi\u0161 do\u0161ao u kantu za sme\u0107e vidio ima li \u0161ta i iza\u0161ao iz sobe.<\/p>\n<p>Doktor se \u010dudio \u0161ta mu pri\u010dam. Rekao sam mu da ja nisam do\u0161ao kao sudija ili neko ko ce da dr\u017ei ders nekom ali su stvari lo\u0161e.Ispri\u010dao sam mu i tezu da kada pacijent ne \u017eeli da se tu lije\u010di da ima pravo sirom zemlje da se lije\u010di gdje god hoce jer ljekari u Pazaru ne daju uput tek tako.Doktor je to potvrdio a meni su u Beogradu i Kragujevcu rekli tako.<\/p>\n<p>Ovo pi\u0161em kako bi ljudi znali sta da rade i koja prava imaju.Napustio sam kancelariju i oti\u0161ao.<\/p>\n<p>\u010cuo sam ve\u0107 sjutradan kako na\u010delnik tog odjeljenja sprovodi reforme.Neki ljekari koji su uzeli mito vratili su pacijentima a i po\u010deo je neki red.Drago mi je sto sam to \u010duo i drago mi je da je taj ljekar \u010duv\u0161i moju pri\u010du po\u010deo da radi na imid\u017eu njegovog odjeljenja.Molim Allaha da ga pomogne u tome.<\/p>\n<p>Ovo sve pi\u0161em u svrhu pobolj\u0161anja \u017eivota u ovom gradu.Neka vlast uzme u svoje ruke da radi svakodnevno stvari koje su za dobrobit ovoga naroda a ne da im servis njihove TV bude svaku no\u0107 bla\u0107enje muftije i njegovih saradnika.Ako budu bri\u017eno radili to zna\u010di da ne\u0107e biti dokoni a to zna\u010di da im ne\u0107e biti jedina briga svjetiljka koja se zove Islamski fakultet ili Internacionalni univerzitet.<\/p>\n<p> Od tolikog posla ne\u0107e ih ni primijetiti.Ne bi bilo lo\u0161e da se pobrinu i za besku\u0107nike i za one koji nemaju drva,koji nemaju hrane, djeci koja nemaju knjige a takodje za\u0161to do sad nisu dali stipendije za studente FIS-a a imaju bud\u017eet za to.<\/p>\n<p>Poziv studentima FIS a i ostalih fakulteta da podnesu zahtjeve za stipendije gradskoj upravi.To je na\u0161 grad bez obzira ko rukovodi njim trenutno. Imali bi o cemu pisati i kakvo je stanje ali je dovoljno. To se u glavnom zna i vidi.Ne smijemo biti pored ociju slijepi i zatvarati oci na nepravdi.Zato braco moja i sestre,sugradjani i ostali poziv na pokret i na pritisak vlasti da rade odgovorno svoj posao.<\/p>\n<p>Nedostatak vode ne\u0107u ni da spominjem to je uobi\u010dajena navika.Molim Allaha da da svako dobro svim dobronamjernim a ostale da uputi istinskom uputom, da pomogne nase predvodnike da u\u010dvrsti na\u0161e safove u svrhu podsticanja na dobro i odvra\u0107anja od zla.<\/p>\n<p>Autor: Edis Pa\u010dariz<\/p>\n","protected":false},"excerpt":{"rendered":"<p>Edis Pa\u010dariz<\/p>\n","protected":false},"author":83,"featured_media":172901,"comment_status":"open","ping_status":"open","sticky":false,"template":"","format":"standard","meta":{"footnotes":""},"categories":[72,10196,16],"tags":[],"class_list":{"0":"post-172867","1":"post","2":"type-post","3":"status-publish","4":"format-standard","5":"has-post-thumbnail","7":"category-novi-pazar","8":"category-iz-pera-nasih-autora","9":"category-novine"},"yoast_head":"<!-- This site is optimized with the Yoast SEO Premium plugin v23.1 (Yoast SEO v24.9) - https:\/\/yoast.com\/wordpress\/plugins\/seo\/ -->\n<title>Dio osvrta na stanje u Novom Pazaru<\/title>\n<meta name=\"robots\" content=\"index, follow, max-snippet:-1, max-image-preview:large, max-video-preview:-1\" \/>\n<link rel=\"canonical\" href=\"https:\/\/sandzakpress.net\/arhiva\/dio-osvrta-na-stanje-u-novom-pazaru\/\" \/>\n<meta property=\"og:locale\" content=\"bs_BA\" \/>\n<meta property=\"og:type\" content=\"article\" \/>\n<meta property=\"og:title\" content=\"Dio osvrta na stanje u Novom Pazaru\" \/>\n<meta property=\"og:description\" content=\"Edis Pa\u010dariz\" \/>\n<meta property=\"og:url\" content=\"https:\/\/sandzakpress.net\/arhiva\/dio-osvrta-na-stanje-u-novom-pazaru\/\" \/>\n<meta property=\"og:site_name\" content=\"Sand\u017eak PRESS\" \/>\n<meta property=\"article:published_time\" content=\"2016-11-14T15:53:04+00:00\" \/>\n<meta property=\"og:image\" content=\"https:\/\/sandzakpress.net\/arhiva\/wp-content\/uploads\/2016\/11\/625443_429697150477231_495889559_n.jpg\" \/>\n\t<meta property=\"og:image:width\" content=\"600\" \/>\n\t<meta property=\"og:image:height\" content=\"398\" \/>\n\t<meta property=\"og:image:type\" content=\"image\/jpeg\" \/>\n<meta name=\"author\" content=\"bosniak\" \/>\n<meta name=\"twitter:card\" content=\"summary_large_image\" \/>\n<meta name=\"twitter:label1\" content=\"Written by\" \/>\n\t<meta name=\"twitter:data1\" content=\"bosniak\" \/>\n\t<meta name=\"twitter:label2\" content=\"Est. reading time\" \/>\n\t<meta name=\"twitter:data2\" content=\"6 minuta\" \/>\n<script type=\"application\/ld+json\" class=\"yoast-schema-graph\">{\"@context\":\"https:\/\/schema.org\",\"@graph\":[{\"@type\":\"Article\",\"@id\":\"https:\/\/sandzakpress.net\/arhiva\/dio-osvrta-na-stanje-u-novom-pazaru\/#article\",\"isPartOf\":{\"@id\":\"https:\/\/sandzakpress.net\/arhiva\/dio-osvrta-na-stanje-u-novom-pazaru\/\"},\"author\":{\"name\":\"bosniak\",\"@id\":\"https:\/\/sandzakpress.net\/arhiva\/#\/schema\/person\/c8baee722073534b583ea7bdb2e36c02\"},\"headline\":\"Dio osvrta na stanje u Novom Pazaru\",\"datePublished\":\"2016-11-14T15:53:04+00:00\",\"mainEntityOfPage\":{\"@id\":\"https:\/\/sandzakpress.net\/arhiva\/dio-osvrta-na-stanje-u-novom-pazaru\/\"},\"wordCount\":1123,\"commentCount\":1,\"publisher\":{\"@id\":\"https:\/\/sandzakpress.net\/arhiva\/#\/schema\/person\/6e72b67d6e51910a1117b3b483ba20bd\"},\"image\":{\"@id\":\"https:\/\/sandzakpress.net\/arhiva\/dio-osvrta-na-stanje-u-novom-pazaru\/#primaryimage\"},\"thumbnailUrl\":\"https:\/\/sandzakpress.net\/arhiva\/wp-content\/uploads\/2016\/11\/625443_429697150477231_495889559_n.jpg\",\"articleSection\":[\"Novi Pazar\",\"Iz pera na\u0161ih autora\",\"Novine\"],\"inLanguage\":\"bs-BA\",\"potentialAction\":[{\"@type\":\"CommentAction\",\"name\":\"Comment\",\"target\":[\"https:\/\/sandzakpress.net\/arhiva\/dio-osvrta-na-stanje-u-novom-pazaru\/#respond\"]}]},{\"@type\":\"WebPage\",\"@id\":\"https:\/\/sandzakpress.net\/arhiva\/dio-osvrta-na-stanje-u-novom-pazaru\/\",\"url\":\"https:\/\/sandzakpress.net\/arhiva\/dio-osvrta-na-stanje-u-novom-pazaru\/\",\"name\":\"Dio osvrta na stanje u Novom Pazaru\",\"isPartOf\":{\"@id\":\"https:\/\/sandzakpress.net\/arhiva\/#website\"},\"primaryImageOfPage\":{\"@id\":\"https:\/\/sandzakpress.net\/arhiva\/dio-osvrta-na-stanje-u-novom-pazaru\/#primaryimage\"},\"image\":{\"@id\":\"https:\/\/sandzakpress.net\/arhiva\/dio-osvrta-na-stanje-u-novom-pazaru\/#primaryimage\"},\"thumbnailUrl\":\"https:\/\/sandzakpress.net\/arhiva\/wp-content\/uploads\/2016\/11\/625443_429697150477231_495889559_n.jpg\",\"datePublished\":\"2016-11-14T15:53:04+00:00\",\"breadcrumb\":{\"@id\":\"https:\/\/sandzakpress.net\/arhiva\/dio-osvrta-na-stanje-u-novom-pazaru\/#breadcrumb\"},\"inLanguage\":\"bs-BA\",\"potentialAction\":[{\"@type\":\"ReadAction\",\"target\":[\"https:\/\/sandzakpress.net\/arhiva\/dio-osvrta-na-stanje-u-novom-pazaru\/\"]}]},{\"@type\":\"ImageObject\",\"inLanguage\":\"bs-BA\",\"@id\":\"https:\/\/sandzakpress.net\/arhiva\/dio-osvrta-na-stanje-u-novom-pazaru\/#primaryimage\",\"url\":\"https:\/\/sandzakpress.net\/arhiva\/wp-content\/uploads\/2016\/11\/625443_429697150477231_495889559_n.jpg\",\"contentUrl\":\"https:\/\/sandzakpress.net\/arhiva\/wp-content\/uploads\/2016\/11\/625443_429697150477231_495889559_n.jpg\",\"width\":600,\"height\":398},{\"@type\":\"BreadcrumbList\",\"@id\":\"https:\/\/sandzakpress.net\/arhiva\/dio-osvrta-na-stanje-u-novom-pazaru\/#breadcrumb\",\"itemListElement\":[{\"@type\":\"ListItem\",\"position\":1,\"name\":\"Home\",\"item\":\"https:\/\/sandzakpress.net\/arhiva\/\"},{\"@type\":\"ListItem\",\"position\":2,\"name\":\"Dio osvrta na stanje u Novom Pazaru\"}]},{\"@type\":\"WebSite\",\"@id\":\"https:\/\/sandzakpress.net\/arhiva\/#website\",\"url\":\"https:\/\/sandzakpress.net\/arhiva\/\",\"name\":\"Sand\u017eak PRESS\",\"description\":\"Prve elektronske novine u Sand\u017eaku\",\"publisher\":{\"@id\":\"https:\/\/sandzakpress.net\/arhiva\/#\/schema\/person\/6e72b67d6e51910a1117b3b483ba20bd\"},\"potentialAction\":[{\"@type\":\"SearchAction\",\"target\":{\"@type\":\"EntryPoint\",\"urlTemplate\":\"https:\/\/sandzakpress.net\/arhiva\/?s={search_term_string}\"},\"query-input\":{\"@type\":\"PropertyValueSpecification\",\"valueRequired\":true,\"valueName\":\"search_term_string\"}}],\"inLanguage\":\"bs-BA\"},{\"@type\":[\"Person\",\"Organization\"],\"@id\":\"https:\/\/sandzakpress.net\/arhiva\/#\/schema\/person\/6e72b67d6e51910a1117b3b483ba20bd\",\"name\":\"Kul\",\"image\":{\"@type\":\"ImageObject\",\"inLanguage\":\"bs-BA\",\"@id\":\"https:\/\/sandzakpress.net\/arhiva\/#\/schema\/person\/image\/\",\"url\":\"https:\/\/secure.gravatar.com\/avatar\/42263f39aa27ac04c43cab85c280eb2e?s=96&d=mm&r=pg\",\"contentUrl\":\"https:\/\/secure.gravatar.com\/avatar\/42263f39aa27ac04c43cab85c280eb2e?s=96&d=mm&r=pg\",\"caption\":\"Kul\"},\"logo\":{\"@id\":\"https:\/\/sandzakpress.net\/arhiva\/#\/schema\/person\/image\/\"}},{\"@type\":\"Person\",\"@id\":\"https:\/\/sandzakpress.net\/arhiva\/#\/schema\/person\/c8baee722073534b583ea7bdb2e36c02\",\"name\":\"bosniak\",\"image\":{\"@type\":\"ImageObject\",\"inLanguage\":\"bs-BA\",\"@id\":\"https:\/\/sandzakpress.net\/arhiva\/#\/schema\/person\/image\/\",\"url\":\"https:\/\/secure.gravatar.com\/avatar\/a04fd330bfe3a36a72a0ad4a6d89fca7?s=96&d=mm&r=pg\",\"contentUrl\":\"https:\/\/secure.gravatar.com\/avatar\/a04fd330bfe3a36a72a0ad4a6d89fca7?s=96&d=mm&r=pg\",\"caption\":\"bosniak\"},\"url\":\"https:\/\/sandzakpress.net\/arhiva\/author\/bosniak\/\"}]}<\/script>\n<!-- \/ Yoast SEO Premium plugin. -->","yoast_head_json":{"title":"Dio osvrta na stanje u Novom Pazaru","robots":{"index":"index","follow":"follow","max-snippet":"max-snippet:-1","max-image-preview":"max-image-preview:large","max-video-preview":"max-video-preview:-1"},"canonical":"https:\/\/sandzakpress.net\/arhiva\/dio-osvrta-na-stanje-u-novom-pazaru\/","og_locale":"bs_BA","og_type":"article","og_title":"Dio osvrta na stanje u Novom Pazaru","og_description":"Edis Pa\u010dariz","og_url":"https:\/\/sandzakpress.net\/arhiva\/dio-osvrta-na-stanje-u-novom-pazaru\/","og_site_name":"Sand\u017eak PRESS","article_published_time":"2016-11-14T15:53:04+00:00","og_image":[{"width":600,"height":398,"url":"https:\/\/sandzakpress.net\/arhiva\/wp-content\/uploads\/2016\/11\/625443_429697150477231_495889559_n.jpg","type":"image\/jpeg"}],"author":"bosniak","twitter_card":"summary_large_image","twitter_misc":{"Written by":"bosniak","Est. reading time":"6 minuta"},"schema":{"@context":"https:\/\/schema.org","@graph":[{"@type":"Article","@id":"https:\/\/sandzakpress.net\/arhiva\/dio-osvrta-na-stanje-u-novom-pazaru\/#article","isPartOf":{"@id":"https:\/\/sandzakpress.net\/arhiva\/dio-osvrta-na-stanje-u-novom-pazaru\/"},"author":{"name":"bosniak","@id":"https:\/\/sandzakpress.net\/arhiva\/#\/schema\/person\/c8baee722073534b583ea7bdb2e36c02"},"headline":"Dio osvrta na stanje u Novom Pazaru","datePublished":"2016-11-14T15:53:04+00:00","mainEntityOfPage":{"@id":"https:\/\/sandzakpress.net\/arhiva\/dio-osvrta-na-stanje-u-novom-pazaru\/"},"wordCount":1123,"commentCount":1,"publisher":{"@id":"https:\/\/sandzakpress.net\/arhiva\/#\/schema\/person\/6e72b67d6e51910a1117b3b483ba20bd"},"image":{"@id":"https:\/\/sandzakpress.net\/arhiva\/dio-osvrta-na-stanje-u-novom-pazaru\/#primaryimage"},"thumbnailUrl":"https:\/\/sandzakpress.net\/arhiva\/wp-content\/uploads\/2016\/11\/625443_429697150477231_495889559_n.jpg","articleSection":["Novi Pazar","Iz pera na\u0161ih autora","Novine"],"inLanguage":"bs-BA","potentialAction":[{"@type":"CommentAction","name":"Comment","target":["https:\/\/sandzakpress.net\/arhiva\/dio-osvrta-na-stanje-u-novom-pazaru\/#respond"]}]},{"@type":"WebPage","@id":"https:\/\/sandzakpress.net\/arhiva\/dio-osvrta-na-stanje-u-novom-pazaru\/","url":"https:\/\/sandzakpress.net\/arhiva\/dio-osvrta-na-stanje-u-novom-pazaru\/","name":"Dio osvrta na stanje u Novom Pazaru","isPartOf":{"@id":"https:\/\/sandzakpress.net\/arhiva\/#website"},"primaryImageOfPage":{"@id":"https:\/\/sandzakpress.net\/arhiva\/dio-osvrta-na-stanje-u-novom-pazaru\/#primaryimage"},"image":{"@id":"https:\/\/sandzakpress.net\/arhiva\/dio-osvrta-na-stanje-u-novom-pazaru\/#primaryimage"},"thumbnailUrl":"https:\/\/sandzakpress.net\/arhiva\/wp-content\/uploads\/2016\/11\/625443_429697150477231_495889559_n.jpg","datePublished":"2016-11-14T15:53:04+00:00","breadcrumb":{"@id":"https:\/\/sandzakpress.net\/arhiva\/dio-osvrta-na-stanje-u-novom-pazaru\/#breadcrumb"},"inLanguage":"bs-BA","potentialAction":[{"@type":"ReadAction","target":["https:\/\/sandzakpress.net\/arhiva\/dio-osvrta-na-stanje-u-novom-pazaru\/"]}]},{"@type":"ImageObject","inLanguage":"bs-BA","@id":"https:\/\/sandzakpress.net\/arhiva\/dio-osvrta-na-stanje-u-novom-pazaru\/#primaryimage","url":"https:\/\/sandzakpress.net\/arhiva\/wp-content\/uploads\/2016\/11\/625443_429697150477231_495889559_n.jpg","contentUrl":"https:\/\/sandzakpress.net\/arhiva\/wp-content\/uploads\/2016\/11\/625443_429697150477231_495889559_n.jpg","width":600,"height":398},{"@type":"BreadcrumbList","@id":"https:\/\/sandzakpress.net\/arhiva\/dio-osvrta-na-stanje-u-novom-pazaru\/#breadcrumb","itemListElement":[{"@type":"ListItem","position":1,"name":"Home","item":"https:\/\/sandzakpress.net\/arhiva\/"},{"@type":"ListItem","position":2,"name":"Dio osvrta na stanje u Novom Pazaru"}]},{"@type":"WebSite","@id":"https:\/\/sandzakpress.net\/arhiva\/#website","url":"https:\/\/sandzakpress.net\/arhiva\/","name":"Sand\u017eak PRESS","description":"Prve elektronske novine u Sand\u017eaku","publisher":{"@id":"https:\/\/sandzakpress.net\/arhiva\/#\/schema\/person\/6e72b67d6e51910a1117b3b483ba20bd"},"potentialAction":[{"@type":"SearchAction","target":{"@type":"EntryPoint","urlTemplate":"https:\/\/sandzakpress.net\/arhiva\/?s={search_term_string}"},"query-input":{"@type":"PropertyValueSpecification","valueRequired":true,"valueName":"search_term_string"}}],"inLanguage":"bs-BA"},{"@type":["Person","Organization"],"@id":"https:\/\/sandzakpress.net\/arhiva\/#\/schema\/person\/6e72b67d6e51910a1117b3b483ba20bd","name":"Kul","image":{"@type":"ImageObject","inLanguage":"bs-BA","@id":"https:\/\/sandzakpress.net\/arhiva\/#\/schema\/person\/image\/","url":"https:\/\/secure.gravatar.com\/avatar\/42263f39aa27ac04c43cab85c280eb2e?s=96&d=mm&r=pg","contentUrl":"https:\/\/secure.gravatar.com\/avatar\/42263f39aa27ac04c43cab85c280eb2e?s=96&d=mm&r=pg","caption":"Kul"},"logo":{"@id":"https:\/\/sandzakpress.net\/arhiva\/#\/schema\/person\/image\/"}},{"@type":"Person","@id":"https:\/\/sandzakpress.net\/arhiva\/#\/schema\/person\/c8baee722073534b583ea7bdb2e36c02","name":"bosniak","image":{"@type":"ImageObject","inLanguage":"bs-BA","@id":"https:\/\/sandzakpress.net\/arhiva\/#\/schema\/person\/image\/","url":"https:\/\/secure.gravatar.com\/avatar\/a04fd330bfe3a36a72a0ad4a6d89fca7?s=96&d=mm&r=pg","contentUrl":"https:\/\/secure.gravatar.com\/avatar\/a04fd330bfe3a36a72a0ad4a6d89fca7?s=96&d=mm&r=pg","caption":"bosniak"},"url":"https:\/\/sandzakpress.net\/arhiva\/author\/bosniak\/"}]}},"_links":{"self":[{"href":"https:\/\/sandzakpress.net\/arhiva\/wp-json\/wp\/v2\/posts\/172867"}],"collection":[{"href":"https:\/\/sandzakpress.net\/arhiva\/wp-json\/wp\/v2\/posts"}],"about":[{"href":"https:\/\/sandzakpress.net\/arhiva\/wp-json\/wp\/v2\/types\/post"}],"author":[{"embeddable":true,"href":"https:\/\/sandzakpress.net\/arhiva\/wp-json\/wp\/v2\/users\/83"}],"replies":[{"embeddable":true,"href":"https:\/\/sandzakpress.net\/arhiva\/wp-json\/wp\/v2\/comments?post=172867"}],"version-history":[{"count":0,"href":"https:\/\/sandzakpress.net\/arhiva\/wp-json\/wp\/v2\/posts\/172867\/revisions"}],"wp:featuredmedia":[{"embeddable":true,"href":"https:\/\/sandzakpress.net\/arhiva\/wp-json\/wp\/v2\/media\/172901"}],"wp:attachment":[{"href":"https:\/\/sandzakpress.net\/arhiva\/wp-json\/wp\/v2\/media?parent=172867"}],"wp:term":[{"taxonomy":"category","embeddable":true,"href":"https:\/\/sandzakpress.net\/arhiva\/wp-json\/wp\/v2\/categories?post=172867"},{"taxonomy":"post_tag","embeddable":true,"href":"https:\/\/sandzakpress.net\/arhiva\/wp-json\/wp\/v2\/tags?post=172867"}],"curies":[{"name":"wp","href":"https:\/\/api.w.org\/{rel}","templated":true}]}}