{"id":172801,"date":"2016-11-12T14:27:00","date_gmt":"2016-11-12T13:27:00","guid":{"rendered":"https:\/\/sandzakpress.net\/arhiva\/?p=172801"},"modified":"2016-11-12T14:27:00","modified_gmt":"2016-11-12T13:27:00","slug":"manjinske-partije-trazice-adekvatno-ucesce-u-vlasti","status":"publish","type":"post","link":"https:\/\/sandzakpress.net\/arhiva\/manjinske-partije-trazice-adekvatno-ucesce-u-vlasti\/","title":{"rendered":"Manjinske partije tra\u017ei\u0107e adekvatno u\u010de\u0161\u0107e u vlasti"},"content":{"rendered":"<p><img decoding=\"async\" src=\"http:\/\/www.sandzacke.rs\/wp-content\/uploads\/2016\/11\/rafet-husovic-2-660x330.jpg\" alt=\"rafet-husovic-2\" \/><\/p>\n<p><strong>Platforma manjinskih stranaka koju \u0107e njihovi predstavnici ponuditi Demokratskoj partiji socijalista bi\u0107e potpisana najkasnije do kraja nedjelje, a sagovornici Dnevnih novina iz tih partija objasnili su, \u0161ta \u0107e, nakon potpisivanja platforme, tra\u017eiti od budu\u0107ih koalicionih partnera.<\/strong><\/p>\n<p>Predsjednica Hrvatske gra\u0111anske inicijative Marija Vu\u010dinovi\u0107 kazala je da se platforma manjinskih partija i dalje usagla\u0161ava, te da \u0107e biti gotova u naredna dva dana. Na pitanje koja mjesta \u0107e zahtijevati od koalicionog partnera, Vu\u010dinovi\u0107 ka\u017ee da \u0107e njena partije biti realna u zahtjevima.<\/p>\n<p>\u201cNa\u0161i zahtjevi ne\u0107e biti galomanski. Tra\u017ei\u0107emo ono \u0161to je realno ostvarivo i ono \u0161to smo isticali u na\u0161oj predizbornoj kampanji. To su koncesije za luke npr, a personalna rje\u0161enja jo\u0161 uvijek nijesu gotova\u201d, rekla je Vu\u010dinovi\u0107 za DN.<\/p>\n<p>Obja\u0161njava i da \u0107e manjinske partije imati zajedni\u010dku platformu, ali da \u0107e, nakon toga, svaka od njih skolopiti poseban aneks sa budu\u0107im partnerima u kojem \u0107e precizirati zahtjeve.<\/p>\n<p>A Bo\u0161nja\u010dka stranka spremila je ponudu za budu\u0107e saradnike. Oni \u0107e od partije sa kojom odlu\u010de da formiraju vlast tra\u017eiti da potpredsjednik Vlade Rafet Husovi\u0107 ostane na tom mjestu.<\/p>\n<p>Osim toga, Bo\u0161njaci \u0107e zahtijevati jo\u0161 \u010detiri ministarstva i to: Ministarstvo rada, Ministarstvo poljoprivrede i ruralnog razvoja, kao i mjesto ministra bez portfelja. Ukoliko se obistine navodi o formiranju Ministarstva za dijasporu, BS \u0107e tra\u017eiti da njihov kadar bude i u tom resoru.<\/p>\n<p>To je za DN kazao biv\u0161i poslanik BS i funkcioner ove partije Re\u0161ad Sijari\u0107. Naveo je i da \u0107e zajedni\u010dka platforma definisati interesovanja svih partija, pa ne o\u010dekuje da do\u0111e do preklapanja sa zahtjevima ostalih stranaka, potpisnicama platforme.<\/p>\n<p>I u koaliciji tri albanske partije \u201cAlbanci odlu\u010dno\u201d koju \u010dine Forca, DUA i Albanska alternativa, spremili su zahtjeve za budu\u0107e partnere.<\/p>\n<p>Oni \u0107e, kako DN saznaju, u ovoj koaliciji, tra\u017eiti mjesto potpredsjednika za politi\u010dki sistem u Vladi Crne Gore, kao i Ministarstvo turizma.<\/p>\n<p>Ho\u0107e vi\u0161e svojih kadrova u dr\u017eavnim institucijama.<\/p>\n<p>Dnevne novine imale su uvid u nacrt platforme koju su manjinske partije pripremile za vladaju\u0107u partiju. U njoj su kroz 13 klju\u010dnih ta\u010daka sa\u017eeti ciljevi manjinskih stranka.<\/p>\n<p>Izme\u0111u ostalog, u nacrtu platforme, navodi da su ciljevi manjinskih partija ja\u010danje stabilnosti i kohezije Crne Gore, ubrzanje evro-atlantskih integracija, kao i dalja demokratizacija dru\u0161tva u skladu sa propisima i standardima EU.<\/p>\n<p>Srazmjerna zastupljenost, odnosno implementacija Ustavom i zakonom zagarantovanog prava na zastupljenost u zapo\u0161ljavanju pripadnika manjinskih naroda u svim dr\u017eavnim organima i institucijama, u sudskoj i tu\u017eila\u010dkoj vlasti, te javnim slu\u017ebama i lokalnim samoupravama, bi\u0107e jedan od ciljeva manjinskih partija.<\/p>\n<p>Tako\u0111e, potpisnici platforme tra\u017ei\u0107e i izmjenu izbornog zakonodavstva u dijelu koji \u0107e omogu\u0107iti afirmativnu akciju sa ciljem garantovanja mandata Albancima u Crnoj Gori.<\/p>\n<p>\u201cUnapre\u0111enje sistema obrazovanja na jezicima manjinskih naroda na svim nivoima. Reforma obrazovanog sistema koja \u0107e garantovati kontrolu kvaliteta, depolitizaciju i unapre\u0111enje obrazovanja u svim segmentima, uklju\u010duju\u0107i i neophodnu infrastrukturu u \u0161kolstvu. Revizija \u0161kolskih programa u cilju uklanjanja negativnih stereotipa i sadr\u017eaja koji na bilo koji na\u010din vrije\u0111aju osje\u0107anja pripadnika manjinskih naroda\u201d, jedan je od navedenih ciljeva.<\/p>\n<p>Manjinske partije tra\u017ei\u0107e i adekvatno u\u010de\u0161\u0107e kulturnoobrazovnih programa manjinskih naroda, uz formiranje redakcija za manjine u javnom servisu, formiranje regionalnih RTV studija javnog servisa.<\/p>\n<p>\u201cUnapre\u0111enje kadrovske strukture u tehni\u010dkom i novinarskom kadru javnog servisa i na uredni\u010dkim pozicijama iz redova kompetentnih predstavnika manjinskih naroda\u201d, navodi se u nacrtu platforme.<\/p>\n<p>U dokumentu se, tako\u0111e, navodi da \u0107e svaki od navedenih politi\u010dkih subjekata manjinskih naroda, prilikom potpisivanja platforme sa\u010diniti i zaklju\u010diti poseban ugovor sa zajedni\u010dkim koalicionim partnerom.<\/p>\n<p><em>Izvor: rtcg.me<\/em><\/p>\n","protected":false},"excerpt":{"rendered":"<p>Platforma manjinskih stranaka koju \u0107e njihovi predstavnici ponuditi Demokratskoj partiji socijalista bi\u0107e potpisana najkasnije do kraja nedjelje, a sagovornici Dnevnih novina iz tih partija objasnili su, \u0161ta \u0107e, nakon potpisivanja platforme, tra\u017eiti od budu\u0107ih koalicionih partnera. Predsjednica Hrvatske gra\u0111anske inicijative Marija Vu\u010dinovi\u0107 kazala je da se platforma manjinskih partija i dalje usagla\u0161ava, te da \u0107e [&hellip;]<\/p>\n","protected":false},"author":83,"featured_media":172805,"comment_status":"open","ping_status":"open","sticky":false,"template":"","format":"standard","meta":{"footnotes":""},"categories":[398,1,397,10174],"tags":[],"class_list":{"0":"post-172801","1":"post","2":"type-post","3":"status-publish","4":"format-standard","5":"has-post-thumbnail","7":"category-rozaje","8":"category-politika","9":"category-berane","10":"category-petnjica-vase-vijesti"},"yoast_head":"<!-- This site is optimized with the Yoast SEO Premium plugin v23.1 (Yoast SEO v24.9) - https:\/\/yoast.com\/wordpress\/plugins\/seo\/ -->\n<title>Manjinske partije tra\u017ei\u0107e adekvatno u\u010de\u0161\u0107e u vlasti<\/title>\n<meta name=\"robots\" content=\"index, follow, max-snippet:-1, max-image-preview:large, max-video-preview:-1\" \/>\n<link rel=\"canonical\" href=\"https:\/\/sandzakpress.net\/arhiva\/manjinske-partije-trazice-adekvatno-ucesce-u-vlasti\/\" \/>\n<meta property=\"og:locale\" content=\"bs_BA\" \/>\n<meta property=\"og:type\" content=\"article\" \/>\n<meta property=\"og:title\" content=\"Manjinske partije tra\u017ei\u0107e adekvatno u\u010de\u0161\u0107e u vlasti\" \/>\n<meta property=\"og:description\" content=\"Platforma manjinskih stranaka koju \u0107e njihovi predstavnici ponuditi Demokratskoj partiji socijalista bi\u0107e potpisana najkasnije do kraja nedjelje, a sagovornici Dnevnih novina iz tih partija objasnili su, \u0161ta \u0107e, nakon potpisivanja platforme, tra\u017eiti od budu\u0107ih koalicionih partnera. Predsjednica Hrvatske gra\u0111anske inicijative Marija Vu\u010dinovi\u0107 kazala je da se platforma manjinskih partija i dalje usagla\u0161ava, te da \u0107e [&hellip;]\" \/>\n<meta property=\"og:url\" content=\"https:\/\/sandzakpress.net\/arhiva\/manjinske-partije-trazice-adekvatno-ucesce-u-vlasti\/\" \/>\n<meta property=\"og:site_name\" content=\"Sand\u017eak PRESS\" \/>\n<meta property=\"article:published_time\" content=\"2016-11-12T13:27:00+00:00\" \/>\n<meta property=\"og:image\" content=\"https:\/\/sandzakpress.net\/arhiva\/wp-content\/uploads\/2016\/11\/rafet-husovic-2-660x330.jpg\" \/>\n\t<meta property=\"og:image:width\" content=\"660\" \/>\n\t<meta property=\"og:image:height\" content=\"330\" \/>\n\t<meta property=\"og:image:type\" content=\"image\/jpeg\" \/>\n<meta name=\"author\" content=\"bosniak\" \/>\n<meta name=\"twitter:card\" content=\"summary_large_image\" \/>\n<meta name=\"twitter:label1\" content=\"Written by\" \/>\n\t<meta name=\"twitter:data1\" content=\"bosniak\" \/>\n\t<meta name=\"twitter:label2\" content=\"Est. reading time\" \/>\n\t<meta name=\"twitter:data2\" content=\"3 minute\" \/>\n<script type=\"application\/ld+json\" class=\"yoast-schema-graph\">{\"@context\":\"https:\/\/schema.org\",\"@graph\":[{\"@type\":\"Article\",\"@id\":\"https:\/\/sandzakpress.net\/arhiva\/manjinske-partije-trazice-adekvatno-ucesce-u-vlasti\/#article\",\"isPartOf\":{\"@id\":\"https:\/\/sandzakpress.net\/arhiva\/manjinske-partije-trazice-adekvatno-ucesce-u-vlasti\/\"},\"author\":{\"name\":\"bosniak\",\"@id\":\"https:\/\/sandzakpress.net\/arhiva\/#\/schema\/person\/c8baee722073534b583ea7bdb2e36c02\"},\"headline\":\"Manjinske partije tra\u017ei\u0107e adekvatno u\u010de\u0161\u0107e u vlasti\",\"datePublished\":\"2016-11-12T13:27:00+00:00\",\"mainEntityOfPage\":{\"@id\":\"https:\/\/sandzakpress.net\/arhiva\/manjinske-partije-trazice-adekvatno-ucesce-u-vlasti\/\"},\"wordCount\":645,\"commentCount\":5,\"publisher\":{\"@id\":\"https:\/\/sandzakpress.net\/arhiva\/#\/schema\/person\/6e72b67d6e51910a1117b3b483ba20bd\"},\"image\":{\"@id\":\"https:\/\/sandzakpress.net\/arhiva\/manjinske-partije-trazice-adekvatno-ucesce-u-vlasti\/#primaryimage\"},\"thumbnailUrl\":\"https:\/\/sandzakpress.net\/arhiva\/wp-content\/uploads\/2016\/11\/rafet-husovic-2-660x330.jpg\",\"articleSection\":[\"Ro\u017eaje\",\"Politika\",\"Berane\",\"Petnjica\"],\"inLanguage\":\"bs-BA\",\"potentialAction\":[{\"@type\":\"CommentAction\",\"name\":\"Comment\",\"target\":[\"https:\/\/sandzakpress.net\/arhiva\/manjinske-partije-trazice-adekvatno-ucesce-u-vlasti\/#respond\"]}]},{\"@type\":\"WebPage\",\"@id\":\"https:\/\/sandzakpress.net\/arhiva\/manjinske-partije-trazice-adekvatno-ucesce-u-vlasti\/\",\"url\":\"https:\/\/sandzakpress.net\/arhiva\/manjinske-partije-trazice-adekvatno-ucesce-u-vlasti\/\",\"name\":\"Manjinske partije tra\u017ei\u0107e adekvatno u\u010de\u0161\u0107e u vlasti\",\"isPartOf\":{\"@id\":\"https:\/\/sandzakpress.net\/arhiva\/#website\"},\"primaryImageOfPage\":{\"@id\":\"https:\/\/sandzakpress.net\/arhiva\/manjinske-partije-trazice-adekvatno-ucesce-u-vlasti\/#primaryimage\"},\"image\":{\"@id\":\"https:\/\/sandzakpress.net\/arhiva\/manjinske-partije-trazice-adekvatno-ucesce-u-vlasti\/#primaryimage\"},\"thumbnailUrl\":\"https:\/\/sandzakpress.net\/arhiva\/wp-content\/uploads\/2016\/11\/rafet-husovic-2-660x330.jpg\",\"datePublished\":\"2016-11-12T13:27:00+00:00\",\"breadcrumb\":{\"@id\":\"https:\/\/sandzakpress.net\/arhiva\/manjinske-partije-trazice-adekvatno-ucesce-u-vlasti\/#breadcrumb\"},\"inLanguage\":\"bs-BA\",\"potentialAction\":[{\"@type\":\"ReadAction\",\"target\":[\"https:\/\/sandzakpress.net\/arhiva\/manjinske-partije-trazice-adekvatno-ucesce-u-vlasti\/\"]}]},{\"@type\":\"ImageObject\",\"inLanguage\":\"bs-BA\",\"@id\":\"https:\/\/sandzakpress.net\/arhiva\/manjinske-partije-trazice-adekvatno-ucesce-u-vlasti\/#primaryimage\",\"url\":\"https:\/\/sandzakpress.net\/arhiva\/wp-content\/uploads\/2016\/11\/rafet-husovic-2-660x330.jpg\",\"contentUrl\":\"https:\/\/sandzakpress.net\/arhiva\/wp-content\/uploads\/2016\/11\/rafet-husovic-2-660x330.jpg\",\"width\":660,\"height\":330},{\"@type\":\"BreadcrumbList\",\"@id\":\"https:\/\/sandzakpress.net\/arhiva\/manjinske-partije-trazice-adekvatno-ucesce-u-vlasti\/#breadcrumb\",\"itemListElement\":[{\"@type\":\"ListItem\",\"position\":1,\"name\":\"Home\",\"item\":\"https:\/\/sandzakpress.net\/arhiva\/\"},{\"@type\":\"ListItem\",\"position\":2,\"name\":\"Manjinske partije tra\u017ei\u0107e adekvatno u\u010de\u0161\u0107e u vlasti\"}]},{\"@type\":\"WebSite\",\"@id\":\"https:\/\/sandzakpress.net\/arhiva\/#website\",\"url\":\"https:\/\/sandzakpress.net\/arhiva\/\",\"name\":\"Sand\u017eak PRESS\",\"description\":\"Prve elektronske novine u Sand\u017eaku\",\"publisher\":{\"@id\":\"https:\/\/sandzakpress.net\/arhiva\/#\/schema\/person\/6e72b67d6e51910a1117b3b483ba20bd\"},\"potentialAction\":[{\"@type\":\"SearchAction\",\"target\":{\"@type\":\"EntryPoint\",\"urlTemplate\":\"https:\/\/sandzakpress.net\/arhiva\/?s={search_term_string}\"},\"query-input\":{\"@type\":\"PropertyValueSpecification\",\"valueRequired\":true,\"valueName\":\"search_term_string\"}}],\"inLanguage\":\"bs-BA\"},{\"@type\":[\"Person\",\"Organization\"],\"@id\":\"https:\/\/sandzakpress.net\/arhiva\/#\/schema\/person\/6e72b67d6e51910a1117b3b483ba20bd\",\"name\":\"Kul\",\"image\":{\"@type\":\"ImageObject\",\"inLanguage\":\"bs-BA\",\"@id\":\"https:\/\/sandzakpress.net\/arhiva\/#\/schema\/person\/image\/\",\"url\":\"https:\/\/secure.gravatar.com\/avatar\/42263f39aa27ac04c43cab85c280eb2e?s=96&d=mm&r=pg\",\"contentUrl\":\"https:\/\/secure.gravatar.com\/avatar\/42263f39aa27ac04c43cab85c280eb2e?s=96&d=mm&r=pg\",\"caption\":\"Kul\"},\"logo\":{\"@id\":\"https:\/\/sandzakpress.net\/arhiva\/#\/schema\/person\/image\/\"}},{\"@type\":\"Person\",\"@id\":\"https:\/\/sandzakpress.net\/arhiva\/#\/schema\/person\/c8baee722073534b583ea7bdb2e36c02\",\"name\":\"bosniak\",\"image\":{\"@type\":\"ImageObject\",\"inLanguage\":\"bs-BA\",\"@id\":\"https:\/\/sandzakpress.net\/arhiva\/#\/schema\/person\/image\/\",\"url\":\"https:\/\/secure.gravatar.com\/avatar\/a04fd330bfe3a36a72a0ad4a6d89fca7?s=96&d=mm&r=pg\",\"contentUrl\":\"https:\/\/secure.gravatar.com\/avatar\/a04fd330bfe3a36a72a0ad4a6d89fca7?s=96&d=mm&r=pg\",\"caption\":\"bosniak\"},\"url\":\"https:\/\/sandzakpress.net\/arhiva\/author\/bosniak\/\"}]}<\/script>\n<!-- \/ Yoast SEO Premium plugin. -->","yoast_head_json":{"title":"Manjinske partije tra\u017ei\u0107e adekvatno u\u010de\u0161\u0107e u vlasti","robots":{"index":"index","follow":"follow","max-snippet":"max-snippet:-1","max-image-preview":"max-image-preview:large","max-video-preview":"max-video-preview:-1"},"canonical":"https:\/\/sandzakpress.net\/arhiva\/manjinske-partije-trazice-adekvatno-ucesce-u-vlasti\/","og_locale":"bs_BA","og_type":"article","og_title":"Manjinske partije tra\u017ei\u0107e adekvatno u\u010de\u0161\u0107e u vlasti","og_description":"Platforma manjinskih stranaka koju \u0107e njihovi predstavnici ponuditi Demokratskoj partiji socijalista bi\u0107e potpisana najkasnije do kraja nedjelje, a sagovornici Dnevnih novina iz tih partija objasnili su, \u0161ta \u0107e, nakon potpisivanja platforme, tra\u017eiti od budu\u0107ih koalicionih partnera. Predsjednica Hrvatske gra\u0111anske inicijative Marija Vu\u010dinovi\u0107 kazala je da se platforma manjinskih partija i dalje usagla\u0161ava, te da \u0107e [&hellip;]","og_url":"https:\/\/sandzakpress.net\/arhiva\/manjinske-partije-trazice-adekvatno-ucesce-u-vlasti\/","og_site_name":"Sand\u017eak PRESS","article_published_time":"2016-11-12T13:27:00+00:00","og_image":[{"width":660,"height":330,"url":"https:\/\/sandzakpress.net\/arhiva\/wp-content\/uploads\/2016\/11\/rafet-husovic-2-660x330.jpg","type":"image\/jpeg"}],"author":"bosniak","twitter_card":"summary_large_image","twitter_misc":{"Written by":"bosniak","Est. reading time":"3 minute"},"schema":{"@context":"https:\/\/schema.org","@graph":[{"@type":"Article","@id":"https:\/\/sandzakpress.net\/arhiva\/manjinske-partije-trazice-adekvatno-ucesce-u-vlasti\/#article","isPartOf":{"@id":"https:\/\/sandzakpress.net\/arhiva\/manjinske-partije-trazice-adekvatno-ucesce-u-vlasti\/"},"author":{"name":"bosniak","@id":"https:\/\/sandzakpress.net\/arhiva\/#\/schema\/person\/c8baee722073534b583ea7bdb2e36c02"},"headline":"Manjinske partije tra\u017ei\u0107e adekvatno u\u010de\u0161\u0107e u vlasti","datePublished":"2016-11-12T13:27:00+00:00","mainEntityOfPage":{"@id":"https:\/\/sandzakpress.net\/arhiva\/manjinske-partije-trazice-adekvatno-ucesce-u-vlasti\/"},"wordCount":645,"commentCount":5,"publisher":{"@id":"https:\/\/sandzakpress.net\/arhiva\/#\/schema\/person\/6e72b67d6e51910a1117b3b483ba20bd"},"image":{"@id":"https:\/\/sandzakpress.net\/arhiva\/manjinske-partije-trazice-adekvatno-ucesce-u-vlasti\/#primaryimage"},"thumbnailUrl":"https:\/\/sandzakpress.net\/arhiva\/wp-content\/uploads\/2016\/11\/rafet-husovic-2-660x330.jpg","articleSection":["Ro\u017eaje","Politika","Berane","Petnjica"],"inLanguage":"bs-BA","potentialAction":[{"@type":"CommentAction","name":"Comment","target":["https:\/\/sandzakpress.net\/arhiva\/manjinske-partije-trazice-adekvatno-ucesce-u-vlasti\/#respond"]}]},{"@type":"WebPage","@id":"https:\/\/sandzakpress.net\/arhiva\/manjinske-partije-trazice-adekvatno-ucesce-u-vlasti\/","url":"https:\/\/sandzakpress.net\/arhiva\/manjinske-partije-trazice-adekvatno-ucesce-u-vlasti\/","name":"Manjinske partije tra\u017ei\u0107e adekvatno u\u010de\u0161\u0107e u vlasti","isPartOf":{"@id":"https:\/\/sandzakpress.net\/arhiva\/#website"},"primaryImageOfPage":{"@id":"https:\/\/sandzakpress.net\/arhiva\/manjinske-partije-trazice-adekvatno-ucesce-u-vlasti\/#primaryimage"},"image":{"@id":"https:\/\/sandzakpress.net\/arhiva\/manjinske-partije-trazice-adekvatno-ucesce-u-vlasti\/#primaryimage"},"thumbnailUrl":"https:\/\/sandzakpress.net\/arhiva\/wp-content\/uploads\/2016\/11\/rafet-husovic-2-660x330.jpg","datePublished":"2016-11-12T13:27:00+00:00","breadcrumb":{"@id":"https:\/\/sandzakpress.net\/arhiva\/manjinske-partije-trazice-adekvatno-ucesce-u-vlasti\/#breadcrumb"},"inLanguage":"bs-BA","potentialAction":[{"@type":"ReadAction","target":["https:\/\/sandzakpress.net\/arhiva\/manjinske-partije-trazice-adekvatno-ucesce-u-vlasti\/"]}]},{"@type":"ImageObject","inLanguage":"bs-BA","@id":"https:\/\/sandzakpress.net\/arhiva\/manjinske-partije-trazice-adekvatno-ucesce-u-vlasti\/#primaryimage","url":"https:\/\/sandzakpress.net\/arhiva\/wp-content\/uploads\/2016\/11\/rafet-husovic-2-660x330.jpg","contentUrl":"https:\/\/sandzakpress.net\/arhiva\/wp-content\/uploads\/2016\/11\/rafet-husovic-2-660x330.jpg","width":660,"height":330},{"@type":"BreadcrumbList","@id":"https:\/\/sandzakpress.net\/arhiva\/manjinske-partije-trazice-adekvatno-ucesce-u-vlasti\/#breadcrumb","itemListElement":[{"@type":"ListItem","position":1,"name":"Home","item":"https:\/\/sandzakpress.net\/arhiva\/"},{"@type":"ListItem","position":2,"name":"Manjinske partije tra\u017ei\u0107e adekvatno u\u010de\u0161\u0107e u vlasti"}]},{"@type":"WebSite","@id":"https:\/\/sandzakpress.net\/arhiva\/#website","url":"https:\/\/sandzakpress.net\/arhiva\/","name":"Sand\u017eak PRESS","description":"Prve elektronske novine u Sand\u017eaku","publisher":{"@id":"https:\/\/sandzakpress.net\/arhiva\/#\/schema\/person\/6e72b67d6e51910a1117b3b483ba20bd"},"potentialAction":[{"@type":"SearchAction","target":{"@type":"EntryPoint","urlTemplate":"https:\/\/sandzakpress.net\/arhiva\/?s={search_term_string}"},"query-input":{"@type":"PropertyValueSpecification","valueRequired":true,"valueName":"search_term_string"}}],"inLanguage":"bs-BA"},{"@type":["Person","Organization"],"@id":"https:\/\/sandzakpress.net\/arhiva\/#\/schema\/person\/6e72b67d6e51910a1117b3b483ba20bd","name":"Kul","image":{"@type":"ImageObject","inLanguage":"bs-BA","@id":"https:\/\/sandzakpress.net\/arhiva\/#\/schema\/person\/image\/","url":"https:\/\/secure.gravatar.com\/avatar\/42263f39aa27ac04c43cab85c280eb2e?s=96&d=mm&r=pg","contentUrl":"https:\/\/secure.gravatar.com\/avatar\/42263f39aa27ac04c43cab85c280eb2e?s=96&d=mm&r=pg","caption":"Kul"},"logo":{"@id":"https:\/\/sandzakpress.net\/arhiva\/#\/schema\/person\/image\/"}},{"@type":"Person","@id":"https:\/\/sandzakpress.net\/arhiva\/#\/schema\/person\/c8baee722073534b583ea7bdb2e36c02","name":"bosniak","image":{"@type":"ImageObject","inLanguage":"bs-BA","@id":"https:\/\/sandzakpress.net\/arhiva\/#\/schema\/person\/image\/","url":"https:\/\/secure.gravatar.com\/avatar\/a04fd330bfe3a36a72a0ad4a6d89fca7?s=96&d=mm&r=pg","contentUrl":"https:\/\/secure.gravatar.com\/avatar\/a04fd330bfe3a36a72a0ad4a6d89fca7?s=96&d=mm&r=pg","caption":"bosniak"},"url":"https:\/\/sandzakpress.net\/arhiva\/author\/bosniak\/"}]}},"_links":{"self":[{"href":"https:\/\/sandzakpress.net\/arhiva\/wp-json\/wp\/v2\/posts\/172801"}],"collection":[{"href":"https:\/\/sandzakpress.net\/arhiva\/wp-json\/wp\/v2\/posts"}],"about":[{"href":"https:\/\/sandzakpress.net\/arhiva\/wp-json\/wp\/v2\/types\/post"}],"author":[{"embeddable":true,"href":"https:\/\/sandzakpress.net\/arhiva\/wp-json\/wp\/v2\/users\/83"}],"replies":[{"embeddable":true,"href":"https:\/\/sandzakpress.net\/arhiva\/wp-json\/wp\/v2\/comments?post=172801"}],"version-history":[{"count":0,"href":"https:\/\/sandzakpress.net\/arhiva\/wp-json\/wp\/v2\/posts\/172801\/revisions"}],"wp:featuredmedia":[{"embeddable":true,"href":"https:\/\/sandzakpress.net\/arhiva\/wp-json\/wp\/v2\/media\/172805"}],"wp:attachment":[{"href":"https:\/\/sandzakpress.net\/arhiva\/wp-json\/wp\/v2\/media?parent=172801"}],"wp:term":[{"taxonomy":"category","embeddable":true,"href":"https:\/\/sandzakpress.net\/arhiva\/wp-json\/wp\/v2\/categories?post=172801"},{"taxonomy":"post_tag","embeddable":true,"href":"https:\/\/sandzakpress.net\/arhiva\/wp-json\/wp\/v2\/tags?post=172801"}],"curies":[{"name":"wp","href":"https:\/\/api.w.org\/{rel}","templated":true}]}}