{"id":17258,"date":"2011-06-25T22:12:55","date_gmt":"2011-06-25T20:12:55","guid":{"rendered":"https:\/\/sandzakpress.net\/arhiva\/?p=17258"},"modified":"2011-06-25T22:12:55","modified_gmt":"2011-06-25T20:12:55","slug":"kad-ce-poceti-radovi-na-putu-do-novog-sela","status":"publish","type":"post","link":"https:\/\/sandzakpress.net\/arhiva\/kad-ce-poceti-radovi-na-putu-do-novog-sela\/","title":{"rendered":"Kad \u0107e po\u010deti radovi na putu do Novog Sela?"},"content":{"rendered":"<p><strong><a href=\"https:\/\/sandzakpress.net\/arhiva\/wp-content\/uploads\/2011\/06\/novo-selo1.jpg\"><img loading=\"lazy\" decoding=\"async\" class=\"alignleft size-medium wp-image-17259\" src=\"https:\/\/sandzakpress.net\/arhiva\/wp-content\/uploads\/2011\/06\/novo-selo1-300x225.jpg\" alt=\"\" width=\"300\" height=\"225\" \/><\/a>Kosovo &#8211; Iako su se mje\u0161tani Novog Sela ponadali da \u0107e, napokon, br\u017ee i  bezbjednije stizati do svog sela od Prizrena to se jo\u0161 nije dogodilo.  Odbornici SO Prizren usvojili su krajem pro\u0161le godine bud\u017eet u kojem je  150 hiljada eura bilo namjenjenih za ovaj put. Pola godine ve\u0107 prolazi,  ali jo\u0161 uvijek ni\u0161ta.<\/strong><\/p>\n<p>Nije poznato i da li je raspisan tender ko bi eventualno izvodio te  radove, kada \u0107e po\u010deti, \u0161ta \u0107e se raditi. Samo 150 hilajda eura su,  naime, i suvise male pare da se ova dionica puta dovede u neko  &#8220;normalnije stanje&#8221;. Samo oni koji su i\u0161li do Novog Sela znaju o kakvom  putu je rije\u010d.<\/p>\n<p><img decoding=\"async\" src=\"http:\/\/info-ks.net\/images\/stories\/ajun3\/novo-selo.jpg\" border=\"0\" alt=\"\" \/><\/p>\n<p>Nekoliko  stotina \u017eitelja Novog Sela mora\u0107e, dakle, da sa\u010dekaju kako \u0107e se stvari  dalje odvijati. Moraju biti strpljivi, jer im drugo ni\u0161ta ne preostaje  i, naravno, skoro svakog dana mjenjaju delove na svojim vozilima. Valjda  \u0107e se i op\u0161tinski zvani\u010dnici oglasiti ovim povodom.<\/p>\n<p>Izvor:<strong> Info-Ks.net<\/strong><\/p>\n","protected":false},"excerpt":{"rendered":"<p>Kosovo &#8211; Iako su se mje\u0161tani Novog Sela ponadali da \u0107e, napokon, br\u017ee i bezbjednije stizati do svog sela od Prizrena to se jo\u0161 nije dogodilo. Odbornici SO Prizren usvojili su krajem pro\u0161le godine bud\u017eet u kojem je 150 hiljada eura bilo namjenjenih za ovaj put. Pola godine ve\u0107 prolazi, ali jo\u0161 uvijek ni\u0161ta. Nije [&hellip;]<\/p>\n","protected":false},"author":13,"featured_media":17259,"comment_status":"open","ping_status":"open","sticky":false,"template":"","format":"standard","meta":{"footnotes":""},"categories":[2690],"tags":[],"class_list":{"0":"post-17258","1":"post","2":"type-post","3":"status-publish","4":"format-standard","5":"has-post-thumbnail","7":"category-kosovo-gradovi"},"yoast_head":"<!-- This site is optimized with the Yoast SEO Premium plugin v23.1 (Yoast SEO v24.9) - https:\/\/yoast.com\/wordpress\/plugins\/seo\/ -->\n<title>Kad \u0107e po\u010deti radovi na putu do Novog Sela?<\/title>\n<meta name=\"robots\" content=\"index, follow, max-snippet:-1, max-image-preview:large, max-video-preview:-1\" \/>\n<link rel=\"canonical\" href=\"https:\/\/sandzakpress.net\/arhiva\/kad-ce-poceti-radovi-na-putu-do-novog-sela\/\" \/>\n<meta property=\"og:locale\" content=\"bs_BA\" \/>\n<meta property=\"og:type\" content=\"article\" \/>\n<meta property=\"og:title\" content=\"Kad \u0107e po\u010deti radovi na putu do Novog Sela?\" \/>\n<meta property=\"og:description\" content=\"Kosovo &#8211; Iako su se mje\u0161tani Novog Sela ponadali da \u0107e, napokon, br\u017ee i bezbjednije stizati do svog sela od Prizrena to se jo\u0161 nije dogodilo. Odbornici SO Prizren usvojili su krajem pro\u0161le godine bud\u017eet u kojem je 150 hiljada eura bilo namjenjenih za ovaj put. Pola godine ve\u0107 prolazi, ali jo\u0161 uvijek ni\u0161ta. Nije [&hellip;]\" \/>\n<meta property=\"og:url\" content=\"https:\/\/sandzakpress.net\/arhiva\/kad-ce-poceti-radovi-na-putu-do-novog-sela\/\" \/>\n<meta property=\"og:site_name\" content=\"Sand\u017eak PRESS\" \/>\n<meta property=\"article:published_time\" content=\"2011-06-25T20:12:55+00:00\" \/>\n<meta property=\"og:image\" content=\"https:\/\/sandzakpress.net\/arhiva\/wp-content\/uploads\/2011\/06\/novo-selo1.jpg\" \/>\n\t<meta property=\"og:image:width\" content=\"302\" \/>\n\t<meta property=\"og:image:height\" content=\"227\" \/>\n\t<meta property=\"og:image:type\" content=\"image\/jpeg\" \/>\n<meta name=\"twitter:card\" content=\"summary_large_image\" \/>\n<meta name=\"twitter:label1\" content=\"Written by\" \/>\n\t<meta name=\"twitter:data1\" content=\"\" \/>\n\t<meta name=\"twitter:label2\" content=\"Est. reading time\" \/>\n\t<meta name=\"twitter:data2\" content=\"1 minuta\" \/>\n<script type=\"application\/ld+json\" class=\"yoast-schema-graph\">{\"@context\":\"https:\/\/schema.org\",\"@graph\":[{\"@type\":\"Article\",\"@id\":\"https:\/\/sandzakpress.net\/arhiva\/kad-ce-poceti-radovi-na-putu-do-novog-sela\/#article\",\"isPartOf\":{\"@id\":\"https:\/\/sandzakpress.net\/arhiva\/kad-ce-poceti-radovi-na-putu-do-novog-sela\/\"},\"author\":{\"name\":\"\",\"@id\":\"\"},\"headline\":\"Kad \u0107e po\u010deti radovi na putu do Novog Sela?\",\"datePublished\":\"2011-06-25T20:12:55+00:00\",\"mainEntityOfPage\":{\"@id\":\"https:\/\/sandzakpress.net\/arhiva\/kad-ce-poceti-radovi-na-putu-do-novog-sela\/\"},\"wordCount\":175,\"commentCount\":0,\"publisher\":{\"@id\":\"https:\/\/sandzakpress.net\/arhiva\/#\/schema\/person\/6e72b67d6e51910a1117b3b483ba20bd\"},\"image\":{\"@id\":\"https:\/\/sandzakpress.net\/arhiva\/kad-ce-poceti-radovi-na-putu-do-novog-sela\/#primaryimage\"},\"thumbnailUrl\":\"https:\/\/sandzakpress.net\/arhiva\/wp-content\/uploads\/2011\/06\/novo-selo1.jpg\",\"articleSection\":[\"Kosovo\"],\"inLanguage\":\"bs-BA\",\"potentialAction\":[{\"@type\":\"CommentAction\",\"name\":\"Comment\",\"target\":[\"https:\/\/sandzakpress.net\/arhiva\/kad-ce-poceti-radovi-na-putu-do-novog-sela\/#respond\"]}]},{\"@type\":\"WebPage\",\"@id\":\"https:\/\/sandzakpress.net\/arhiva\/kad-ce-poceti-radovi-na-putu-do-novog-sela\/\",\"url\":\"https:\/\/sandzakpress.net\/arhiva\/kad-ce-poceti-radovi-na-putu-do-novog-sela\/\",\"name\":\"Kad \u0107e po\u010deti radovi na putu do Novog Sela?\",\"isPartOf\":{\"@id\":\"https:\/\/sandzakpress.net\/arhiva\/#website\"},\"primaryImageOfPage\":{\"@id\":\"https:\/\/sandzakpress.net\/arhiva\/kad-ce-poceti-radovi-na-putu-do-novog-sela\/#primaryimage\"},\"image\":{\"@id\":\"https:\/\/sandzakpress.net\/arhiva\/kad-ce-poceti-radovi-na-putu-do-novog-sela\/#primaryimage\"},\"thumbnailUrl\":\"https:\/\/sandzakpress.net\/arhiva\/wp-content\/uploads\/2011\/06\/novo-selo1.jpg\",\"datePublished\":\"2011-06-25T20:12:55+00:00\",\"breadcrumb\":{\"@id\":\"https:\/\/sandzakpress.net\/arhiva\/kad-ce-poceti-radovi-na-putu-do-novog-sela\/#breadcrumb\"},\"inLanguage\":\"bs-BA\",\"potentialAction\":[{\"@type\":\"ReadAction\",\"target\":[\"https:\/\/sandzakpress.net\/arhiva\/kad-ce-poceti-radovi-na-putu-do-novog-sela\/\"]}]},{\"@type\":\"ImageObject\",\"inLanguage\":\"bs-BA\",\"@id\":\"https:\/\/sandzakpress.net\/arhiva\/kad-ce-poceti-radovi-na-putu-do-novog-sela\/#primaryimage\",\"url\":\"https:\/\/sandzakpress.net\/arhiva\/wp-content\/uploads\/2011\/06\/novo-selo1.jpg\",\"contentUrl\":\"https:\/\/sandzakpress.net\/arhiva\/wp-content\/uploads\/2011\/06\/novo-selo1.jpg\",\"width\":302,\"height\":227},{\"@type\":\"BreadcrumbList\",\"@id\":\"https:\/\/sandzakpress.net\/arhiva\/kad-ce-poceti-radovi-na-putu-do-novog-sela\/#breadcrumb\",\"itemListElement\":[{\"@type\":\"ListItem\",\"position\":1,\"name\":\"Home\",\"item\":\"https:\/\/sandzakpress.net\/arhiva\/\"},{\"@type\":\"ListItem\",\"position\":2,\"name\":\"Kad \u0107e po\u010deti radovi na putu do Novog Sela?\"}]},{\"@type\":\"WebSite\",\"@id\":\"https:\/\/sandzakpress.net\/arhiva\/#website\",\"url\":\"https:\/\/sandzakpress.net\/arhiva\/\",\"name\":\"Sand\u017eak PRESS\",\"description\":\"Prve elektronske novine u Sand\u017eaku\",\"publisher\":{\"@id\":\"https:\/\/sandzakpress.net\/arhiva\/#\/schema\/person\/6e72b67d6e51910a1117b3b483ba20bd\"},\"potentialAction\":[{\"@type\":\"SearchAction\",\"target\":{\"@type\":\"EntryPoint\",\"urlTemplate\":\"https:\/\/sandzakpress.net\/arhiva\/?s={search_term_string}\"},\"query-input\":{\"@type\":\"PropertyValueSpecification\",\"valueRequired\":true,\"valueName\":\"search_term_string\"}}],\"inLanguage\":\"bs-BA\"},{\"@type\":[\"Person\",\"Organization\"],\"@id\":\"https:\/\/sandzakpress.net\/arhiva\/#\/schema\/person\/6e72b67d6e51910a1117b3b483ba20bd\",\"name\":\"Kul\",\"image\":{\"@type\":\"ImageObject\",\"inLanguage\":\"bs-BA\",\"@id\":\"https:\/\/sandzakpress.net\/arhiva\/#\/schema\/person\/image\/\",\"url\":\"https:\/\/secure.gravatar.com\/avatar\/42263f39aa27ac04c43cab85c280eb2e?s=96&d=mm&r=pg\",\"contentUrl\":\"https:\/\/secure.gravatar.com\/avatar\/42263f39aa27ac04c43cab85c280eb2e?s=96&d=mm&r=pg\",\"caption\":\"Kul\"},\"logo\":{\"@id\":\"https:\/\/sandzakpress.net\/arhiva\/#\/schema\/person\/image\/\"}},{\"@type\":\"Person\",\"@id\":\"\",\"url\":\"https:\/\/sandzakpress.net\/arhiva\/author\/\"}]}<\/script>\n<!-- \/ Yoast SEO Premium plugin. -->","yoast_head_json":{"title":"Kad \u0107e po\u010deti radovi na putu do Novog Sela?","robots":{"index":"index","follow":"follow","max-snippet":"max-snippet:-1","max-image-preview":"max-image-preview:large","max-video-preview":"max-video-preview:-1"},"canonical":"https:\/\/sandzakpress.net\/arhiva\/kad-ce-poceti-radovi-na-putu-do-novog-sela\/","og_locale":"bs_BA","og_type":"article","og_title":"Kad \u0107e po\u010deti radovi na putu do Novog Sela?","og_description":"Kosovo &#8211; Iako su se mje\u0161tani Novog Sela ponadali da \u0107e, napokon, br\u017ee i bezbjednije stizati do svog sela od Prizrena to se jo\u0161 nije dogodilo. Odbornici SO Prizren usvojili su krajem pro\u0161le godine bud\u017eet u kojem je 150 hiljada eura bilo namjenjenih za ovaj put. Pola godine ve\u0107 prolazi, ali jo\u0161 uvijek ni\u0161ta. Nije [&hellip;]","og_url":"https:\/\/sandzakpress.net\/arhiva\/kad-ce-poceti-radovi-na-putu-do-novog-sela\/","og_site_name":"Sand\u017eak PRESS","article_published_time":"2011-06-25T20:12:55+00:00","og_image":[{"width":302,"height":227,"url":"https:\/\/sandzakpress.net\/arhiva\/wp-content\/uploads\/2011\/06\/novo-selo1.jpg","type":"image\/jpeg"}],"twitter_card":"summary_large_image","twitter_misc":{"Written by":"","Est. reading time":"1 minuta"},"schema":{"@context":"https:\/\/schema.org","@graph":[{"@type":"Article","@id":"https:\/\/sandzakpress.net\/arhiva\/kad-ce-poceti-radovi-na-putu-do-novog-sela\/#article","isPartOf":{"@id":"https:\/\/sandzakpress.net\/arhiva\/kad-ce-poceti-radovi-na-putu-do-novog-sela\/"},"author":{"name":"","@id":""},"headline":"Kad \u0107e po\u010deti radovi na putu do Novog Sela?","datePublished":"2011-06-25T20:12:55+00:00","mainEntityOfPage":{"@id":"https:\/\/sandzakpress.net\/arhiva\/kad-ce-poceti-radovi-na-putu-do-novog-sela\/"},"wordCount":175,"commentCount":0,"publisher":{"@id":"https:\/\/sandzakpress.net\/arhiva\/#\/schema\/person\/6e72b67d6e51910a1117b3b483ba20bd"},"image":{"@id":"https:\/\/sandzakpress.net\/arhiva\/kad-ce-poceti-radovi-na-putu-do-novog-sela\/#primaryimage"},"thumbnailUrl":"https:\/\/sandzakpress.net\/arhiva\/wp-content\/uploads\/2011\/06\/novo-selo1.jpg","articleSection":["Kosovo"],"inLanguage":"bs-BA","potentialAction":[{"@type":"CommentAction","name":"Comment","target":["https:\/\/sandzakpress.net\/arhiva\/kad-ce-poceti-radovi-na-putu-do-novog-sela\/#respond"]}]},{"@type":"WebPage","@id":"https:\/\/sandzakpress.net\/arhiva\/kad-ce-poceti-radovi-na-putu-do-novog-sela\/","url":"https:\/\/sandzakpress.net\/arhiva\/kad-ce-poceti-radovi-na-putu-do-novog-sela\/","name":"Kad \u0107e po\u010deti radovi na putu do Novog Sela?","isPartOf":{"@id":"https:\/\/sandzakpress.net\/arhiva\/#website"},"primaryImageOfPage":{"@id":"https:\/\/sandzakpress.net\/arhiva\/kad-ce-poceti-radovi-na-putu-do-novog-sela\/#primaryimage"},"image":{"@id":"https:\/\/sandzakpress.net\/arhiva\/kad-ce-poceti-radovi-na-putu-do-novog-sela\/#primaryimage"},"thumbnailUrl":"https:\/\/sandzakpress.net\/arhiva\/wp-content\/uploads\/2011\/06\/novo-selo1.jpg","datePublished":"2011-06-25T20:12:55+00:00","breadcrumb":{"@id":"https:\/\/sandzakpress.net\/arhiva\/kad-ce-poceti-radovi-na-putu-do-novog-sela\/#breadcrumb"},"inLanguage":"bs-BA","potentialAction":[{"@type":"ReadAction","target":["https:\/\/sandzakpress.net\/arhiva\/kad-ce-poceti-radovi-na-putu-do-novog-sela\/"]}]},{"@type":"ImageObject","inLanguage":"bs-BA","@id":"https:\/\/sandzakpress.net\/arhiva\/kad-ce-poceti-radovi-na-putu-do-novog-sela\/#primaryimage","url":"https:\/\/sandzakpress.net\/arhiva\/wp-content\/uploads\/2011\/06\/novo-selo1.jpg","contentUrl":"https:\/\/sandzakpress.net\/arhiva\/wp-content\/uploads\/2011\/06\/novo-selo1.jpg","width":302,"height":227},{"@type":"BreadcrumbList","@id":"https:\/\/sandzakpress.net\/arhiva\/kad-ce-poceti-radovi-na-putu-do-novog-sela\/#breadcrumb","itemListElement":[{"@type":"ListItem","position":1,"name":"Home","item":"https:\/\/sandzakpress.net\/arhiva\/"},{"@type":"ListItem","position":2,"name":"Kad \u0107e po\u010deti radovi na putu do Novog Sela?"}]},{"@type":"WebSite","@id":"https:\/\/sandzakpress.net\/arhiva\/#website","url":"https:\/\/sandzakpress.net\/arhiva\/","name":"Sand\u017eak PRESS","description":"Prve elektronske novine u Sand\u017eaku","publisher":{"@id":"https:\/\/sandzakpress.net\/arhiva\/#\/schema\/person\/6e72b67d6e51910a1117b3b483ba20bd"},"potentialAction":[{"@type":"SearchAction","target":{"@type":"EntryPoint","urlTemplate":"https:\/\/sandzakpress.net\/arhiva\/?s={search_term_string}"},"query-input":{"@type":"PropertyValueSpecification","valueRequired":true,"valueName":"search_term_string"}}],"inLanguage":"bs-BA"},{"@type":["Person","Organization"],"@id":"https:\/\/sandzakpress.net\/arhiva\/#\/schema\/person\/6e72b67d6e51910a1117b3b483ba20bd","name":"Kul","image":{"@type":"ImageObject","inLanguage":"bs-BA","@id":"https:\/\/sandzakpress.net\/arhiva\/#\/schema\/person\/image\/","url":"https:\/\/secure.gravatar.com\/avatar\/42263f39aa27ac04c43cab85c280eb2e?s=96&d=mm&r=pg","contentUrl":"https:\/\/secure.gravatar.com\/avatar\/42263f39aa27ac04c43cab85c280eb2e?s=96&d=mm&r=pg","caption":"Kul"},"logo":{"@id":"https:\/\/sandzakpress.net\/arhiva\/#\/schema\/person\/image\/"}},{"@type":"Person","@id":"","url":"https:\/\/sandzakpress.net\/arhiva\/author\/"}]}},"_links":{"self":[{"href":"https:\/\/sandzakpress.net\/arhiva\/wp-json\/wp\/v2\/posts\/17258"}],"collection":[{"href":"https:\/\/sandzakpress.net\/arhiva\/wp-json\/wp\/v2\/posts"}],"about":[{"href":"https:\/\/sandzakpress.net\/arhiva\/wp-json\/wp\/v2\/types\/post"}],"author":[{"embeddable":true,"href":"https:\/\/sandzakpress.net\/arhiva\/wp-json\/wp\/v2\/users\/13"}],"replies":[{"embeddable":true,"href":"https:\/\/sandzakpress.net\/arhiva\/wp-json\/wp\/v2\/comments?post=17258"}],"version-history":[{"count":0,"href":"https:\/\/sandzakpress.net\/arhiva\/wp-json\/wp\/v2\/posts\/17258\/revisions"}],"wp:featuredmedia":[{"embeddable":true,"href":"https:\/\/sandzakpress.net\/arhiva\/wp-json\/wp\/v2\/media\/17259"}],"wp:attachment":[{"href":"https:\/\/sandzakpress.net\/arhiva\/wp-json\/wp\/v2\/media?parent=17258"}],"wp:term":[{"taxonomy":"category","embeddable":true,"href":"https:\/\/sandzakpress.net\/arhiva\/wp-json\/wp\/v2\/categories?post=17258"},{"taxonomy":"post_tag","embeddable":true,"href":"https:\/\/sandzakpress.net\/arhiva\/wp-json\/wp\/v2\/tags?post=17258"}],"curies":[{"name":"wp","href":"https:\/\/api.w.org\/{rel}","templated":true}]}}