{"id":172576,"date":"2016-11-08T18:35:30","date_gmt":"2016-11-08T17:35:30","guid":{"rendered":"https:\/\/sandzakpress.net\/arhiva\/izrael-nece-ucestvovati-na-konferenciji-o-palestini"},"modified":"2016-11-08T18:35:30","modified_gmt":"2016-11-08T17:35:30","slug":"izrael-nece-ucestvovati-na-konferenciji-o-palestini","status":"publish","type":"post","link":"https:\/\/sandzakpress.net\/arhiva\/izrael-nece-ucestvovati-na-konferenciji-o-palestini\/","title":{"rendered":"Izrael ne\u0107e u\u010destvovati na konferenciji o Palestini"},"content":{"rendered":"<p><img loading=\"lazy\" decoding=\"async\" class=\"\" src=\"http:\/\/balkans.aljazeera.net\/sites\/default\/files\/styles\/d8\/public\/netanyahu-ap.jpg?itok=jT3YcTi0\" width=\"601\" height=\"338\" \/><\/p>\n<p><strong>Palestina \u2013 Iz kabineta premijera Izraela naveli su da problem dvije strane trebaju rije\u0161iti direktnim razgovorima.<\/strong><\/p>\n<p>Izraelski premijer Benjamin Netanyahu poru\u010dio je da Izrael ne\u0107e u\u010destvovati na me\u0111unarodnoj konferenciji koju je inicirala Francuska o rje\u0161enju sukoba Izraela i Palestinske uprave.<\/p>\n<p>Iz kabineta premijera Izraela naveli su kako je Netanyahu poru\u010dio da problem dvije strane trebaju rije\u0161iti direktnim razgovorima.<\/p>\n<p>\u201cPravi napredak u postizanju mira bit \u0107e postignut samo direktnim pregovorima, a svaka druga inicijativa samo regiju jo\u0161 vi\u0161e udaljava od mira\u201d, navodi se u saop\u0107enju i dodaje da izraelska strana ne\u0107e u\u010destvovati na konferenciji.<\/p>\n<p>\u201cZbog toga Izrael ne\u0107e u\u010destvovati na francuskoj konferenciji zakazanoj za kraj godine\u201d, navodi se u saop\u0107enju.<\/p>\n<p>Palestinski predstavnici su ranije najavili da \u0107e u\u010destvovati na ovoj mirovnoj konferenciji.<\/p>\n<p><strong>Preliminarna konferencija<\/strong><\/p>\n<p>Od pokretanja francuske inicijative u januaru 2016. godine Izraelska vlada, na \u010delu s Netanyahuom, neprestano se izja\u0161njavala protiv njenog odr\u017eavanja.<\/p>\n<p>Francuska je, u okviru napora za ponovno pokretanje bliskoisto\u010dnih mirovnih pregovora, u junu 2016. godine organizirala preliminarnu konferenciju bez predstavnika Izraela i Palestine, na kojoj su u\u010de\u0161\u0107e uzeli Ujedinjeni narodi, Evropska unija, SAD i nekoliko arapskih zemalja.<\/p>\n<p>Plan je bio da se do kraja ove godine odr\u017ei konferencija na kojoj bi u\u010destvovali i Izraelci i Palestinci, a na kojoj bi se poku\u0161ao dogovoriti nastavak mirovnog procesa.<\/p>\n<p>Posljednji mirovni pregovori pod okriljem SAD-a propali su u aprilu 2014. godine.<\/p>\n<p>Izvor: Agencije<\/p>\n<p>Pogledajte vijest na izvornom sajtu:<\/p>\n<p><a href=\"http:\/\/islampress.net\/dijeli\/izrael-nece-ucestvovati-na-konferenciji-o-palestini\" target=\"_blank\">Izrael ne\u0107e u\u010destvovati na konferenciji o Palestini<\/a><\/p>\n","protected":false},"excerpt":{"rendered":"<p>Palestina \u2013 Iz kabineta premijera Izraela naveli su da problem dvije strane trebaju rije\u0161iti direktnim razgovorima. Izraelski premijer Benjamin Netanyahu poru\u010dio je da Izrael ne\u0107e u\u010destvovati na me\u0111unarodnoj konferenciji koju je inicirala Francuska o rje\u0161enju sukoba Izraela i Palestinske uprave. Iz kabineta premijera Izraela naveli su kako je Netanyahu poru\u010dio da problem dvije strane trebaju [&hellip;]<\/p>\n","protected":false},"author":83,"featured_media":172577,"comment_status":"open","ping_status":"open","sticky":false,"template":"","format":"standard","meta":{"footnotes":""},"categories":[9],"tags":[10499],"class_list":{"0":"post-172576","1":"post","2":"type-post","3":"status-publish","4":"format-standard","5":"has-post-thumbnail","7":"category-svijet","8":"tag-a"},"yoast_head":"<!-- This site is optimized with the Yoast SEO Premium plugin v23.1 (Yoast SEO v24.9) - https:\/\/yoast.com\/wordpress\/plugins\/seo\/ -->\n<title>Izrael ne\u0107e u\u010destvovati na konferenciji o Palestini<\/title>\n<meta name=\"robots\" content=\"index, follow, max-snippet:-1, max-image-preview:large, max-video-preview:-1\" \/>\n<link rel=\"canonical\" href=\"https:\/\/sandzakpress.net\/arhiva\/izrael-nece-ucestvovati-na-konferenciji-o-palestini\/\" \/>\n<meta property=\"og:locale\" content=\"bs_BA\" \/>\n<meta property=\"og:type\" content=\"article\" \/>\n<meta property=\"og:title\" content=\"Izrael ne\u0107e u\u010destvovati na konferenciji o Palestini\" \/>\n<meta property=\"og:description\" content=\"Palestina \u2013 Iz kabineta premijera Izraela naveli su da problem dvije strane trebaju rije\u0161iti direktnim razgovorima. Izraelski premijer Benjamin Netanyahu poru\u010dio je da Izrael ne\u0107e u\u010destvovati na me\u0111unarodnoj konferenciji koju je inicirala Francuska o rje\u0161enju sukoba Izraela i Palestinske uprave. Iz kabineta premijera Izraela naveli su kako je Netanyahu poru\u010dio da problem dvije strane trebaju [&hellip;]\" \/>\n<meta property=\"og:url\" content=\"https:\/\/sandzakpress.net\/arhiva\/izrael-nece-ucestvovati-na-konferenciji-o-palestini\/\" \/>\n<meta property=\"og:site_name\" content=\"Sand\u017eak PRESS\" \/>\n<meta property=\"article:published_time\" content=\"2016-11-08T17:35:30+00:00\" \/>\n<meta property=\"og:image\" content=\"https:\/\/sandzakpress.net\/arhiva\/wp-content\/uploads\/2016\/11\/netanyahu-ap.jpg\" \/>\n\t<meta property=\"og:image:width\" content=\"770\" \/>\n\t<meta property=\"og:image:height\" content=\"433\" \/>\n\t<meta property=\"og:image:type\" content=\"image\/jpeg\" \/>\n<meta name=\"author\" content=\"bosniak\" \/>\n<meta name=\"twitter:card\" content=\"summary_large_image\" \/>\n<meta name=\"twitter:label1\" content=\"Written by\" \/>\n\t<meta name=\"twitter:data1\" content=\"bosniak\" \/>\n\t<meta name=\"twitter:label2\" content=\"Est. reading time\" \/>\n\t<meta name=\"twitter:data2\" content=\"1 minuta\" \/>\n<script type=\"application\/ld+json\" class=\"yoast-schema-graph\">{\"@context\":\"https:\/\/schema.org\",\"@graph\":[{\"@type\":\"Article\",\"@id\":\"https:\/\/sandzakpress.net\/arhiva\/izrael-nece-ucestvovati-na-konferenciji-o-palestini\/#article\",\"isPartOf\":{\"@id\":\"https:\/\/sandzakpress.net\/arhiva\/izrael-nece-ucestvovati-na-konferenciji-o-palestini\/\"},\"author\":{\"name\":\"bosniak\",\"@id\":\"https:\/\/sandzakpress.net\/arhiva\/#\/schema\/person\/c8baee722073534b583ea7bdb2e36c02\"},\"headline\":\"Izrael ne\u0107e u\u010destvovati na konferenciji o Palestini\",\"datePublished\":\"2016-11-08T17:35:30+00:00\",\"mainEntityOfPage\":{\"@id\":\"https:\/\/sandzakpress.net\/arhiva\/izrael-nece-ucestvovati-na-konferenciji-o-palestini\/\"},\"wordCount\":266,\"commentCount\":0,\"publisher\":{\"@id\":\"https:\/\/sandzakpress.net\/arhiva\/#\/schema\/person\/6e72b67d6e51910a1117b3b483ba20bd\"},\"image\":{\"@id\":\"https:\/\/sandzakpress.net\/arhiva\/izrael-nece-ucestvovati-na-konferenciji-o-palestini\/#primaryimage\"},\"thumbnailUrl\":\"https:\/\/sandzakpress.net\/arhiva\/wp-content\/uploads\/2016\/11\/netanyahu-ap.jpg\",\"keywords\":[\"A\"],\"articleSection\":[\"Svijet\"],\"inLanguage\":\"bs-BA\",\"potentialAction\":[{\"@type\":\"CommentAction\",\"name\":\"Comment\",\"target\":[\"https:\/\/sandzakpress.net\/arhiva\/izrael-nece-ucestvovati-na-konferenciji-o-palestini\/#respond\"]}]},{\"@type\":\"WebPage\",\"@id\":\"https:\/\/sandzakpress.net\/arhiva\/izrael-nece-ucestvovati-na-konferenciji-o-palestini\/\",\"url\":\"https:\/\/sandzakpress.net\/arhiva\/izrael-nece-ucestvovati-na-konferenciji-o-palestini\/\",\"name\":\"Izrael ne\u0107e u\u010destvovati na konferenciji o Palestini\",\"isPartOf\":{\"@id\":\"https:\/\/sandzakpress.net\/arhiva\/#website\"},\"primaryImageOfPage\":{\"@id\":\"https:\/\/sandzakpress.net\/arhiva\/izrael-nece-ucestvovati-na-konferenciji-o-palestini\/#primaryimage\"},\"image\":{\"@id\":\"https:\/\/sandzakpress.net\/arhiva\/izrael-nece-ucestvovati-na-konferenciji-o-palestini\/#primaryimage\"},\"thumbnailUrl\":\"https:\/\/sandzakpress.net\/arhiva\/wp-content\/uploads\/2016\/11\/netanyahu-ap.jpg\",\"datePublished\":\"2016-11-08T17:35:30+00:00\",\"breadcrumb\":{\"@id\":\"https:\/\/sandzakpress.net\/arhiva\/izrael-nece-ucestvovati-na-konferenciji-o-palestini\/#breadcrumb\"},\"inLanguage\":\"bs-BA\",\"potentialAction\":[{\"@type\":\"ReadAction\",\"target\":[\"https:\/\/sandzakpress.net\/arhiva\/izrael-nece-ucestvovati-na-konferenciji-o-palestini\/\"]}]},{\"@type\":\"ImageObject\",\"inLanguage\":\"bs-BA\",\"@id\":\"https:\/\/sandzakpress.net\/arhiva\/izrael-nece-ucestvovati-na-konferenciji-o-palestini\/#primaryimage\",\"url\":\"https:\/\/sandzakpress.net\/arhiva\/wp-content\/uploads\/2016\/11\/netanyahu-ap.jpg\",\"contentUrl\":\"https:\/\/sandzakpress.net\/arhiva\/wp-content\/uploads\/2016\/11\/netanyahu-ap.jpg\",\"width\":770,\"height\":433},{\"@type\":\"BreadcrumbList\",\"@id\":\"https:\/\/sandzakpress.net\/arhiva\/izrael-nece-ucestvovati-na-konferenciji-o-palestini\/#breadcrumb\",\"itemListElement\":[{\"@type\":\"ListItem\",\"position\":1,\"name\":\"Home\",\"item\":\"https:\/\/sandzakpress.net\/arhiva\/\"},{\"@type\":\"ListItem\",\"position\":2,\"name\":\"Izrael ne\u0107e u\u010destvovati na konferenciji o Palestini\"}]},{\"@type\":\"WebSite\",\"@id\":\"https:\/\/sandzakpress.net\/arhiva\/#website\",\"url\":\"https:\/\/sandzakpress.net\/arhiva\/\",\"name\":\"Sand\u017eak PRESS\",\"description\":\"Prve elektronske novine u Sand\u017eaku\",\"publisher\":{\"@id\":\"https:\/\/sandzakpress.net\/arhiva\/#\/schema\/person\/6e72b67d6e51910a1117b3b483ba20bd\"},\"potentialAction\":[{\"@type\":\"SearchAction\",\"target\":{\"@type\":\"EntryPoint\",\"urlTemplate\":\"https:\/\/sandzakpress.net\/arhiva\/?s={search_term_string}\"},\"query-input\":{\"@type\":\"PropertyValueSpecification\",\"valueRequired\":true,\"valueName\":\"search_term_string\"}}],\"inLanguage\":\"bs-BA\"},{\"@type\":[\"Person\",\"Organization\"],\"@id\":\"https:\/\/sandzakpress.net\/arhiva\/#\/schema\/person\/6e72b67d6e51910a1117b3b483ba20bd\",\"name\":\"Kul\",\"image\":{\"@type\":\"ImageObject\",\"inLanguage\":\"bs-BA\",\"@id\":\"https:\/\/sandzakpress.net\/arhiva\/#\/schema\/person\/image\/\",\"url\":\"https:\/\/secure.gravatar.com\/avatar\/42263f39aa27ac04c43cab85c280eb2e?s=96&d=mm&r=pg\",\"contentUrl\":\"https:\/\/secure.gravatar.com\/avatar\/42263f39aa27ac04c43cab85c280eb2e?s=96&d=mm&r=pg\",\"caption\":\"Kul\"},\"logo\":{\"@id\":\"https:\/\/sandzakpress.net\/arhiva\/#\/schema\/person\/image\/\"}},{\"@type\":\"Person\",\"@id\":\"https:\/\/sandzakpress.net\/arhiva\/#\/schema\/person\/c8baee722073534b583ea7bdb2e36c02\",\"name\":\"bosniak\",\"image\":{\"@type\":\"ImageObject\",\"inLanguage\":\"bs-BA\",\"@id\":\"https:\/\/sandzakpress.net\/arhiva\/#\/schema\/person\/image\/\",\"url\":\"https:\/\/secure.gravatar.com\/avatar\/a04fd330bfe3a36a72a0ad4a6d89fca7?s=96&d=mm&r=pg\",\"contentUrl\":\"https:\/\/secure.gravatar.com\/avatar\/a04fd330bfe3a36a72a0ad4a6d89fca7?s=96&d=mm&r=pg\",\"caption\":\"bosniak\"},\"url\":\"https:\/\/sandzakpress.net\/arhiva\/author\/bosniak\/\"}]}<\/script>\n<!-- \/ Yoast SEO Premium plugin. -->","yoast_head_json":{"title":"Izrael ne\u0107e u\u010destvovati na konferenciji o Palestini","robots":{"index":"index","follow":"follow","max-snippet":"max-snippet:-1","max-image-preview":"max-image-preview:large","max-video-preview":"max-video-preview:-1"},"canonical":"https:\/\/sandzakpress.net\/arhiva\/izrael-nece-ucestvovati-na-konferenciji-o-palestini\/","og_locale":"bs_BA","og_type":"article","og_title":"Izrael ne\u0107e u\u010destvovati na konferenciji o Palestini","og_description":"Palestina \u2013 Iz kabineta premijera Izraela naveli su da problem dvije strane trebaju rije\u0161iti direktnim razgovorima. Izraelski premijer Benjamin Netanyahu poru\u010dio je da Izrael ne\u0107e u\u010destvovati na me\u0111unarodnoj konferenciji koju je inicirala Francuska o rje\u0161enju sukoba Izraela i Palestinske uprave. Iz kabineta premijera Izraela naveli su kako je Netanyahu poru\u010dio da problem dvije strane trebaju [&hellip;]","og_url":"https:\/\/sandzakpress.net\/arhiva\/izrael-nece-ucestvovati-na-konferenciji-o-palestini\/","og_site_name":"Sand\u017eak PRESS","article_published_time":"2016-11-08T17:35:30+00:00","og_image":[{"width":770,"height":433,"url":"https:\/\/sandzakpress.net\/arhiva\/wp-content\/uploads\/2016\/11\/netanyahu-ap.jpg","type":"image\/jpeg"}],"author":"bosniak","twitter_card":"summary_large_image","twitter_misc":{"Written by":"bosniak","Est. reading time":"1 minuta"},"schema":{"@context":"https:\/\/schema.org","@graph":[{"@type":"Article","@id":"https:\/\/sandzakpress.net\/arhiva\/izrael-nece-ucestvovati-na-konferenciji-o-palestini\/#article","isPartOf":{"@id":"https:\/\/sandzakpress.net\/arhiva\/izrael-nece-ucestvovati-na-konferenciji-o-palestini\/"},"author":{"name":"bosniak","@id":"https:\/\/sandzakpress.net\/arhiva\/#\/schema\/person\/c8baee722073534b583ea7bdb2e36c02"},"headline":"Izrael ne\u0107e u\u010destvovati na konferenciji o Palestini","datePublished":"2016-11-08T17:35:30+00:00","mainEntityOfPage":{"@id":"https:\/\/sandzakpress.net\/arhiva\/izrael-nece-ucestvovati-na-konferenciji-o-palestini\/"},"wordCount":266,"commentCount":0,"publisher":{"@id":"https:\/\/sandzakpress.net\/arhiva\/#\/schema\/person\/6e72b67d6e51910a1117b3b483ba20bd"},"image":{"@id":"https:\/\/sandzakpress.net\/arhiva\/izrael-nece-ucestvovati-na-konferenciji-o-palestini\/#primaryimage"},"thumbnailUrl":"https:\/\/sandzakpress.net\/arhiva\/wp-content\/uploads\/2016\/11\/netanyahu-ap.jpg","keywords":["A"],"articleSection":["Svijet"],"inLanguage":"bs-BA","potentialAction":[{"@type":"CommentAction","name":"Comment","target":["https:\/\/sandzakpress.net\/arhiva\/izrael-nece-ucestvovati-na-konferenciji-o-palestini\/#respond"]}]},{"@type":"WebPage","@id":"https:\/\/sandzakpress.net\/arhiva\/izrael-nece-ucestvovati-na-konferenciji-o-palestini\/","url":"https:\/\/sandzakpress.net\/arhiva\/izrael-nece-ucestvovati-na-konferenciji-o-palestini\/","name":"Izrael ne\u0107e u\u010destvovati na konferenciji o Palestini","isPartOf":{"@id":"https:\/\/sandzakpress.net\/arhiva\/#website"},"primaryImageOfPage":{"@id":"https:\/\/sandzakpress.net\/arhiva\/izrael-nece-ucestvovati-na-konferenciji-o-palestini\/#primaryimage"},"image":{"@id":"https:\/\/sandzakpress.net\/arhiva\/izrael-nece-ucestvovati-na-konferenciji-o-palestini\/#primaryimage"},"thumbnailUrl":"https:\/\/sandzakpress.net\/arhiva\/wp-content\/uploads\/2016\/11\/netanyahu-ap.jpg","datePublished":"2016-11-08T17:35:30+00:00","breadcrumb":{"@id":"https:\/\/sandzakpress.net\/arhiva\/izrael-nece-ucestvovati-na-konferenciji-o-palestini\/#breadcrumb"},"inLanguage":"bs-BA","potentialAction":[{"@type":"ReadAction","target":["https:\/\/sandzakpress.net\/arhiva\/izrael-nece-ucestvovati-na-konferenciji-o-palestini\/"]}]},{"@type":"ImageObject","inLanguage":"bs-BA","@id":"https:\/\/sandzakpress.net\/arhiva\/izrael-nece-ucestvovati-na-konferenciji-o-palestini\/#primaryimage","url":"https:\/\/sandzakpress.net\/arhiva\/wp-content\/uploads\/2016\/11\/netanyahu-ap.jpg","contentUrl":"https:\/\/sandzakpress.net\/arhiva\/wp-content\/uploads\/2016\/11\/netanyahu-ap.jpg","width":770,"height":433},{"@type":"BreadcrumbList","@id":"https:\/\/sandzakpress.net\/arhiva\/izrael-nece-ucestvovati-na-konferenciji-o-palestini\/#breadcrumb","itemListElement":[{"@type":"ListItem","position":1,"name":"Home","item":"https:\/\/sandzakpress.net\/arhiva\/"},{"@type":"ListItem","position":2,"name":"Izrael ne\u0107e u\u010destvovati na konferenciji o Palestini"}]},{"@type":"WebSite","@id":"https:\/\/sandzakpress.net\/arhiva\/#website","url":"https:\/\/sandzakpress.net\/arhiva\/","name":"Sand\u017eak PRESS","description":"Prve elektronske novine u Sand\u017eaku","publisher":{"@id":"https:\/\/sandzakpress.net\/arhiva\/#\/schema\/person\/6e72b67d6e51910a1117b3b483ba20bd"},"potentialAction":[{"@type":"SearchAction","target":{"@type":"EntryPoint","urlTemplate":"https:\/\/sandzakpress.net\/arhiva\/?s={search_term_string}"},"query-input":{"@type":"PropertyValueSpecification","valueRequired":true,"valueName":"search_term_string"}}],"inLanguage":"bs-BA"},{"@type":["Person","Organization"],"@id":"https:\/\/sandzakpress.net\/arhiva\/#\/schema\/person\/6e72b67d6e51910a1117b3b483ba20bd","name":"Kul","image":{"@type":"ImageObject","inLanguage":"bs-BA","@id":"https:\/\/sandzakpress.net\/arhiva\/#\/schema\/person\/image\/","url":"https:\/\/secure.gravatar.com\/avatar\/42263f39aa27ac04c43cab85c280eb2e?s=96&d=mm&r=pg","contentUrl":"https:\/\/secure.gravatar.com\/avatar\/42263f39aa27ac04c43cab85c280eb2e?s=96&d=mm&r=pg","caption":"Kul"},"logo":{"@id":"https:\/\/sandzakpress.net\/arhiva\/#\/schema\/person\/image\/"}},{"@type":"Person","@id":"https:\/\/sandzakpress.net\/arhiva\/#\/schema\/person\/c8baee722073534b583ea7bdb2e36c02","name":"bosniak","image":{"@type":"ImageObject","inLanguage":"bs-BA","@id":"https:\/\/sandzakpress.net\/arhiva\/#\/schema\/person\/image\/","url":"https:\/\/secure.gravatar.com\/avatar\/a04fd330bfe3a36a72a0ad4a6d89fca7?s=96&d=mm&r=pg","contentUrl":"https:\/\/secure.gravatar.com\/avatar\/a04fd330bfe3a36a72a0ad4a6d89fca7?s=96&d=mm&r=pg","caption":"bosniak"},"url":"https:\/\/sandzakpress.net\/arhiva\/author\/bosniak\/"}]}},"_links":{"self":[{"href":"https:\/\/sandzakpress.net\/arhiva\/wp-json\/wp\/v2\/posts\/172576"}],"collection":[{"href":"https:\/\/sandzakpress.net\/arhiva\/wp-json\/wp\/v2\/posts"}],"about":[{"href":"https:\/\/sandzakpress.net\/arhiva\/wp-json\/wp\/v2\/types\/post"}],"author":[{"embeddable":true,"href":"https:\/\/sandzakpress.net\/arhiva\/wp-json\/wp\/v2\/users\/83"}],"replies":[{"embeddable":true,"href":"https:\/\/sandzakpress.net\/arhiva\/wp-json\/wp\/v2\/comments?post=172576"}],"version-history":[{"count":0,"href":"https:\/\/sandzakpress.net\/arhiva\/wp-json\/wp\/v2\/posts\/172576\/revisions"}],"wp:featuredmedia":[{"embeddable":true,"href":"https:\/\/sandzakpress.net\/arhiva\/wp-json\/wp\/v2\/media\/172577"}],"wp:attachment":[{"href":"https:\/\/sandzakpress.net\/arhiva\/wp-json\/wp\/v2\/media?parent=172576"}],"wp:term":[{"taxonomy":"category","embeddable":true,"href":"https:\/\/sandzakpress.net\/arhiva\/wp-json\/wp\/v2\/categories?post=172576"},{"taxonomy":"post_tag","embeddable":true,"href":"https:\/\/sandzakpress.net\/arhiva\/wp-json\/wp\/v2\/tags?post=172576"}],"curies":[{"name":"wp","href":"https:\/\/api.w.org\/{rel}","templated":true}]}}