{"id":17251,"date":"2011-06-25T21:46:29","date_gmt":"2011-06-25T19:46:29","guid":{"rendered":"https:\/\/sandzakpress.net\/arhiva\/?p=17251"},"modified":"2011-06-25T21:46:29","modified_gmt":"2011-06-25T19:46:29","slug":"palestincima-drzava-u-granicama-iz-1967-godine","status":"publish","type":"post","link":"https:\/\/sandzakpress.net\/arhiva\/palestincima-drzava-u-granicama-iz-1967-godine\/","title":{"rendered":"Palestincima dr\u017eava u granicama iz 1967. godine"},"content":{"rendered":"<p><strong><a href=\"https:\/\/sandzakpress.net\/arhiva\/wp-content\/uploads\/2011\/06\/Barack-Husein-Obama.jpg\"><img loading=\"lazy\" decoding=\"async\" class=\"alignleft size-full wp-image-17252\" src=\"https:\/\/sandzakpress.net\/arhiva\/wp-content\/uploads\/2011\/06\/Barack-Husein-Obama.jpg\" alt=\"\" width=\"200\" height=\"300\" \/><\/a>SAD, Palestina &#8211; Predsjednik SAD-a Barack Obama odr\u017eao je u Washingtonu zapa\u017een govor u kojemu je predstavio ameri\u010dku politiku prema muslimanima u sjevernoj Africi i na Bliskom istoku. Tom prilikom se zalo\u017eio za stvaranje palestinske dr\u017eave u granicama iz 1967. godine, \u0161to zna\u010di da bi se u sastavu te dr\u017eave nalazila Zapadna obala, isto\u010dni Jerusalem i Gaza. <\/strong><\/p>\n<p>&#8211; Palestinski narod mora imati pravo samostalno vladati i ostvarivati svoje potencijale, rekao je Obama isti\u010du\u0107i da je SAD nakon Arapskog prolje\u0107a otvorio novu stranicu svoje vanjske politike.<\/p>\n<p>Obama je \u017eestoko napao sirijskog predsjednik Assada kojemu je poru\u010dio da mora voditi svoju zemlju prema demokratiji ili se skloniti s puta. Upozorio ga je da vi\u0161e ne mo\u017ee vladati zemljom \u017eeljeznom rukom te da mora promijeniti smjer ukoliko \u017eeli da ga me\u0111unarodna zajednica prihvati. Osvr\u0107u\u0107i se na likvidaciju Bin Ladena, Obama je rekao da je on masovni ubica, a ne \u0161ehid.<\/p>\n<p>Obama je tako\u0111er obe\u0107ao izda\u0161niju pomo\u0107 zemljama koje su krenule u proces demokratizacije.<\/p>\n<p>Izvor:<strong> Mesiha.org<\/strong><\/p>\n","protected":false},"excerpt":{"rendered":"<p>SAD, Palestina &#8211; Predsjednik SAD-a Barack Obama odr\u017eao je u Washingtonu zapa\u017een govor u kojemu je predstavio ameri\u010dku politiku prema muslimanima u sjevernoj Africi i na Bliskom istoku. Tom prilikom se zalo\u017eio za stvaranje palestinske dr\u017eave u granicama iz 1967. godine, \u0161to zna\u010di da bi se u sastavu te dr\u017eave nalazila Zapadna obala, isto\u010dni Jerusalem [&hellip;]<\/p>\n","protected":false},"author":13,"featured_media":17252,"comment_status":"open","ping_status":"open","sticky":false,"template":"","format":"standard","meta":{"footnotes":""},"categories":[9],"tags":[],"class_list":{"0":"post-17251","1":"post","2":"type-post","3":"status-publish","4":"format-standard","5":"has-post-thumbnail","7":"category-svijet"},"yoast_head":"<!-- This site is optimized with the Yoast SEO Premium plugin v23.1 (Yoast SEO v24.9) - https:\/\/yoast.com\/wordpress\/plugins\/seo\/ -->\n<title>Palestincima dr\u017eava u granicama iz 1967. godine<\/title>\n<meta name=\"robots\" content=\"index, follow, max-snippet:-1, max-image-preview:large, max-video-preview:-1\" \/>\n<link rel=\"canonical\" href=\"https:\/\/sandzakpress.net\/arhiva\/palestincima-drzava-u-granicama-iz-1967-godine\/\" \/>\n<meta property=\"og:locale\" content=\"bs_BA\" \/>\n<meta property=\"og:type\" content=\"article\" \/>\n<meta property=\"og:title\" content=\"Palestincima dr\u017eava u granicama iz 1967. godine\" \/>\n<meta property=\"og:description\" content=\"SAD, Palestina &#8211; Predsjednik SAD-a Barack Obama odr\u017eao je u Washingtonu zapa\u017een govor u kojemu je predstavio ameri\u010dku politiku prema muslimanima u sjevernoj Africi i na Bliskom istoku. Tom prilikom se zalo\u017eio za stvaranje palestinske dr\u017eave u granicama iz 1967. godine, \u0161to zna\u010di da bi se u sastavu te dr\u017eave nalazila Zapadna obala, isto\u010dni Jerusalem [&hellip;]\" \/>\n<meta property=\"og:url\" content=\"https:\/\/sandzakpress.net\/arhiva\/palestincima-drzava-u-granicama-iz-1967-godine\/\" \/>\n<meta property=\"og:site_name\" content=\"Sand\u017eak PRESS\" \/>\n<meta property=\"article:published_time\" content=\"2011-06-25T19:46:29+00:00\" \/>\n<meta property=\"og:image\" content=\"https:\/\/sandzakpress.net\/arhiva\/wp-content\/uploads\/2011\/06\/Barack-Husein-Obama.jpg\" \/>\n\t<meta property=\"og:image:width\" content=\"200\" \/>\n\t<meta property=\"og:image:height\" content=\"300\" \/>\n\t<meta property=\"og:image:type\" content=\"image\/jpeg\" \/>\n<meta name=\"twitter:card\" content=\"summary_large_image\" \/>\n<meta name=\"twitter:label1\" content=\"Written by\" \/>\n\t<meta name=\"twitter:data1\" content=\"\" \/>\n\t<meta name=\"twitter:label2\" content=\"Est. reading time\" \/>\n\t<meta name=\"twitter:data2\" content=\"1 minuta\" \/>\n<script type=\"application\/ld+json\" class=\"yoast-schema-graph\">{\"@context\":\"https:\/\/schema.org\",\"@graph\":[{\"@type\":\"Article\",\"@id\":\"https:\/\/sandzakpress.net\/arhiva\/palestincima-drzava-u-granicama-iz-1967-godine\/#article\",\"isPartOf\":{\"@id\":\"https:\/\/sandzakpress.net\/arhiva\/palestincima-drzava-u-granicama-iz-1967-godine\/\"},\"author\":{\"name\":\"\",\"@id\":\"\"},\"headline\":\"Palestincima dr\u017eava u granicama iz 1967. godine\",\"datePublished\":\"2011-06-25T19:46:29+00:00\",\"mainEntityOfPage\":{\"@id\":\"https:\/\/sandzakpress.net\/arhiva\/palestincima-drzava-u-granicama-iz-1967-godine\/\"},\"wordCount\":189,\"commentCount\":0,\"publisher\":{\"@id\":\"https:\/\/sandzakpress.net\/arhiva\/#\/schema\/person\/6e72b67d6e51910a1117b3b483ba20bd\"},\"image\":{\"@id\":\"https:\/\/sandzakpress.net\/arhiva\/palestincima-drzava-u-granicama-iz-1967-godine\/#primaryimage\"},\"thumbnailUrl\":\"https:\/\/sandzakpress.net\/arhiva\/wp-content\/uploads\/2011\/06\/Barack-Husein-Obama.jpg\",\"articleSection\":[\"Svijet\"],\"inLanguage\":\"bs-BA\",\"potentialAction\":[{\"@type\":\"CommentAction\",\"name\":\"Comment\",\"target\":[\"https:\/\/sandzakpress.net\/arhiva\/palestincima-drzava-u-granicama-iz-1967-godine\/#respond\"]}]},{\"@type\":\"WebPage\",\"@id\":\"https:\/\/sandzakpress.net\/arhiva\/palestincima-drzava-u-granicama-iz-1967-godine\/\",\"url\":\"https:\/\/sandzakpress.net\/arhiva\/palestincima-drzava-u-granicama-iz-1967-godine\/\",\"name\":\"Palestincima dr\u017eava u granicama iz 1967. godine\",\"isPartOf\":{\"@id\":\"https:\/\/sandzakpress.net\/arhiva\/#website\"},\"primaryImageOfPage\":{\"@id\":\"https:\/\/sandzakpress.net\/arhiva\/palestincima-drzava-u-granicama-iz-1967-godine\/#primaryimage\"},\"image\":{\"@id\":\"https:\/\/sandzakpress.net\/arhiva\/palestincima-drzava-u-granicama-iz-1967-godine\/#primaryimage\"},\"thumbnailUrl\":\"https:\/\/sandzakpress.net\/arhiva\/wp-content\/uploads\/2011\/06\/Barack-Husein-Obama.jpg\",\"datePublished\":\"2011-06-25T19:46:29+00:00\",\"breadcrumb\":{\"@id\":\"https:\/\/sandzakpress.net\/arhiva\/palestincima-drzava-u-granicama-iz-1967-godine\/#breadcrumb\"},\"inLanguage\":\"bs-BA\",\"potentialAction\":[{\"@type\":\"ReadAction\",\"target\":[\"https:\/\/sandzakpress.net\/arhiva\/palestincima-drzava-u-granicama-iz-1967-godine\/\"]}]},{\"@type\":\"ImageObject\",\"inLanguage\":\"bs-BA\",\"@id\":\"https:\/\/sandzakpress.net\/arhiva\/palestincima-drzava-u-granicama-iz-1967-godine\/#primaryimage\",\"url\":\"https:\/\/sandzakpress.net\/arhiva\/wp-content\/uploads\/2011\/06\/Barack-Husein-Obama.jpg\",\"contentUrl\":\"https:\/\/sandzakpress.net\/arhiva\/wp-content\/uploads\/2011\/06\/Barack-Husein-Obama.jpg\",\"width\":200,\"height\":300},{\"@type\":\"BreadcrumbList\",\"@id\":\"https:\/\/sandzakpress.net\/arhiva\/palestincima-drzava-u-granicama-iz-1967-godine\/#breadcrumb\",\"itemListElement\":[{\"@type\":\"ListItem\",\"position\":1,\"name\":\"Home\",\"item\":\"https:\/\/sandzakpress.net\/arhiva\/\"},{\"@type\":\"ListItem\",\"position\":2,\"name\":\"Palestincima dr\u017eava u granicama iz 1967. godine\"}]},{\"@type\":\"WebSite\",\"@id\":\"https:\/\/sandzakpress.net\/arhiva\/#website\",\"url\":\"https:\/\/sandzakpress.net\/arhiva\/\",\"name\":\"Sand\u017eak PRESS\",\"description\":\"Prve elektronske novine u Sand\u017eaku\",\"publisher\":{\"@id\":\"https:\/\/sandzakpress.net\/arhiva\/#\/schema\/person\/6e72b67d6e51910a1117b3b483ba20bd\"},\"potentialAction\":[{\"@type\":\"SearchAction\",\"target\":{\"@type\":\"EntryPoint\",\"urlTemplate\":\"https:\/\/sandzakpress.net\/arhiva\/?s={search_term_string}\"},\"query-input\":{\"@type\":\"PropertyValueSpecification\",\"valueRequired\":true,\"valueName\":\"search_term_string\"}}],\"inLanguage\":\"bs-BA\"},{\"@type\":[\"Person\",\"Organization\"],\"@id\":\"https:\/\/sandzakpress.net\/arhiva\/#\/schema\/person\/6e72b67d6e51910a1117b3b483ba20bd\",\"name\":\"Kul\",\"image\":{\"@type\":\"ImageObject\",\"inLanguage\":\"bs-BA\",\"@id\":\"https:\/\/sandzakpress.net\/arhiva\/#\/schema\/person\/image\/\",\"url\":\"https:\/\/secure.gravatar.com\/avatar\/42263f39aa27ac04c43cab85c280eb2e?s=96&d=mm&r=pg\",\"contentUrl\":\"https:\/\/secure.gravatar.com\/avatar\/42263f39aa27ac04c43cab85c280eb2e?s=96&d=mm&r=pg\",\"caption\":\"Kul\"},\"logo\":{\"@id\":\"https:\/\/sandzakpress.net\/arhiva\/#\/schema\/person\/image\/\"}},{\"@type\":\"Person\",\"@id\":\"\",\"url\":\"https:\/\/sandzakpress.net\/arhiva\/author\/\"}]}<\/script>\n<!-- \/ Yoast SEO Premium plugin. -->","yoast_head_json":{"title":"Palestincima dr\u017eava u granicama iz 1967. godine","robots":{"index":"index","follow":"follow","max-snippet":"max-snippet:-1","max-image-preview":"max-image-preview:large","max-video-preview":"max-video-preview:-1"},"canonical":"https:\/\/sandzakpress.net\/arhiva\/palestincima-drzava-u-granicama-iz-1967-godine\/","og_locale":"bs_BA","og_type":"article","og_title":"Palestincima dr\u017eava u granicama iz 1967. godine","og_description":"SAD, Palestina &#8211; Predsjednik SAD-a Barack Obama odr\u017eao je u Washingtonu zapa\u017een govor u kojemu je predstavio ameri\u010dku politiku prema muslimanima u sjevernoj Africi i na Bliskom istoku. Tom prilikom se zalo\u017eio za stvaranje palestinske dr\u017eave u granicama iz 1967. godine, \u0161to zna\u010di da bi se u sastavu te dr\u017eave nalazila Zapadna obala, isto\u010dni Jerusalem [&hellip;]","og_url":"https:\/\/sandzakpress.net\/arhiva\/palestincima-drzava-u-granicama-iz-1967-godine\/","og_site_name":"Sand\u017eak PRESS","article_published_time":"2011-06-25T19:46:29+00:00","og_image":[{"width":200,"height":300,"url":"https:\/\/sandzakpress.net\/arhiva\/wp-content\/uploads\/2011\/06\/Barack-Husein-Obama.jpg","type":"image\/jpeg"}],"twitter_card":"summary_large_image","twitter_misc":{"Written by":"","Est. reading time":"1 minuta"},"schema":{"@context":"https:\/\/schema.org","@graph":[{"@type":"Article","@id":"https:\/\/sandzakpress.net\/arhiva\/palestincima-drzava-u-granicama-iz-1967-godine\/#article","isPartOf":{"@id":"https:\/\/sandzakpress.net\/arhiva\/palestincima-drzava-u-granicama-iz-1967-godine\/"},"author":{"name":"","@id":""},"headline":"Palestincima dr\u017eava u granicama iz 1967. godine","datePublished":"2011-06-25T19:46:29+00:00","mainEntityOfPage":{"@id":"https:\/\/sandzakpress.net\/arhiva\/palestincima-drzava-u-granicama-iz-1967-godine\/"},"wordCount":189,"commentCount":0,"publisher":{"@id":"https:\/\/sandzakpress.net\/arhiva\/#\/schema\/person\/6e72b67d6e51910a1117b3b483ba20bd"},"image":{"@id":"https:\/\/sandzakpress.net\/arhiva\/palestincima-drzava-u-granicama-iz-1967-godine\/#primaryimage"},"thumbnailUrl":"https:\/\/sandzakpress.net\/arhiva\/wp-content\/uploads\/2011\/06\/Barack-Husein-Obama.jpg","articleSection":["Svijet"],"inLanguage":"bs-BA","potentialAction":[{"@type":"CommentAction","name":"Comment","target":["https:\/\/sandzakpress.net\/arhiva\/palestincima-drzava-u-granicama-iz-1967-godine\/#respond"]}]},{"@type":"WebPage","@id":"https:\/\/sandzakpress.net\/arhiva\/palestincima-drzava-u-granicama-iz-1967-godine\/","url":"https:\/\/sandzakpress.net\/arhiva\/palestincima-drzava-u-granicama-iz-1967-godine\/","name":"Palestincima dr\u017eava u granicama iz 1967. godine","isPartOf":{"@id":"https:\/\/sandzakpress.net\/arhiva\/#website"},"primaryImageOfPage":{"@id":"https:\/\/sandzakpress.net\/arhiva\/palestincima-drzava-u-granicama-iz-1967-godine\/#primaryimage"},"image":{"@id":"https:\/\/sandzakpress.net\/arhiva\/palestincima-drzava-u-granicama-iz-1967-godine\/#primaryimage"},"thumbnailUrl":"https:\/\/sandzakpress.net\/arhiva\/wp-content\/uploads\/2011\/06\/Barack-Husein-Obama.jpg","datePublished":"2011-06-25T19:46:29+00:00","breadcrumb":{"@id":"https:\/\/sandzakpress.net\/arhiva\/palestincima-drzava-u-granicama-iz-1967-godine\/#breadcrumb"},"inLanguage":"bs-BA","potentialAction":[{"@type":"ReadAction","target":["https:\/\/sandzakpress.net\/arhiva\/palestincima-drzava-u-granicama-iz-1967-godine\/"]}]},{"@type":"ImageObject","inLanguage":"bs-BA","@id":"https:\/\/sandzakpress.net\/arhiva\/palestincima-drzava-u-granicama-iz-1967-godine\/#primaryimage","url":"https:\/\/sandzakpress.net\/arhiva\/wp-content\/uploads\/2011\/06\/Barack-Husein-Obama.jpg","contentUrl":"https:\/\/sandzakpress.net\/arhiva\/wp-content\/uploads\/2011\/06\/Barack-Husein-Obama.jpg","width":200,"height":300},{"@type":"BreadcrumbList","@id":"https:\/\/sandzakpress.net\/arhiva\/palestincima-drzava-u-granicama-iz-1967-godine\/#breadcrumb","itemListElement":[{"@type":"ListItem","position":1,"name":"Home","item":"https:\/\/sandzakpress.net\/arhiva\/"},{"@type":"ListItem","position":2,"name":"Palestincima dr\u017eava u granicama iz 1967. godine"}]},{"@type":"WebSite","@id":"https:\/\/sandzakpress.net\/arhiva\/#website","url":"https:\/\/sandzakpress.net\/arhiva\/","name":"Sand\u017eak PRESS","description":"Prve elektronske novine u Sand\u017eaku","publisher":{"@id":"https:\/\/sandzakpress.net\/arhiva\/#\/schema\/person\/6e72b67d6e51910a1117b3b483ba20bd"},"potentialAction":[{"@type":"SearchAction","target":{"@type":"EntryPoint","urlTemplate":"https:\/\/sandzakpress.net\/arhiva\/?s={search_term_string}"},"query-input":{"@type":"PropertyValueSpecification","valueRequired":true,"valueName":"search_term_string"}}],"inLanguage":"bs-BA"},{"@type":["Person","Organization"],"@id":"https:\/\/sandzakpress.net\/arhiva\/#\/schema\/person\/6e72b67d6e51910a1117b3b483ba20bd","name":"Kul","image":{"@type":"ImageObject","inLanguage":"bs-BA","@id":"https:\/\/sandzakpress.net\/arhiva\/#\/schema\/person\/image\/","url":"https:\/\/secure.gravatar.com\/avatar\/42263f39aa27ac04c43cab85c280eb2e?s=96&d=mm&r=pg","contentUrl":"https:\/\/secure.gravatar.com\/avatar\/42263f39aa27ac04c43cab85c280eb2e?s=96&d=mm&r=pg","caption":"Kul"},"logo":{"@id":"https:\/\/sandzakpress.net\/arhiva\/#\/schema\/person\/image\/"}},{"@type":"Person","@id":"","url":"https:\/\/sandzakpress.net\/arhiva\/author\/"}]}},"_links":{"self":[{"href":"https:\/\/sandzakpress.net\/arhiva\/wp-json\/wp\/v2\/posts\/17251"}],"collection":[{"href":"https:\/\/sandzakpress.net\/arhiva\/wp-json\/wp\/v2\/posts"}],"about":[{"href":"https:\/\/sandzakpress.net\/arhiva\/wp-json\/wp\/v2\/types\/post"}],"author":[{"embeddable":true,"href":"https:\/\/sandzakpress.net\/arhiva\/wp-json\/wp\/v2\/users\/13"}],"replies":[{"embeddable":true,"href":"https:\/\/sandzakpress.net\/arhiva\/wp-json\/wp\/v2\/comments?post=17251"}],"version-history":[{"count":0,"href":"https:\/\/sandzakpress.net\/arhiva\/wp-json\/wp\/v2\/posts\/17251\/revisions"}],"wp:featuredmedia":[{"embeddable":true,"href":"https:\/\/sandzakpress.net\/arhiva\/wp-json\/wp\/v2\/media\/17252"}],"wp:attachment":[{"href":"https:\/\/sandzakpress.net\/arhiva\/wp-json\/wp\/v2\/media?parent=17251"}],"wp:term":[{"taxonomy":"category","embeddable":true,"href":"https:\/\/sandzakpress.net\/arhiva\/wp-json\/wp\/v2\/categories?post=17251"},{"taxonomy":"post_tag","embeddable":true,"href":"https:\/\/sandzakpress.net\/arhiva\/wp-json\/wp\/v2\/tags?post=17251"}],"curies":[{"name":"wp","href":"https:\/\/api.w.org\/{rel}","templated":true}]}}