{"id":172402,"date":"2016-11-05T09:33:01","date_gmt":"2016-11-05T08:33:01","guid":{"rendered":"https:\/\/sandzakpress.net\/arhiva\/?p=172402"},"modified":"2016-11-05T09:33:01","modified_gmt":"2016-11-05T08:33:01","slug":"internacionalni-univerzitet-uzeo-ucesce-na-panelu-svjetskog-dana-halala","status":"publish","type":"post","link":"https:\/\/sandzakpress.net\/arhiva\/internacionalni-univerzitet-uzeo-ucesce-na-panelu-svjetskog-dana-halala\/","title":{"rendered":"Internacionalni univerzitet uzeo u\u010de\u0161\u0107e na panelu Svjetskog dana halala"},"content":{"rendered":"<p><img loading=\"lazy\" decoding=\"async\" class=\"alignnone wp-image-27524 size-large\" src=\"http:\/\/sanapress.info\/wp-content\/uploads\/2016\/11\/1-6-1024x682.jpg\" alt=\"1\" width=\"1024\" height=\"682\" \/><\/p>\n<p><strong>Na posljednjem panelu manifestacije \u201eSvjetski dan halala&#8221; u\u010de\u0161\u0107e uzeli i predstavnici Internacionalnog univerziteta u Novom Pazaru.<\/strong><\/p>\n<p>Treba ista\u0107i i \u010dinjenicu da su predstavnici IUNP-a jedini izlaga\u010di iz Srbije na ovoj manifestaciji. Panelista ispred IUNP-a bio je prof. dr. \u0160emsudin Plojovi\u0107, koji je govorio na temu: \u201eRazvoj islamske bankarske industrije u zemljama regiona\u201c.<\/p>\n<p>Moderator ovog panela bio je hafiz Edib Smolo, konsultant i trener iz Bosne i Hercegovine. Pored profesora Plojovi\u0107a, panelisti su bili jo\u0161 i: Amel Kova\u010devi\u0107 ispred BBI banke, koji dolazi iz Bosne i Hercegovine, Bermin Me\u0161ki\u0107 ispred Islamske zajednice u Hrvatskoj, kao i Elvis Deumi\u0107 ispred \u201eQatari Diar Real Estate\u201c investicione kompanije.<\/p>\n<p>Komentiraju\u0107i sam razvoj islamske bankarske industrije i razlike izme\u0111u standardnog i islamskog bankarstva, profesor Plojovi\u0107 isti\u010de da je glavna razlika i prepreka prvog kamata koju islam zabranjuje. Prof. Plojovi\u0107 dodaje da je \u017eivotna sredina u kojoj on \u017eivi specfi\u010dna, jer se u Srbiji mora i po nekoliko sati putovati da bi se nai\u0161lo na halal hranu, a kamoli kada je rije\u010d o bankarstvu. Neophodna je saradnja i sa nedovoljno svjesnim muslimanima, kao i nemuslimanima da se islamsko bankarstvo pro\u0161iri, obzirom da je neophodno u \u017eivotu ljudi koji \u017eele da se sa\u010duvaju islamom zabranjenih stvari, zaklju\u010dak je izlaganja prof. dr. \u0160emsudina Plojovi\u0107a.<\/p>\n<p>\u201eU Srbiji postoji mogu\u0107nost ne za islamsku banku, ve\u0107 za fondove za finansiranje gdje se mo\u017eete finansirati, mo\u017eete imati depozit 200 000 eura i onda mo\u017eete od toga napraviti investicioni fond. Ja \u017eelim napomenuti da uvijek govorimo o onome \u0161to ljudi \u017eele, ali ako mi motiviramo ljude, onda \u0107e i ljudi prona\u0107i na\u010din da prevazi\u0111u ove probleme i rodi\u0107e se potreba. Potreba u Srbiji za ovakvim bankarstvom postoji potreba. U Sand\u017eaku ima 250 000 ljudi koji su muslimani, mi smo ti koji predla\u017eu zakone i ako se prihvate, banka to mora implementirati. Moje je pravo dobiti islamsku banku, pa ne\u0107emo valjda cijeli \u017eivot biti zarobljenici svog novca koji nemamo gdje odlo\u017eiti\u201c, isti\u010de prof. Plojovi\u0107.<\/p>\n<p>Puno je zakona koji spre\u010davaju implementaciju islamskih zakona, s&#8217; toga je gotovo nemogu\u0107e da se implementira islamsko bankarstvo u zemljama regiona, isti\u010de moderator Edib Smolo.<\/p>\n<p>Trodnevna manifestacija \u201eSvjetski dan halala\u201c nakon ovog panela sve\u010dano je i zatvorena.<\/p>\n<p>SANA &#8211;\u00a0H.\u0160krijelj<\/p>\n<p>\u00a0<img loading=\"lazy\" decoding=\"async\" class=\"alignnone wp-image-27525 size-large\" src=\"http:\/\/sanapress.info\/wp-content\/uploads\/2016\/11\/2-6-1024x682.jpg\" alt=\"2\" width=\"1024\" height=\"682\" \/> <img loading=\"lazy\" decoding=\"async\" class=\"alignnone wp-image-27527 size-large\" src=\"http:\/\/sanapress.info\/wp-content\/uploads\/2016\/11\/4-5-1024x683.jpg\" alt=\"4\" width=\"1024\" height=\"683\" \/><\/p>\n","protected":false},"excerpt":{"rendered":"<p>Na posljednjem panelu manifestacije \u201eSvjetski dan halala&#8221; u\u010de\u0161\u0107e uzeli i predstavnici Internacionalnog univerziteta u Novom Pazaru. Treba ista\u0107i i \u010dinjenicu da su predstavnici IUNP-a jedini izlaga\u010di iz Srbije na ovoj manifestaciji. Panelista ispred IUNP-a bio je prof. dr. \u0160emsudin Plojovi\u0107, koji je govorio na temu: \u201eRazvoj islamske bankarske industrije u zemljama regiona\u201c. Moderator ovog panela [&hellip;]<\/p>\n","protected":false},"author":83,"featured_media":172403,"comment_status":"open","ping_status":"open","sticky":false,"template":"","format":"standard","meta":{"footnotes":""},"categories":[72,4,10306,8957],"tags":[],"class_list":{"0":"post-172402","1":"post","2":"type-post","3":"status-publish","4":"format-standard","5":"has-post-thumbnail","7":"category-novi-pazar","8":"category-obrazovanje","9":"category-hrvatska","10":"category-vijesti-dana"},"yoast_head":"<!-- This site is optimized with the Yoast SEO Premium plugin v23.1 (Yoast SEO v24.9) - https:\/\/yoast.com\/wordpress\/plugins\/seo\/ -->\n<title>Internacionalni univerzitet uzeo u\u010de\u0161\u0107e na panelu Svjetskog dana halala<\/title>\n<meta name=\"robots\" content=\"index, follow, max-snippet:-1, max-image-preview:large, max-video-preview:-1\" \/>\n<link rel=\"canonical\" href=\"https:\/\/sandzakpress.net\/arhiva\/internacionalni-univerzitet-uzeo-ucesce-na-panelu-svjetskog-dana-halala\/\" \/>\n<meta property=\"og:locale\" content=\"bs_BA\" \/>\n<meta property=\"og:type\" content=\"article\" \/>\n<meta property=\"og:title\" content=\"Internacionalni univerzitet uzeo u\u010de\u0161\u0107e na panelu Svjetskog dana halala\" \/>\n<meta property=\"og:description\" content=\"Na posljednjem panelu manifestacije \u201eSvjetski dan halala&#8221; u\u010de\u0161\u0107e uzeli i predstavnici Internacionalnog univerziteta u Novom Pazaru. Treba ista\u0107i i \u010dinjenicu da su predstavnici IUNP-a jedini izlaga\u010di iz Srbije na ovoj manifestaciji. Panelista ispred IUNP-a bio je prof. dr. \u0160emsudin Plojovi\u0107, koji je govorio na temu: \u201eRazvoj islamske bankarske industrije u zemljama regiona\u201c. Moderator ovog panela [&hellip;]\" \/>\n<meta property=\"og:url\" content=\"https:\/\/sandzakpress.net\/arhiva\/internacionalni-univerzitet-uzeo-ucesce-na-panelu-svjetskog-dana-halala\/\" \/>\n<meta property=\"og:site_name\" content=\"Sand\u017eak PRESS\" \/>\n<meta property=\"article:published_time\" content=\"2016-11-05T08:33:01+00:00\" \/>\n<meta property=\"og:image\" content=\"https:\/\/sandzakpress.net\/arhiva\/wp-content\/uploads\/2016\/11\/1-6-1024x682.jpg\" \/>\n\t<meta property=\"og:image:width\" content=\"1024\" \/>\n\t<meta property=\"og:image:height\" content=\"682\" \/>\n\t<meta property=\"og:image:type\" content=\"image\/jpeg\" \/>\n<meta name=\"author\" content=\"bosniak\" \/>\n<meta name=\"twitter:card\" content=\"summary_large_image\" \/>\n<meta name=\"twitter:label1\" content=\"Written by\" \/>\n\t<meta name=\"twitter:data1\" content=\"bosniak\" \/>\n\t<meta name=\"twitter:label2\" content=\"Est. reading time\" \/>\n\t<meta name=\"twitter:data2\" content=\"2 minute\" \/>\n<script type=\"application\/ld+json\" class=\"yoast-schema-graph\">{\"@context\":\"https:\/\/schema.org\",\"@graph\":[{\"@type\":\"Article\",\"@id\":\"https:\/\/sandzakpress.net\/arhiva\/internacionalni-univerzitet-uzeo-ucesce-na-panelu-svjetskog-dana-halala\/#article\",\"isPartOf\":{\"@id\":\"https:\/\/sandzakpress.net\/arhiva\/internacionalni-univerzitet-uzeo-ucesce-na-panelu-svjetskog-dana-halala\/\"},\"author\":{\"name\":\"bosniak\",\"@id\":\"https:\/\/sandzakpress.net\/arhiva\/#\/schema\/person\/c8baee722073534b583ea7bdb2e36c02\"},\"headline\":\"Internacionalni univerzitet uzeo u\u010de\u0161\u0107e na panelu Svjetskog dana halala\",\"datePublished\":\"2016-11-05T08:33:01+00:00\",\"mainEntityOfPage\":{\"@id\":\"https:\/\/sandzakpress.net\/arhiva\/internacionalni-univerzitet-uzeo-ucesce-na-panelu-svjetskog-dana-halala\/\"},\"wordCount\":400,\"commentCount\":0,\"publisher\":{\"@id\":\"https:\/\/sandzakpress.net\/arhiva\/#\/schema\/person\/6e72b67d6e51910a1117b3b483ba20bd\"},\"image\":{\"@id\":\"https:\/\/sandzakpress.net\/arhiva\/internacionalni-univerzitet-uzeo-ucesce-na-panelu-svjetskog-dana-halala\/#primaryimage\"},\"thumbnailUrl\":\"https:\/\/sandzakpress.net\/arhiva\/wp-content\/uploads\/2016\/11\/1-6-1024x682.jpg\",\"articleSection\":[\"Novi Pazar\",\"Obrazovanje\",\"Hrvatska\",\"VIJESTI DANA\"],\"inLanguage\":\"bs-BA\",\"potentialAction\":[{\"@type\":\"CommentAction\",\"name\":\"Comment\",\"target\":[\"https:\/\/sandzakpress.net\/arhiva\/internacionalni-univerzitet-uzeo-ucesce-na-panelu-svjetskog-dana-halala\/#respond\"]}]},{\"@type\":\"WebPage\",\"@id\":\"https:\/\/sandzakpress.net\/arhiva\/internacionalni-univerzitet-uzeo-ucesce-na-panelu-svjetskog-dana-halala\/\",\"url\":\"https:\/\/sandzakpress.net\/arhiva\/internacionalni-univerzitet-uzeo-ucesce-na-panelu-svjetskog-dana-halala\/\",\"name\":\"Internacionalni univerzitet uzeo u\u010de\u0161\u0107e na panelu Svjetskog dana halala\",\"isPartOf\":{\"@id\":\"https:\/\/sandzakpress.net\/arhiva\/#website\"},\"primaryImageOfPage\":{\"@id\":\"https:\/\/sandzakpress.net\/arhiva\/internacionalni-univerzitet-uzeo-ucesce-na-panelu-svjetskog-dana-halala\/#primaryimage\"},\"image\":{\"@id\":\"https:\/\/sandzakpress.net\/arhiva\/internacionalni-univerzitet-uzeo-ucesce-na-panelu-svjetskog-dana-halala\/#primaryimage\"},\"thumbnailUrl\":\"https:\/\/sandzakpress.net\/arhiva\/wp-content\/uploads\/2016\/11\/1-6-1024x682.jpg\",\"datePublished\":\"2016-11-05T08:33:01+00:00\",\"breadcrumb\":{\"@id\":\"https:\/\/sandzakpress.net\/arhiva\/internacionalni-univerzitet-uzeo-ucesce-na-panelu-svjetskog-dana-halala\/#breadcrumb\"},\"inLanguage\":\"bs-BA\",\"potentialAction\":[{\"@type\":\"ReadAction\",\"target\":[\"https:\/\/sandzakpress.net\/arhiva\/internacionalni-univerzitet-uzeo-ucesce-na-panelu-svjetskog-dana-halala\/\"]}]},{\"@type\":\"ImageObject\",\"inLanguage\":\"bs-BA\",\"@id\":\"https:\/\/sandzakpress.net\/arhiva\/internacionalni-univerzitet-uzeo-ucesce-na-panelu-svjetskog-dana-halala\/#primaryimage\",\"url\":\"https:\/\/sandzakpress.net\/arhiva\/wp-content\/uploads\/2016\/11\/1-6-1024x682.jpg\",\"contentUrl\":\"https:\/\/sandzakpress.net\/arhiva\/wp-content\/uploads\/2016\/11\/1-6-1024x682.jpg\",\"width\":1024,\"height\":682},{\"@type\":\"BreadcrumbList\",\"@id\":\"https:\/\/sandzakpress.net\/arhiva\/internacionalni-univerzitet-uzeo-ucesce-na-panelu-svjetskog-dana-halala\/#breadcrumb\",\"itemListElement\":[{\"@type\":\"ListItem\",\"position\":1,\"name\":\"Home\",\"item\":\"https:\/\/sandzakpress.net\/arhiva\/\"},{\"@type\":\"ListItem\",\"position\":2,\"name\":\"Internacionalni univerzitet uzeo u\u010de\u0161\u0107e na panelu Svjetskog dana halala\"}]},{\"@type\":\"WebSite\",\"@id\":\"https:\/\/sandzakpress.net\/arhiva\/#website\",\"url\":\"https:\/\/sandzakpress.net\/arhiva\/\",\"name\":\"Sand\u017eak PRESS\",\"description\":\"Prve elektronske novine u Sand\u017eaku\",\"publisher\":{\"@id\":\"https:\/\/sandzakpress.net\/arhiva\/#\/schema\/person\/6e72b67d6e51910a1117b3b483ba20bd\"},\"potentialAction\":[{\"@type\":\"SearchAction\",\"target\":{\"@type\":\"EntryPoint\",\"urlTemplate\":\"https:\/\/sandzakpress.net\/arhiva\/?s={search_term_string}\"},\"query-input\":{\"@type\":\"PropertyValueSpecification\",\"valueRequired\":true,\"valueName\":\"search_term_string\"}}],\"inLanguage\":\"bs-BA\"},{\"@type\":[\"Person\",\"Organization\"],\"@id\":\"https:\/\/sandzakpress.net\/arhiva\/#\/schema\/person\/6e72b67d6e51910a1117b3b483ba20bd\",\"name\":\"Kul\",\"image\":{\"@type\":\"ImageObject\",\"inLanguage\":\"bs-BA\",\"@id\":\"https:\/\/sandzakpress.net\/arhiva\/#\/schema\/person\/image\/\",\"url\":\"https:\/\/secure.gravatar.com\/avatar\/42263f39aa27ac04c43cab85c280eb2e?s=96&d=mm&r=pg\",\"contentUrl\":\"https:\/\/secure.gravatar.com\/avatar\/42263f39aa27ac04c43cab85c280eb2e?s=96&d=mm&r=pg\",\"caption\":\"Kul\"},\"logo\":{\"@id\":\"https:\/\/sandzakpress.net\/arhiva\/#\/schema\/person\/image\/\"}},{\"@type\":\"Person\",\"@id\":\"https:\/\/sandzakpress.net\/arhiva\/#\/schema\/person\/c8baee722073534b583ea7bdb2e36c02\",\"name\":\"bosniak\",\"image\":{\"@type\":\"ImageObject\",\"inLanguage\":\"bs-BA\",\"@id\":\"https:\/\/sandzakpress.net\/arhiva\/#\/schema\/person\/image\/\",\"url\":\"https:\/\/secure.gravatar.com\/avatar\/a04fd330bfe3a36a72a0ad4a6d89fca7?s=96&d=mm&r=pg\",\"contentUrl\":\"https:\/\/secure.gravatar.com\/avatar\/a04fd330bfe3a36a72a0ad4a6d89fca7?s=96&d=mm&r=pg\",\"caption\":\"bosniak\"},\"url\":\"https:\/\/sandzakpress.net\/arhiva\/author\/bosniak\/\"}]}<\/script>\n<!-- \/ Yoast SEO Premium plugin. -->","yoast_head_json":{"title":"Internacionalni univerzitet uzeo u\u010de\u0161\u0107e na panelu Svjetskog dana halala","robots":{"index":"index","follow":"follow","max-snippet":"max-snippet:-1","max-image-preview":"max-image-preview:large","max-video-preview":"max-video-preview:-1"},"canonical":"https:\/\/sandzakpress.net\/arhiva\/internacionalni-univerzitet-uzeo-ucesce-na-panelu-svjetskog-dana-halala\/","og_locale":"bs_BA","og_type":"article","og_title":"Internacionalni univerzitet uzeo u\u010de\u0161\u0107e na panelu Svjetskog dana halala","og_description":"Na posljednjem panelu manifestacije \u201eSvjetski dan halala&#8221; u\u010de\u0161\u0107e uzeli i predstavnici Internacionalnog univerziteta u Novom Pazaru. Treba ista\u0107i i \u010dinjenicu da su predstavnici IUNP-a jedini izlaga\u010di iz Srbije na ovoj manifestaciji. Panelista ispred IUNP-a bio je prof. dr. \u0160emsudin Plojovi\u0107, koji je govorio na temu: \u201eRazvoj islamske bankarske industrije u zemljama regiona\u201c. Moderator ovog panela [&hellip;]","og_url":"https:\/\/sandzakpress.net\/arhiva\/internacionalni-univerzitet-uzeo-ucesce-na-panelu-svjetskog-dana-halala\/","og_site_name":"Sand\u017eak PRESS","article_published_time":"2016-11-05T08:33:01+00:00","og_image":[{"width":1024,"height":682,"url":"https:\/\/sandzakpress.net\/arhiva\/wp-content\/uploads\/2016\/11\/1-6-1024x682.jpg","type":"image\/jpeg"}],"author":"bosniak","twitter_card":"summary_large_image","twitter_misc":{"Written by":"bosniak","Est. reading time":"2 minute"},"schema":{"@context":"https:\/\/schema.org","@graph":[{"@type":"Article","@id":"https:\/\/sandzakpress.net\/arhiva\/internacionalni-univerzitet-uzeo-ucesce-na-panelu-svjetskog-dana-halala\/#article","isPartOf":{"@id":"https:\/\/sandzakpress.net\/arhiva\/internacionalni-univerzitet-uzeo-ucesce-na-panelu-svjetskog-dana-halala\/"},"author":{"name":"bosniak","@id":"https:\/\/sandzakpress.net\/arhiva\/#\/schema\/person\/c8baee722073534b583ea7bdb2e36c02"},"headline":"Internacionalni univerzitet uzeo u\u010de\u0161\u0107e na panelu Svjetskog dana halala","datePublished":"2016-11-05T08:33:01+00:00","mainEntityOfPage":{"@id":"https:\/\/sandzakpress.net\/arhiva\/internacionalni-univerzitet-uzeo-ucesce-na-panelu-svjetskog-dana-halala\/"},"wordCount":400,"commentCount":0,"publisher":{"@id":"https:\/\/sandzakpress.net\/arhiva\/#\/schema\/person\/6e72b67d6e51910a1117b3b483ba20bd"},"image":{"@id":"https:\/\/sandzakpress.net\/arhiva\/internacionalni-univerzitet-uzeo-ucesce-na-panelu-svjetskog-dana-halala\/#primaryimage"},"thumbnailUrl":"https:\/\/sandzakpress.net\/arhiva\/wp-content\/uploads\/2016\/11\/1-6-1024x682.jpg","articleSection":["Novi Pazar","Obrazovanje","Hrvatska","VIJESTI DANA"],"inLanguage":"bs-BA","potentialAction":[{"@type":"CommentAction","name":"Comment","target":["https:\/\/sandzakpress.net\/arhiva\/internacionalni-univerzitet-uzeo-ucesce-na-panelu-svjetskog-dana-halala\/#respond"]}]},{"@type":"WebPage","@id":"https:\/\/sandzakpress.net\/arhiva\/internacionalni-univerzitet-uzeo-ucesce-na-panelu-svjetskog-dana-halala\/","url":"https:\/\/sandzakpress.net\/arhiva\/internacionalni-univerzitet-uzeo-ucesce-na-panelu-svjetskog-dana-halala\/","name":"Internacionalni univerzitet uzeo u\u010de\u0161\u0107e na panelu Svjetskog dana halala","isPartOf":{"@id":"https:\/\/sandzakpress.net\/arhiva\/#website"},"primaryImageOfPage":{"@id":"https:\/\/sandzakpress.net\/arhiva\/internacionalni-univerzitet-uzeo-ucesce-na-panelu-svjetskog-dana-halala\/#primaryimage"},"image":{"@id":"https:\/\/sandzakpress.net\/arhiva\/internacionalni-univerzitet-uzeo-ucesce-na-panelu-svjetskog-dana-halala\/#primaryimage"},"thumbnailUrl":"https:\/\/sandzakpress.net\/arhiva\/wp-content\/uploads\/2016\/11\/1-6-1024x682.jpg","datePublished":"2016-11-05T08:33:01+00:00","breadcrumb":{"@id":"https:\/\/sandzakpress.net\/arhiva\/internacionalni-univerzitet-uzeo-ucesce-na-panelu-svjetskog-dana-halala\/#breadcrumb"},"inLanguage":"bs-BA","potentialAction":[{"@type":"ReadAction","target":["https:\/\/sandzakpress.net\/arhiva\/internacionalni-univerzitet-uzeo-ucesce-na-panelu-svjetskog-dana-halala\/"]}]},{"@type":"ImageObject","inLanguage":"bs-BA","@id":"https:\/\/sandzakpress.net\/arhiva\/internacionalni-univerzitet-uzeo-ucesce-na-panelu-svjetskog-dana-halala\/#primaryimage","url":"https:\/\/sandzakpress.net\/arhiva\/wp-content\/uploads\/2016\/11\/1-6-1024x682.jpg","contentUrl":"https:\/\/sandzakpress.net\/arhiva\/wp-content\/uploads\/2016\/11\/1-6-1024x682.jpg","width":1024,"height":682},{"@type":"BreadcrumbList","@id":"https:\/\/sandzakpress.net\/arhiva\/internacionalni-univerzitet-uzeo-ucesce-na-panelu-svjetskog-dana-halala\/#breadcrumb","itemListElement":[{"@type":"ListItem","position":1,"name":"Home","item":"https:\/\/sandzakpress.net\/arhiva\/"},{"@type":"ListItem","position":2,"name":"Internacionalni univerzitet uzeo u\u010de\u0161\u0107e na panelu Svjetskog dana halala"}]},{"@type":"WebSite","@id":"https:\/\/sandzakpress.net\/arhiva\/#website","url":"https:\/\/sandzakpress.net\/arhiva\/","name":"Sand\u017eak PRESS","description":"Prve elektronske novine u Sand\u017eaku","publisher":{"@id":"https:\/\/sandzakpress.net\/arhiva\/#\/schema\/person\/6e72b67d6e51910a1117b3b483ba20bd"},"potentialAction":[{"@type":"SearchAction","target":{"@type":"EntryPoint","urlTemplate":"https:\/\/sandzakpress.net\/arhiva\/?s={search_term_string}"},"query-input":{"@type":"PropertyValueSpecification","valueRequired":true,"valueName":"search_term_string"}}],"inLanguage":"bs-BA"},{"@type":["Person","Organization"],"@id":"https:\/\/sandzakpress.net\/arhiva\/#\/schema\/person\/6e72b67d6e51910a1117b3b483ba20bd","name":"Kul","image":{"@type":"ImageObject","inLanguage":"bs-BA","@id":"https:\/\/sandzakpress.net\/arhiva\/#\/schema\/person\/image\/","url":"https:\/\/secure.gravatar.com\/avatar\/42263f39aa27ac04c43cab85c280eb2e?s=96&d=mm&r=pg","contentUrl":"https:\/\/secure.gravatar.com\/avatar\/42263f39aa27ac04c43cab85c280eb2e?s=96&d=mm&r=pg","caption":"Kul"},"logo":{"@id":"https:\/\/sandzakpress.net\/arhiva\/#\/schema\/person\/image\/"}},{"@type":"Person","@id":"https:\/\/sandzakpress.net\/arhiva\/#\/schema\/person\/c8baee722073534b583ea7bdb2e36c02","name":"bosniak","image":{"@type":"ImageObject","inLanguage":"bs-BA","@id":"https:\/\/sandzakpress.net\/arhiva\/#\/schema\/person\/image\/","url":"https:\/\/secure.gravatar.com\/avatar\/a04fd330bfe3a36a72a0ad4a6d89fca7?s=96&d=mm&r=pg","contentUrl":"https:\/\/secure.gravatar.com\/avatar\/a04fd330bfe3a36a72a0ad4a6d89fca7?s=96&d=mm&r=pg","caption":"bosniak"},"url":"https:\/\/sandzakpress.net\/arhiva\/author\/bosniak\/"}]}},"_links":{"self":[{"href":"https:\/\/sandzakpress.net\/arhiva\/wp-json\/wp\/v2\/posts\/172402"}],"collection":[{"href":"https:\/\/sandzakpress.net\/arhiva\/wp-json\/wp\/v2\/posts"}],"about":[{"href":"https:\/\/sandzakpress.net\/arhiva\/wp-json\/wp\/v2\/types\/post"}],"author":[{"embeddable":true,"href":"https:\/\/sandzakpress.net\/arhiva\/wp-json\/wp\/v2\/users\/83"}],"replies":[{"embeddable":true,"href":"https:\/\/sandzakpress.net\/arhiva\/wp-json\/wp\/v2\/comments?post=172402"}],"version-history":[{"count":0,"href":"https:\/\/sandzakpress.net\/arhiva\/wp-json\/wp\/v2\/posts\/172402\/revisions"}],"wp:featuredmedia":[{"embeddable":true,"href":"https:\/\/sandzakpress.net\/arhiva\/wp-json\/wp\/v2\/media\/172403"}],"wp:attachment":[{"href":"https:\/\/sandzakpress.net\/arhiva\/wp-json\/wp\/v2\/media?parent=172402"}],"wp:term":[{"taxonomy":"category","embeddable":true,"href":"https:\/\/sandzakpress.net\/arhiva\/wp-json\/wp\/v2\/categories?post=172402"},{"taxonomy":"post_tag","embeddable":true,"href":"https:\/\/sandzakpress.net\/arhiva\/wp-json\/wp\/v2\/tags?post=172402"}],"curies":[{"name":"wp","href":"https:\/\/api.w.org\/{rel}","templated":true}]}}