{"id":172335,"date":"2016-11-03T16:36:52","date_gmt":"2016-11-03T15:36:52","guid":{"rendered":"https:\/\/sandzakpress.net\/arhiva\/?p=172335"},"modified":"2016-11-03T21:43:38","modified_gmt":"2016-11-03T20:43:38","slug":"na-ahiret-preselio-fatih-fejzovic","status":"publish","type":"post","link":"https:\/\/sandzakpress.net\/arhiva\/na-ahiret-preselio-fatih-fejzovic\/","title":{"rendered":"Na Ahiret preselio Fatih Fejzovi\u0107"},"content":{"rendered":"<p><img loading=\"lazy\" decoding=\"async\" class=\"aligncenter size-full wp-image-172336\" src=\"https:\/\/sandzakpress.net\/arhiva\/wp-content\/uploads\/2016\/11\/fatih-fejzovic.jpg\" alt=\"fatih-fejzovic\" width=\"568\" height=\"648\" \/><\/p>\n<p><strong>Svi smo Allahovi i svi se njemu vra\u0107amo. Na Ahiret preselio Fatih Fejzovi\u0107, funkcioner Mladih BDZ u Tutinu i sin efendije iz \u017dir\u010da Meha Fejzovi\u0107a.<\/strong><\/p>\n<p>Nakon sto je polo\u017eio posljednji ispit, na putu prema ku\u0107i skliznuo je sa d\u017eipom sa puta, u kojem je bio sam, odakle je pri velikom padu udario u stablo usljed \u010dega je preselio na bolji svijet.<\/p>\n<p>D\u017eenaza namaz \u0107e biti obavljena u petak, sa ikindije namaza (14:30h) u selu \u017dir\u010du &#8211; Tutin.<\/p>\n<p>Allah ga nagradio D\u017eennetom.<\/p>\n","protected":false},"excerpt":{"rendered":"<p>Svi smo Allahovi i svi se njemu vra\u0107amo. Na Ahiret preselio Fatih Fejzovi\u0107, funkcioner Mladih BDZ u Tutinu i sin efendije iz \u017dir\u010da Meha Fejzovi\u0107a. Nakon sto je polo\u017eio posljednji ispit, na putu prema ku\u0107i skliznuo je sa d\u017eipom sa puta, u kojem je bio sam, odakle je pri velikom padu udario u stablo usljed [&hellip;]<\/p>\n","protected":false},"author":83,"featured_media":172336,"comment_status":"open","ping_status":"open","sticky":false,"template":"","format":"standard","meta":{"footnotes":""},"categories":[72,327,801,8957],"tags":[],"class_list":{"0":"post-172335","1":"post","2":"type-post","3":"status-publish","4":"format-standard","5":"has-post-thumbnail","7":"category-novi-pazar","8":"category-tutin","9":"category-crna_hronika","10":"category-vijesti-dana"},"yoast_head":"<!-- This site is optimized with the Yoast SEO Premium plugin v23.1 (Yoast SEO v24.9) - https:\/\/yoast.com\/wordpress\/plugins\/seo\/ -->\n<title>Na Ahiret preselio Fatih Fejzovi\u0107<\/title>\n<meta name=\"robots\" content=\"index, follow, max-snippet:-1, max-image-preview:large, max-video-preview:-1\" \/>\n<link rel=\"canonical\" href=\"https:\/\/sandzakpress.net\/arhiva\/na-ahiret-preselio-fatih-fejzovic\/\" \/>\n<meta property=\"og:locale\" content=\"bs_BA\" \/>\n<meta property=\"og:type\" content=\"article\" \/>\n<meta property=\"og:title\" content=\"Na Ahiret preselio Fatih Fejzovi\u0107\" \/>\n<meta property=\"og:description\" content=\"Svi smo Allahovi i svi se njemu vra\u0107amo. Na Ahiret preselio Fatih Fejzovi\u0107, funkcioner Mladih BDZ u Tutinu i sin efendije iz \u017dir\u010da Meha Fejzovi\u0107a. Nakon sto je polo\u017eio posljednji ispit, na putu prema ku\u0107i skliznuo je sa d\u017eipom sa puta, u kojem je bio sam, odakle je pri velikom padu udario u stablo usljed [&hellip;]\" \/>\n<meta property=\"og:url\" content=\"https:\/\/sandzakpress.net\/arhiva\/na-ahiret-preselio-fatih-fejzovic\/\" \/>\n<meta property=\"og:site_name\" content=\"Sand\u017eak PRESS\" \/>\n<meta property=\"article:published_time\" content=\"2016-11-03T15:36:52+00:00\" \/>\n<meta property=\"article:modified_time\" content=\"2016-11-03T20:43:38+00:00\" \/>\n<meta property=\"og:image\" content=\"https:\/\/sandzakpress.net\/arhiva\/wp-content\/uploads\/2016\/11\/fatih-fejzovic.jpg\" \/>\n\t<meta property=\"og:image:width\" content=\"568\" \/>\n\t<meta property=\"og:image:height\" content=\"648\" \/>\n\t<meta property=\"og:image:type\" content=\"image\/jpeg\" \/>\n<meta name=\"author\" content=\"bosniak\" \/>\n<meta name=\"twitter:card\" content=\"summary_large_image\" \/>\n<meta name=\"twitter:label1\" content=\"Written by\" \/>\n\t<meta name=\"twitter:data1\" content=\"bosniak\" \/>\n<script type=\"application\/ld+json\" class=\"yoast-schema-graph\">{\"@context\":\"https:\/\/schema.org\",\"@graph\":[{\"@type\":\"Article\",\"@id\":\"https:\/\/sandzakpress.net\/arhiva\/na-ahiret-preselio-fatih-fejzovic\/#article\",\"isPartOf\":{\"@id\":\"https:\/\/sandzakpress.net\/arhiva\/na-ahiret-preselio-fatih-fejzovic\/\"},\"author\":{\"name\":\"bosniak\",\"@id\":\"https:\/\/sandzakpress.net\/arhiva\/#\/schema\/person\/c8baee722073534b583ea7bdb2e36c02\"},\"headline\":\"Na Ahiret preselio Fatih Fejzovi\u0107\",\"datePublished\":\"2016-11-03T15:36:52+00:00\",\"dateModified\":\"2016-11-03T20:43:38+00:00\",\"mainEntityOfPage\":{\"@id\":\"https:\/\/sandzakpress.net\/arhiva\/na-ahiret-preselio-fatih-fejzovic\/\"},\"wordCount\":95,\"commentCount\":19,\"publisher\":{\"@id\":\"https:\/\/sandzakpress.net\/arhiva\/#\/schema\/person\/6e72b67d6e51910a1117b3b483ba20bd\"},\"image\":{\"@id\":\"https:\/\/sandzakpress.net\/arhiva\/na-ahiret-preselio-fatih-fejzovic\/#primaryimage\"},\"thumbnailUrl\":\"https:\/\/sandzakpress.net\/arhiva\/wp-content\/uploads\/2016\/11\/fatih-fejzovic.jpg\",\"articleSection\":[\"Novi Pazar\",\"Tutin\",\"Hronika\",\"VIJESTI DANA\"],\"inLanguage\":\"bs-BA\",\"potentialAction\":[{\"@type\":\"CommentAction\",\"name\":\"Comment\",\"target\":[\"https:\/\/sandzakpress.net\/arhiva\/na-ahiret-preselio-fatih-fejzovic\/#respond\"]}]},{\"@type\":\"WebPage\",\"@id\":\"https:\/\/sandzakpress.net\/arhiva\/na-ahiret-preselio-fatih-fejzovic\/\",\"url\":\"https:\/\/sandzakpress.net\/arhiva\/na-ahiret-preselio-fatih-fejzovic\/\",\"name\":\"Na Ahiret preselio Fatih Fejzovi\u0107\",\"isPartOf\":{\"@id\":\"https:\/\/sandzakpress.net\/arhiva\/#website\"},\"primaryImageOfPage\":{\"@id\":\"https:\/\/sandzakpress.net\/arhiva\/na-ahiret-preselio-fatih-fejzovic\/#primaryimage\"},\"image\":{\"@id\":\"https:\/\/sandzakpress.net\/arhiva\/na-ahiret-preselio-fatih-fejzovic\/#primaryimage\"},\"thumbnailUrl\":\"https:\/\/sandzakpress.net\/arhiva\/wp-content\/uploads\/2016\/11\/fatih-fejzovic.jpg\",\"datePublished\":\"2016-11-03T15:36:52+00:00\",\"dateModified\":\"2016-11-03T20:43:38+00:00\",\"breadcrumb\":{\"@id\":\"https:\/\/sandzakpress.net\/arhiva\/na-ahiret-preselio-fatih-fejzovic\/#breadcrumb\"},\"inLanguage\":\"bs-BA\",\"potentialAction\":[{\"@type\":\"ReadAction\",\"target\":[\"https:\/\/sandzakpress.net\/arhiva\/na-ahiret-preselio-fatih-fejzovic\/\"]}]},{\"@type\":\"ImageObject\",\"inLanguage\":\"bs-BA\",\"@id\":\"https:\/\/sandzakpress.net\/arhiva\/na-ahiret-preselio-fatih-fejzovic\/#primaryimage\",\"url\":\"https:\/\/sandzakpress.net\/arhiva\/wp-content\/uploads\/2016\/11\/fatih-fejzovic.jpg\",\"contentUrl\":\"https:\/\/sandzakpress.net\/arhiva\/wp-content\/uploads\/2016\/11\/fatih-fejzovic.jpg\",\"width\":568,\"height\":648},{\"@type\":\"BreadcrumbList\",\"@id\":\"https:\/\/sandzakpress.net\/arhiva\/na-ahiret-preselio-fatih-fejzovic\/#breadcrumb\",\"itemListElement\":[{\"@type\":\"ListItem\",\"position\":1,\"name\":\"Home\",\"item\":\"https:\/\/sandzakpress.net\/arhiva\/\"},{\"@type\":\"ListItem\",\"position\":2,\"name\":\"Na Ahiret preselio Fatih Fejzovi\u0107\"}]},{\"@type\":\"WebSite\",\"@id\":\"https:\/\/sandzakpress.net\/arhiva\/#website\",\"url\":\"https:\/\/sandzakpress.net\/arhiva\/\",\"name\":\"Sand\u017eak PRESS\",\"description\":\"Prve elektronske novine u Sand\u017eaku\",\"publisher\":{\"@id\":\"https:\/\/sandzakpress.net\/arhiva\/#\/schema\/person\/6e72b67d6e51910a1117b3b483ba20bd\"},\"potentialAction\":[{\"@type\":\"SearchAction\",\"target\":{\"@type\":\"EntryPoint\",\"urlTemplate\":\"https:\/\/sandzakpress.net\/arhiva\/?s={search_term_string}\"},\"query-input\":{\"@type\":\"PropertyValueSpecification\",\"valueRequired\":true,\"valueName\":\"search_term_string\"}}],\"inLanguage\":\"bs-BA\"},{\"@type\":[\"Person\",\"Organization\"],\"@id\":\"https:\/\/sandzakpress.net\/arhiva\/#\/schema\/person\/6e72b67d6e51910a1117b3b483ba20bd\",\"name\":\"Kul\",\"image\":{\"@type\":\"ImageObject\",\"inLanguage\":\"bs-BA\",\"@id\":\"https:\/\/sandzakpress.net\/arhiva\/#\/schema\/person\/image\/\",\"url\":\"https:\/\/secure.gravatar.com\/avatar\/42263f39aa27ac04c43cab85c280eb2e?s=96&d=mm&r=pg\",\"contentUrl\":\"https:\/\/secure.gravatar.com\/avatar\/42263f39aa27ac04c43cab85c280eb2e?s=96&d=mm&r=pg\",\"caption\":\"Kul\"},\"logo\":{\"@id\":\"https:\/\/sandzakpress.net\/arhiva\/#\/schema\/person\/image\/\"}},{\"@type\":\"Person\",\"@id\":\"https:\/\/sandzakpress.net\/arhiva\/#\/schema\/person\/c8baee722073534b583ea7bdb2e36c02\",\"name\":\"bosniak\",\"image\":{\"@type\":\"ImageObject\",\"inLanguage\":\"bs-BA\",\"@id\":\"https:\/\/sandzakpress.net\/arhiva\/#\/schema\/person\/image\/\",\"url\":\"https:\/\/secure.gravatar.com\/avatar\/a04fd330bfe3a36a72a0ad4a6d89fca7?s=96&d=mm&r=pg\",\"contentUrl\":\"https:\/\/secure.gravatar.com\/avatar\/a04fd330bfe3a36a72a0ad4a6d89fca7?s=96&d=mm&r=pg\",\"caption\":\"bosniak\"},\"url\":\"https:\/\/sandzakpress.net\/arhiva\/author\/bosniak\/\"}]}<\/script>\n<!-- \/ Yoast SEO Premium plugin. -->","yoast_head_json":{"title":"Na Ahiret preselio Fatih Fejzovi\u0107","robots":{"index":"index","follow":"follow","max-snippet":"max-snippet:-1","max-image-preview":"max-image-preview:large","max-video-preview":"max-video-preview:-1"},"canonical":"https:\/\/sandzakpress.net\/arhiva\/na-ahiret-preselio-fatih-fejzovic\/","og_locale":"bs_BA","og_type":"article","og_title":"Na Ahiret preselio Fatih Fejzovi\u0107","og_description":"Svi smo Allahovi i svi se njemu vra\u0107amo. Na Ahiret preselio Fatih Fejzovi\u0107, funkcioner Mladih BDZ u Tutinu i sin efendije iz \u017dir\u010da Meha Fejzovi\u0107a. Nakon sto je polo\u017eio posljednji ispit, na putu prema ku\u0107i skliznuo je sa d\u017eipom sa puta, u kojem je bio sam, odakle je pri velikom padu udario u stablo usljed [&hellip;]","og_url":"https:\/\/sandzakpress.net\/arhiva\/na-ahiret-preselio-fatih-fejzovic\/","og_site_name":"Sand\u017eak PRESS","article_published_time":"2016-11-03T15:36:52+00:00","article_modified_time":"2016-11-03T20:43:38+00:00","og_image":[{"width":568,"height":648,"url":"https:\/\/sandzakpress.net\/arhiva\/wp-content\/uploads\/2016\/11\/fatih-fejzovic.jpg","type":"image\/jpeg"}],"author":"bosniak","twitter_card":"summary_large_image","twitter_misc":{"Written by":"bosniak"},"schema":{"@context":"https:\/\/schema.org","@graph":[{"@type":"Article","@id":"https:\/\/sandzakpress.net\/arhiva\/na-ahiret-preselio-fatih-fejzovic\/#article","isPartOf":{"@id":"https:\/\/sandzakpress.net\/arhiva\/na-ahiret-preselio-fatih-fejzovic\/"},"author":{"name":"bosniak","@id":"https:\/\/sandzakpress.net\/arhiva\/#\/schema\/person\/c8baee722073534b583ea7bdb2e36c02"},"headline":"Na Ahiret preselio Fatih Fejzovi\u0107","datePublished":"2016-11-03T15:36:52+00:00","dateModified":"2016-11-03T20:43:38+00:00","mainEntityOfPage":{"@id":"https:\/\/sandzakpress.net\/arhiva\/na-ahiret-preselio-fatih-fejzovic\/"},"wordCount":95,"commentCount":19,"publisher":{"@id":"https:\/\/sandzakpress.net\/arhiva\/#\/schema\/person\/6e72b67d6e51910a1117b3b483ba20bd"},"image":{"@id":"https:\/\/sandzakpress.net\/arhiva\/na-ahiret-preselio-fatih-fejzovic\/#primaryimage"},"thumbnailUrl":"https:\/\/sandzakpress.net\/arhiva\/wp-content\/uploads\/2016\/11\/fatih-fejzovic.jpg","articleSection":["Novi Pazar","Tutin","Hronika","VIJESTI DANA"],"inLanguage":"bs-BA","potentialAction":[{"@type":"CommentAction","name":"Comment","target":["https:\/\/sandzakpress.net\/arhiva\/na-ahiret-preselio-fatih-fejzovic\/#respond"]}]},{"@type":"WebPage","@id":"https:\/\/sandzakpress.net\/arhiva\/na-ahiret-preselio-fatih-fejzovic\/","url":"https:\/\/sandzakpress.net\/arhiva\/na-ahiret-preselio-fatih-fejzovic\/","name":"Na Ahiret preselio Fatih Fejzovi\u0107","isPartOf":{"@id":"https:\/\/sandzakpress.net\/arhiva\/#website"},"primaryImageOfPage":{"@id":"https:\/\/sandzakpress.net\/arhiva\/na-ahiret-preselio-fatih-fejzovic\/#primaryimage"},"image":{"@id":"https:\/\/sandzakpress.net\/arhiva\/na-ahiret-preselio-fatih-fejzovic\/#primaryimage"},"thumbnailUrl":"https:\/\/sandzakpress.net\/arhiva\/wp-content\/uploads\/2016\/11\/fatih-fejzovic.jpg","datePublished":"2016-11-03T15:36:52+00:00","dateModified":"2016-11-03T20:43:38+00:00","breadcrumb":{"@id":"https:\/\/sandzakpress.net\/arhiva\/na-ahiret-preselio-fatih-fejzovic\/#breadcrumb"},"inLanguage":"bs-BA","potentialAction":[{"@type":"ReadAction","target":["https:\/\/sandzakpress.net\/arhiva\/na-ahiret-preselio-fatih-fejzovic\/"]}]},{"@type":"ImageObject","inLanguage":"bs-BA","@id":"https:\/\/sandzakpress.net\/arhiva\/na-ahiret-preselio-fatih-fejzovic\/#primaryimage","url":"https:\/\/sandzakpress.net\/arhiva\/wp-content\/uploads\/2016\/11\/fatih-fejzovic.jpg","contentUrl":"https:\/\/sandzakpress.net\/arhiva\/wp-content\/uploads\/2016\/11\/fatih-fejzovic.jpg","width":568,"height":648},{"@type":"BreadcrumbList","@id":"https:\/\/sandzakpress.net\/arhiva\/na-ahiret-preselio-fatih-fejzovic\/#breadcrumb","itemListElement":[{"@type":"ListItem","position":1,"name":"Home","item":"https:\/\/sandzakpress.net\/arhiva\/"},{"@type":"ListItem","position":2,"name":"Na Ahiret preselio Fatih Fejzovi\u0107"}]},{"@type":"WebSite","@id":"https:\/\/sandzakpress.net\/arhiva\/#website","url":"https:\/\/sandzakpress.net\/arhiva\/","name":"Sand\u017eak PRESS","description":"Prve elektronske novine u Sand\u017eaku","publisher":{"@id":"https:\/\/sandzakpress.net\/arhiva\/#\/schema\/person\/6e72b67d6e51910a1117b3b483ba20bd"},"potentialAction":[{"@type":"SearchAction","target":{"@type":"EntryPoint","urlTemplate":"https:\/\/sandzakpress.net\/arhiva\/?s={search_term_string}"},"query-input":{"@type":"PropertyValueSpecification","valueRequired":true,"valueName":"search_term_string"}}],"inLanguage":"bs-BA"},{"@type":["Person","Organization"],"@id":"https:\/\/sandzakpress.net\/arhiva\/#\/schema\/person\/6e72b67d6e51910a1117b3b483ba20bd","name":"Kul","image":{"@type":"ImageObject","inLanguage":"bs-BA","@id":"https:\/\/sandzakpress.net\/arhiva\/#\/schema\/person\/image\/","url":"https:\/\/secure.gravatar.com\/avatar\/42263f39aa27ac04c43cab85c280eb2e?s=96&d=mm&r=pg","contentUrl":"https:\/\/secure.gravatar.com\/avatar\/42263f39aa27ac04c43cab85c280eb2e?s=96&d=mm&r=pg","caption":"Kul"},"logo":{"@id":"https:\/\/sandzakpress.net\/arhiva\/#\/schema\/person\/image\/"}},{"@type":"Person","@id":"https:\/\/sandzakpress.net\/arhiva\/#\/schema\/person\/c8baee722073534b583ea7bdb2e36c02","name":"bosniak","image":{"@type":"ImageObject","inLanguage":"bs-BA","@id":"https:\/\/sandzakpress.net\/arhiva\/#\/schema\/person\/image\/","url":"https:\/\/secure.gravatar.com\/avatar\/a04fd330bfe3a36a72a0ad4a6d89fca7?s=96&d=mm&r=pg","contentUrl":"https:\/\/secure.gravatar.com\/avatar\/a04fd330bfe3a36a72a0ad4a6d89fca7?s=96&d=mm&r=pg","caption":"bosniak"},"url":"https:\/\/sandzakpress.net\/arhiva\/author\/bosniak\/"}]}},"_links":{"self":[{"href":"https:\/\/sandzakpress.net\/arhiva\/wp-json\/wp\/v2\/posts\/172335"}],"collection":[{"href":"https:\/\/sandzakpress.net\/arhiva\/wp-json\/wp\/v2\/posts"}],"about":[{"href":"https:\/\/sandzakpress.net\/arhiva\/wp-json\/wp\/v2\/types\/post"}],"author":[{"embeddable":true,"href":"https:\/\/sandzakpress.net\/arhiva\/wp-json\/wp\/v2\/users\/83"}],"replies":[{"embeddable":true,"href":"https:\/\/sandzakpress.net\/arhiva\/wp-json\/wp\/v2\/comments?post=172335"}],"version-history":[{"count":0,"href":"https:\/\/sandzakpress.net\/arhiva\/wp-json\/wp\/v2\/posts\/172335\/revisions"}],"wp:featuredmedia":[{"embeddable":true,"href":"https:\/\/sandzakpress.net\/arhiva\/wp-json\/wp\/v2\/media\/172336"}],"wp:attachment":[{"href":"https:\/\/sandzakpress.net\/arhiva\/wp-json\/wp\/v2\/media?parent=172335"}],"wp:term":[{"taxonomy":"category","embeddable":true,"href":"https:\/\/sandzakpress.net\/arhiva\/wp-json\/wp\/v2\/categories?post=172335"},{"taxonomy":"post_tag","embeddable":true,"href":"https:\/\/sandzakpress.net\/arhiva\/wp-json\/wp\/v2\/tags?post=172335"}],"curies":[{"name":"wp","href":"https:\/\/api.w.org\/{rel}","templated":true}]}}