{"id":17225,"date":"2011-06-25T18:55:45","date_gmt":"2011-06-25T16:55:45","guid":{"rendered":"https:\/\/sandzakpress.net\/arhiva\/?p=17225"},"modified":"2011-06-25T18:56:39","modified_gmt":"2011-06-25T16:56:39","slug":"%e2%80%9espanska%e2%80%9c-serija-jos-traje","status":"publish","type":"post","link":"https:\/\/sandzakpress.net\/arhiva\/%e2%80%9espanska%e2%80%9c-serija-jos-traje\/","title":{"rendered":"\u201e\u0160panska\u201c serija jo\u0161 traje"},"content":{"rendered":"<p><a href=\"https:\/\/sandzakpress.net\/arhiva\/wp-content\/uploads\/2011\/06\/2462ngm.jpg\"><img loading=\"lazy\" decoding=\"async\" class=\"aligncenter size-full wp-image-17227\" title=\"2462ngm\" src=\"https:\/\/sandzakpress.net\/arhiva\/wp-content\/uploads\/2011\/06\/2462ngm.jpg\" alt=\"\" width=\"616\" height=\"462\" \/><\/a><\/p>\n<p><strong>Lijepo re\u010de, pre nekoliko dana, jedan veliki navija\u010d Novog Pazara: \u201eLjudi moji, i \u0161panske serije imaju posljednju epizodu\u201c. Taj veliki zaljubljenik u plavo- belu boju i nepopravljivi optimista jo\u0161 je samo kratko dodao: \u201eI kad ste vidjeli da je ta epizoda zavr\u0161ena, a vi plakali od tuge?\u201c. Doga\u0111aji po okon\u010danju prvenstva u Prvoj fudbalskoj ligi imaju sve odlike najgledanijih \u0161panskih serija. \u010ceka se samo kako \u0107e glasiti posljednja re\u010denica u junsko- julskom serijalu. Kao da iza paravana jedino nije postignut dogovor ko \u0107e je izgovoriti, kad i gdje.<\/strong><\/p>\n<p>Da li \u0107e to biti jedan od dva glavna lika ove \u201edrame\u201c sa svim elementima latinske serije, predsjednik Beogra\u0111ana ili Novopazaraca?. Tako bi trebalo da bude. Mo\u017eda to bude neki visoki funkcioner na\u0161e fudbalske organizacije. Malo je vjerovatno da bi klju\u010dnu re\u010denicu mogao da izgovori neki epizodista.<\/p>\n<p>Navija\u010dima Novog Pazara potpuno je svejedno ko \u0107e saop\u0107iti te tri slatke re\u010di: \u201ePazar je superliga\u0161\u201e. \u017dele da ih \u010duju \u0161to pre. Odu\u017eila im se ova \u201eutakmica\u201c. Otkad je u \u010ditavu pri\u010du usko\u010dio i gradona\u010delnik In\u0111ije Goran Je\u0161i\u0107 pominjanjem finansijske policije, koja bi mogla da provjeri koliko miliona evra ko\u0161ta mjesto u Super ligi, moglo se pomisliti da ovo i nije \u0161panska limunada. \u201eNije jasno kojim \u0107e se kriterijumima rukovoditi Izvr\u0161ni odbor Fudbalskog saveza Srbije kad bude odlu\u010divao da Novi Pazar zameni BASK u Superligi, a ne In\u0111ija. Mislim da bi u tom slu\u010daju bilo posla i za finansijsku policiju, koja bi morala da proveri pri\u010de o tome da je za mesto u ligi potro\u0161eno vi\u0161e od milion evra\u201c, izjavio je Je\u0161i\u0107 nedavno.U utorak tokom ve\u010dernjih sati iz minuta u minut stizale su opre\u010dne informacije. Na prvobitnu vest da je BASK ustupio mjesto u Superligi Novopazarcima nadovezao se i generalni sekretar Zajednice Superlige Miodrag Jankovi\u0107, po kome ne postoji nikakva osnova da BASK prepusti mjesto u Superligi Novom Pazaru. Potom je vest o odustajanju BASK- a od Superlige demantovao i predsjednik \u201esokolova\u201c Bojan Radovanovi\u0107. Na taj na\u010din \u201e\u0161panska serija\u201c u\u0161la je u najzamr\u0161eniju fazu.<\/p>\n<p>Valjanu anketu o brojnosti optimista, odnosno pesimista u Novom Pazaru, koliko je poznato, niko i nikada nije obavio. Ukoliko se oslonimo na nekoliko nepopravljivih gradskih optimista, mo\u017ee se sa velikom vjerovatno\u0107om zaklju\u010diti da, kad to nisu uspele silne Scile i Haribde, fudbal za kratko vrijeme jeste, obavio je ogroman broj transfera iz redova optimista u ve\u0107inske pesimiste. U jednom trenutku bilo je vi\u0161e onih koji vjeruju da od Superlige nema ni\u0161ta. Mislili tako, a o\u010dekivali druga\u010diji rasplet. U ovom momentu nikome ni\u0161ta nije jasno. Ovo je posebno vrijeme, o fudbala ne pri\u010daju samo istinski zaljubljenici i dokoli\u010dari. O fudbalu se godinama tradicionalno razglabalo po sokacima, ulicama, kafe\u010dajnicama, berbernicama, automehani\u010darskim radionicama&#8230; Od ovog juna tim vje\u010ditim fudbalskim kvazi institucijama pridru\u017eile su se i sve ostale. Ne postoji mjesto u gradu gdje neko nekog nije pre stanja njegovog zdravlja pitao da li ima ne\u0161to novo vezano za fudbalski klub. Pri\u010da o Pazaru i Superligi postala je va\u017enija od ekonomske provalije koja se nadvila nad pojedincem, porodicom, firmom&#8230; Izgleda kao da \u0107e ulaskom Novog Pazara u krem dru\u0161tvo svi problemi istog trenutka nestati. Fudbal je ovog juna u Pazaru najva\u017eniji. Ma, ko bi smeo da ka\u017ee da je to sporedna stvar, pa makar i dodao onu neodvojivu sintagmu- najva\u017enija sporedna stvar. U o\u010dekivanju zavr\u0161etka \u0161panske serije osvrnu\u0107emo se jo\u0161 jednom na vrlo uspje\u0161nu sezonu fudbalera Novog Pazara.<\/p>\n<figure id=\"attachment_17226\" aria-describedby=\"caption-attachment-17226\" style=\"width: 200px\" class=\"wp-caption alignleft\"><a href=\"https:\/\/sandzakpress.net\/arhiva\/wp-content\/uploads\/2011\/06\/58272.jpg\"><img loading=\"lazy\" decoding=\"async\" class=\"size-full wp-image-17226\" title=\"58272\" src=\"https:\/\/sandzakpress.net\/arhiva\/wp-content\/uploads\/2011\/06\/58272.jpg\" alt=\"\" width=\"200\" height=\"300\" \/><\/a><figcaption id=\"caption-attachment-17226\" class=\"wp-caption-text\">Da li \u0107e &quot;predsjednikov&quot; projekat uspjeti?<\/figcaption><\/figure>\n<p>Rijetko ko je verovao u leto\u0161nje najave pazarskih fudbalskih \u010delnika da je pro\u0161lo vrijeme poigravanja sa klubom i navija\u010dima. Ono, kako da se i veruje kad do date re\u010di godinama niko nije ni dr\u017eao. Na prvi pogled bilo je o\u010digledno da su novi fudbaleri: Pustinjakovi\u0107, Babi\u0107, Lotinac, Vi\u0161kovi\u0107, Vujovi\u0107, Sadovi\u0107, Mati\u0107, \u0110alac, Grkajac, Hasi\u0107, Vukoji\u010di\u0107, Misini i Prodanovi\u0107 dobar izbor. Bilo je i proma\u0161aja, ali mnogo manje nego u ranijim prilikama. Publika je godinama, ponekad i na mi\u0161i\u0107e, poku\u0161avala da na\u0111e ljubimca. Onog zbog koga se na utakmicama ne sjedi mirno. I nije sedila jesenas. Svojim igrama sam joj se nametnuo Beogra\u0111anin Vladimir Mati\u0107. Sa loptom je radio ono zbog \u010dega se za utakmice uvijek tra\u017eila karta vi\u0161e. Driblao je, pronalazio u klju\u010dnim trenucima najbolja mogu\u0107a re\u0161enja i \u0161to je najva\u017enije postizao golove. Me\u0111utim, posle nere\u0161enih igara sa Sremom i Dinamom, poraza u derbiju od Banata i na jedvite jade izvojevane pobede nad Napretkom splasnuo je pompezno najavljivani trk do superliga\u0161kih visina. Kada su ta prva spoticanja pretila da prerastu u nokaut posle koga se te\u0161ko oporavlja u Novi Pazar je stigao prvoliga\u0161ki novajlija Sin\u0111eli\u0107 iz Ni\u0161a. Odr\u017eali su \u201eorli\u0107i\u201c fudbalski \u010das Novopazarcima, odmah je uslijedio o\u010dekivan, najmanje bolan i jedini normalan potez, rastanak sa trenerom Sa\u0161om \u0160trpcem. Od tog trenutka svaki nere\u0161en rezultat imao je snagu poraza. Sa nasljednikom \u0160trpca, iskusnim Jovicom \u0160korom bilo je bolje, ali ipak je to bila jesen kada je napravljen krupan zaostatak za BASK- om i Radni\u010dkim iz Kragujevca. Na \u0160trp\u010devih \u0161est bodova, jedan od najstarijih trenera na na\u0161im prostorima dodao je jo\u0161 23. Imao je u to vreme Novi Pazar igru, izostala je realizacija. Sa \u0160korom ekipa je na dvanaest utakmica postigla svega 13 golova. Na doma\u0107em terenu ostvarene su sve pobede. U gostima se igralo toplo- hladno. U tom periodu izgubljene su dve najva\u017enije utakmice. U Kragujevcu, Novopazarci su izgledali kao dru\u017eina koja je imala zadatak da razgleda \u0160umarice, dok je u Beogradu samo \u010dudo i lo\u0161 dan Kecapa spasilo baskovce od visokog i zaslu\u017eenog poraza. Onda je puklo na relaciji \u0160koro- uprava.<\/p>\n<p>Zimus je navija\u010de iznenadio naprasni odlazak instant ljubimca. Igra\u010d oko koga se vrtela igra ekipe, Vladimir Mati\u0107, zavr\u0161io je u Jermeniji. Njegovim putem krenuli su i Vujovi\u0107, Sadovi\u0107, Hasi\u0107, Grkajac, Vukoji\u010di\u0107 i Misini. \u010cinilo se da je nepopravljiva gre\u0161ka olako odricanje od Mati\u0107a, Vujovi\u0107a i Misinija. Sve je to trajalo do trenutka kad su obelodanjena imena njihovih naslednika. Doprinos penjanju Novopazaraca na prvenstvenoj lestvici \u0110ogatovi\u0107a, Bojana \u0110or\u0111evi\u0107a i Sto\u0161i\u0107a nije ni postojao, ali su Deliba\u0161i\u0107, Pejovi\u0107, Spasojevi\u0107, So\u010danac i Kaizi i oporavljeni Prodanovi\u0107 bili pogo\u0111ena poja\u010danja. Trener Mladen Dodi\u0107, koji je preuzeo palicu od sugra\u0111anina \u0160kora, uspeo je da bez mnogo lutanja sastavi dobitnu kombinaciju. Re\u0111ali su se uspjesi i kad je trebalo polo\u017eiti najva\u017eniji ispit uslijedio je pad. Posle dva uzastopna neuspjeha, u 30. i 31. kolu protiv Kragujev\u010dana i Be\u017eanije, Dodi\u0107 odlazi. Svjestan da nije ispunio cilj zbog koga je do\u0161ao u Novi Pazar rastao se sa klubom na najkorektniji mogu\u0107i na\u010din. U preostale tri utakmice tim je predvodio vje\u010diti drugi trener Izet Ljaji\u0107. Nije li posle njegovog stopostotnog uspjeha sazrelo vrijeme da mu se vjeruje i pru\u017ei \u0161ansa? \u010cini se da Ljaji\u0107 i da je ostvario deset pobjeda u deset utakmica ne bi dobio priliku da predvodi tim kroz pripreme i prvenstvo. I ne samo on, nego bilo koji drugi trener iz Novog Pazara.<\/p>\n<p>Od fudbalera koji su odigrali \u010ditavu sezonu tri imena su se izdvojila. Pre svih, to je Milo\u0161 \u0110alac. Postigao je ukupno 14 golova \u0161to ga je dovelo do mesta broj tri na listi strelaca. I ne samo to, \u0110alac je postao najbolji i najbitniji igra\u010d tima. Navija\u010di su to prepoznali tako da je on u ovom trenutku idol pristalica Novog Pazara. Postao je interesantan i za na\u0161e najbolje klubove.<\/p>\n<p>Odmah do njega je Ivan Babi\u0107. Odigrao je \u010ditavu sezonu skoro bez gre\u0161ke. Jedan je od zaslu\u017enijih \u0161to je Novi Pazar ekipa sa najmanje primljenih golova u ligi. Naravno, nikako ne treba zanemariti zna\u010daj golmana Pustinjakovi\u0107a, So\u010danca, Pejovi\u0107a, Lotinca i ostalih igra\u010da iz odbrambene linije. Ono \u0161to Babi\u0107a izdvaja su i golovi. Tri puta se upisao u strelca i na taj na\u010din podelio tre\u0107e mjesto na listi klupskih strijelaca u ovom \u0161ampionatu.<\/p>\n<p>Tre\u0107e ime je kapiten Emir Lotinac. Izvanredan tokom \u010ditavog prvenstva. Nemogu\u0107e je prona\u0107i utakmicu za koju bi se moglo re\u0107i da ju je odigrao lo\u0161e. Ostali su imali velike uspone i padove u igri. Najve\u0107i broj igrao je samo polusezonu, jedino iz tog razloga ne\u0107emo pro\u0161irivati ovu listu.<\/p>\n<p>Parovi za naredno prvenstvo Superlige su poznati. Nova fudbalska era grada Novog Pazara mogla bi da se otvori na stadionu Partizana. Za\u0161to ne re\u0107i, lijepo bi bilo da Novi Pazar prvi put u svojoj historiji postane superliga\u0161, tim pre \u0161to su poznati parovi za predstoje\u0107u sezonu. Kao da su i kuglice na \u017erebanju znale da se stadion u Novom Pazaru renovira. Pod uslovom da se prona\u0111e re\u0161enje po kojem bi Novopazarci usko\u010dili u elitu umjesto Beogra\u0111ana \u010detiri na\u0161a najbolja kluba- Crvena zvezda, Partizan, Vojvodina i OFK Beograd gostovala bi u Novom Pazaru na prolje\u0107e 2012. godine.<\/p>\n<p>Te tri slatke rije\u010di jo\u0161 \u010dekamo. Optimisti ka\u017eu samo \u0161to nisu izgovorene, dok pesimisti nervozno vrte glavom&#8230; Ipak, valja vjerovati predsjedniku Zajednice superliga\u0161a Branimiru Babarogi\u0107u, koji je izjavio da \u0107e idu\u0107e sezone umjesto beogradskog BASK- a elitnu ligu igrati Novi Pazar i da ova odluka treba i formalno da bude potvr\u0111ena na sjednici Izvr\u0161nog odbora Fudbalskog saveza Srbije 11. jula.<\/p>\n<p>Ostat \u0107e nejasno kome je i za\u0161to \u010ditava ova ujdurma, \u0161panska serija, nazovite je kako ho\u0107ete bila potrebna.<\/p>\n<p>Autor: <strong>Prvoslav Le\u0161evi\u0107<\/strong><\/p>\n<p>Izvor: <strong>Danas.rs<\/strong><\/p>\n","protected":false},"excerpt":{"rendered":"<p>Lijepo re\u010de, pre nekoliko dana, jedan veliki navija\u010d Novog Pazara: \u201eLjudi moji, i \u0161panske serije imaju posljednju epizodu\u201c. Taj veliki zaljubljenik u plavo- belu boju i nepopravljivi optimista jo\u0161 je samo kratko dodao: \u201eI kad ste vidjeli da je ta epizoda zavr\u0161ena, a vi plakali od tuge?\u201c. Doga\u0111aji po okon\u010danju prvenstva u Prvoj fudbalskoj ligi [&hellip;]<\/p>\n","protected":false},"author":83,"featured_media":17227,"comment_status":"open","ping_status":"open","sticky":false,"template":"","format":"standard","meta":{"footnotes":""},"categories":[72],"tags":[],"class_list":{"0":"post-17225","1":"post","2":"type-post","3":"status-publish","4":"format-standard","5":"has-post-thumbnail","7":"category-novi-pazar"},"yoast_head":"<!-- This site is optimized with the Yoast SEO Premium plugin v23.1 (Yoast SEO v24.9) - https:\/\/yoast.com\/wordpress\/plugins\/seo\/ -->\n<title>\u201e\u0160panska\u201c serija jo\u0161 traje<\/title>\n<meta name=\"robots\" content=\"index, follow, max-snippet:-1, max-image-preview:large, max-video-preview:-1\" \/>\n<link rel=\"canonical\" href=\"https:\/\/sandzakpress.net\/arhiva\/\u201espanska\u201c-serija-jos-traje\/\" \/>\n<meta property=\"og:locale\" content=\"bs_BA\" \/>\n<meta property=\"og:type\" content=\"article\" \/>\n<meta property=\"og:title\" content=\"\u201e\u0160panska\u201c serija jo\u0161 traje\" \/>\n<meta property=\"og:description\" content=\"Lijepo re\u010de, pre nekoliko dana, jedan veliki navija\u010d Novog Pazara: \u201eLjudi moji, i \u0161panske serije imaju posljednju epizodu\u201c. Taj veliki zaljubljenik u plavo- belu boju i nepopravljivi optimista jo\u0161 je samo kratko dodao: \u201eI kad ste vidjeli da je ta epizoda zavr\u0161ena, a vi plakali od tuge?\u201c. Doga\u0111aji po okon\u010danju prvenstva u Prvoj fudbalskoj ligi [&hellip;]\" \/>\n<meta property=\"og:url\" content=\"https:\/\/sandzakpress.net\/arhiva\/\u201espanska\u201c-serija-jos-traje\/\" \/>\n<meta property=\"og:site_name\" content=\"Sand\u017eak PRESS\" \/>\n<meta property=\"article:published_time\" content=\"2011-06-25T16:55:45+00:00\" \/>\n<meta property=\"article:modified_time\" content=\"2011-06-25T16:56:39+00:00\" \/>\n<meta property=\"og:image\" content=\"https:\/\/sandzakpress.net\/arhiva\/wp-content\/uploads\/2011\/06\/2462ngm.jpg\" \/>\n\t<meta property=\"og:image:width\" content=\"616\" \/>\n\t<meta property=\"og:image:height\" content=\"462\" \/>\n\t<meta property=\"og:image:type\" content=\"image\/jpeg\" \/>\n<meta name=\"author\" content=\"bosniak\" \/>\n<meta name=\"twitter:card\" content=\"summary_large_image\" \/>\n<meta name=\"twitter:label1\" content=\"Written by\" \/>\n\t<meta name=\"twitter:data1\" content=\"bosniak\" \/>\n\t<meta name=\"twitter:label2\" content=\"Est. reading time\" \/>\n\t<meta name=\"twitter:data2\" content=\"8 minuta\" \/>\n<script type=\"application\/ld+json\" class=\"yoast-schema-graph\">{\"@context\":\"https:\/\/schema.org\",\"@graph\":[{\"@type\":\"Article\",\"@id\":\"https:\/\/sandzakpress.net\/arhiva\/%e2%80%9espanska%e2%80%9c-serija-jos-traje\/#article\",\"isPartOf\":{\"@id\":\"https:\/\/sandzakpress.net\/arhiva\/%e2%80%9espanska%e2%80%9c-serija-jos-traje\/\"},\"author\":{\"name\":\"bosniak\",\"@id\":\"https:\/\/sandzakpress.net\/arhiva\/#\/schema\/person\/c8baee722073534b583ea7bdb2e36c02\"},\"headline\":\"\u201e\u0160panska\u201c serija jo\u0161 traje\",\"datePublished\":\"2011-06-25T16:55:45+00:00\",\"dateModified\":\"2011-06-25T16:56:39+00:00\",\"mainEntityOfPage\":{\"@id\":\"https:\/\/sandzakpress.net\/arhiva\/%e2%80%9espanska%e2%80%9c-serija-jos-traje\/\"},\"wordCount\":1657,\"commentCount\":7,\"publisher\":{\"@id\":\"https:\/\/sandzakpress.net\/arhiva\/#\/schema\/person\/6e72b67d6e51910a1117b3b483ba20bd\"},\"image\":{\"@id\":\"https:\/\/sandzakpress.net\/arhiva\/%e2%80%9espanska%e2%80%9c-serija-jos-traje\/#primaryimage\"},\"thumbnailUrl\":\"https:\/\/sandzakpress.net\/arhiva\/wp-content\/uploads\/2011\/06\/2462ngm.jpg\",\"articleSection\":[\"Novi Pazar\"],\"inLanguage\":\"bs-BA\",\"potentialAction\":[{\"@type\":\"CommentAction\",\"name\":\"Comment\",\"target\":[\"https:\/\/sandzakpress.net\/arhiva\/%e2%80%9espanska%e2%80%9c-serija-jos-traje\/#respond\"]}]},{\"@type\":\"WebPage\",\"@id\":\"https:\/\/sandzakpress.net\/arhiva\/%e2%80%9espanska%e2%80%9c-serija-jos-traje\/\",\"url\":\"https:\/\/sandzakpress.net\/arhiva\/%e2%80%9espanska%e2%80%9c-serija-jos-traje\/\",\"name\":\"\u201e\u0160panska\u201c serija jo\u0161 traje\",\"isPartOf\":{\"@id\":\"https:\/\/sandzakpress.net\/arhiva\/#website\"},\"primaryImageOfPage\":{\"@id\":\"https:\/\/sandzakpress.net\/arhiva\/%e2%80%9espanska%e2%80%9c-serija-jos-traje\/#primaryimage\"},\"image\":{\"@id\":\"https:\/\/sandzakpress.net\/arhiva\/%e2%80%9espanska%e2%80%9c-serija-jos-traje\/#primaryimage\"},\"thumbnailUrl\":\"https:\/\/sandzakpress.net\/arhiva\/wp-content\/uploads\/2011\/06\/2462ngm.jpg\",\"datePublished\":\"2011-06-25T16:55:45+00:00\",\"dateModified\":\"2011-06-25T16:56:39+00:00\",\"breadcrumb\":{\"@id\":\"https:\/\/sandzakpress.net\/arhiva\/%e2%80%9espanska%e2%80%9c-serija-jos-traje\/#breadcrumb\"},\"inLanguage\":\"bs-BA\",\"potentialAction\":[{\"@type\":\"ReadAction\",\"target\":[\"https:\/\/sandzakpress.net\/arhiva\/%e2%80%9espanska%e2%80%9c-serija-jos-traje\/\"]}]},{\"@type\":\"ImageObject\",\"inLanguage\":\"bs-BA\",\"@id\":\"https:\/\/sandzakpress.net\/arhiva\/%e2%80%9espanska%e2%80%9c-serija-jos-traje\/#primaryimage\",\"url\":\"https:\/\/sandzakpress.net\/arhiva\/wp-content\/uploads\/2011\/06\/2462ngm.jpg\",\"contentUrl\":\"https:\/\/sandzakpress.net\/arhiva\/wp-content\/uploads\/2011\/06\/2462ngm.jpg\",\"width\":616,\"height\":462},{\"@type\":\"BreadcrumbList\",\"@id\":\"https:\/\/sandzakpress.net\/arhiva\/%e2%80%9espanska%e2%80%9c-serija-jos-traje\/#breadcrumb\",\"itemListElement\":[{\"@type\":\"ListItem\",\"position\":1,\"name\":\"Home\",\"item\":\"https:\/\/sandzakpress.net\/arhiva\/\"},{\"@type\":\"ListItem\",\"position\":2,\"name\":\"\u201e\u0160panska\u201c serija jo\u0161 traje\"}]},{\"@type\":\"WebSite\",\"@id\":\"https:\/\/sandzakpress.net\/arhiva\/#website\",\"url\":\"https:\/\/sandzakpress.net\/arhiva\/\",\"name\":\"Sand\u017eak PRESS\",\"description\":\"Prve elektronske novine u Sand\u017eaku\",\"publisher\":{\"@id\":\"https:\/\/sandzakpress.net\/arhiva\/#\/schema\/person\/6e72b67d6e51910a1117b3b483ba20bd\"},\"potentialAction\":[{\"@type\":\"SearchAction\",\"target\":{\"@type\":\"EntryPoint\",\"urlTemplate\":\"https:\/\/sandzakpress.net\/arhiva\/?s={search_term_string}\"},\"query-input\":{\"@type\":\"PropertyValueSpecification\",\"valueRequired\":true,\"valueName\":\"search_term_string\"}}],\"inLanguage\":\"bs-BA\"},{\"@type\":[\"Person\",\"Organization\"],\"@id\":\"https:\/\/sandzakpress.net\/arhiva\/#\/schema\/person\/6e72b67d6e51910a1117b3b483ba20bd\",\"name\":\"Kul\",\"image\":{\"@type\":\"ImageObject\",\"inLanguage\":\"bs-BA\",\"@id\":\"https:\/\/sandzakpress.net\/arhiva\/#\/schema\/person\/image\/\",\"url\":\"https:\/\/secure.gravatar.com\/avatar\/42263f39aa27ac04c43cab85c280eb2e?s=96&d=mm&r=pg\",\"contentUrl\":\"https:\/\/secure.gravatar.com\/avatar\/42263f39aa27ac04c43cab85c280eb2e?s=96&d=mm&r=pg\",\"caption\":\"Kul\"},\"logo\":{\"@id\":\"https:\/\/sandzakpress.net\/arhiva\/#\/schema\/person\/image\/\"}},{\"@type\":\"Person\",\"@id\":\"https:\/\/sandzakpress.net\/arhiva\/#\/schema\/person\/c8baee722073534b583ea7bdb2e36c02\",\"name\":\"bosniak\",\"image\":{\"@type\":\"ImageObject\",\"inLanguage\":\"bs-BA\",\"@id\":\"https:\/\/sandzakpress.net\/arhiva\/#\/schema\/person\/image\/\",\"url\":\"https:\/\/secure.gravatar.com\/avatar\/a04fd330bfe3a36a72a0ad4a6d89fca7?s=96&d=mm&r=pg\",\"contentUrl\":\"https:\/\/secure.gravatar.com\/avatar\/a04fd330bfe3a36a72a0ad4a6d89fca7?s=96&d=mm&r=pg\",\"caption\":\"bosniak\"},\"url\":\"https:\/\/sandzakpress.net\/arhiva\/author\/bosniak\/\"}]}<\/script>\n<!-- \/ Yoast SEO Premium plugin. -->","yoast_head_json":{"title":"\u201e\u0160panska\u201c serija jo\u0161 traje","robots":{"index":"index","follow":"follow","max-snippet":"max-snippet:-1","max-image-preview":"max-image-preview:large","max-video-preview":"max-video-preview:-1"},"canonical":"https:\/\/sandzakpress.net\/arhiva\/\u201espanska\u201c-serija-jos-traje\/","og_locale":"bs_BA","og_type":"article","og_title":"\u201e\u0160panska\u201c serija jo\u0161 traje","og_description":"Lijepo re\u010de, pre nekoliko dana, jedan veliki navija\u010d Novog Pazara: \u201eLjudi moji, i \u0161panske serije imaju posljednju epizodu\u201c. Taj veliki zaljubljenik u plavo- belu boju i nepopravljivi optimista jo\u0161 je samo kratko dodao: \u201eI kad ste vidjeli da je ta epizoda zavr\u0161ena, a vi plakali od tuge?\u201c. Doga\u0111aji po okon\u010danju prvenstva u Prvoj fudbalskoj ligi [&hellip;]","og_url":"https:\/\/sandzakpress.net\/arhiva\/\u201espanska\u201c-serija-jos-traje\/","og_site_name":"Sand\u017eak PRESS","article_published_time":"2011-06-25T16:55:45+00:00","article_modified_time":"2011-06-25T16:56:39+00:00","og_image":[{"width":616,"height":462,"url":"https:\/\/sandzakpress.net\/arhiva\/wp-content\/uploads\/2011\/06\/2462ngm.jpg","type":"image\/jpeg"}],"author":"bosniak","twitter_card":"summary_large_image","twitter_misc":{"Written by":"bosniak","Est. reading time":"8 minuta"},"schema":{"@context":"https:\/\/schema.org","@graph":[{"@type":"Article","@id":"https:\/\/sandzakpress.net\/arhiva\/%e2%80%9espanska%e2%80%9c-serija-jos-traje\/#article","isPartOf":{"@id":"https:\/\/sandzakpress.net\/arhiva\/%e2%80%9espanska%e2%80%9c-serija-jos-traje\/"},"author":{"name":"bosniak","@id":"https:\/\/sandzakpress.net\/arhiva\/#\/schema\/person\/c8baee722073534b583ea7bdb2e36c02"},"headline":"\u201e\u0160panska\u201c serija jo\u0161 traje","datePublished":"2011-06-25T16:55:45+00:00","dateModified":"2011-06-25T16:56:39+00:00","mainEntityOfPage":{"@id":"https:\/\/sandzakpress.net\/arhiva\/%e2%80%9espanska%e2%80%9c-serija-jos-traje\/"},"wordCount":1657,"commentCount":7,"publisher":{"@id":"https:\/\/sandzakpress.net\/arhiva\/#\/schema\/person\/6e72b67d6e51910a1117b3b483ba20bd"},"image":{"@id":"https:\/\/sandzakpress.net\/arhiva\/%e2%80%9espanska%e2%80%9c-serija-jos-traje\/#primaryimage"},"thumbnailUrl":"https:\/\/sandzakpress.net\/arhiva\/wp-content\/uploads\/2011\/06\/2462ngm.jpg","articleSection":["Novi Pazar"],"inLanguage":"bs-BA","potentialAction":[{"@type":"CommentAction","name":"Comment","target":["https:\/\/sandzakpress.net\/arhiva\/%e2%80%9espanska%e2%80%9c-serija-jos-traje\/#respond"]}]},{"@type":"WebPage","@id":"https:\/\/sandzakpress.net\/arhiva\/%e2%80%9espanska%e2%80%9c-serija-jos-traje\/","url":"https:\/\/sandzakpress.net\/arhiva\/%e2%80%9espanska%e2%80%9c-serija-jos-traje\/","name":"\u201e\u0160panska\u201c serija jo\u0161 traje","isPartOf":{"@id":"https:\/\/sandzakpress.net\/arhiva\/#website"},"primaryImageOfPage":{"@id":"https:\/\/sandzakpress.net\/arhiva\/%e2%80%9espanska%e2%80%9c-serija-jos-traje\/#primaryimage"},"image":{"@id":"https:\/\/sandzakpress.net\/arhiva\/%e2%80%9espanska%e2%80%9c-serija-jos-traje\/#primaryimage"},"thumbnailUrl":"https:\/\/sandzakpress.net\/arhiva\/wp-content\/uploads\/2011\/06\/2462ngm.jpg","datePublished":"2011-06-25T16:55:45+00:00","dateModified":"2011-06-25T16:56:39+00:00","breadcrumb":{"@id":"https:\/\/sandzakpress.net\/arhiva\/%e2%80%9espanska%e2%80%9c-serija-jos-traje\/#breadcrumb"},"inLanguage":"bs-BA","potentialAction":[{"@type":"ReadAction","target":["https:\/\/sandzakpress.net\/arhiva\/%e2%80%9espanska%e2%80%9c-serija-jos-traje\/"]}]},{"@type":"ImageObject","inLanguage":"bs-BA","@id":"https:\/\/sandzakpress.net\/arhiva\/%e2%80%9espanska%e2%80%9c-serija-jos-traje\/#primaryimage","url":"https:\/\/sandzakpress.net\/arhiva\/wp-content\/uploads\/2011\/06\/2462ngm.jpg","contentUrl":"https:\/\/sandzakpress.net\/arhiva\/wp-content\/uploads\/2011\/06\/2462ngm.jpg","width":616,"height":462},{"@type":"BreadcrumbList","@id":"https:\/\/sandzakpress.net\/arhiva\/%e2%80%9espanska%e2%80%9c-serija-jos-traje\/#breadcrumb","itemListElement":[{"@type":"ListItem","position":1,"name":"Home","item":"https:\/\/sandzakpress.net\/arhiva\/"},{"@type":"ListItem","position":2,"name":"\u201e\u0160panska\u201c serija jo\u0161 traje"}]},{"@type":"WebSite","@id":"https:\/\/sandzakpress.net\/arhiva\/#website","url":"https:\/\/sandzakpress.net\/arhiva\/","name":"Sand\u017eak PRESS","description":"Prve elektronske novine u Sand\u017eaku","publisher":{"@id":"https:\/\/sandzakpress.net\/arhiva\/#\/schema\/person\/6e72b67d6e51910a1117b3b483ba20bd"},"potentialAction":[{"@type":"SearchAction","target":{"@type":"EntryPoint","urlTemplate":"https:\/\/sandzakpress.net\/arhiva\/?s={search_term_string}"},"query-input":{"@type":"PropertyValueSpecification","valueRequired":true,"valueName":"search_term_string"}}],"inLanguage":"bs-BA"},{"@type":["Person","Organization"],"@id":"https:\/\/sandzakpress.net\/arhiva\/#\/schema\/person\/6e72b67d6e51910a1117b3b483ba20bd","name":"Kul","image":{"@type":"ImageObject","inLanguage":"bs-BA","@id":"https:\/\/sandzakpress.net\/arhiva\/#\/schema\/person\/image\/","url":"https:\/\/secure.gravatar.com\/avatar\/42263f39aa27ac04c43cab85c280eb2e?s=96&d=mm&r=pg","contentUrl":"https:\/\/secure.gravatar.com\/avatar\/42263f39aa27ac04c43cab85c280eb2e?s=96&d=mm&r=pg","caption":"Kul"},"logo":{"@id":"https:\/\/sandzakpress.net\/arhiva\/#\/schema\/person\/image\/"}},{"@type":"Person","@id":"https:\/\/sandzakpress.net\/arhiva\/#\/schema\/person\/c8baee722073534b583ea7bdb2e36c02","name":"bosniak","image":{"@type":"ImageObject","inLanguage":"bs-BA","@id":"https:\/\/sandzakpress.net\/arhiva\/#\/schema\/person\/image\/","url":"https:\/\/secure.gravatar.com\/avatar\/a04fd330bfe3a36a72a0ad4a6d89fca7?s=96&d=mm&r=pg","contentUrl":"https:\/\/secure.gravatar.com\/avatar\/a04fd330bfe3a36a72a0ad4a6d89fca7?s=96&d=mm&r=pg","caption":"bosniak"},"url":"https:\/\/sandzakpress.net\/arhiva\/author\/bosniak\/"}]}},"_links":{"self":[{"href":"https:\/\/sandzakpress.net\/arhiva\/wp-json\/wp\/v2\/posts\/17225"}],"collection":[{"href":"https:\/\/sandzakpress.net\/arhiva\/wp-json\/wp\/v2\/posts"}],"about":[{"href":"https:\/\/sandzakpress.net\/arhiva\/wp-json\/wp\/v2\/types\/post"}],"author":[{"embeddable":true,"href":"https:\/\/sandzakpress.net\/arhiva\/wp-json\/wp\/v2\/users\/83"}],"replies":[{"embeddable":true,"href":"https:\/\/sandzakpress.net\/arhiva\/wp-json\/wp\/v2\/comments?post=17225"}],"version-history":[{"count":0,"href":"https:\/\/sandzakpress.net\/arhiva\/wp-json\/wp\/v2\/posts\/17225\/revisions"}],"wp:featuredmedia":[{"embeddable":true,"href":"https:\/\/sandzakpress.net\/arhiva\/wp-json\/wp\/v2\/media\/17227"}],"wp:attachment":[{"href":"https:\/\/sandzakpress.net\/arhiva\/wp-json\/wp\/v2\/media?parent=17225"}],"wp:term":[{"taxonomy":"category","embeddable":true,"href":"https:\/\/sandzakpress.net\/arhiva\/wp-json\/wp\/v2\/categories?post=17225"},{"taxonomy":"post_tag","embeddable":true,"href":"https:\/\/sandzakpress.net\/arhiva\/wp-json\/wp\/v2\/tags?post=17225"}],"curies":[{"name":"wp","href":"https:\/\/api.w.org\/{rel}","templated":true}]}}