{"id":172082,"date":"2016-11-01T10:15:36","date_gmt":"2016-11-01T09:15:36","guid":{"rendered":"https:\/\/sandzakpress.net\/arhiva\/?p=172082"},"modified":"2016-11-01T11:16:55","modified_gmt":"2016-11-01T10:16:55","slug":"voljeti-internacionalnu-srbiju","status":"publish","type":"post","link":"https:\/\/sandzakpress.net\/arhiva\/voljeti-internacionalnu-srbiju\/","title":{"rendered":"Voljeti Internacionalnu Srbiju"},"content":{"rendered":"<p><img loading=\"lazy\" decoding=\"async\" class=\"aligncenter size-full wp-image-172083\" src=\"https:\/\/sandzakpress.net\/arhiva\/wp-content\/uploads\/2016\/11\/jamin-hajrovic.jpg\" alt=\"jamin-hajrovic\" width=\"552\" height=\"561\" srcset=\"https:\/\/sandzakpress.net\/arhiva\/wp-content\/uploads\/2016\/11\/jamin-hajrovic.jpg 552w, https:\/\/sandzakpress.net\/arhiva\/wp-content\/uploads\/2016\/11\/jamin-hajrovic-90x90.jpg 90w, https:\/\/sandzakpress.net\/arhiva\/wp-content\/uploads\/2016\/11\/jamin-hajrovic-64x64.jpg 64w\" sizes=\"(max-width: 552px) 100vw, 552px\" \/><\/p>\n<p>Domovina, ah ta rije\u010d. Kako je samo lijepa. Bo\u017ee, koliko u sebi sadr\u017ei emocija ta rije\u010d \u201edomovina\u201c. S koliko je ljubavi izgovaramo. Rije\u010d koja tek ima zna\u010denje kada malo odemo od nje, domovine, pa vidimo njenu vrijednost i bogatstvo, shvatimo da je nikada i nigdje vi\u0161e ne mo\u017eemo na\u0107i i imati. Onda \u017eivi\u0161 za tren da joj se vrati\u0161, da joj pokloni\u0161 sebe, onako u cjelosti, da\u0161 svoj, ne doprinos,ve\u0107 maksimum za nju.<\/p>\n<p>A \u0161to je to, zpravo, domovina? Da, rije\u010d koja ne tra\u017ei poja\u0161njenje, svima jako dobro poznata. Odgovor na nju znamo bez da ikada i igdje i\u0161ta o tome pro\u010ditamo, odgovor na ovo daje i onaj pismen i onaj koji to nije. Ono \u0161to ti je domovina ne mora\u0161 definirati, to osje\u0107a\u0161. S tim ponosno \u017eivi\u0161.<\/p>\n<p>Puno volim slu\u0161ati ljude kada pri\u010daju o svojoj Zemlji, Dr\u017eavi. Eto, Bog me je po\u010dastio da upoznam razne ljude, iz raznih zemalja i dijelova svijeta, s istoka i zpada, svi su s velikom koli\u010dinom ljubavi pri\u010dali o svojoj domovini, neizrecivom koli\u010dinom ljubavi i emocija. Kako se ono ka\u017ee, rodoljublje, bje\u0161e li?<\/p>\n<p>Kako se samo Englezi di\u010de njivohom Engleskom, Amerikanci-Amerikom, Turci-Turskom, Njemci-Njema\u010dkom, da ne nabrajam vi\u0161e, uglavnom svako sa onom svojom voljenom Zemljom.<\/p>\n<p>Nabrajaju\u0107i sve ovo, u svim ovim situacijama sam se morao pitati ne\u0161to. Da li sam ja takav? Da li ja tako pri\u010dam o svojoj Srbiji u kojoj sam ro\u0111en, odrastao, gradio sebe i svoju li\u010dnost, upoznao voljene osobe? Da li se u meni osjeti ta ljubav kada pomenem domovinu, rodoljublje? Osjetili se? I sam sam \u010desto ostajao zbunjen.<\/p>\n<p>Ta\u010dno. Svako normalan \u0107e se zapitati za\u0161to? Kako? Postoji li obja\u0161njenje za takvu zbunjenost? Jo\u0161 gore, postoji li razlog? I ja sam se pitao, vjerujte. Pitao sam se kako to da sam zbunjen kod ovako uro\u0111enog osje\u0107aja?<\/p>\n<p>Kako da se osjeti potpuna ljubav i \u017eestina kada govorim o svojoj domovini kada me i dan danas ta moja domovina ne prihvata? Kako kada i pored toga \u0161to sam iz autohtonog naroda ove zemlje ja bivam tretiran kao gra\u0111anin drugoga reda?! Moj narod biva tako tretiran? Kako kada mi moja dr\u017eava poku\u0161a cijepati Islamsku Zajednicu? Ne prizna mi Nacionalno vije\u0107e? Moj jezik? Porijeklo? I jo\u0161 na kraju, pored jo\u0161 mnogo \u010dega nenavedenoga, kao za\u010din na sve to, mi udari na jednu od najbitnijih institucija, Internacionalni Univerzitet u Novom Pazaru. Institucija koja ne samo moj narod, ve\u0107 sve narode ove zemlje, dakle i nju samu, \u010dini daleko akademski bogatijom, udari na prete\u010du visokog obrazovanja na ovom dijelu Srbije. Udari na Internacionalni Univerzitet u Novom Pazaru? Pored svega ovoga, i jo\u0161 mnogo \u010dega, kako?<\/p>\n<p>Ipak, ja \u017eelim voljeti svoju Srbiju. Da! \u017delim s ponosom da ka\u017eem \u201emoja Srbija\u201c! Ali ne mogu u tome uspijeti ako mi ba\u0161 ona ne pomogne, ako me nastavi osporavati, nepriznavati moj narod, i sve na\u0161e institucije koje podi\u017eemo da bismo, izme\u0111u ostalog, i nju u\u010dinili jo\u0161 bogatijom i priznatijom u svijetu.<\/p>\n<p>\u017delim da svakog \u010dlana na\u0161eg Srbijasnkog dru\u0161tva podjednako tretiram, ali kada sve nas Srbija bude podjednako tretirala. Primjer je najbolji u\u010ditelj. Neka Srbija bude primjer. \u017delim da s iskrenom ljubavlju predstavljam svoju Srbiju gdje god da odem, i da s ponosom ka\u017eem Srbija! \u017delim da moje dijete bude njen dio, ravnopravan dio, od ro\u0111enja do smrti, kad ve\u0107 meni nisu dali tu priliku!<\/p>\n<p>Internacionalni Univerzitet u Novom Pazaru Srbiju treba \u010diniti ponosnom, jer stvara ljude koji \u0107e biti njeni akademski gra\u0111ani, zdravi dio Srbijanskoga dru\u0161tva, i sa njenim paso\u0161om i\u0107i u svijet. A na njoj je da li \u0107e ti ljudi i\u0107i ponosni ili zbunjeni!<\/p>\n<p>Srbija je internacionalna zemlja, to je njeno bogatsto od kad je ima, mjesto da se time di\u010di i druge &#8221;vele sile&#8221; tome u\u010di, ona \u010dini da je oni koji su to ju\u010der postali tome u\u010de.<\/p>\n<p>Internacionalna Srbijo, \u017eelimo te voljeti, ne ote\u017eavaj nam!<\/p>\n<p>&nbsp;<\/p>\n<p>Student Fakulteta za Islamske studije,<\/p>\n<p>Jasmin Hajrovi\u0107<\/p>\n<p>&nbsp;<\/p>\n<p>&nbsp;<\/p>\n","protected":false},"excerpt":{"rendered":"<p>Jasmin Hajrovi\u0107<\/p>\n","protected":false},"author":83,"featured_media":172083,"comment_status":"open","ping_status":"open","sticky":false,"template":"","format":"standard","meta":{"footnotes":""},"categories":[10196],"tags":[],"class_list":{"0":"post-172082","1":"post","2":"type-post","3":"status-publish","4":"format-standard","5":"has-post-thumbnail","7":"category-iz-pera-nasih-autora"},"yoast_head":"<!-- This site is optimized with the Yoast SEO Premium plugin v23.1 (Yoast SEO v24.9) - https:\/\/yoast.com\/wordpress\/plugins\/seo\/ -->\n<title>Voljeti Internacionalnu Srbiju<\/title>\n<meta name=\"robots\" content=\"index, follow, max-snippet:-1, max-image-preview:large, max-video-preview:-1\" \/>\n<link rel=\"canonical\" href=\"https:\/\/sandzakpress.net\/arhiva\/voljeti-internacionalnu-srbiju\/\" \/>\n<meta property=\"og:locale\" content=\"bs_BA\" \/>\n<meta property=\"og:type\" content=\"article\" \/>\n<meta property=\"og:title\" content=\"Voljeti Internacionalnu Srbiju\" \/>\n<meta property=\"og:description\" content=\"Jasmin Hajrovi\u0107\" \/>\n<meta property=\"og:url\" content=\"https:\/\/sandzakpress.net\/arhiva\/voljeti-internacionalnu-srbiju\/\" \/>\n<meta property=\"og:site_name\" content=\"Sand\u017eak PRESS\" \/>\n<meta property=\"article:published_time\" content=\"2016-11-01T09:15:36+00:00\" \/>\n<meta property=\"article:modified_time\" content=\"2016-11-01T10:16:55+00:00\" \/>\n<meta property=\"og:image\" content=\"https:\/\/sandzakpress.net\/arhiva\/wp-content\/uploads\/2016\/11\/jamin-hajrovic.jpg\" \/>\n\t<meta property=\"og:image:width\" content=\"552\" \/>\n\t<meta property=\"og:image:height\" content=\"561\" \/>\n\t<meta property=\"og:image:type\" content=\"image\/jpeg\" \/>\n<meta name=\"author\" content=\"bosniak\" \/>\n<meta name=\"twitter:card\" content=\"summary_large_image\" \/>\n<meta name=\"twitter:label1\" content=\"Written by\" \/>\n\t<meta name=\"twitter:data1\" content=\"bosniak\" \/>\n\t<meta name=\"twitter:label2\" content=\"Est. reading time\" \/>\n\t<meta name=\"twitter:data2\" content=\"3 minute\" \/>\n<script type=\"application\/ld+json\" class=\"yoast-schema-graph\">{\"@context\":\"https:\/\/schema.org\",\"@graph\":[{\"@type\":\"Article\",\"@id\":\"https:\/\/sandzakpress.net\/arhiva\/voljeti-internacionalnu-srbiju\/#article\",\"isPartOf\":{\"@id\":\"https:\/\/sandzakpress.net\/arhiva\/voljeti-internacionalnu-srbiju\/\"},\"author\":{\"name\":\"bosniak\",\"@id\":\"https:\/\/sandzakpress.net\/arhiva\/#\/schema\/person\/c8baee722073534b583ea7bdb2e36c02\"},\"headline\":\"Voljeti Internacionalnu Srbiju\",\"datePublished\":\"2016-11-01T09:15:36+00:00\",\"dateModified\":\"2016-11-01T10:16:55+00:00\",\"mainEntityOfPage\":{\"@id\":\"https:\/\/sandzakpress.net\/arhiva\/voljeti-internacionalnu-srbiju\/\"},\"wordCount\":701,\"commentCount\":2,\"publisher\":{\"@id\":\"https:\/\/sandzakpress.net\/arhiva\/#\/schema\/person\/6e72b67d6e51910a1117b3b483ba20bd\"},\"image\":{\"@id\":\"https:\/\/sandzakpress.net\/arhiva\/voljeti-internacionalnu-srbiju\/#primaryimage\"},\"thumbnailUrl\":\"https:\/\/sandzakpress.net\/arhiva\/wp-content\/uploads\/2016\/11\/jamin-hajrovic.jpg\",\"articleSection\":[\"Iz pera na\u0161ih autora\"],\"inLanguage\":\"bs-BA\",\"potentialAction\":[{\"@type\":\"CommentAction\",\"name\":\"Comment\",\"target\":[\"https:\/\/sandzakpress.net\/arhiva\/voljeti-internacionalnu-srbiju\/#respond\"]}]},{\"@type\":\"WebPage\",\"@id\":\"https:\/\/sandzakpress.net\/arhiva\/voljeti-internacionalnu-srbiju\/\",\"url\":\"https:\/\/sandzakpress.net\/arhiva\/voljeti-internacionalnu-srbiju\/\",\"name\":\"Voljeti Internacionalnu Srbiju\",\"isPartOf\":{\"@id\":\"https:\/\/sandzakpress.net\/arhiva\/#website\"},\"primaryImageOfPage\":{\"@id\":\"https:\/\/sandzakpress.net\/arhiva\/voljeti-internacionalnu-srbiju\/#primaryimage\"},\"image\":{\"@id\":\"https:\/\/sandzakpress.net\/arhiva\/voljeti-internacionalnu-srbiju\/#primaryimage\"},\"thumbnailUrl\":\"https:\/\/sandzakpress.net\/arhiva\/wp-content\/uploads\/2016\/11\/jamin-hajrovic.jpg\",\"datePublished\":\"2016-11-01T09:15:36+00:00\",\"dateModified\":\"2016-11-01T10:16:55+00:00\",\"breadcrumb\":{\"@id\":\"https:\/\/sandzakpress.net\/arhiva\/voljeti-internacionalnu-srbiju\/#breadcrumb\"},\"inLanguage\":\"bs-BA\",\"potentialAction\":[{\"@type\":\"ReadAction\",\"target\":[\"https:\/\/sandzakpress.net\/arhiva\/voljeti-internacionalnu-srbiju\/\"]}]},{\"@type\":\"ImageObject\",\"inLanguage\":\"bs-BA\",\"@id\":\"https:\/\/sandzakpress.net\/arhiva\/voljeti-internacionalnu-srbiju\/#primaryimage\",\"url\":\"https:\/\/sandzakpress.net\/arhiva\/wp-content\/uploads\/2016\/11\/jamin-hajrovic.jpg\",\"contentUrl\":\"https:\/\/sandzakpress.net\/arhiva\/wp-content\/uploads\/2016\/11\/jamin-hajrovic.jpg\",\"width\":552,\"height\":561},{\"@type\":\"BreadcrumbList\",\"@id\":\"https:\/\/sandzakpress.net\/arhiva\/voljeti-internacionalnu-srbiju\/#breadcrumb\",\"itemListElement\":[{\"@type\":\"ListItem\",\"position\":1,\"name\":\"Home\",\"item\":\"https:\/\/sandzakpress.net\/arhiva\/\"},{\"@type\":\"ListItem\",\"position\":2,\"name\":\"Voljeti Internacionalnu Srbiju\"}]},{\"@type\":\"WebSite\",\"@id\":\"https:\/\/sandzakpress.net\/arhiva\/#website\",\"url\":\"https:\/\/sandzakpress.net\/arhiva\/\",\"name\":\"Sand\u017eak PRESS\",\"description\":\"Prve elektronske novine u Sand\u017eaku\",\"publisher\":{\"@id\":\"https:\/\/sandzakpress.net\/arhiva\/#\/schema\/person\/6e72b67d6e51910a1117b3b483ba20bd\"},\"potentialAction\":[{\"@type\":\"SearchAction\",\"target\":{\"@type\":\"EntryPoint\",\"urlTemplate\":\"https:\/\/sandzakpress.net\/arhiva\/?s={search_term_string}\"},\"query-input\":{\"@type\":\"PropertyValueSpecification\",\"valueRequired\":true,\"valueName\":\"search_term_string\"}}],\"inLanguage\":\"bs-BA\"},{\"@type\":[\"Person\",\"Organization\"],\"@id\":\"https:\/\/sandzakpress.net\/arhiva\/#\/schema\/person\/6e72b67d6e51910a1117b3b483ba20bd\",\"name\":\"Kul\",\"image\":{\"@type\":\"ImageObject\",\"inLanguage\":\"bs-BA\",\"@id\":\"https:\/\/sandzakpress.net\/arhiva\/#\/schema\/person\/image\/\",\"url\":\"https:\/\/secure.gravatar.com\/avatar\/42263f39aa27ac04c43cab85c280eb2e?s=96&d=mm&r=pg\",\"contentUrl\":\"https:\/\/secure.gravatar.com\/avatar\/42263f39aa27ac04c43cab85c280eb2e?s=96&d=mm&r=pg\",\"caption\":\"Kul\"},\"logo\":{\"@id\":\"https:\/\/sandzakpress.net\/arhiva\/#\/schema\/person\/image\/\"}},{\"@type\":\"Person\",\"@id\":\"https:\/\/sandzakpress.net\/arhiva\/#\/schema\/person\/c8baee722073534b583ea7bdb2e36c02\",\"name\":\"bosniak\",\"image\":{\"@type\":\"ImageObject\",\"inLanguage\":\"bs-BA\",\"@id\":\"https:\/\/sandzakpress.net\/arhiva\/#\/schema\/person\/image\/\",\"url\":\"https:\/\/secure.gravatar.com\/avatar\/a04fd330bfe3a36a72a0ad4a6d89fca7?s=96&d=mm&r=pg\",\"contentUrl\":\"https:\/\/secure.gravatar.com\/avatar\/a04fd330bfe3a36a72a0ad4a6d89fca7?s=96&d=mm&r=pg\",\"caption\":\"bosniak\"},\"url\":\"https:\/\/sandzakpress.net\/arhiva\/author\/bosniak\/\"}]}<\/script>\n<!-- \/ Yoast SEO Premium plugin. -->","yoast_head_json":{"title":"Voljeti Internacionalnu Srbiju","robots":{"index":"index","follow":"follow","max-snippet":"max-snippet:-1","max-image-preview":"max-image-preview:large","max-video-preview":"max-video-preview:-1"},"canonical":"https:\/\/sandzakpress.net\/arhiva\/voljeti-internacionalnu-srbiju\/","og_locale":"bs_BA","og_type":"article","og_title":"Voljeti Internacionalnu Srbiju","og_description":"Jasmin Hajrovi\u0107","og_url":"https:\/\/sandzakpress.net\/arhiva\/voljeti-internacionalnu-srbiju\/","og_site_name":"Sand\u017eak PRESS","article_published_time":"2016-11-01T09:15:36+00:00","article_modified_time":"2016-11-01T10:16:55+00:00","og_image":[{"width":552,"height":561,"url":"https:\/\/sandzakpress.net\/arhiva\/wp-content\/uploads\/2016\/11\/jamin-hajrovic.jpg","type":"image\/jpeg"}],"author":"bosniak","twitter_card":"summary_large_image","twitter_misc":{"Written by":"bosniak","Est. reading time":"3 minute"},"schema":{"@context":"https:\/\/schema.org","@graph":[{"@type":"Article","@id":"https:\/\/sandzakpress.net\/arhiva\/voljeti-internacionalnu-srbiju\/#article","isPartOf":{"@id":"https:\/\/sandzakpress.net\/arhiva\/voljeti-internacionalnu-srbiju\/"},"author":{"name":"bosniak","@id":"https:\/\/sandzakpress.net\/arhiva\/#\/schema\/person\/c8baee722073534b583ea7bdb2e36c02"},"headline":"Voljeti Internacionalnu Srbiju","datePublished":"2016-11-01T09:15:36+00:00","dateModified":"2016-11-01T10:16:55+00:00","mainEntityOfPage":{"@id":"https:\/\/sandzakpress.net\/arhiva\/voljeti-internacionalnu-srbiju\/"},"wordCount":701,"commentCount":2,"publisher":{"@id":"https:\/\/sandzakpress.net\/arhiva\/#\/schema\/person\/6e72b67d6e51910a1117b3b483ba20bd"},"image":{"@id":"https:\/\/sandzakpress.net\/arhiva\/voljeti-internacionalnu-srbiju\/#primaryimage"},"thumbnailUrl":"https:\/\/sandzakpress.net\/arhiva\/wp-content\/uploads\/2016\/11\/jamin-hajrovic.jpg","articleSection":["Iz pera na\u0161ih autora"],"inLanguage":"bs-BA","potentialAction":[{"@type":"CommentAction","name":"Comment","target":["https:\/\/sandzakpress.net\/arhiva\/voljeti-internacionalnu-srbiju\/#respond"]}]},{"@type":"WebPage","@id":"https:\/\/sandzakpress.net\/arhiva\/voljeti-internacionalnu-srbiju\/","url":"https:\/\/sandzakpress.net\/arhiva\/voljeti-internacionalnu-srbiju\/","name":"Voljeti Internacionalnu Srbiju","isPartOf":{"@id":"https:\/\/sandzakpress.net\/arhiva\/#website"},"primaryImageOfPage":{"@id":"https:\/\/sandzakpress.net\/arhiva\/voljeti-internacionalnu-srbiju\/#primaryimage"},"image":{"@id":"https:\/\/sandzakpress.net\/arhiva\/voljeti-internacionalnu-srbiju\/#primaryimage"},"thumbnailUrl":"https:\/\/sandzakpress.net\/arhiva\/wp-content\/uploads\/2016\/11\/jamin-hajrovic.jpg","datePublished":"2016-11-01T09:15:36+00:00","dateModified":"2016-11-01T10:16:55+00:00","breadcrumb":{"@id":"https:\/\/sandzakpress.net\/arhiva\/voljeti-internacionalnu-srbiju\/#breadcrumb"},"inLanguage":"bs-BA","potentialAction":[{"@type":"ReadAction","target":["https:\/\/sandzakpress.net\/arhiva\/voljeti-internacionalnu-srbiju\/"]}]},{"@type":"ImageObject","inLanguage":"bs-BA","@id":"https:\/\/sandzakpress.net\/arhiva\/voljeti-internacionalnu-srbiju\/#primaryimage","url":"https:\/\/sandzakpress.net\/arhiva\/wp-content\/uploads\/2016\/11\/jamin-hajrovic.jpg","contentUrl":"https:\/\/sandzakpress.net\/arhiva\/wp-content\/uploads\/2016\/11\/jamin-hajrovic.jpg","width":552,"height":561},{"@type":"BreadcrumbList","@id":"https:\/\/sandzakpress.net\/arhiva\/voljeti-internacionalnu-srbiju\/#breadcrumb","itemListElement":[{"@type":"ListItem","position":1,"name":"Home","item":"https:\/\/sandzakpress.net\/arhiva\/"},{"@type":"ListItem","position":2,"name":"Voljeti Internacionalnu Srbiju"}]},{"@type":"WebSite","@id":"https:\/\/sandzakpress.net\/arhiva\/#website","url":"https:\/\/sandzakpress.net\/arhiva\/","name":"Sand\u017eak PRESS","description":"Prve elektronske novine u Sand\u017eaku","publisher":{"@id":"https:\/\/sandzakpress.net\/arhiva\/#\/schema\/person\/6e72b67d6e51910a1117b3b483ba20bd"},"potentialAction":[{"@type":"SearchAction","target":{"@type":"EntryPoint","urlTemplate":"https:\/\/sandzakpress.net\/arhiva\/?s={search_term_string}"},"query-input":{"@type":"PropertyValueSpecification","valueRequired":true,"valueName":"search_term_string"}}],"inLanguage":"bs-BA"},{"@type":["Person","Organization"],"@id":"https:\/\/sandzakpress.net\/arhiva\/#\/schema\/person\/6e72b67d6e51910a1117b3b483ba20bd","name":"Kul","image":{"@type":"ImageObject","inLanguage":"bs-BA","@id":"https:\/\/sandzakpress.net\/arhiva\/#\/schema\/person\/image\/","url":"https:\/\/secure.gravatar.com\/avatar\/42263f39aa27ac04c43cab85c280eb2e?s=96&d=mm&r=pg","contentUrl":"https:\/\/secure.gravatar.com\/avatar\/42263f39aa27ac04c43cab85c280eb2e?s=96&d=mm&r=pg","caption":"Kul"},"logo":{"@id":"https:\/\/sandzakpress.net\/arhiva\/#\/schema\/person\/image\/"}},{"@type":"Person","@id":"https:\/\/sandzakpress.net\/arhiva\/#\/schema\/person\/c8baee722073534b583ea7bdb2e36c02","name":"bosniak","image":{"@type":"ImageObject","inLanguage":"bs-BA","@id":"https:\/\/sandzakpress.net\/arhiva\/#\/schema\/person\/image\/","url":"https:\/\/secure.gravatar.com\/avatar\/a04fd330bfe3a36a72a0ad4a6d89fca7?s=96&d=mm&r=pg","contentUrl":"https:\/\/secure.gravatar.com\/avatar\/a04fd330bfe3a36a72a0ad4a6d89fca7?s=96&d=mm&r=pg","caption":"bosniak"},"url":"https:\/\/sandzakpress.net\/arhiva\/author\/bosniak\/"}]}},"_links":{"self":[{"href":"https:\/\/sandzakpress.net\/arhiva\/wp-json\/wp\/v2\/posts\/172082"}],"collection":[{"href":"https:\/\/sandzakpress.net\/arhiva\/wp-json\/wp\/v2\/posts"}],"about":[{"href":"https:\/\/sandzakpress.net\/arhiva\/wp-json\/wp\/v2\/types\/post"}],"author":[{"embeddable":true,"href":"https:\/\/sandzakpress.net\/arhiva\/wp-json\/wp\/v2\/users\/83"}],"replies":[{"embeddable":true,"href":"https:\/\/sandzakpress.net\/arhiva\/wp-json\/wp\/v2\/comments?post=172082"}],"version-history":[{"count":0,"href":"https:\/\/sandzakpress.net\/arhiva\/wp-json\/wp\/v2\/posts\/172082\/revisions"}],"wp:featuredmedia":[{"embeddable":true,"href":"https:\/\/sandzakpress.net\/arhiva\/wp-json\/wp\/v2\/media\/172083"}],"wp:attachment":[{"href":"https:\/\/sandzakpress.net\/arhiva\/wp-json\/wp\/v2\/media?parent=172082"}],"wp:term":[{"taxonomy":"category","embeddable":true,"href":"https:\/\/sandzakpress.net\/arhiva\/wp-json\/wp\/v2\/categories?post=172082"},{"taxonomy":"post_tag","embeddable":true,"href":"https:\/\/sandzakpress.net\/arhiva\/wp-json\/wp\/v2\/tags?post=172082"}],"curies":[{"name":"wp","href":"https:\/\/api.w.org\/{rel}","templated":true}]}}