{"id":172080,"date":"2016-11-01T11:13:56","date_gmt":"2016-11-01T10:13:56","guid":{"rendered":"https:\/\/sandzakpress.net\/arhiva\/?p=172080"},"modified":"2016-11-01T11:13:56","modified_gmt":"2016-11-01T10:13:56","slug":"beseda-povodom-dana-univerziteta","status":"publish","type":"post","link":"https:\/\/sandzakpress.net\/arhiva\/beseda-povodom-dana-univerziteta\/","title":{"rendered":"Beseda povodom Dana univerziteta"},"content":{"rendered":"<p><img loading=\"lazy\" decoding=\"async\" class=\"aligncenter size-full wp-image-172081\" src=\"https:\/\/sandzakpress.net\/arhiva\/wp-content\/uploads\/2016\/11\/Emina-Kurtovi\u0107.jpg\" alt=\"emina-kurtovic\" width=\"600\" height=\"509\" \/><\/p>\n<p>Bolje biti prosjak, nego neobrazovan;<\/p>\n<p>Ovome nedostaje novac, onome \u010dovje\u010dnost.<\/p>\n<p>Ta\u010dno je da znanje mo\u017ee imati granice i okvire, ali \u010dovjekova volja da u\u010di, stvara, \u010dita mo\u017ee samo da ga uputi na Pravi put.<\/p>\n<p>\u017divot je pun uspona i padova, ali po zavr\u0161etku studija shvatite da je to sve bila priprema za neke nove po\u010detke. Priprema za pronala\u017eenje sebe. Priprema za \u017eivot . Pravi intelektualac je, prije svega, pravi vjernik, humanista, idealista, individualista, kreativac; vo\u0111en mi\u0161lju da se \u010dovjek jedino mo\u017ee odbraniti znanjem.<\/p>\n<p>U ovim te\u0161kim vremenima znanje je poput svjetlosti u mra\u010dnom tunelu pote\u0161ko\u0107a. Internacionalni Univerzitet je na\u0161a svjetlost i ta svjetlost budi na\u0161u svijest da nam se necenzurisane misli ne mogu nametnuti i kao takve se sprovesti u djelo, jer ne mo\u017ee zlo postati dobro samo zato \u0161to ga kolektivtet prihvata. Ovaj najsavremeniji Univerzitet je na\u0161 pokreta\u010d i proces sticanja znanja, ogledalo nas samih. Mi smo ovde, da bismo \u0161irli istinu.<\/p>\n<p>Studije su\u00a0 poput knjige, na\u010ditan \u010dovjek zna da napravi razliku izme\u0111u kvalitetne i manje kvalitetne knjige, tako i dobar student zna da naparavi razliku i prepozna taj kvalitet, to jest da prepozna vrijednost institucije kojoj poklanja povjerenje i koja je vrijednost naspram neubjedljivih kopija.<\/p>\n<p>Ako ho\u0107ete da budete lijepi i nasmijani \u2013 \u010ditajte, jer \u0107e se unutra\u0161nja ljepota samo reflektovati na Va\u0161em licu; ako ho\u0107ete da budete zdravi \u2013 \u010ditajte \u2013 knjige su poput lijeka; ako ho\u0107ete da\u00a0 pro\u017eivite vi\u0161e sudbina i \u017eivota \u2013 \u010ditajte vi\u0161e knjiga.<\/p>\n<p>Zaklju\u010di\u0107u umnom izjavom na\u0161eg predsjednika Univerziteta: <\/p>\n<p>\u201eDijamant ne gubi svoju vrijednost, ako ti ne zna\u0161 da li je to dijamant ili obi\u010dan kamen; na gubitku si jedino ti, jer zna\u0161 kakvo bogastvo poseduje\u0161!\u201c<\/p>\n<p>Autor:\u00a0Emina Kurtovi\u0107<\/p>\n","protected":false},"excerpt":{"rendered":"<p>Emina Kurtovi\u0107<\/p>\n","protected":false},"author":83,"featured_media":172081,"comment_status":"open","ping_status":"open","sticky":false,"template":"","format":"standard","meta":{"footnotes":""},"categories":[72,10196],"tags":[],"class_list":{"0":"post-172080","1":"post","2":"type-post","3":"status-publish","4":"format-standard","5":"has-post-thumbnail","7":"category-novi-pazar","8":"category-iz-pera-nasih-autora"},"yoast_head":"<!-- This site is optimized with the Yoast SEO Premium plugin v23.1 (Yoast SEO v24.9) - https:\/\/yoast.com\/wordpress\/plugins\/seo\/ -->\n<title>Beseda povodom Dana univerziteta<\/title>\n<meta name=\"robots\" content=\"index, follow, max-snippet:-1, max-image-preview:large, max-video-preview:-1\" \/>\n<link rel=\"canonical\" href=\"https:\/\/sandzakpress.net\/arhiva\/beseda-povodom-dana-univerziteta\/\" \/>\n<meta property=\"og:locale\" content=\"bs_BA\" \/>\n<meta property=\"og:type\" content=\"article\" \/>\n<meta property=\"og:title\" content=\"Beseda povodom Dana univerziteta\" \/>\n<meta property=\"og:description\" content=\"Emina Kurtovi\u0107\" \/>\n<meta property=\"og:url\" content=\"https:\/\/sandzakpress.net\/arhiva\/beseda-povodom-dana-univerziteta\/\" \/>\n<meta property=\"og:site_name\" content=\"Sand\u017eak PRESS\" \/>\n<meta property=\"article:published_time\" content=\"2016-11-01T10:13:56+00:00\" \/>\n<meta property=\"og:image\" content=\"https:\/\/sandzakpress.net\/arhiva\/wp-content\/uploads\/2016\/11\/Emina-Kurtovi\u0107.jpg\" \/>\n\t<meta property=\"og:image:width\" content=\"600\" \/>\n\t<meta property=\"og:image:height\" content=\"509\" \/>\n\t<meta property=\"og:image:type\" content=\"image\/jpeg\" \/>\n<meta name=\"author\" content=\"bosniak\" \/>\n<meta name=\"twitter:card\" content=\"summary_large_image\" \/>\n<meta name=\"twitter:label1\" content=\"Written by\" \/>\n\t<meta name=\"twitter:data1\" content=\"bosniak\" \/>\n\t<meta name=\"twitter:label2\" content=\"Est. reading time\" \/>\n\t<meta name=\"twitter:data2\" content=\"2 minute\" \/>\n<script type=\"application\/ld+json\" class=\"yoast-schema-graph\">{\"@context\":\"https:\/\/schema.org\",\"@graph\":[{\"@type\":\"Article\",\"@id\":\"https:\/\/sandzakpress.net\/arhiva\/beseda-povodom-dana-univerziteta\/#article\",\"isPartOf\":{\"@id\":\"https:\/\/sandzakpress.net\/arhiva\/beseda-povodom-dana-univerziteta\/\"},\"author\":{\"name\":\"bosniak\",\"@id\":\"https:\/\/sandzakpress.net\/arhiva\/#\/schema\/person\/c8baee722073534b583ea7bdb2e36c02\"},\"headline\":\"Beseda povodom Dana univerziteta\",\"datePublished\":\"2016-11-01T10:13:56+00:00\",\"mainEntityOfPage\":{\"@id\":\"https:\/\/sandzakpress.net\/arhiva\/beseda-povodom-dana-univerziteta\/\"},\"wordCount\":307,\"commentCount\":1,\"publisher\":{\"@id\":\"https:\/\/sandzakpress.net\/arhiva\/#\/schema\/person\/6e72b67d6e51910a1117b3b483ba20bd\"},\"image\":{\"@id\":\"https:\/\/sandzakpress.net\/arhiva\/beseda-povodom-dana-univerziteta\/#primaryimage\"},\"thumbnailUrl\":\"https:\/\/sandzakpress.net\/arhiva\/wp-content\/uploads\/2016\/11\/Emina-Kurtovi\u0107.jpg\",\"articleSection\":[\"Novi Pazar\",\"Iz pera na\u0161ih autora\"],\"inLanguage\":\"bs-BA\",\"potentialAction\":[{\"@type\":\"CommentAction\",\"name\":\"Comment\",\"target\":[\"https:\/\/sandzakpress.net\/arhiva\/beseda-povodom-dana-univerziteta\/#respond\"]}]},{\"@type\":\"WebPage\",\"@id\":\"https:\/\/sandzakpress.net\/arhiva\/beseda-povodom-dana-univerziteta\/\",\"url\":\"https:\/\/sandzakpress.net\/arhiva\/beseda-povodom-dana-univerziteta\/\",\"name\":\"Beseda povodom Dana univerziteta\",\"isPartOf\":{\"@id\":\"https:\/\/sandzakpress.net\/arhiva\/#website\"},\"primaryImageOfPage\":{\"@id\":\"https:\/\/sandzakpress.net\/arhiva\/beseda-povodom-dana-univerziteta\/#primaryimage\"},\"image\":{\"@id\":\"https:\/\/sandzakpress.net\/arhiva\/beseda-povodom-dana-univerziteta\/#primaryimage\"},\"thumbnailUrl\":\"https:\/\/sandzakpress.net\/arhiva\/wp-content\/uploads\/2016\/11\/Emina-Kurtovi\u0107.jpg\",\"datePublished\":\"2016-11-01T10:13:56+00:00\",\"breadcrumb\":{\"@id\":\"https:\/\/sandzakpress.net\/arhiva\/beseda-povodom-dana-univerziteta\/#breadcrumb\"},\"inLanguage\":\"bs-BA\",\"potentialAction\":[{\"@type\":\"ReadAction\",\"target\":[\"https:\/\/sandzakpress.net\/arhiva\/beseda-povodom-dana-univerziteta\/\"]}]},{\"@type\":\"ImageObject\",\"inLanguage\":\"bs-BA\",\"@id\":\"https:\/\/sandzakpress.net\/arhiva\/beseda-povodom-dana-univerziteta\/#primaryimage\",\"url\":\"https:\/\/sandzakpress.net\/arhiva\/wp-content\/uploads\/2016\/11\/Emina-Kurtovi\u0107.jpg\",\"contentUrl\":\"https:\/\/sandzakpress.net\/arhiva\/wp-content\/uploads\/2016\/11\/Emina-Kurtovi\u0107.jpg\",\"width\":600,\"height\":509},{\"@type\":\"BreadcrumbList\",\"@id\":\"https:\/\/sandzakpress.net\/arhiva\/beseda-povodom-dana-univerziteta\/#breadcrumb\",\"itemListElement\":[{\"@type\":\"ListItem\",\"position\":1,\"name\":\"Home\",\"item\":\"https:\/\/sandzakpress.net\/arhiva\/\"},{\"@type\":\"ListItem\",\"position\":2,\"name\":\"Beseda povodom Dana univerziteta\"}]},{\"@type\":\"WebSite\",\"@id\":\"https:\/\/sandzakpress.net\/arhiva\/#website\",\"url\":\"https:\/\/sandzakpress.net\/arhiva\/\",\"name\":\"Sand\u017eak PRESS\",\"description\":\"Prve elektronske novine u Sand\u017eaku\",\"publisher\":{\"@id\":\"https:\/\/sandzakpress.net\/arhiva\/#\/schema\/person\/6e72b67d6e51910a1117b3b483ba20bd\"},\"potentialAction\":[{\"@type\":\"SearchAction\",\"target\":{\"@type\":\"EntryPoint\",\"urlTemplate\":\"https:\/\/sandzakpress.net\/arhiva\/?s={search_term_string}\"},\"query-input\":{\"@type\":\"PropertyValueSpecification\",\"valueRequired\":true,\"valueName\":\"search_term_string\"}}],\"inLanguage\":\"bs-BA\"},{\"@type\":[\"Person\",\"Organization\"],\"@id\":\"https:\/\/sandzakpress.net\/arhiva\/#\/schema\/person\/6e72b67d6e51910a1117b3b483ba20bd\",\"name\":\"Kul\",\"image\":{\"@type\":\"ImageObject\",\"inLanguage\":\"bs-BA\",\"@id\":\"https:\/\/sandzakpress.net\/arhiva\/#\/schema\/person\/image\/\",\"url\":\"https:\/\/secure.gravatar.com\/avatar\/42263f39aa27ac04c43cab85c280eb2e?s=96&d=mm&r=pg\",\"contentUrl\":\"https:\/\/secure.gravatar.com\/avatar\/42263f39aa27ac04c43cab85c280eb2e?s=96&d=mm&r=pg\",\"caption\":\"Kul\"},\"logo\":{\"@id\":\"https:\/\/sandzakpress.net\/arhiva\/#\/schema\/person\/image\/\"}},{\"@type\":\"Person\",\"@id\":\"https:\/\/sandzakpress.net\/arhiva\/#\/schema\/person\/c8baee722073534b583ea7bdb2e36c02\",\"name\":\"bosniak\",\"image\":{\"@type\":\"ImageObject\",\"inLanguage\":\"bs-BA\",\"@id\":\"https:\/\/sandzakpress.net\/arhiva\/#\/schema\/person\/image\/\",\"url\":\"https:\/\/secure.gravatar.com\/avatar\/a04fd330bfe3a36a72a0ad4a6d89fca7?s=96&d=mm&r=pg\",\"contentUrl\":\"https:\/\/secure.gravatar.com\/avatar\/a04fd330bfe3a36a72a0ad4a6d89fca7?s=96&d=mm&r=pg\",\"caption\":\"bosniak\"},\"url\":\"https:\/\/sandzakpress.net\/arhiva\/author\/bosniak\/\"}]}<\/script>\n<!-- \/ Yoast SEO Premium plugin. -->","yoast_head_json":{"title":"Beseda povodom Dana univerziteta","robots":{"index":"index","follow":"follow","max-snippet":"max-snippet:-1","max-image-preview":"max-image-preview:large","max-video-preview":"max-video-preview:-1"},"canonical":"https:\/\/sandzakpress.net\/arhiva\/beseda-povodom-dana-univerziteta\/","og_locale":"bs_BA","og_type":"article","og_title":"Beseda povodom Dana univerziteta","og_description":"Emina Kurtovi\u0107","og_url":"https:\/\/sandzakpress.net\/arhiva\/beseda-povodom-dana-univerziteta\/","og_site_name":"Sand\u017eak PRESS","article_published_time":"2016-11-01T10:13:56+00:00","og_image":[{"width":600,"height":509,"url":"https:\/\/sandzakpress.net\/arhiva\/wp-content\/uploads\/2016\/11\/Emina-Kurtovi\u0107.jpg","type":"image\/jpeg"}],"author":"bosniak","twitter_card":"summary_large_image","twitter_misc":{"Written by":"bosniak","Est. reading time":"2 minute"},"schema":{"@context":"https:\/\/schema.org","@graph":[{"@type":"Article","@id":"https:\/\/sandzakpress.net\/arhiva\/beseda-povodom-dana-univerziteta\/#article","isPartOf":{"@id":"https:\/\/sandzakpress.net\/arhiva\/beseda-povodom-dana-univerziteta\/"},"author":{"name":"bosniak","@id":"https:\/\/sandzakpress.net\/arhiva\/#\/schema\/person\/c8baee722073534b583ea7bdb2e36c02"},"headline":"Beseda povodom Dana univerziteta","datePublished":"2016-11-01T10:13:56+00:00","mainEntityOfPage":{"@id":"https:\/\/sandzakpress.net\/arhiva\/beseda-povodom-dana-univerziteta\/"},"wordCount":307,"commentCount":1,"publisher":{"@id":"https:\/\/sandzakpress.net\/arhiva\/#\/schema\/person\/6e72b67d6e51910a1117b3b483ba20bd"},"image":{"@id":"https:\/\/sandzakpress.net\/arhiva\/beseda-povodom-dana-univerziteta\/#primaryimage"},"thumbnailUrl":"https:\/\/sandzakpress.net\/arhiva\/wp-content\/uploads\/2016\/11\/Emina-Kurtovi\u0107.jpg","articleSection":["Novi Pazar","Iz pera na\u0161ih autora"],"inLanguage":"bs-BA","potentialAction":[{"@type":"CommentAction","name":"Comment","target":["https:\/\/sandzakpress.net\/arhiva\/beseda-povodom-dana-univerziteta\/#respond"]}]},{"@type":"WebPage","@id":"https:\/\/sandzakpress.net\/arhiva\/beseda-povodom-dana-univerziteta\/","url":"https:\/\/sandzakpress.net\/arhiva\/beseda-povodom-dana-univerziteta\/","name":"Beseda povodom Dana univerziteta","isPartOf":{"@id":"https:\/\/sandzakpress.net\/arhiva\/#website"},"primaryImageOfPage":{"@id":"https:\/\/sandzakpress.net\/arhiva\/beseda-povodom-dana-univerziteta\/#primaryimage"},"image":{"@id":"https:\/\/sandzakpress.net\/arhiva\/beseda-povodom-dana-univerziteta\/#primaryimage"},"thumbnailUrl":"https:\/\/sandzakpress.net\/arhiva\/wp-content\/uploads\/2016\/11\/Emina-Kurtovi\u0107.jpg","datePublished":"2016-11-01T10:13:56+00:00","breadcrumb":{"@id":"https:\/\/sandzakpress.net\/arhiva\/beseda-povodom-dana-univerziteta\/#breadcrumb"},"inLanguage":"bs-BA","potentialAction":[{"@type":"ReadAction","target":["https:\/\/sandzakpress.net\/arhiva\/beseda-povodom-dana-univerziteta\/"]}]},{"@type":"ImageObject","inLanguage":"bs-BA","@id":"https:\/\/sandzakpress.net\/arhiva\/beseda-povodom-dana-univerziteta\/#primaryimage","url":"https:\/\/sandzakpress.net\/arhiva\/wp-content\/uploads\/2016\/11\/Emina-Kurtovi\u0107.jpg","contentUrl":"https:\/\/sandzakpress.net\/arhiva\/wp-content\/uploads\/2016\/11\/Emina-Kurtovi\u0107.jpg","width":600,"height":509},{"@type":"BreadcrumbList","@id":"https:\/\/sandzakpress.net\/arhiva\/beseda-povodom-dana-univerziteta\/#breadcrumb","itemListElement":[{"@type":"ListItem","position":1,"name":"Home","item":"https:\/\/sandzakpress.net\/arhiva\/"},{"@type":"ListItem","position":2,"name":"Beseda povodom Dana univerziteta"}]},{"@type":"WebSite","@id":"https:\/\/sandzakpress.net\/arhiva\/#website","url":"https:\/\/sandzakpress.net\/arhiva\/","name":"Sand\u017eak PRESS","description":"Prve elektronske novine u Sand\u017eaku","publisher":{"@id":"https:\/\/sandzakpress.net\/arhiva\/#\/schema\/person\/6e72b67d6e51910a1117b3b483ba20bd"},"potentialAction":[{"@type":"SearchAction","target":{"@type":"EntryPoint","urlTemplate":"https:\/\/sandzakpress.net\/arhiva\/?s={search_term_string}"},"query-input":{"@type":"PropertyValueSpecification","valueRequired":true,"valueName":"search_term_string"}}],"inLanguage":"bs-BA"},{"@type":["Person","Organization"],"@id":"https:\/\/sandzakpress.net\/arhiva\/#\/schema\/person\/6e72b67d6e51910a1117b3b483ba20bd","name":"Kul","image":{"@type":"ImageObject","inLanguage":"bs-BA","@id":"https:\/\/sandzakpress.net\/arhiva\/#\/schema\/person\/image\/","url":"https:\/\/secure.gravatar.com\/avatar\/42263f39aa27ac04c43cab85c280eb2e?s=96&d=mm&r=pg","contentUrl":"https:\/\/secure.gravatar.com\/avatar\/42263f39aa27ac04c43cab85c280eb2e?s=96&d=mm&r=pg","caption":"Kul"},"logo":{"@id":"https:\/\/sandzakpress.net\/arhiva\/#\/schema\/person\/image\/"}},{"@type":"Person","@id":"https:\/\/sandzakpress.net\/arhiva\/#\/schema\/person\/c8baee722073534b583ea7bdb2e36c02","name":"bosniak","image":{"@type":"ImageObject","inLanguage":"bs-BA","@id":"https:\/\/sandzakpress.net\/arhiva\/#\/schema\/person\/image\/","url":"https:\/\/secure.gravatar.com\/avatar\/a04fd330bfe3a36a72a0ad4a6d89fca7?s=96&d=mm&r=pg","contentUrl":"https:\/\/secure.gravatar.com\/avatar\/a04fd330bfe3a36a72a0ad4a6d89fca7?s=96&d=mm&r=pg","caption":"bosniak"},"url":"https:\/\/sandzakpress.net\/arhiva\/author\/bosniak\/"}]}},"_links":{"self":[{"href":"https:\/\/sandzakpress.net\/arhiva\/wp-json\/wp\/v2\/posts\/172080"}],"collection":[{"href":"https:\/\/sandzakpress.net\/arhiva\/wp-json\/wp\/v2\/posts"}],"about":[{"href":"https:\/\/sandzakpress.net\/arhiva\/wp-json\/wp\/v2\/types\/post"}],"author":[{"embeddable":true,"href":"https:\/\/sandzakpress.net\/arhiva\/wp-json\/wp\/v2\/users\/83"}],"replies":[{"embeddable":true,"href":"https:\/\/sandzakpress.net\/arhiva\/wp-json\/wp\/v2\/comments?post=172080"}],"version-history":[{"count":0,"href":"https:\/\/sandzakpress.net\/arhiva\/wp-json\/wp\/v2\/posts\/172080\/revisions"}],"wp:featuredmedia":[{"embeddable":true,"href":"https:\/\/sandzakpress.net\/arhiva\/wp-json\/wp\/v2\/media\/172081"}],"wp:attachment":[{"href":"https:\/\/sandzakpress.net\/arhiva\/wp-json\/wp\/v2\/media?parent=172080"}],"wp:term":[{"taxonomy":"category","embeddable":true,"href":"https:\/\/sandzakpress.net\/arhiva\/wp-json\/wp\/v2\/categories?post=172080"},{"taxonomy":"post_tag","embeddable":true,"href":"https:\/\/sandzakpress.net\/arhiva\/wp-json\/wp\/v2\/tags?post=172080"}],"curies":[{"name":"wp","href":"https:\/\/api.w.org\/{rel}","templated":true}]}}