{"id":172005,"date":"2016-10-31T13:17:37","date_gmt":"2016-10-31T12:17:37","guid":{"rendered":"https:\/\/sandzakpress.net\/arhiva\/?p=172005"},"modified":"2016-10-31T13:17:37","modified_gmt":"2016-10-31T12:17:37","slug":"skoro-dvije-decenije-postojanja-bjelopoljskog-adriatik-radija","status":"publish","type":"post","link":"https:\/\/sandzakpress.net\/arhiva\/skoro-dvije-decenije-postojanja-bjelopoljskog-adriatik-radija\/","title":{"rendered":"Skoro dvije decenije postojanja bjelopoljskog Adriatik radija"},"content":{"rendered":"<p><img decoding=\"async\" src=\"http:\/\/www.sandzacke.rs\/wp-content\/uploads\/2016\/10\/azra-harapovic-660x330.jpg\" alt=\"Azra Hrapovi\u0107\/Foto: Vladimir Jeli\u0107\" \/><\/p>\n<p><strong>Davne, 1998. godine, 1. novembra, na frenkvenciji od 91 megaherc, prvi put je u etar emitovan signal Adriatik radija, i od tada do danas, taj radio nikada nije prestajao da bude dragi gost u mnogim domovima u Bijelom Polju, Beranama i Mojkovcu, kazala je direktorica tog radija Azra Hrapovi\u0107, gostuju\u0107i u emisiji \u201cTema dana\u201d Radija Bijelo Polje, povodom obilje\u017eavanja 18 godina postojanja tog medija.<\/strong><\/p>\n<p>\u201cOsniva\u010d Adriatik radija je pokojni Kemal Hrapovi\u0107, \u010dovjek koji je \u017eivio ispred svog vremena, koj je jo\u0161 tada imao viziju da \u0107e talasi ovog na\u0161eg radija doprijeti do talasa Jadranskog mora. Iako smo u po\u010detku radili u skromnim uslovima i sa malim brojem ljudi, uspjeli smo, zahvaljuju\u0107i na\u0161em entuzijazmu, volji, profesionalnom odnosu prema slu\u0161aocima i kolegama da opstanemo na medijskom tr\u017ei\u0161tu i budemo prepoznatljivi po sadr\u017eajima koje emitujemo\u201d, kazala je Hrapovi\u0107.<\/p>\n<p>Radio je nekada imao du\u0161u. Nekada smo osvitali pored radio prijemnika, i\u0161\u010dekuju\u0107i omiljenu pjesmu ili glas voditelja ili voditeljke, dok je danas za to potreban samo jedan klik, sa sjetom je kazao Boris Nedovi\u0107, koji je u Adriatik radiju proveo 18 godina.<\/p>\n<p>\u201cMister \u0110akomo je imao jedno posebno vi\u0111enje i istan\u010dan muzi\u010dki ukus i radio Adriatik je jedan od rijetkih komercijalnih medija koji je emitovao nekomercijalnu muziku. To je proisteklo iz bogatog \u017eivotnog iskustva mister \u0110akoma, koji je obi\u0161ao svijet uzdu\u017e i poprijeko i koji je svoje emocije \u017eelio nesebi\u010dno da podijeli sa slu\u0161aocima u gradu. No na\u017ealost, nije do\u017eivio da do\u010deka da sa nama proslavi ovaj jubilej\u201d, istakao je Nedovi\u0107, nagla\u0161avaju\u0107i da je svaka pjesma koja je emitovana na tom radiju bila selektovana i sa namjerom pu\u0161tena, nikad napamet se nije na\u0161la u etru i to je glavna karakteristika i glavni pe\u010dat kulturnog, urbanog i modernog, \u0161to je Adriatik radio forsirao u proteklih skoro dvije decenije.<\/p>\n<p>Hrapovi\u0107 je kazala da od prije dvije godine talasi Adriatik radija dopiru i do juga Crne Gore, a \u010duju se u op\u0161tinama Kotor, Tivat i Bar. Kao dru\u0161tveno odgovorna medijska ku\u0107a koja je prepoznavala potrebe marginalizovanih kategorija stanovni\u0161tva, realizovala je vi\u0161e od 15 projekata koji su bili namijenjeni romskoj populaciji i osobama sa invaliditetom, a projektima iz oblasti narkomanije, doprinosi prevenciji narkomanije i borbi protiv ove po\u0161asti 21. vijeka.<\/p>\n<p>(Izvor: <a href=\"http:\/\/radiobijelopolje.me\/index.php\/impresum\/34070-skoro-dvije-decenije-postojanja-adriatik-radija\">Radio Bijelo Polje<\/a>)<\/p>\n","protected":false},"excerpt":{"rendered":"<p>Davne, 1998. godine, 1. novembra, na frenkvenciji od 91 megaherc, prvi put je u etar emitovan signal Adriatik radija, i od tada do danas, taj radio nikada nije prestajao da bude dragi gost u mnogim domovima u Bijelom Polju, Beranama i Mojkovcu, kazala je direktorica tog radija Azra Hrapovi\u0107, gostuju\u0107i u emisiji \u201cTema dana\u201d Radija [&hellip;]<\/p>\n","protected":false},"author":83,"featured_media":172012,"comment_status":"open","ping_status":"open","sticky":false,"template":"","format":"standard","meta":{"footnotes":""},"categories":[396,5],"tags":[],"class_list":{"0":"post-172005","1":"post","2":"type-post","3":"status-publish","4":"format-standard","5":"has-post-thumbnail","7":"category-bijelo_polje","8":"category-drustvo"},"yoast_head":"<!-- This site is optimized with the Yoast SEO Premium plugin v23.1 (Yoast SEO v24.9) - https:\/\/yoast.com\/wordpress\/plugins\/seo\/ -->\n<title>Skoro dvije decenije postojanja bjelopoljskog Adriatik radija<\/title>\n<meta name=\"robots\" content=\"index, follow, max-snippet:-1, max-image-preview:large, max-video-preview:-1\" \/>\n<link rel=\"canonical\" href=\"https:\/\/sandzakpress.net\/arhiva\/skoro-dvije-decenije-postojanja-bjelopoljskog-adriatik-radija\/\" \/>\n<meta property=\"og:locale\" content=\"bs_BA\" \/>\n<meta property=\"og:type\" content=\"article\" \/>\n<meta property=\"og:title\" content=\"Skoro dvije decenije postojanja bjelopoljskog Adriatik radija\" \/>\n<meta property=\"og:description\" content=\"Davne, 1998. godine, 1. novembra, na frenkvenciji od 91 megaherc, prvi put je u etar emitovan signal Adriatik radija, i od tada do danas, taj radio nikada nije prestajao da bude dragi gost u mnogim domovima u Bijelom Polju, Beranama i Mojkovcu, kazala je direktorica tog radija Azra Hrapovi\u0107, gostuju\u0107i u emisiji \u201cTema dana\u201d Radija [&hellip;]\" \/>\n<meta property=\"og:url\" content=\"https:\/\/sandzakpress.net\/arhiva\/skoro-dvije-decenije-postojanja-bjelopoljskog-adriatik-radija\/\" \/>\n<meta property=\"og:site_name\" content=\"Sand\u017eak PRESS\" \/>\n<meta property=\"article:published_time\" content=\"2016-10-31T12:17:37+00:00\" \/>\n<meta property=\"og:image\" content=\"https:\/\/sandzakpress.net\/arhiva\/wp-content\/uploads\/2016\/10\/azra-harapovic-660x330.jpg\" \/>\n\t<meta property=\"og:image:width\" content=\"660\" \/>\n\t<meta property=\"og:image:height\" content=\"330\" \/>\n\t<meta property=\"og:image:type\" content=\"image\/jpeg\" \/>\n<meta name=\"author\" content=\"bosniak\" \/>\n<meta name=\"twitter:card\" content=\"summary_large_image\" \/>\n<meta name=\"twitter:label1\" content=\"Written by\" \/>\n\t<meta name=\"twitter:data1\" content=\"bosniak\" \/>\n\t<meta name=\"twitter:label2\" content=\"Est. reading time\" \/>\n\t<meta name=\"twitter:data2\" content=\"2 minute\" \/>\n<script type=\"application\/ld+json\" class=\"yoast-schema-graph\">{\"@context\":\"https:\/\/schema.org\",\"@graph\":[{\"@type\":\"Article\",\"@id\":\"https:\/\/sandzakpress.net\/arhiva\/skoro-dvije-decenije-postojanja-bjelopoljskog-adriatik-radija\/#article\",\"isPartOf\":{\"@id\":\"https:\/\/sandzakpress.net\/arhiva\/skoro-dvije-decenije-postojanja-bjelopoljskog-adriatik-radija\/\"},\"author\":{\"name\":\"bosniak\",\"@id\":\"https:\/\/sandzakpress.net\/arhiva\/#\/schema\/person\/c8baee722073534b583ea7bdb2e36c02\"},\"headline\":\"Skoro dvije decenije postojanja bjelopoljskog Adriatik radija\",\"datePublished\":\"2016-10-31T12:17:37+00:00\",\"mainEntityOfPage\":{\"@id\":\"https:\/\/sandzakpress.net\/arhiva\/skoro-dvije-decenije-postojanja-bjelopoljskog-adriatik-radija\/\"},\"wordCount\":398,\"commentCount\":0,\"publisher\":{\"@id\":\"https:\/\/sandzakpress.net\/arhiva\/#\/schema\/person\/6e72b67d6e51910a1117b3b483ba20bd\"},\"image\":{\"@id\":\"https:\/\/sandzakpress.net\/arhiva\/skoro-dvije-decenije-postojanja-bjelopoljskog-adriatik-radija\/#primaryimage\"},\"thumbnailUrl\":\"https:\/\/sandzakpress.net\/arhiva\/wp-content\/uploads\/2016\/10\/azra-harapovic-660x330.jpg\",\"articleSection\":[\"Bijelo Polje\",\"Dru\u0161tvo\"],\"inLanguage\":\"bs-BA\",\"potentialAction\":[{\"@type\":\"CommentAction\",\"name\":\"Comment\",\"target\":[\"https:\/\/sandzakpress.net\/arhiva\/skoro-dvije-decenije-postojanja-bjelopoljskog-adriatik-radija\/#respond\"]}]},{\"@type\":\"WebPage\",\"@id\":\"https:\/\/sandzakpress.net\/arhiva\/skoro-dvije-decenije-postojanja-bjelopoljskog-adriatik-radija\/\",\"url\":\"https:\/\/sandzakpress.net\/arhiva\/skoro-dvije-decenije-postojanja-bjelopoljskog-adriatik-radija\/\",\"name\":\"Skoro dvije decenije postojanja bjelopoljskog Adriatik radija\",\"isPartOf\":{\"@id\":\"https:\/\/sandzakpress.net\/arhiva\/#website\"},\"primaryImageOfPage\":{\"@id\":\"https:\/\/sandzakpress.net\/arhiva\/skoro-dvije-decenije-postojanja-bjelopoljskog-adriatik-radija\/#primaryimage\"},\"image\":{\"@id\":\"https:\/\/sandzakpress.net\/arhiva\/skoro-dvije-decenije-postojanja-bjelopoljskog-adriatik-radija\/#primaryimage\"},\"thumbnailUrl\":\"https:\/\/sandzakpress.net\/arhiva\/wp-content\/uploads\/2016\/10\/azra-harapovic-660x330.jpg\",\"datePublished\":\"2016-10-31T12:17:37+00:00\",\"breadcrumb\":{\"@id\":\"https:\/\/sandzakpress.net\/arhiva\/skoro-dvije-decenije-postojanja-bjelopoljskog-adriatik-radija\/#breadcrumb\"},\"inLanguage\":\"bs-BA\",\"potentialAction\":[{\"@type\":\"ReadAction\",\"target\":[\"https:\/\/sandzakpress.net\/arhiva\/skoro-dvije-decenije-postojanja-bjelopoljskog-adriatik-radija\/\"]}]},{\"@type\":\"ImageObject\",\"inLanguage\":\"bs-BA\",\"@id\":\"https:\/\/sandzakpress.net\/arhiva\/skoro-dvije-decenije-postojanja-bjelopoljskog-adriatik-radija\/#primaryimage\",\"url\":\"https:\/\/sandzakpress.net\/arhiva\/wp-content\/uploads\/2016\/10\/azra-harapovic-660x330.jpg\",\"contentUrl\":\"https:\/\/sandzakpress.net\/arhiva\/wp-content\/uploads\/2016\/10\/azra-harapovic-660x330.jpg\",\"width\":660,\"height\":330},{\"@type\":\"BreadcrumbList\",\"@id\":\"https:\/\/sandzakpress.net\/arhiva\/skoro-dvije-decenije-postojanja-bjelopoljskog-adriatik-radija\/#breadcrumb\",\"itemListElement\":[{\"@type\":\"ListItem\",\"position\":1,\"name\":\"Home\",\"item\":\"https:\/\/sandzakpress.net\/arhiva\/\"},{\"@type\":\"ListItem\",\"position\":2,\"name\":\"Skoro dvije decenije postojanja bjelopoljskog Adriatik radija\"}]},{\"@type\":\"WebSite\",\"@id\":\"https:\/\/sandzakpress.net\/arhiva\/#website\",\"url\":\"https:\/\/sandzakpress.net\/arhiva\/\",\"name\":\"Sand\u017eak PRESS\",\"description\":\"Prve elektronske novine u Sand\u017eaku\",\"publisher\":{\"@id\":\"https:\/\/sandzakpress.net\/arhiva\/#\/schema\/person\/6e72b67d6e51910a1117b3b483ba20bd\"},\"potentialAction\":[{\"@type\":\"SearchAction\",\"target\":{\"@type\":\"EntryPoint\",\"urlTemplate\":\"https:\/\/sandzakpress.net\/arhiva\/?s={search_term_string}\"},\"query-input\":{\"@type\":\"PropertyValueSpecification\",\"valueRequired\":true,\"valueName\":\"search_term_string\"}}],\"inLanguage\":\"bs-BA\"},{\"@type\":[\"Person\",\"Organization\"],\"@id\":\"https:\/\/sandzakpress.net\/arhiva\/#\/schema\/person\/6e72b67d6e51910a1117b3b483ba20bd\",\"name\":\"Kul\",\"image\":{\"@type\":\"ImageObject\",\"inLanguage\":\"bs-BA\",\"@id\":\"https:\/\/sandzakpress.net\/arhiva\/#\/schema\/person\/image\/\",\"url\":\"https:\/\/secure.gravatar.com\/avatar\/42263f39aa27ac04c43cab85c280eb2e?s=96&d=mm&r=pg\",\"contentUrl\":\"https:\/\/secure.gravatar.com\/avatar\/42263f39aa27ac04c43cab85c280eb2e?s=96&d=mm&r=pg\",\"caption\":\"Kul\"},\"logo\":{\"@id\":\"https:\/\/sandzakpress.net\/arhiva\/#\/schema\/person\/image\/\"}},{\"@type\":\"Person\",\"@id\":\"https:\/\/sandzakpress.net\/arhiva\/#\/schema\/person\/c8baee722073534b583ea7bdb2e36c02\",\"name\":\"bosniak\",\"image\":{\"@type\":\"ImageObject\",\"inLanguage\":\"bs-BA\",\"@id\":\"https:\/\/sandzakpress.net\/arhiva\/#\/schema\/person\/image\/\",\"url\":\"https:\/\/secure.gravatar.com\/avatar\/a04fd330bfe3a36a72a0ad4a6d89fca7?s=96&d=mm&r=pg\",\"contentUrl\":\"https:\/\/secure.gravatar.com\/avatar\/a04fd330bfe3a36a72a0ad4a6d89fca7?s=96&d=mm&r=pg\",\"caption\":\"bosniak\"},\"url\":\"https:\/\/sandzakpress.net\/arhiva\/author\/bosniak\/\"}]}<\/script>\n<!-- \/ Yoast SEO Premium plugin. -->","yoast_head_json":{"title":"Skoro dvije decenije postojanja bjelopoljskog Adriatik radija","robots":{"index":"index","follow":"follow","max-snippet":"max-snippet:-1","max-image-preview":"max-image-preview:large","max-video-preview":"max-video-preview:-1"},"canonical":"https:\/\/sandzakpress.net\/arhiva\/skoro-dvije-decenije-postojanja-bjelopoljskog-adriatik-radija\/","og_locale":"bs_BA","og_type":"article","og_title":"Skoro dvije decenije postojanja bjelopoljskog Adriatik radija","og_description":"Davne, 1998. godine, 1. novembra, na frenkvenciji od 91 megaherc, prvi put je u etar emitovan signal Adriatik radija, i od tada do danas, taj radio nikada nije prestajao da bude dragi gost u mnogim domovima u Bijelom Polju, Beranama i Mojkovcu, kazala je direktorica tog radija Azra Hrapovi\u0107, gostuju\u0107i u emisiji \u201cTema dana\u201d Radija [&hellip;]","og_url":"https:\/\/sandzakpress.net\/arhiva\/skoro-dvije-decenije-postojanja-bjelopoljskog-adriatik-radija\/","og_site_name":"Sand\u017eak PRESS","article_published_time":"2016-10-31T12:17:37+00:00","og_image":[{"width":660,"height":330,"url":"https:\/\/sandzakpress.net\/arhiva\/wp-content\/uploads\/2016\/10\/azra-harapovic-660x330.jpg","type":"image\/jpeg"}],"author":"bosniak","twitter_card":"summary_large_image","twitter_misc":{"Written by":"bosniak","Est. reading time":"2 minute"},"schema":{"@context":"https:\/\/schema.org","@graph":[{"@type":"Article","@id":"https:\/\/sandzakpress.net\/arhiva\/skoro-dvije-decenije-postojanja-bjelopoljskog-adriatik-radija\/#article","isPartOf":{"@id":"https:\/\/sandzakpress.net\/arhiva\/skoro-dvije-decenije-postojanja-bjelopoljskog-adriatik-radija\/"},"author":{"name":"bosniak","@id":"https:\/\/sandzakpress.net\/arhiva\/#\/schema\/person\/c8baee722073534b583ea7bdb2e36c02"},"headline":"Skoro dvije decenije postojanja bjelopoljskog Adriatik radija","datePublished":"2016-10-31T12:17:37+00:00","mainEntityOfPage":{"@id":"https:\/\/sandzakpress.net\/arhiva\/skoro-dvije-decenije-postojanja-bjelopoljskog-adriatik-radija\/"},"wordCount":398,"commentCount":0,"publisher":{"@id":"https:\/\/sandzakpress.net\/arhiva\/#\/schema\/person\/6e72b67d6e51910a1117b3b483ba20bd"},"image":{"@id":"https:\/\/sandzakpress.net\/arhiva\/skoro-dvije-decenije-postojanja-bjelopoljskog-adriatik-radija\/#primaryimage"},"thumbnailUrl":"https:\/\/sandzakpress.net\/arhiva\/wp-content\/uploads\/2016\/10\/azra-harapovic-660x330.jpg","articleSection":["Bijelo Polje","Dru\u0161tvo"],"inLanguage":"bs-BA","potentialAction":[{"@type":"CommentAction","name":"Comment","target":["https:\/\/sandzakpress.net\/arhiva\/skoro-dvije-decenije-postojanja-bjelopoljskog-adriatik-radija\/#respond"]}]},{"@type":"WebPage","@id":"https:\/\/sandzakpress.net\/arhiva\/skoro-dvije-decenije-postojanja-bjelopoljskog-adriatik-radija\/","url":"https:\/\/sandzakpress.net\/arhiva\/skoro-dvije-decenije-postojanja-bjelopoljskog-adriatik-radija\/","name":"Skoro dvije decenije postojanja bjelopoljskog Adriatik radija","isPartOf":{"@id":"https:\/\/sandzakpress.net\/arhiva\/#website"},"primaryImageOfPage":{"@id":"https:\/\/sandzakpress.net\/arhiva\/skoro-dvije-decenije-postojanja-bjelopoljskog-adriatik-radija\/#primaryimage"},"image":{"@id":"https:\/\/sandzakpress.net\/arhiva\/skoro-dvije-decenije-postojanja-bjelopoljskog-adriatik-radija\/#primaryimage"},"thumbnailUrl":"https:\/\/sandzakpress.net\/arhiva\/wp-content\/uploads\/2016\/10\/azra-harapovic-660x330.jpg","datePublished":"2016-10-31T12:17:37+00:00","breadcrumb":{"@id":"https:\/\/sandzakpress.net\/arhiva\/skoro-dvije-decenije-postojanja-bjelopoljskog-adriatik-radija\/#breadcrumb"},"inLanguage":"bs-BA","potentialAction":[{"@type":"ReadAction","target":["https:\/\/sandzakpress.net\/arhiva\/skoro-dvije-decenije-postojanja-bjelopoljskog-adriatik-radija\/"]}]},{"@type":"ImageObject","inLanguage":"bs-BA","@id":"https:\/\/sandzakpress.net\/arhiva\/skoro-dvije-decenije-postojanja-bjelopoljskog-adriatik-radija\/#primaryimage","url":"https:\/\/sandzakpress.net\/arhiva\/wp-content\/uploads\/2016\/10\/azra-harapovic-660x330.jpg","contentUrl":"https:\/\/sandzakpress.net\/arhiva\/wp-content\/uploads\/2016\/10\/azra-harapovic-660x330.jpg","width":660,"height":330},{"@type":"BreadcrumbList","@id":"https:\/\/sandzakpress.net\/arhiva\/skoro-dvije-decenije-postojanja-bjelopoljskog-adriatik-radija\/#breadcrumb","itemListElement":[{"@type":"ListItem","position":1,"name":"Home","item":"https:\/\/sandzakpress.net\/arhiva\/"},{"@type":"ListItem","position":2,"name":"Skoro dvije decenije postojanja bjelopoljskog Adriatik radija"}]},{"@type":"WebSite","@id":"https:\/\/sandzakpress.net\/arhiva\/#website","url":"https:\/\/sandzakpress.net\/arhiva\/","name":"Sand\u017eak PRESS","description":"Prve elektronske novine u Sand\u017eaku","publisher":{"@id":"https:\/\/sandzakpress.net\/arhiva\/#\/schema\/person\/6e72b67d6e51910a1117b3b483ba20bd"},"potentialAction":[{"@type":"SearchAction","target":{"@type":"EntryPoint","urlTemplate":"https:\/\/sandzakpress.net\/arhiva\/?s={search_term_string}"},"query-input":{"@type":"PropertyValueSpecification","valueRequired":true,"valueName":"search_term_string"}}],"inLanguage":"bs-BA"},{"@type":["Person","Organization"],"@id":"https:\/\/sandzakpress.net\/arhiva\/#\/schema\/person\/6e72b67d6e51910a1117b3b483ba20bd","name":"Kul","image":{"@type":"ImageObject","inLanguage":"bs-BA","@id":"https:\/\/sandzakpress.net\/arhiva\/#\/schema\/person\/image\/","url":"https:\/\/secure.gravatar.com\/avatar\/42263f39aa27ac04c43cab85c280eb2e?s=96&d=mm&r=pg","contentUrl":"https:\/\/secure.gravatar.com\/avatar\/42263f39aa27ac04c43cab85c280eb2e?s=96&d=mm&r=pg","caption":"Kul"},"logo":{"@id":"https:\/\/sandzakpress.net\/arhiva\/#\/schema\/person\/image\/"}},{"@type":"Person","@id":"https:\/\/sandzakpress.net\/arhiva\/#\/schema\/person\/c8baee722073534b583ea7bdb2e36c02","name":"bosniak","image":{"@type":"ImageObject","inLanguage":"bs-BA","@id":"https:\/\/sandzakpress.net\/arhiva\/#\/schema\/person\/image\/","url":"https:\/\/secure.gravatar.com\/avatar\/a04fd330bfe3a36a72a0ad4a6d89fca7?s=96&d=mm&r=pg","contentUrl":"https:\/\/secure.gravatar.com\/avatar\/a04fd330bfe3a36a72a0ad4a6d89fca7?s=96&d=mm&r=pg","caption":"bosniak"},"url":"https:\/\/sandzakpress.net\/arhiva\/author\/bosniak\/"}]}},"_links":{"self":[{"href":"https:\/\/sandzakpress.net\/arhiva\/wp-json\/wp\/v2\/posts\/172005"}],"collection":[{"href":"https:\/\/sandzakpress.net\/arhiva\/wp-json\/wp\/v2\/posts"}],"about":[{"href":"https:\/\/sandzakpress.net\/arhiva\/wp-json\/wp\/v2\/types\/post"}],"author":[{"embeddable":true,"href":"https:\/\/sandzakpress.net\/arhiva\/wp-json\/wp\/v2\/users\/83"}],"replies":[{"embeddable":true,"href":"https:\/\/sandzakpress.net\/arhiva\/wp-json\/wp\/v2\/comments?post=172005"}],"version-history":[{"count":0,"href":"https:\/\/sandzakpress.net\/arhiva\/wp-json\/wp\/v2\/posts\/172005\/revisions"}],"wp:featuredmedia":[{"embeddable":true,"href":"https:\/\/sandzakpress.net\/arhiva\/wp-json\/wp\/v2\/media\/172012"}],"wp:attachment":[{"href":"https:\/\/sandzakpress.net\/arhiva\/wp-json\/wp\/v2\/media?parent=172005"}],"wp:term":[{"taxonomy":"category","embeddable":true,"href":"https:\/\/sandzakpress.net\/arhiva\/wp-json\/wp\/v2\/categories?post=172005"},{"taxonomy":"post_tag","embeddable":true,"href":"https:\/\/sandzakpress.net\/arhiva\/wp-json\/wp\/v2\/tags?post=172005"}],"curies":[{"name":"wp","href":"https:\/\/api.w.org\/{rel}","templated":true}]}}