{"id":17200,"date":"2011-06-25T18:10:25","date_gmt":"2011-06-25T16:10:25","guid":{"rendered":"https:\/\/sandzakpress.net\/arhiva\/?p=17200"},"modified":"2011-06-25T18:10:25","modified_gmt":"2011-06-25T16:10:25","slug":"ne-dolazimo-u-tenkovima-i-avionima","status":"publish","type":"post","link":"https:\/\/sandzakpress.net\/arhiva\/ne-dolazimo-u-tenkovima-i-avionima\/","title":{"rendered":"&#8220;Ne dolazimo u tenkovima i avionima&#8221;"},"content":{"rendered":"<p><strong><\/p>\n<figure id=\"attachment_17201\" aria-describedby=\"caption-attachment-17201\" style=\"width: 300px\" class=\"wp-caption alignleft\"><a href=\"https:\/\/sandzakpress.net\/arhiva\/wp-content\/uploads\/2011\/06\/ali-riza-colak_foto-s-djordjevic.jpg\"><img loading=\"lazy\" decoding=\"async\" class=\"size-medium wp-image-17201\" title=\"ali-riza-colak_foto-s-djordjevic\" src=\"https:\/\/sandzakpress.net\/arhiva\/wp-content\/uploads\/2011\/06\/ali-riza-colak_foto-s-djordjevic-300x183.jpg\" alt=\"\" width=\"300\" height=\"183\" \/><\/a><figcaption id=\"caption-attachment-17201\" class=\"wp-caption-text\">Ali Riza \u010colak, ambasador Turske u Srbiji<\/figcaption><\/figure>\n<p>Posljednjih tri-\u010detiri godine, Turska je bila iznimno aktivna u regiji Sand\u017eaka.\u00a0Sand\u017eak kao regija je most prijateljstva izme\u0111u dvije zemlje, obja\u0161njava veleposlanik Turske Ali Riza \u010colak, jer u Turskoj \u017eivi mnogo ljudi koji su porijeklom iz Sand\u017eaka.\u00a0Tamo su i ro\u0111aci Bo\u0161njaka i naravno da oni prate ekonomski i socijalni razvoj svojih ro\u0111aka u Sand\u017eaku.\u00a0U tom kontekstu, srpski Vlada je zamolila Tursku da pomogne u Sand\u017eaku. <\/strong><\/p>\n<p><strong>Sa kim ste ta\u010dno iz Vlade razgovarali?\u00a0Tko je tra\u017eio da se anga\u017eirate u Sand\u017eaku? <\/strong><\/p>\n<p>&#8211; To je op\u0107i stav dvije vlade.\u00a0Sve aktivnosti na\u0161e diplomatske misije i Turske agencije za me\u0111unarodnu suradnju (TIKA) u Sand\u017eaku odvijaju se u suradnji s relevantnim institucijama &#8211; sa ministrom Milanom Markovi\u0107em i drugim ministarstvima.\u00a0Osim toga, TIKA je aktivna u cijeloj Srbiji, ne samo u Sand\u017eaku.<\/p>\n<p><strong>Na primjer, gdje? <\/strong><\/p>\n<p>&#8211; Upravo su u\u010destvovali na tenderu za izgradnju centra za hendikepiranu djecu u Beogradu.<\/p>\n<p><strong>Koja je vrijednost te investicije? <\/strong><\/p>\n<p>&#8211; Oko 200.000 eura.<\/p>\n<p><strong>Ali u Sand\u017eaku su te investicije mnogo ve\u0107e.\u00a0Samo za aerodrom u Kraljevu Turska je donirala 10 milijuna eura. <\/strong><\/p>\n<p>&#8211; To je donacija kako bi se vojni aerodrom transformirao u civilni.\u00a0To nije donacija za Sand\u017eak, nego za cijelu ju\u017enu Srbiju, od \u010dega \u0107e koristi imati i Kragujevac, Vranje, Kraljevo &#8230; Razumijem va\u0161e pitanje, ali nemamo nikakvu skrivenu agendu, sve je vrlo transparentno.<\/p>\n<p><strong>Koji je strate\u0161ki interes Turske na Balkanu? <\/strong><\/p>\n<p>&#8211; U Turskoj postoji izreka: &#8220;Ako ti kom\u0161ija ide u krevet gladan, ne mo\u017ee\u0161 ni ti mirno spava\u0161&#8221;.\u00a0Ako va\u0161i susjedi imaju problema, to utje\u010de na vas.\u00a0Zato, ako mo\u017eete ne\u0161to u\u010diniti da smirite tenzije i pridonijeti stabilnosti u svom susjedstvu, to treba i u\u010diniti.Primjerice, u Tursku dolazi veliki broj izbjeglica iz Sirije, i naravno da to utje\u010de na tursku ekonomiju.\u00a0Zato je uvijek bolje imati stabilnog i mirnog susjeda.\u00a0Isto va-\u017ei i za Bal-kan.Mi nismo daleko od Balkana.<\/p>\n<p><strong>Posjetili ste Sand\u017eak prije nekoliko dana i razgovarali s muftijama Zilki\u0107em i Zukorli\u0107em.\u00a0\u0160to je, po va\u0161em mi\u0161ljenju, glavni problem izme\u0111u njih dvojice &#8211; sujeta, borba za vlast ili religijske razlike? <\/strong><\/p>\n<p>&#8211; Oni su odrasli i odgovorni ljudi.\u00a0Ja sam \u017eelio da im prenesem jednu poruku, a to je da \u017eelimo stabilnost i mir u Sand\u017eaku, i da sve mora u\u010diniti u skladu s Ustavom Srbije.\u00a0I ako je mogu\u0107e, da se okon\u010da ta podjela u islamskoj zajednici.\u00a0Potaknuli smo ih da razgovaraju, nismo im nametnuli nikakav model, niti smo \u017eeljeli posredujemo izme\u0111u njih.\u00a0Tako\u0111er smo im poru\u010dili da svatko mora raditi svoj posao, da se koncentrira na svoju funkciju.\u00a0Poruka koju smo im prenijeli je sva\u0111om s Beogradom ne\u0107e ni\u0161ta posti\u0107i.Klju\u010d je imati dobre odnose sa sredi\u0161njom vla\u0161\u0107u.\u00a0Naravno, istu smo poruku uputili i Beogradu.<\/p>\n<p><strong>Kakav ste vi dojam stekli, jesu li Bo\u0161njaci diskriminirani u Srbiji kao \u0161to tvrde? <\/strong><\/p>\n<p>&#8211; Osje\u0107aji u regionu moraju shvatiti.\u00a0Ako ima nesporazuma, oni se moraju rije\u0161iti.\u00a0Ako se Bo\u0161njaci u Sand\u017eaku osje\u0107aju diskriminirano, zapostavljeno, ignorirano, to osje\u0107anje se mora ukloniti.\u00a0Ne tvrdim da je tako, ne ka\u017eem da su diskriminirani, ve\u0107 nagla\u0161avam da se to &#8211; ako se oni tako osje\u0107aju &#8211; mora rije\u0161iti.\u00a0U vrijeme op\u0107e ekonomske krize, ti ljudi, koji \u017eive u zabitom dijelu Srbije, mogu pomisliti da je u Beogradu sve odli\u010dno i da samo oni pate.\u00a0\u0160to, naravno, nije to\u010dno.\u00a0Ali, svi misle da su centar svijeta i da je njihov problem najve\u0107i.<\/p>\n<p>Izvor: <strong>Pravda.rs<\/strong><\/p>\n","protected":false},"excerpt":{"rendered":"<p>Posljednjih tri-\u010detiri godine, Turska je bila iznimno aktivna u regiji Sand\u017eaka.\u00a0Sand\u017eak kao regija je most prijateljstva izme\u0111u dvije zemlje, obja\u0161njava veleposlanik Turske Ali Riza \u010colak, jer u Turskoj \u017eivi mnogo ljudi koji su porijeklom iz Sand\u017eaka.\u00a0Tamo su i ro\u0111aci Bo\u0161njaka i naravno da oni prate ekonomski i socijalni razvoj svojih ro\u0111aka u Sand\u017eaku.\u00a0U tom kontekstu, [&hellip;]<\/p>\n","protected":false},"author":83,"featured_media":17201,"comment_status":"open","ping_status":"open","sticky":false,"template":"","format":"standard","meta":{"footnotes":""},"categories":[72,52,327,392,393,394,2692],"tags":[],"class_list":{"0":"post-17200","1":"post","2":"type-post","3":"status-publish","4":"format-standard","5":"has-post-thumbnail","7":"category-novi-pazar","8":"category-sjenica","9":"category-tutin","10":"category-prijepolje_","11":"category-priboj","12":"category-nova-varos","13":"category-turska-gradovi"},"yoast_head":"<!-- This site is optimized with the Yoast SEO Premium plugin v23.1 (Yoast SEO v24.9) - https:\/\/yoast.com\/wordpress\/plugins\/seo\/ -->\n<title>&quot;Ne dolazimo u tenkovima i avionima&quot;<\/title>\n<meta name=\"robots\" content=\"index, follow, max-snippet:-1, max-image-preview:large, max-video-preview:-1\" \/>\n<link rel=\"canonical\" href=\"https:\/\/sandzakpress.net\/arhiva\/ne-dolazimo-u-tenkovima-i-avionima\/\" \/>\n<meta property=\"og:locale\" content=\"bs_BA\" \/>\n<meta property=\"og:type\" content=\"article\" \/>\n<meta property=\"og:title\" content=\"&quot;Ne dolazimo u tenkovima i avionima&quot;\" \/>\n<meta property=\"og:description\" content=\"Posljednjih tri-\u010detiri godine, Turska je bila iznimno aktivna u regiji Sand\u017eaka.\u00a0Sand\u017eak kao regija je most prijateljstva izme\u0111u dvije zemlje, obja\u0161njava veleposlanik Turske Ali Riza \u010colak, jer u Turskoj \u017eivi mnogo ljudi koji su porijeklom iz Sand\u017eaka.\u00a0Tamo su i ro\u0111aci Bo\u0161njaka i naravno da oni prate ekonomski i socijalni razvoj svojih ro\u0111aka u Sand\u017eaku.\u00a0U tom kontekstu, [&hellip;]\" \/>\n<meta property=\"og:url\" content=\"https:\/\/sandzakpress.net\/arhiva\/ne-dolazimo-u-tenkovima-i-avionima\/\" \/>\n<meta property=\"og:site_name\" content=\"Sand\u017eak PRESS\" \/>\n<meta property=\"article:published_time\" content=\"2011-06-25T16:10:25+00:00\" \/>\n<meta property=\"og:image\" content=\"https:\/\/sandzakpress.net\/arhiva\/wp-content\/uploads\/2011\/06\/ali-riza-colak_foto-s-djordjevic.jpg\" \/>\n\t<meta property=\"og:image:width\" content=\"616\" \/>\n\t<meta property=\"og:image:height\" content=\"378\" \/>\n\t<meta property=\"og:image:type\" content=\"image\/jpeg\" \/>\n<meta name=\"author\" content=\"bosniak\" \/>\n<meta name=\"twitter:card\" content=\"summary_large_image\" \/>\n<meta name=\"twitter:label1\" content=\"Written by\" \/>\n\t<meta name=\"twitter:data1\" content=\"bosniak\" \/>\n\t<meta name=\"twitter:label2\" content=\"Est. reading time\" \/>\n\t<meta name=\"twitter:data2\" content=\"3 minute\" \/>\n<script type=\"application\/ld+json\" class=\"yoast-schema-graph\">{\"@context\":\"https:\/\/schema.org\",\"@graph\":[{\"@type\":\"Article\",\"@id\":\"https:\/\/sandzakpress.net\/arhiva\/ne-dolazimo-u-tenkovima-i-avionima\/#article\",\"isPartOf\":{\"@id\":\"https:\/\/sandzakpress.net\/arhiva\/ne-dolazimo-u-tenkovima-i-avionima\/\"},\"author\":{\"name\":\"bosniak\",\"@id\":\"https:\/\/sandzakpress.net\/arhiva\/#\/schema\/person\/c8baee722073534b583ea7bdb2e36c02\"},\"headline\":\"&#8220;Ne dolazimo u tenkovima i avionima&#8221;\",\"datePublished\":\"2011-06-25T16:10:25+00:00\",\"mainEntityOfPage\":{\"@id\":\"https:\/\/sandzakpress.net\/arhiva\/ne-dolazimo-u-tenkovima-i-avionima\/\"},\"wordCount\":645,\"commentCount\":1,\"publisher\":{\"@id\":\"https:\/\/sandzakpress.net\/arhiva\/#\/schema\/person\/6e72b67d6e51910a1117b3b483ba20bd\"},\"image\":{\"@id\":\"https:\/\/sandzakpress.net\/arhiva\/ne-dolazimo-u-tenkovima-i-avionima\/#primaryimage\"},\"thumbnailUrl\":\"https:\/\/sandzakpress.net\/arhiva\/wp-content\/uploads\/2011\/06\/ali-riza-colak_foto-s-djordjevic.jpg\",\"articleSection\":[\"Novi Pazar\",\"Sjenica\",\"Tutin\",\"Prijepolje\",\"Priboj\",\"Nova Varo\u0161\",\"Turska\"],\"inLanguage\":\"bs-BA\",\"potentialAction\":[{\"@type\":\"CommentAction\",\"name\":\"Comment\",\"target\":[\"https:\/\/sandzakpress.net\/arhiva\/ne-dolazimo-u-tenkovima-i-avionima\/#respond\"]}]},{\"@type\":\"WebPage\",\"@id\":\"https:\/\/sandzakpress.net\/arhiva\/ne-dolazimo-u-tenkovima-i-avionima\/\",\"url\":\"https:\/\/sandzakpress.net\/arhiva\/ne-dolazimo-u-tenkovima-i-avionima\/\",\"name\":\"\\\"Ne dolazimo u tenkovima i avionima\\\"\",\"isPartOf\":{\"@id\":\"https:\/\/sandzakpress.net\/arhiva\/#website\"},\"primaryImageOfPage\":{\"@id\":\"https:\/\/sandzakpress.net\/arhiva\/ne-dolazimo-u-tenkovima-i-avionima\/#primaryimage\"},\"image\":{\"@id\":\"https:\/\/sandzakpress.net\/arhiva\/ne-dolazimo-u-tenkovima-i-avionima\/#primaryimage\"},\"thumbnailUrl\":\"https:\/\/sandzakpress.net\/arhiva\/wp-content\/uploads\/2011\/06\/ali-riza-colak_foto-s-djordjevic.jpg\",\"datePublished\":\"2011-06-25T16:10:25+00:00\",\"breadcrumb\":{\"@id\":\"https:\/\/sandzakpress.net\/arhiva\/ne-dolazimo-u-tenkovima-i-avionima\/#breadcrumb\"},\"inLanguage\":\"bs-BA\",\"potentialAction\":[{\"@type\":\"ReadAction\",\"target\":[\"https:\/\/sandzakpress.net\/arhiva\/ne-dolazimo-u-tenkovima-i-avionima\/\"]}]},{\"@type\":\"ImageObject\",\"inLanguage\":\"bs-BA\",\"@id\":\"https:\/\/sandzakpress.net\/arhiva\/ne-dolazimo-u-tenkovima-i-avionima\/#primaryimage\",\"url\":\"https:\/\/sandzakpress.net\/arhiva\/wp-content\/uploads\/2011\/06\/ali-riza-colak_foto-s-djordjevic.jpg\",\"contentUrl\":\"https:\/\/sandzakpress.net\/arhiva\/wp-content\/uploads\/2011\/06\/ali-riza-colak_foto-s-djordjevic.jpg\",\"width\":616,\"height\":378,\"caption\":\"Ali Riza \u010colak, ambasador Turske u Srbiji\"},{\"@type\":\"BreadcrumbList\",\"@id\":\"https:\/\/sandzakpress.net\/arhiva\/ne-dolazimo-u-tenkovima-i-avionima\/#breadcrumb\",\"itemListElement\":[{\"@type\":\"ListItem\",\"position\":1,\"name\":\"Home\",\"item\":\"https:\/\/sandzakpress.net\/arhiva\/\"},{\"@type\":\"ListItem\",\"position\":2,\"name\":\"&#8220;Ne dolazimo u tenkovima i avionima&#8221;\"}]},{\"@type\":\"WebSite\",\"@id\":\"https:\/\/sandzakpress.net\/arhiva\/#website\",\"url\":\"https:\/\/sandzakpress.net\/arhiva\/\",\"name\":\"Sand\u017eak PRESS\",\"description\":\"Prve elektronske novine u Sand\u017eaku\",\"publisher\":{\"@id\":\"https:\/\/sandzakpress.net\/arhiva\/#\/schema\/person\/6e72b67d6e51910a1117b3b483ba20bd\"},\"potentialAction\":[{\"@type\":\"SearchAction\",\"target\":{\"@type\":\"EntryPoint\",\"urlTemplate\":\"https:\/\/sandzakpress.net\/arhiva\/?s={search_term_string}\"},\"query-input\":{\"@type\":\"PropertyValueSpecification\",\"valueRequired\":true,\"valueName\":\"search_term_string\"}}],\"inLanguage\":\"bs-BA\"},{\"@type\":[\"Person\",\"Organization\"],\"@id\":\"https:\/\/sandzakpress.net\/arhiva\/#\/schema\/person\/6e72b67d6e51910a1117b3b483ba20bd\",\"name\":\"Kul\",\"image\":{\"@type\":\"ImageObject\",\"inLanguage\":\"bs-BA\",\"@id\":\"https:\/\/sandzakpress.net\/arhiva\/#\/schema\/person\/image\/\",\"url\":\"https:\/\/secure.gravatar.com\/avatar\/42263f39aa27ac04c43cab85c280eb2e?s=96&d=mm&r=pg\",\"contentUrl\":\"https:\/\/secure.gravatar.com\/avatar\/42263f39aa27ac04c43cab85c280eb2e?s=96&d=mm&r=pg\",\"caption\":\"Kul\"},\"logo\":{\"@id\":\"https:\/\/sandzakpress.net\/arhiva\/#\/schema\/person\/image\/\"}},{\"@type\":\"Person\",\"@id\":\"https:\/\/sandzakpress.net\/arhiva\/#\/schema\/person\/c8baee722073534b583ea7bdb2e36c02\",\"name\":\"bosniak\",\"image\":{\"@type\":\"ImageObject\",\"inLanguage\":\"bs-BA\",\"@id\":\"https:\/\/sandzakpress.net\/arhiva\/#\/schema\/person\/image\/\",\"url\":\"https:\/\/secure.gravatar.com\/avatar\/a04fd330bfe3a36a72a0ad4a6d89fca7?s=96&d=mm&r=pg\",\"contentUrl\":\"https:\/\/secure.gravatar.com\/avatar\/a04fd330bfe3a36a72a0ad4a6d89fca7?s=96&d=mm&r=pg\",\"caption\":\"bosniak\"},\"url\":\"https:\/\/sandzakpress.net\/arhiva\/author\/bosniak\/\"}]}<\/script>\n<!-- \/ Yoast SEO Premium plugin. -->","yoast_head_json":{"title":"\"Ne dolazimo u tenkovima i avionima\"","robots":{"index":"index","follow":"follow","max-snippet":"max-snippet:-1","max-image-preview":"max-image-preview:large","max-video-preview":"max-video-preview:-1"},"canonical":"https:\/\/sandzakpress.net\/arhiva\/ne-dolazimo-u-tenkovima-i-avionima\/","og_locale":"bs_BA","og_type":"article","og_title":"\"Ne dolazimo u tenkovima i avionima\"","og_description":"Posljednjih tri-\u010detiri godine, Turska je bila iznimno aktivna u regiji Sand\u017eaka.\u00a0Sand\u017eak kao regija je most prijateljstva izme\u0111u dvije zemlje, obja\u0161njava veleposlanik Turske Ali Riza \u010colak, jer u Turskoj \u017eivi mnogo ljudi koji su porijeklom iz Sand\u017eaka.\u00a0Tamo su i ro\u0111aci Bo\u0161njaka i naravno da oni prate ekonomski i socijalni razvoj svojih ro\u0111aka u Sand\u017eaku.\u00a0U tom kontekstu, [&hellip;]","og_url":"https:\/\/sandzakpress.net\/arhiva\/ne-dolazimo-u-tenkovima-i-avionima\/","og_site_name":"Sand\u017eak PRESS","article_published_time":"2011-06-25T16:10:25+00:00","og_image":[{"width":616,"height":378,"url":"https:\/\/sandzakpress.net\/arhiva\/wp-content\/uploads\/2011\/06\/ali-riza-colak_foto-s-djordjevic.jpg","type":"image\/jpeg"}],"author":"bosniak","twitter_card":"summary_large_image","twitter_misc":{"Written by":"bosniak","Est. reading time":"3 minute"},"schema":{"@context":"https:\/\/schema.org","@graph":[{"@type":"Article","@id":"https:\/\/sandzakpress.net\/arhiva\/ne-dolazimo-u-tenkovima-i-avionima\/#article","isPartOf":{"@id":"https:\/\/sandzakpress.net\/arhiva\/ne-dolazimo-u-tenkovima-i-avionima\/"},"author":{"name":"bosniak","@id":"https:\/\/sandzakpress.net\/arhiva\/#\/schema\/person\/c8baee722073534b583ea7bdb2e36c02"},"headline":"&#8220;Ne dolazimo u tenkovima i avionima&#8221;","datePublished":"2011-06-25T16:10:25+00:00","mainEntityOfPage":{"@id":"https:\/\/sandzakpress.net\/arhiva\/ne-dolazimo-u-tenkovima-i-avionima\/"},"wordCount":645,"commentCount":1,"publisher":{"@id":"https:\/\/sandzakpress.net\/arhiva\/#\/schema\/person\/6e72b67d6e51910a1117b3b483ba20bd"},"image":{"@id":"https:\/\/sandzakpress.net\/arhiva\/ne-dolazimo-u-tenkovima-i-avionima\/#primaryimage"},"thumbnailUrl":"https:\/\/sandzakpress.net\/arhiva\/wp-content\/uploads\/2011\/06\/ali-riza-colak_foto-s-djordjevic.jpg","articleSection":["Novi Pazar","Sjenica","Tutin","Prijepolje","Priboj","Nova Varo\u0161","Turska"],"inLanguage":"bs-BA","potentialAction":[{"@type":"CommentAction","name":"Comment","target":["https:\/\/sandzakpress.net\/arhiva\/ne-dolazimo-u-tenkovima-i-avionima\/#respond"]}]},{"@type":"WebPage","@id":"https:\/\/sandzakpress.net\/arhiva\/ne-dolazimo-u-tenkovima-i-avionima\/","url":"https:\/\/sandzakpress.net\/arhiva\/ne-dolazimo-u-tenkovima-i-avionima\/","name":"\"Ne dolazimo u tenkovima i avionima\"","isPartOf":{"@id":"https:\/\/sandzakpress.net\/arhiva\/#website"},"primaryImageOfPage":{"@id":"https:\/\/sandzakpress.net\/arhiva\/ne-dolazimo-u-tenkovima-i-avionima\/#primaryimage"},"image":{"@id":"https:\/\/sandzakpress.net\/arhiva\/ne-dolazimo-u-tenkovima-i-avionima\/#primaryimage"},"thumbnailUrl":"https:\/\/sandzakpress.net\/arhiva\/wp-content\/uploads\/2011\/06\/ali-riza-colak_foto-s-djordjevic.jpg","datePublished":"2011-06-25T16:10:25+00:00","breadcrumb":{"@id":"https:\/\/sandzakpress.net\/arhiva\/ne-dolazimo-u-tenkovima-i-avionima\/#breadcrumb"},"inLanguage":"bs-BA","potentialAction":[{"@type":"ReadAction","target":["https:\/\/sandzakpress.net\/arhiva\/ne-dolazimo-u-tenkovima-i-avionima\/"]}]},{"@type":"ImageObject","inLanguage":"bs-BA","@id":"https:\/\/sandzakpress.net\/arhiva\/ne-dolazimo-u-tenkovima-i-avionima\/#primaryimage","url":"https:\/\/sandzakpress.net\/arhiva\/wp-content\/uploads\/2011\/06\/ali-riza-colak_foto-s-djordjevic.jpg","contentUrl":"https:\/\/sandzakpress.net\/arhiva\/wp-content\/uploads\/2011\/06\/ali-riza-colak_foto-s-djordjevic.jpg","width":616,"height":378,"caption":"Ali Riza \u010colak, ambasador Turske u Srbiji"},{"@type":"BreadcrumbList","@id":"https:\/\/sandzakpress.net\/arhiva\/ne-dolazimo-u-tenkovima-i-avionima\/#breadcrumb","itemListElement":[{"@type":"ListItem","position":1,"name":"Home","item":"https:\/\/sandzakpress.net\/arhiva\/"},{"@type":"ListItem","position":2,"name":"&#8220;Ne dolazimo u tenkovima i avionima&#8221;"}]},{"@type":"WebSite","@id":"https:\/\/sandzakpress.net\/arhiva\/#website","url":"https:\/\/sandzakpress.net\/arhiva\/","name":"Sand\u017eak PRESS","description":"Prve elektronske novine u Sand\u017eaku","publisher":{"@id":"https:\/\/sandzakpress.net\/arhiva\/#\/schema\/person\/6e72b67d6e51910a1117b3b483ba20bd"},"potentialAction":[{"@type":"SearchAction","target":{"@type":"EntryPoint","urlTemplate":"https:\/\/sandzakpress.net\/arhiva\/?s={search_term_string}"},"query-input":{"@type":"PropertyValueSpecification","valueRequired":true,"valueName":"search_term_string"}}],"inLanguage":"bs-BA"},{"@type":["Person","Organization"],"@id":"https:\/\/sandzakpress.net\/arhiva\/#\/schema\/person\/6e72b67d6e51910a1117b3b483ba20bd","name":"Kul","image":{"@type":"ImageObject","inLanguage":"bs-BA","@id":"https:\/\/sandzakpress.net\/arhiva\/#\/schema\/person\/image\/","url":"https:\/\/secure.gravatar.com\/avatar\/42263f39aa27ac04c43cab85c280eb2e?s=96&d=mm&r=pg","contentUrl":"https:\/\/secure.gravatar.com\/avatar\/42263f39aa27ac04c43cab85c280eb2e?s=96&d=mm&r=pg","caption":"Kul"},"logo":{"@id":"https:\/\/sandzakpress.net\/arhiva\/#\/schema\/person\/image\/"}},{"@type":"Person","@id":"https:\/\/sandzakpress.net\/arhiva\/#\/schema\/person\/c8baee722073534b583ea7bdb2e36c02","name":"bosniak","image":{"@type":"ImageObject","inLanguage":"bs-BA","@id":"https:\/\/sandzakpress.net\/arhiva\/#\/schema\/person\/image\/","url":"https:\/\/secure.gravatar.com\/avatar\/a04fd330bfe3a36a72a0ad4a6d89fca7?s=96&d=mm&r=pg","contentUrl":"https:\/\/secure.gravatar.com\/avatar\/a04fd330bfe3a36a72a0ad4a6d89fca7?s=96&d=mm&r=pg","caption":"bosniak"},"url":"https:\/\/sandzakpress.net\/arhiva\/author\/bosniak\/"}]}},"_links":{"self":[{"href":"https:\/\/sandzakpress.net\/arhiva\/wp-json\/wp\/v2\/posts\/17200"}],"collection":[{"href":"https:\/\/sandzakpress.net\/arhiva\/wp-json\/wp\/v2\/posts"}],"about":[{"href":"https:\/\/sandzakpress.net\/arhiva\/wp-json\/wp\/v2\/types\/post"}],"author":[{"embeddable":true,"href":"https:\/\/sandzakpress.net\/arhiva\/wp-json\/wp\/v2\/users\/83"}],"replies":[{"embeddable":true,"href":"https:\/\/sandzakpress.net\/arhiva\/wp-json\/wp\/v2\/comments?post=17200"}],"version-history":[{"count":0,"href":"https:\/\/sandzakpress.net\/arhiva\/wp-json\/wp\/v2\/posts\/17200\/revisions"}],"wp:featuredmedia":[{"embeddable":true,"href":"https:\/\/sandzakpress.net\/arhiva\/wp-json\/wp\/v2\/media\/17201"}],"wp:attachment":[{"href":"https:\/\/sandzakpress.net\/arhiva\/wp-json\/wp\/v2\/media?parent=17200"}],"wp:term":[{"taxonomy":"category","embeddable":true,"href":"https:\/\/sandzakpress.net\/arhiva\/wp-json\/wp\/v2\/categories?post=17200"},{"taxonomy":"post_tag","embeddable":true,"href":"https:\/\/sandzakpress.net\/arhiva\/wp-json\/wp\/v2\/tags?post=17200"}],"curies":[{"name":"wp","href":"https:\/\/api.w.org\/{rel}","templated":true}]}}