{"id":171898,"date":"2016-10-29T15:19:31","date_gmt":"2016-10-29T13:19:31","guid":{"rendered":"https:\/\/sandzakpress.net\/arhiva\/zvizdic-priznanja-nsrs-ratnim-zlocincima-su-civilizacijska-sramota"},"modified":"2016-10-29T15:19:31","modified_gmt":"2016-10-29T13:19:31","slug":"zvizdic-priznanja-nsrs-ratnim-zlocincima-su-civilizacijska-sramota","status":"publish","type":"post","link":"https:\/\/sandzakpress.net\/arhiva\/zvizdic-priznanja-nsrs-ratnim-zlocincima-su-civilizacijska-sramota\/","title":{"rendered":"Zvizdi\u0107: Priznanja NSRS ratnim zlo\u010dincima su civilizacijska sramota"},"content":{"rendered":"<p style=\"text-align: justify\"><strong><span class=\"articleIntro\"><a href=\"http:\/\/bosnapress.net\/wp-content\/uploads\/2016\/10\/denis.jpg\"><img loading=\"lazy\" decoding=\"async\" class=\"size-full wp-image-190982 aligncenter\" src=\"http:\/\/bosnapress.net\/wp-content\/uploads\/2016\/10\/denis.jpg\" alt=\"denis\" width=\"600\" height=\"450\" \/><\/a>Sarajevo\u00a0\u2013 Kako se dodaje, rije\u010d je o odluci koja je, po svojoj antihumanoj sadr\u017eajnosti, nedobronamjernosti i provokativnosti, u potpunoj koliziji sa savremenim civilizacijskim normama utemeljenim na pravdi i pravi\u010dnosti, i zbog toga jeste, i ostaje, trajna sramota za njene kreatore i realizatore<\/span><\/strong><\/p>\n<p style=\"text-align: justify\">Odluka Narodne sku\u0161tine bosanskohercegova\u010dkog entiteta RS o dodjeli priznanja presu\u0111enim ratnim zlo\u010dincima predstavlja grubi falsifikat poznatih historijskih \u010dinjenica i krajnje drzak i tendeciozan poku\u0161aj institucionalnog negiranja presuda Me\u0111unarodnog suda pravde u Hagu \u2013 navodi se u saop\u0107enju predsjedavaju\u0107eg Vije\u0107a ministara BiH <strong>Denisa Zvizdi\u0107a.\u00a0<\/strong><\/p>\n<p style=\"text-align: justify\">Kako se dodaje, rije\u010d je o odluci koja je, po svojoj antihumanoj sadr\u017eajnosti, nedobronamjernosti i provokativnosti, u potpunoj koliziji sa savremenim civilizacijskim normama utemeljenim na pravdi i pravi\u010dnosti, i zbog toga jeste, i ostaje, trajna sramota za njene kreatore i realizatore.<\/p>\n<p style=\"text-align: justify\">\u00a0\u2013 I dok jo\u0161 uvijek normalan ljudski um poku\u0161ava shvatiti razmjere zlo\u010dina po\u010dinjenih u BiH u suludoj namjeri da se masovnim ubijanjima, etni\u010dkim \u010di\u0161\u0107enjem i genocidom realiziraju velikodr\u017eavni projekti, dok se jo\u0161 uvijek traga za hiljadama nevino ubijenih \u017ertava i dok se jo\u0161 uvijek otkrivaju masovne grobnice, mi na\u017ealost, svjedo\u010dimo jo\u0161 jednom u nizu poku\u0161aja veli\u010danja zlo\u010dinaca i vrije\u0111anja nevino ubijenih \u017ertava \u2013 naveo je Zvizdi\u0107.<\/p>\n<p style=\"text-align: justify\">Po njegovim rije\u010dima, razo\u010daravaju\u0107a je, ali i upozoravaju\u0107a \u010dinjenica da jo\u0161 uvijek, unutar institucija bosanskohercegova\u010dkog entiteta RS, postoje pojedinci i organizacije koje umjesto procesa pomirenja i me\u0111usobnog razumijevanja, te utemeljenja tolerancije i su\u017eivota kao jedino prihvatljivih normi dru\u0161tvenog pona\u0161anja, raspiruju mr\u017enju i provociraju nove tenzije.<\/p>\n<p style=\"text-align: justify\">\u2013 Zle i cini\u010dne su osobe koje kr\u0161e norme ljudskog pona\u0161anja i zato ne znaju ni za stid, rekao je jednom <strong>G. B. Shaw.<\/strong> O ovome bi trebali razmisliti oni u \u010dijim se umovima rodila ovakva Goebbelsova \u201czamjena teza\u201d kojom se negiraju relevantne \u010dinjenice, veli\u010da zlo\u010din a ka\u017enjavaju \u017ertve \u2013 dodao je Zvizdi\u0107.<\/p>\n<p style=\"text-align: justify\">\n<p style=\"text-align: justify\">Ipak, kako je dalje naveo, odluka NSRS, osim \u0161to u svojoj mizernosti predstavlja bezprizoran poku\u0161aj rehabilitacije presu\u0111enih ratnih zlo\u010dinaca, ne\u0107e posti\u0107i nijedan efekat koji pri\u017eeljkuju njeni stvarni kreatori i realizatori.<\/p>\n<p style=\"text-align: justify\">Naprotiv, dodatno \u0107e ujediniti i poja\u010dati napore svih koji vole BiH i koji \u017eele graditi njenu evropsku i ekonomsku budu\u0107nost.<\/p>\n<p style=\"text-align: justify\">\u2013 Ono \u0161to je sigurno, jeste da \u0107e biti pora\u017eena namjera da se zlo\u010dini nagra\u0111uju, a da \u0107e u kona\u010dnici pobijediti evropska BiH, koja podrazumijeva mir, stabilnost i ekonomski prosperitet za sve njene narode i gra\u0111ane \u2013 navodi se u saop\u0107enju predsjedavaju\u0107eg Vije\u0107a ministara BiH Denisa Zvizdi\u0107a.<\/p>\n<p style=\"text-align: justify\">(FENA)<\/p>\n<p>\u00a0<\/p>\n<p>Pogledajte vijest na izvornom sajtu:<\/p>\n<p><a href=\"http:\/\/bosnapress.net\/zvizdic-priznanja-nsrs-ratnim-zlocincima-su-civilizacijska-sramota\/\" target=\"_blank\">Zvizdi\u0107: Priznanja NSRS ratnim zlo\u010dincima su civilizacijska sramota<\/a><\/p>\n","protected":false},"excerpt":{"rendered":"<p>Sarajevo\u00a0\u2013 Kako se dodaje, rije\u010d je o odluci koja je, po svojoj antihumanoj sadr\u017eajnosti, nedobronamjernosti i provokativnosti, u potpunoj koliziji sa savremenim civilizacijskim normama utemeljenim na pravdi i pravi\u010dnosti, i zbog toga jeste, i ostaje, trajna sramota za njene kreatore i realizatore Odluka Narodne sku\u0161tine bosanskohercegova\u010dkog entiteta RS o dodjeli priznanja presu\u0111enim ratnim zlo\u010dincima predstavlja [&hellip;]<\/p>\n","protected":false},"author":83,"featured_media":171900,"comment_status":"open","ping_status":"open","sticky":false,"template":"","format":"standard","meta":{"footnotes":""},"categories":[10513],"tags":[10466],"class_list":{"0":"post-171898","1":"post","2":"type-post","3":"status-publish","4":"format-standard","5":"has-post-thumbnail","7":"category-bosna-press","8":"tag-bosna-i-hercegovina"},"yoast_head":"<!-- This site is optimized with the Yoast SEO Premium plugin v23.1 (Yoast SEO v24.9) - https:\/\/yoast.com\/wordpress\/plugins\/seo\/ -->\n<title>Zvizdi\u0107: Priznanja NSRS ratnim zlo\u010dincima su civilizacijska sramota<\/title>\n<meta name=\"robots\" content=\"index, follow, max-snippet:-1, max-image-preview:large, max-video-preview:-1\" \/>\n<link rel=\"canonical\" href=\"https:\/\/sandzakpress.net\/arhiva\/zvizdic-priznanja-nsrs-ratnim-zlocincima-su-civilizacijska-sramota\/\" \/>\n<meta property=\"og:locale\" content=\"bs_BA\" \/>\n<meta property=\"og:type\" content=\"article\" \/>\n<meta property=\"og:title\" content=\"Zvizdi\u0107: Priznanja NSRS ratnim zlo\u010dincima su civilizacijska sramota\" \/>\n<meta property=\"og:description\" content=\"Sarajevo\u00a0\u2013 Kako se dodaje, rije\u010d je o odluci koja je, po svojoj antihumanoj sadr\u017eajnosti, nedobronamjernosti i provokativnosti, u potpunoj koliziji sa savremenim civilizacijskim normama utemeljenim na pravdi i pravi\u010dnosti, i zbog toga jeste, i ostaje, trajna sramota za njene kreatore i realizatore Odluka Narodne sku\u0161tine bosanskohercegova\u010dkog entiteta RS o dodjeli priznanja presu\u0111enim ratnim zlo\u010dincima predstavlja [&hellip;]\" \/>\n<meta property=\"og:url\" content=\"https:\/\/sandzakpress.net\/arhiva\/zvizdic-priznanja-nsrs-ratnim-zlocincima-su-civilizacijska-sramota\/\" \/>\n<meta property=\"og:site_name\" content=\"Sand\u017eak PRESS\" \/>\n<meta property=\"article:published_time\" content=\"2016-10-29T13:19:31+00:00\" \/>\n<meta property=\"og:image\" content=\"https:\/\/sandzakpress.net\/arhiva\/wp-content\/uploads\/2016\/10\/denis-1.jpg\" \/>\n\t<meta property=\"og:image:width\" content=\"600\" \/>\n\t<meta property=\"og:image:height\" content=\"450\" \/>\n\t<meta property=\"og:image:type\" content=\"image\/jpeg\" \/>\n<meta name=\"author\" content=\"bosniak\" \/>\n<meta name=\"twitter:card\" content=\"summary_large_image\" \/>\n<meta name=\"twitter:label1\" content=\"Written by\" \/>\n\t<meta name=\"twitter:data1\" content=\"bosniak\" \/>\n\t<meta name=\"twitter:label2\" content=\"Est. reading time\" \/>\n\t<meta name=\"twitter:data2\" content=\"2 minute\" \/>\n<script type=\"application\/ld+json\" class=\"yoast-schema-graph\">{\"@context\":\"https:\/\/schema.org\",\"@graph\":[{\"@type\":\"Article\",\"@id\":\"https:\/\/sandzakpress.net\/arhiva\/zvizdic-priznanja-nsrs-ratnim-zlocincima-su-civilizacijska-sramota\/#article\",\"isPartOf\":{\"@id\":\"https:\/\/sandzakpress.net\/arhiva\/zvizdic-priznanja-nsrs-ratnim-zlocincima-su-civilizacijska-sramota\/\"},\"author\":{\"name\":\"bosniak\",\"@id\":\"https:\/\/sandzakpress.net\/arhiva\/#\/schema\/person\/c8baee722073534b583ea7bdb2e36c02\"},\"headline\":\"Zvizdi\u0107: Priznanja NSRS ratnim zlo\u010dincima su civilizacijska sramota\",\"datePublished\":\"2016-10-29T13:19:31+00:00\",\"mainEntityOfPage\":{\"@id\":\"https:\/\/sandzakpress.net\/arhiva\/zvizdic-priznanja-nsrs-ratnim-zlocincima-su-civilizacijska-sramota\/\"},\"wordCount\":463,\"commentCount\":0,\"publisher\":{\"@id\":\"https:\/\/sandzakpress.net\/arhiva\/#\/schema\/person\/6e72b67d6e51910a1117b3b483ba20bd\"},\"image\":{\"@id\":\"https:\/\/sandzakpress.net\/arhiva\/zvizdic-priznanja-nsrs-ratnim-zlocincima-su-civilizacijska-sramota\/#primaryimage\"},\"thumbnailUrl\":\"https:\/\/sandzakpress.net\/arhiva\/wp-content\/uploads\/2016\/10\/denis-1.jpg\",\"keywords\":[\"Bosna i Hercegovina\"],\"articleSection\":[\"Bosna PRESS\"],\"inLanguage\":\"bs-BA\",\"potentialAction\":[{\"@type\":\"CommentAction\",\"name\":\"Comment\",\"target\":[\"https:\/\/sandzakpress.net\/arhiva\/zvizdic-priznanja-nsrs-ratnim-zlocincima-su-civilizacijska-sramota\/#respond\"]}]},{\"@type\":\"WebPage\",\"@id\":\"https:\/\/sandzakpress.net\/arhiva\/zvizdic-priznanja-nsrs-ratnim-zlocincima-su-civilizacijska-sramota\/\",\"url\":\"https:\/\/sandzakpress.net\/arhiva\/zvizdic-priznanja-nsrs-ratnim-zlocincima-su-civilizacijska-sramota\/\",\"name\":\"Zvizdi\u0107: Priznanja NSRS ratnim zlo\u010dincima su civilizacijska sramota\",\"isPartOf\":{\"@id\":\"https:\/\/sandzakpress.net\/arhiva\/#website\"},\"primaryImageOfPage\":{\"@id\":\"https:\/\/sandzakpress.net\/arhiva\/zvizdic-priznanja-nsrs-ratnim-zlocincima-su-civilizacijska-sramota\/#primaryimage\"},\"image\":{\"@id\":\"https:\/\/sandzakpress.net\/arhiva\/zvizdic-priznanja-nsrs-ratnim-zlocincima-su-civilizacijska-sramota\/#primaryimage\"},\"thumbnailUrl\":\"https:\/\/sandzakpress.net\/arhiva\/wp-content\/uploads\/2016\/10\/denis-1.jpg\",\"datePublished\":\"2016-10-29T13:19:31+00:00\",\"breadcrumb\":{\"@id\":\"https:\/\/sandzakpress.net\/arhiva\/zvizdic-priznanja-nsrs-ratnim-zlocincima-su-civilizacijska-sramota\/#breadcrumb\"},\"inLanguage\":\"bs-BA\",\"potentialAction\":[{\"@type\":\"ReadAction\",\"target\":[\"https:\/\/sandzakpress.net\/arhiva\/zvizdic-priznanja-nsrs-ratnim-zlocincima-su-civilizacijska-sramota\/\"]}]},{\"@type\":\"ImageObject\",\"inLanguage\":\"bs-BA\",\"@id\":\"https:\/\/sandzakpress.net\/arhiva\/zvizdic-priznanja-nsrs-ratnim-zlocincima-su-civilizacijska-sramota\/#primaryimage\",\"url\":\"https:\/\/sandzakpress.net\/arhiva\/wp-content\/uploads\/2016\/10\/denis-1.jpg\",\"contentUrl\":\"https:\/\/sandzakpress.net\/arhiva\/wp-content\/uploads\/2016\/10\/denis-1.jpg\",\"width\":600,\"height\":450},{\"@type\":\"BreadcrumbList\",\"@id\":\"https:\/\/sandzakpress.net\/arhiva\/zvizdic-priznanja-nsrs-ratnim-zlocincima-su-civilizacijska-sramota\/#breadcrumb\",\"itemListElement\":[{\"@type\":\"ListItem\",\"position\":1,\"name\":\"Home\",\"item\":\"https:\/\/sandzakpress.net\/arhiva\/\"},{\"@type\":\"ListItem\",\"position\":2,\"name\":\"Zvizdi\u0107: Priznanja NSRS ratnim zlo\u010dincima su civilizacijska sramota\"}]},{\"@type\":\"WebSite\",\"@id\":\"https:\/\/sandzakpress.net\/arhiva\/#website\",\"url\":\"https:\/\/sandzakpress.net\/arhiva\/\",\"name\":\"Sand\u017eak PRESS\",\"description\":\"Prve elektronske novine u Sand\u017eaku\",\"publisher\":{\"@id\":\"https:\/\/sandzakpress.net\/arhiva\/#\/schema\/person\/6e72b67d6e51910a1117b3b483ba20bd\"},\"potentialAction\":[{\"@type\":\"SearchAction\",\"target\":{\"@type\":\"EntryPoint\",\"urlTemplate\":\"https:\/\/sandzakpress.net\/arhiva\/?s={search_term_string}\"},\"query-input\":{\"@type\":\"PropertyValueSpecification\",\"valueRequired\":true,\"valueName\":\"search_term_string\"}}],\"inLanguage\":\"bs-BA\"},{\"@type\":[\"Person\",\"Organization\"],\"@id\":\"https:\/\/sandzakpress.net\/arhiva\/#\/schema\/person\/6e72b67d6e51910a1117b3b483ba20bd\",\"name\":\"Kul\",\"image\":{\"@type\":\"ImageObject\",\"inLanguage\":\"bs-BA\",\"@id\":\"https:\/\/sandzakpress.net\/arhiva\/#\/schema\/person\/image\/\",\"url\":\"https:\/\/secure.gravatar.com\/avatar\/42263f39aa27ac04c43cab85c280eb2e?s=96&d=mm&r=pg\",\"contentUrl\":\"https:\/\/secure.gravatar.com\/avatar\/42263f39aa27ac04c43cab85c280eb2e?s=96&d=mm&r=pg\",\"caption\":\"Kul\"},\"logo\":{\"@id\":\"https:\/\/sandzakpress.net\/arhiva\/#\/schema\/person\/image\/\"}},{\"@type\":\"Person\",\"@id\":\"https:\/\/sandzakpress.net\/arhiva\/#\/schema\/person\/c8baee722073534b583ea7bdb2e36c02\",\"name\":\"bosniak\",\"image\":{\"@type\":\"ImageObject\",\"inLanguage\":\"bs-BA\",\"@id\":\"https:\/\/sandzakpress.net\/arhiva\/#\/schema\/person\/image\/\",\"url\":\"https:\/\/secure.gravatar.com\/avatar\/a04fd330bfe3a36a72a0ad4a6d89fca7?s=96&d=mm&r=pg\",\"contentUrl\":\"https:\/\/secure.gravatar.com\/avatar\/a04fd330bfe3a36a72a0ad4a6d89fca7?s=96&d=mm&r=pg\",\"caption\":\"bosniak\"},\"url\":\"https:\/\/sandzakpress.net\/arhiva\/author\/bosniak\/\"}]}<\/script>\n<!-- \/ Yoast SEO Premium plugin. -->","yoast_head_json":{"title":"Zvizdi\u0107: Priznanja NSRS ratnim zlo\u010dincima su civilizacijska sramota","robots":{"index":"index","follow":"follow","max-snippet":"max-snippet:-1","max-image-preview":"max-image-preview:large","max-video-preview":"max-video-preview:-1"},"canonical":"https:\/\/sandzakpress.net\/arhiva\/zvizdic-priznanja-nsrs-ratnim-zlocincima-su-civilizacijska-sramota\/","og_locale":"bs_BA","og_type":"article","og_title":"Zvizdi\u0107: Priznanja NSRS ratnim zlo\u010dincima su civilizacijska sramota","og_description":"Sarajevo\u00a0\u2013 Kako se dodaje, rije\u010d je o odluci koja je, po svojoj antihumanoj sadr\u017eajnosti, nedobronamjernosti i provokativnosti, u potpunoj koliziji sa savremenim civilizacijskim normama utemeljenim na pravdi i pravi\u010dnosti, i zbog toga jeste, i ostaje, trajna sramota za njene kreatore i realizatore Odluka Narodne sku\u0161tine bosanskohercegova\u010dkog entiteta RS o dodjeli priznanja presu\u0111enim ratnim zlo\u010dincima predstavlja [&hellip;]","og_url":"https:\/\/sandzakpress.net\/arhiva\/zvizdic-priznanja-nsrs-ratnim-zlocincima-su-civilizacijska-sramota\/","og_site_name":"Sand\u017eak PRESS","article_published_time":"2016-10-29T13:19:31+00:00","og_image":[{"width":600,"height":450,"url":"https:\/\/sandzakpress.net\/arhiva\/wp-content\/uploads\/2016\/10\/denis-1.jpg","type":"image\/jpeg"}],"author":"bosniak","twitter_card":"summary_large_image","twitter_misc":{"Written by":"bosniak","Est. reading time":"2 minute"},"schema":{"@context":"https:\/\/schema.org","@graph":[{"@type":"Article","@id":"https:\/\/sandzakpress.net\/arhiva\/zvizdic-priznanja-nsrs-ratnim-zlocincima-su-civilizacijska-sramota\/#article","isPartOf":{"@id":"https:\/\/sandzakpress.net\/arhiva\/zvizdic-priznanja-nsrs-ratnim-zlocincima-su-civilizacijska-sramota\/"},"author":{"name":"bosniak","@id":"https:\/\/sandzakpress.net\/arhiva\/#\/schema\/person\/c8baee722073534b583ea7bdb2e36c02"},"headline":"Zvizdi\u0107: Priznanja NSRS ratnim zlo\u010dincima su civilizacijska sramota","datePublished":"2016-10-29T13:19:31+00:00","mainEntityOfPage":{"@id":"https:\/\/sandzakpress.net\/arhiva\/zvizdic-priznanja-nsrs-ratnim-zlocincima-su-civilizacijska-sramota\/"},"wordCount":463,"commentCount":0,"publisher":{"@id":"https:\/\/sandzakpress.net\/arhiva\/#\/schema\/person\/6e72b67d6e51910a1117b3b483ba20bd"},"image":{"@id":"https:\/\/sandzakpress.net\/arhiva\/zvizdic-priznanja-nsrs-ratnim-zlocincima-su-civilizacijska-sramota\/#primaryimage"},"thumbnailUrl":"https:\/\/sandzakpress.net\/arhiva\/wp-content\/uploads\/2016\/10\/denis-1.jpg","keywords":["Bosna i Hercegovina"],"articleSection":["Bosna PRESS"],"inLanguage":"bs-BA","potentialAction":[{"@type":"CommentAction","name":"Comment","target":["https:\/\/sandzakpress.net\/arhiva\/zvizdic-priznanja-nsrs-ratnim-zlocincima-su-civilizacijska-sramota\/#respond"]}]},{"@type":"WebPage","@id":"https:\/\/sandzakpress.net\/arhiva\/zvizdic-priznanja-nsrs-ratnim-zlocincima-su-civilizacijska-sramota\/","url":"https:\/\/sandzakpress.net\/arhiva\/zvizdic-priznanja-nsrs-ratnim-zlocincima-su-civilizacijska-sramota\/","name":"Zvizdi\u0107: Priznanja NSRS ratnim zlo\u010dincima su civilizacijska sramota","isPartOf":{"@id":"https:\/\/sandzakpress.net\/arhiva\/#website"},"primaryImageOfPage":{"@id":"https:\/\/sandzakpress.net\/arhiva\/zvizdic-priznanja-nsrs-ratnim-zlocincima-su-civilizacijska-sramota\/#primaryimage"},"image":{"@id":"https:\/\/sandzakpress.net\/arhiva\/zvizdic-priznanja-nsrs-ratnim-zlocincima-su-civilizacijska-sramota\/#primaryimage"},"thumbnailUrl":"https:\/\/sandzakpress.net\/arhiva\/wp-content\/uploads\/2016\/10\/denis-1.jpg","datePublished":"2016-10-29T13:19:31+00:00","breadcrumb":{"@id":"https:\/\/sandzakpress.net\/arhiva\/zvizdic-priznanja-nsrs-ratnim-zlocincima-su-civilizacijska-sramota\/#breadcrumb"},"inLanguage":"bs-BA","potentialAction":[{"@type":"ReadAction","target":["https:\/\/sandzakpress.net\/arhiva\/zvizdic-priznanja-nsrs-ratnim-zlocincima-su-civilizacijska-sramota\/"]}]},{"@type":"ImageObject","inLanguage":"bs-BA","@id":"https:\/\/sandzakpress.net\/arhiva\/zvizdic-priznanja-nsrs-ratnim-zlocincima-su-civilizacijska-sramota\/#primaryimage","url":"https:\/\/sandzakpress.net\/arhiva\/wp-content\/uploads\/2016\/10\/denis-1.jpg","contentUrl":"https:\/\/sandzakpress.net\/arhiva\/wp-content\/uploads\/2016\/10\/denis-1.jpg","width":600,"height":450},{"@type":"BreadcrumbList","@id":"https:\/\/sandzakpress.net\/arhiva\/zvizdic-priznanja-nsrs-ratnim-zlocincima-su-civilizacijska-sramota\/#breadcrumb","itemListElement":[{"@type":"ListItem","position":1,"name":"Home","item":"https:\/\/sandzakpress.net\/arhiva\/"},{"@type":"ListItem","position":2,"name":"Zvizdi\u0107: Priznanja NSRS ratnim zlo\u010dincima su civilizacijska sramota"}]},{"@type":"WebSite","@id":"https:\/\/sandzakpress.net\/arhiva\/#website","url":"https:\/\/sandzakpress.net\/arhiva\/","name":"Sand\u017eak PRESS","description":"Prve elektronske novine u Sand\u017eaku","publisher":{"@id":"https:\/\/sandzakpress.net\/arhiva\/#\/schema\/person\/6e72b67d6e51910a1117b3b483ba20bd"},"potentialAction":[{"@type":"SearchAction","target":{"@type":"EntryPoint","urlTemplate":"https:\/\/sandzakpress.net\/arhiva\/?s={search_term_string}"},"query-input":{"@type":"PropertyValueSpecification","valueRequired":true,"valueName":"search_term_string"}}],"inLanguage":"bs-BA"},{"@type":["Person","Organization"],"@id":"https:\/\/sandzakpress.net\/arhiva\/#\/schema\/person\/6e72b67d6e51910a1117b3b483ba20bd","name":"Kul","image":{"@type":"ImageObject","inLanguage":"bs-BA","@id":"https:\/\/sandzakpress.net\/arhiva\/#\/schema\/person\/image\/","url":"https:\/\/secure.gravatar.com\/avatar\/42263f39aa27ac04c43cab85c280eb2e?s=96&d=mm&r=pg","contentUrl":"https:\/\/secure.gravatar.com\/avatar\/42263f39aa27ac04c43cab85c280eb2e?s=96&d=mm&r=pg","caption":"Kul"},"logo":{"@id":"https:\/\/sandzakpress.net\/arhiva\/#\/schema\/person\/image\/"}},{"@type":"Person","@id":"https:\/\/sandzakpress.net\/arhiva\/#\/schema\/person\/c8baee722073534b583ea7bdb2e36c02","name":"bosniak","image":{"@type":"ImageObject","inLanguage":"bs-BA","@id":"https:\/\/sandzakpress.net\/arhiva\/#\/schema\/person\/image\/","url":"https:\/\/secure.gravatar.com\/avatar\/a04fd330bfe3a36a72a0ad4a6d89fca7?s=96&d=mm&r=pg","contentUrl":"https:\/\/secure.gravatar.com\/avatar\/a04fd330bfe3a36a72a0ad4a6d89fca7?s=96&d=mm&r=pg","caption":"bosniak"},"url":"https:\/\/sandzakpress.net\/arhiva\/author\/bosniak\/"}]}},"_links":{"self":[{"href":"https:\/\/sandzakpress.net\/arhiva\/wp-json\/wp\/v2\/posts\/171898"}],"collection":[{"href":"https:\/\/sandzakpress.net\/arhiva\/wp-json\/wp\/v2\/posts"}],"about":[{"href":"https:\/\/sandzakpress.net\/arhiva\/wp-json\/wp\/v2\/types\/post"}],"author":[{"embeddable":true,"href":"https:\/\/sandzakpress.net\/arhiva\/wp-json\/wp\/v2\/users\/83"}],"replies":[{"embeddable":true,"href":"https:\/\/sandzakpress.net\/arhiva\/wp-json\/wp\/v2\/comments?post=171898"}],"version-history":[{"count":0,"href":"https:\/\/sandzakpress.net\/arhiva\/wp-json\/wp\/v2\/posts\/171898\/revisions"}],"wp:featuredmedia":[{"embeddable":true,"href":"https:\/\/sandzakpress.net\/arhiva\/wp-json\/wp\/v2\/media\/171900"}],"wp:attachment":[{"href":"https:\/\/sandzakpress.net\/arhiva\/wp-json\/wp\/v2\/media?parent=171898"}],"wp:term":[{"taxonomy":"category","embeddable":true,"href":"https:\/\/sandzakpress.net\/arhiva\/wp-json\/wp\/v2\/categories?post=171898"},{"taxonomy":"post_tag","embeddable":true,"href":"https:\/\/sandzakpress.net\/arhiva\/wp-json\/wp\/v2\/tags?post=171898"}],"curies":[{"name":"wp","href":"https:\/\/api.w.org\/{rel}","templated":true}]}}