{"id":17136,"date":"2011-06-24T21:55:52","date_gmt":"2011-06-24T19:55:52","guid":{"rendered":"https:\/\/sandzakpress.net\/arhiva\/?p=17136"},"modified":"2011-06-24T21:55:52","modified_gmt":"2011-06-24T19:55:52","slug":"bosnjacko-ljeto","status":"publish","type":"post","link":"https:\/\/sandzakpress.net\/arhiva\/bosnjacko-ljeto\/","title":{"rendered":"Bo\u0161nja\u010dko ljeto"},"content":{"rendered":"<p><a href=\"https:\/\/sandzakpress.net\/arhiva\/wp-content\/uploads\/2011\/06\/229163_10150189145926697_69393956696_7412158_3560122_n.jpg\"><img loading=\"lazy\" decoding=\"async\" class=\"aligncenter size-full wp-image-17137\" title=\"229163_10150189145926697_69393956696_7412158_3560122_n\" src=\"https:\/\/sandzakpress.net\/arhiva\/wp-content\/uploads\/2011\/06\/229163_10150189145926697_69393956696_7412158_3560122_n.jpg\" alt=\"\" width=\"720\" height=\"413\" srcset=\"https:\/\/sandzakpress.net\/arhiva\/wp-content\/uploads\/2011\/06\/229163_10150189145926697_69393956696_7412158_3560122_n.jpg 616w, https:\/\/sandzakpress.net\/arhiva\/wp-content\/uploads\/2011\/06\/229163_10150189145926697_69393956696_7412158_3560122_n-350x200.jpg 350w\" sizes=\"(max-width: 720px) 100vw, 720px\" \/><\/a><\/p>\n<p><strong>Nema na dunjaluku otvorenijeg naroda od Bo\u0161njaka. U tog je naroda propuh na sve strane, vrata odmandaljena, prozori pootvarani, krov odletio, i o'zdo i o'zgo pu\u0161e, samo da se vidi ta \u010de\u017enja da se svako i zvan i nezvan raskomoda u bo\u0161nja\u010dkom ko\u0161to bi u svome. &#8230;Ako nas ne vole, nek&#8217; makar vole ono \u0161to nam otmu! <\/strong><\/p>\n<p>Za\u0161to je to tako, te\u0161ko je ustanoviti, iako postoji realna potreba da Bo\u0161njaci, prije nego drugi, svjedo\u010de toleranciju i nagodnost. Jer, ti drugi, Srbi i Hrvati, mogu postojati i bez Bosne, a Bo\u0161njaci ne mogu, pa zato moraju sebe rihtat i kurisat u odnosu na druge. Otud je logi\u010dki neizvodljiv ma kakav bo\u0161nja\u010dki ekstremizam, a nastoji se izmisliti kad god Bo\u0161njaci progovore u za\u0161titu svojih ljudskih prava i gra\u0111anskog dostojanstva. Svaka vrsta ekstremizma u Bo\u0161njaka bila bi suprotna bo\u0161nja\u010dkim nacionalnim interesima, koji proizilaze iz zakonitosti opstanka. Znali su ovo Britanci i velikohrvati kada su u vrijeme totalne blokade bo\u0161nja\u010dkih enklava helikopterima uvozili tzv. mud\u017eahedine u srednju Bosnu, s ciljem da borbu Armije RBiH prika\u017eu kao jednoetni\u010dku i nebosansku. Kako bi se druk\u010dije legitimizirale jednoetni\u010dke hunte u Srba i Hrvata, ako ne bi imale ogledalo u \u201eislamisti\u010dkoj\u201c Armiji RBiH? A \u201eprvi u Bo\u0161njaka\u201c nije imao reflekse da prepozna podvalu, pa se odoma\u0107io u islamisti\u010dkoj predstavi koju su re\u017eirali agenti KOS-a za ra\u010dun projekta iz Kara\u0111or\u0111eva, odnosno Beograda i Zagreba.<\/p>\n<p>Na toj okosnici, optu\u017eivanja Bo\u0161njaka da su za ekstremizam, a ne za toleranciju, za separatizam, a ne za zajedni\u0161tvo, sve ove godine funkcionira medijska operacija pranja i \u010di\u0161\u0107enja velikodr\u017eavnih projekata iz Beograda i Zagreba. Uprkos stotinama medijskih, pa i pravosudnih monta\u017ea, niko nije uspio promijeniti sr\u017e bo\u0161nja\u010dkog naroda, odanog ideji Bosne, kao zakoniku svoga opstanka. Za svakoga su \u010destitog, ova istina, i ova logika, posve jasne. U Bosni je danas mnogo pla\u0107enih smutljivaca, koji vrebaju svaku priliku da izmisle ekstremizam u Bo\u0161njaka. Ponekad se ta stalna presija izmi\u0161ljanja ne\u010dega \u0161to ne postoji \u010dini kao pendrek kojim se nastoji u startu suzbiti i prestra\u0161iti svaki bo\u0161nja\u010dki progovor o stanjima koja su daleko od demokratskih i humanisti\u010dkih normi.<\/p>\n<p><strong>U dejtonskoj pra\u0161umi<\/strong><br \/>\nDejtonsko dru\u0161tvo, \u010diji medijski sto\u017eer predstavljaju dr\u017eavne rtv ku\u0107e, listovi i portali koje finansiraju zapadne ambasade i fondacije, izgubilo je legalisti\u010dku vjerodostojnost, srozalo humanisti\u010dki kredibilitet, kroz forsiranje \u0161utnje o nastavku genocida nad Bo\u0161njacima. Kako vjerovati u profesionalnu pravdoljubivost medija kojima ni\u0161ta ne zna\u010di vi\u0161egodi\u0161nje nastojanje dejtonske dr\u017eave da odstrani 1.300.000 raseljenih bh. dr\u017eavljana, poglavito Bo\u0161njaka? Medijska i politi\u010dka \u0161utnja koja se nadvila nad ovim zlo\u010dinom, govori o institucionalnom sau\u010desni\u0161tvu u ubistvu preko milion Bo\u0161njaka. Kazali smo \u2013 ubistvu \u2013 jer odstranjivanje tolikih \u017eivota iz politi\u010dke i ekonomske stvarnosti BiH ne mo\u017ee se druk\u010dije zvati. A zlo\u010din je po\u010deo sa instaliranjem Zakona o pasivnoj registraciji bira\u010da, ukidanjem obrasca P2, \u010dime su izbori postali sredstvo za betoniranje genocida, jer su Bo\u0161njaci polako ostajali bez politi\u010dkih predstavnika u op\u0107inama iz kojih su prognani. Nastavak je uslijedio u vidu diskriminiraju\u0107eg \u201ezakona o katastru\u201c u Republici Srpskoj, te \u010ditavog niza administrativnih zavrzlama, usljed kojih protjerani Bo\u0161njaci i familije ubijenih Bo\u0161njaka ostaju bez imovine koja im pripada, a koju otima i u vlasni\u0161tvo preuzima Republika Srpska. Nakon etni\u010dkog \u010di\u0161\u0107enja, uslijedilo je otimanje bo\u0161nja\u010dke imovine, kao \u010di\u0161\u0107enje posljednjeg traga o bo\u0161nja\u010dkom postojanju. U Bosni i Hercegovini ne postoji va\u017enije pitanje od ovog pitanja \u2013 nije to ni smije\u0161ni Dodikov referendum, kojeg podr\u017eava Srpska pravoslavna crkva, a koji je neizvodljiv jer negiranje Dejtonskog sporazuma vodi samoukidanju Republike Srpske, nije to \u010dak ni SDP-ov pohod protiv islama, jer se pokazalo da je islam vitalniji od svakog karavakta i od svake represije \u2013 u slu\u010daju \u201ezakona o katastru\u201c radi se o zaokru\u017eivanju i pe\u010datanju zlo\u010dina, o ukidanju i posljednje pretpostavke da bi se protjerani Bo\u0161njaci nekada mogli vratiti na svoje. Zato je to za Bo\u0161njake pitanje svih pitanja, iako prora\u010dunata \u0161utnja dejtonskog re\u017eima nastoji sugerirati kako se ne doga\u0111a ni\u0161ta ozbiljno.<\/p>\n<p>Ambijent u kome se odvija betoniranje genocida nad Bo\u0161njacima, kroz kriminalno otimanje bo\u0161nja\u010dke imovine, ukazuje da \u017eivimo u dru\u0161tvu koje je ideolo\u0161ki i duhovno konektirano na Memorandum SANU, i sve ono \u0161to iz tog proizilazi, od zlo\u010dinaca tipa Ratka Mladi\u0107a, pa do srpske djece koja su ro\u0111ena od 1992. do 1995., a danas slave klanje muslimana kao najsvjetliju ta\u010dku nacionalnog identiteta. A \u0161ta je to nego transgeneracijska genocidnost?! Izme\u0111u klanja i proterivanja bo\u0161nja\u010dkih civila, i otimanja imovine tih pre\u017eivjelih bo\u0161nja\u010dkih civila \u2013 nema nikakve razlike, jer je cilj i jedne i druge etape da Bo\u0161njaka nestane. Dru\u0161tvo koje formalno osu\u0111uje prve etapu, ubistva Bo\u0161njaka, a nema snage da se suprotstavi drugoj etapi, otimanju imovine \u017ertava, otkriva da su la\u017ene i te deklaracije protiv po\u010dinjenih zlo\u010dina. Napose, sve dosada\u0161nje \u201eruke pravde\u201c koje su nudile satisfakciju za patnje i za \u017ertve, nisu doka\u010dile su\u0161tinu pravde \u2013 ukidanje entitetskog ure\u0111enja, time i Republike Srpske, kao spomenika zlo\u010dinu. Dvojni moral je postao stil pona\u0161anja u dejtonskom dru\u0161tvu, koje je nagodno za razne devijacije. La\u017e i kleveta, montirani procesi, zloupotreba policije, izmi\u0161ljanje terorizma i sakrivanje terora, itd. \u2013 sve su to doma\u0107e \u017eivotinje u dejtonskoj pra\u0161umi. Bilo je pitanje vremena kada \u0107e bo\u0161nja\u010dka \u017ertva uo\u010diti da je vuku za nos, kao posljednju budalu, pri preporuci da slijepo vjeruje u \u0161uplje deklaracije i da slijepo blehne u nestanak Bosne i Bo\u0161njaka. Odve\u0107 je postao nizdr\u017eiv medijski teror koji se ve\u0107 desetak godina sprovodi u Sarajevu nad znakovima bo\u0161nja\u010dkog identiteta. Kompletna je bo\u0161nja\u010dka intelekltualna elita izop\u0107ena iz javnosti. Izop\u0107ena je bo\u0161nja\u010dka duhovnost. Bo\u0161njaci su postali podstanari \u010dak i tamo gdje su u ve\u0107ini. Njihovo mjesto su zauzeli bo\u0161nja\u010dki islamofobi, kojima dejtonski sistem otvara sva vrata. Vlada atmosfera duhovne represije, u kojoj se, kao u orwellovskoj stvarnosti, razlikuju podobna i nepodobna osje\u0107anja.<\/p>\n<table border=\"0\" cellspacing=\"0\" cellpadding=\"5\" width=\"600\" align=\"center\" bgcolor=\"Gainsboro\">\n<tbody>\n<tr>\n<td align=\"left\"><span style=\"color: black;\"><img decoding=\"async\" src=\"http:\/\/www.bosnjaci.net\/foto\/BANU_osnivanje_NP.jpg\" border=\"0\" alt=\"\" width=\"600\" \/><\/span><\/td>\n<\/tr>\n<\/tbody>\n<\/table>\n<p>U ovakvom dru\u0161tvu predstavlja \u201eteroristi\u010dku opasnost\u201c solidarisati se sa tugom preko stotinu bo\u0161nja\u010dke djece koja \u0107e odrastati bez oca, jer je njihov otac preko kriminalnog tzv. imigracionog centra protjeran iz njihove porodice, iz njihove domovine. U totalitarnim dru\u0161tvima dekretom je odre\u0111eno \u0161ta se smije javno osje\u0107ati, i s kim se smije suosje\u0107ati, pa su kod Adolfa Hitlera bila ka\u017enjiva suosje\u0107anja sa Jevrejima kojima su oduzeta gra\u0111anska prava. U dejtonskom jednoumlju bi suosje\u0107anje sa tugom ove djece bilo izraz \u2013 zar ne? \u2013 bo\u0161nja\u010dkog ekstremizma. A \u0161ta su onda oni koji su tu tugu proizveli, i \u0161ta smo onda mi ako tu tugu ne smijemo osjetiti, zato \u0161to je to tuga \u017ertve?! Ne radi se tu ni o kakvom nepostoje\u0107em bo\u0161nja\u010dkom ekstremizmu, ve\u0107 se radi o ekstremizmu dejtonskog re\u017eima, koji izmi\u0161lja krivca u \u017ertvi, kako se ne bi vidjela nakaznost ovakvog, srpsko-hrvatskog, politi\u010dkog i dru\u0161tvenog poretka. Upravo zbog progoniteljske atmosfere, \u010diji smo jedan primjer predstavili, bo\u0161nja\u010dka je javnost predugo \u017eivjela razasuta, zbunjena, prestra\u0161ena. I prethodnih su godina prolazila ljeta nad Bosnom, ali ni jedno, kao ovo sad, nije bilo \u2013 bo\u0161nja\u010dko.<\/p>\n<p><strong>Bo\u0161nja\u010dka javnost<\/strong><br \/>\nSve ove godine srpstvo i hrvatstvo u BiH sjedi na po dvije stolice. Hrvatske institucije u BiH \u010dak dobiju vi\u0161e para iz Zagreba, nego iz Sarajeva. Bo\u0161njaci, pak, \u010duvaju onu jednu, bosansku, vjeruju\u0107i da svako preferiranje bo\u0161nja\u010dkog ugro\u017eava bosansko, a bez kojeg bo\u0161nja\u010dko gubi smisao. Tako je bilo i u pogledu bezrezervnog predavanja dejtonskoj javnosti, u uvjerenju da ta javnost nosi bosansku osje\u0107ajnost. Sad bi se zapadni agenti trebali zapitati nad medijskim i nevladinim projektima koje su sponzorirali, a koji su uspjeli u Bo\u0161njaka razbiti povjerenje u iskrenost dejtonskog projekta. Aparatura koja predstavlja dejtonsko dru\u0161tvo o\u010ditovala se kao generator islamofobije, marginalizacije i stigmatizacije bo\u0161nja\u010dke duhovnosti, te \u010ditavog niza anomalija. Ta druga bo\u0161nja\u010dka stolica nije uspostavljena bo\u0161nja\u010dkom voljom, ve\u0107 nevoljom, i strahom, da bi se u ime la\u017enog zajedni\u0161tva mogao izgubiti vlastiti identitet. Za istinito bosansko zajedni\u0161tvo vrijedilo bi \u017ertvovati \u0161to\u0161ta. Od Bo\u0161njaka se tra\u017ei da zaborave genocid i \u201enapuste poziciju \u017ertve\u201c (Tihi\u0107), da se kao \u017ertve genocida \u201eizvinu za srpske \u017ertve\u201c (B. Izetbegovi\u0107), da dru\u0161tveni status grade kao islamofobi i samoprogonitelji, e kako bi Srbi i Hrvati bili usre\u0107eni pa po\u017eeljeli da \u017eive sa Bo\u0161njacima. A reisu-l-ulema Ceri\u0107 ta\u010dno re\u010de kako nema ve\u0107eg poni\u017eenja od podani\u0161tva, pa bi ova receptura za bo\u0161nja\u010dku budu\u0107nost bila ispunjena najgorim oblikom samomr\u017enje i samoponi\u017eenja. Bo\u0161njaci, naravno, na to ne\u0107e pristati. Pro\u010ditali su i razumjeli \u0161ta se od njih tra\u017ei, kao cijena tog la\u017enog su\u017eivota, tog hibridnog dejtonskog bosanstva, u suvla\u0161\u0107u velikosrpstva i velikohrvatstva, i u statiranju poni\u017eenog i izumiru\u0107eg bo\u0161nja\u0161tva. I, \u0161ta sad?<\/p>\n<p>U Bo\u0161njaka je otvoren proces izgradnje rezerve prema svemu i sva\u010demu, \u0161to je i logi\u010dno, s obzirom na apsolut la\u017ei i klevete koji je okupirao dejtonsko dru\u0161tvo. Zadobijanje ili obnova bo\u0161nja\u010dkog povjerenja mukotrpan je proces, i dobro je \u0161to je tako. Bo\u0161njaci nikakva dobra nisu vidjeli od svoje otvorenosti i raskomo\u0107enosti. \u0160to su bivali ti\u0161i i nagodniji, to su bivali brutalniji udari na bo\u0161nja\u010dko dostojanstvo. Definitivno, ta otvorenost nema nikakva smisla, jer je jednosmjerna i jednozna\u010dna, te nije polu\u010dila nikakav pomak za Bo\u0161njake, izuzev \u0161to je, tuma\u010dena kao slabost, rasplamsavala antiislamske strasti.<\/p>\n<p>Agenti iz Kara\u0111or\u0111eva \u0107e se morati navikavati na nove Bo\u0161njake, \u010diju elitnu okosnicu \u010dine generacije odgojene u medresama, oslobo\u0111ene nametanog stida od svoje vjere, trajno spremne da zapadnim standardima brane slobodu bo\u0161nja\u010dkog identiteta. Mladi Bo\u0161njaci su direktni i odlu\u010dni, za njih je nezamislivo bezizlaz vidjeti kao izlaz i prepustiti pamet na razvla\u010denje raznim islamofobima. Oni ne \u017eele nikome vjerovati bez rezerve, na kredit i na veresiju, jer vjeruju u konkretna djela. I vjeruju da nema nevolje bez izlaza. A dana\u0161nji izlaz je u izgradnji bo\u0161nja\u010dke javnosti, tog unutarnjeg bo\u0161nja\u010dkog dijaloga, u okviru kojeg Bo\u0161njaci Bo\u0161njacima tuma\u010de stvarnost i planiraju najbolja rje\u0161enja. Tek sa zdravlju i samoodr\u017eivo\u0161\u0107u ovog kruga, mogu\u0107e je graditi bosanske stepenice.<\/p>\n<p>A \u0161ta zna\u010di ustanovljavanje bo\u0161nja\u010dke javnosti? Imamo svoje autore, imamo svoje medije (internet nam je pomogao da prevazi\u0111emo medijsku blokadu!), imamo svoju Bo\u0161nja\u010dku akademiju nauka i umjetnosti, imamo svoje istine, to ne zna\u010di da smo nespremni na dijalog i izgradnju zajedni\u010dkih znakova &#8211; to zna\u010di samo da prvo vjerujemo sebi, pa onda drugima. &#8230;Kao i svi narodi, uostalom. Dosad smo vjerovali drugima, i u ime drugih zapostavljali unutarbo\u0161nja\u010dku komunikaciju, a cijena su konkretni gubici: slabljenje veza sa dijasporom, gubitak historijskog pam\u0107enja, ekonomska i medijska kolonizacija, svekolika zbunjenost, itd. Bilo je tu i straha o tog medijskog pendreka koji svaku bo\u0161nja\u010dku inicijativu progla\u0161ava ekstremisti\u010dkom. Danas je taj strah neutemeljen, jer je dejtonski poredak izgubio moralni kredibilitet u Bo\u0161njaka. &#8230;Neko kome je stalo do moga poni\u017eenja ne mo\u017ee u\u017eivati moje povjerenje i moje po\u0161tovanje!<\/p>\n<table border=\"0\" cellspacing=\"0\" cellpadding=\"5\" width=\"640\" align=\"center\" bgcolor=\"Gainsboro\">\n<tbody>\n<tr>\n<td align=\"left\"><span style=\"color: black;\"><img decoding=\"async\" src=\"http:\/\/www.bosnjaci.net\/foto\/srebrenica_genocide_potocari.jpg\" border=\"0\" alt=\"\" width=\"640\" \/><\/span><\/td>\n<\/tr>\n<\/tbody>\n<\/table>\n<p>Kako \u0107emo dalje? O tome neka razmi\u0161ljaju me\u0111unarodni mentori. Dok se oni smisle, Bo\u0161njaci \u0107e ja\u010dati, pri punoj patriotskoj samosvijesti da \u2013 prvo moramo sa\u010duvati narod, kako bismo sa\u010duvali Bosnu i Hercegovinu, jer ako izgubimo narod, izgubi\u0107emo i dr\u017eavu, a da bi se sa\u010duvao narod, mora se sa\u010duvati kriti\u010dna masa duhovnih i ekonomskih pretpostavki za samoodr\u017eivost, a da bi taj mehanizam funkcionirao, Bo\u0161njaci moraju razumjeti ono \u0161to razumiju svi narodi \u2013 da je Bo\u0161njak Bo\u0161njaku brat, a Bosanac Bosancu mo\u017ee biti pobratim, ako se u tom pobratimstvu ugledaju. Bo\u0161njaci to kona\u010dno shvataju, ovog ljeta vi\u0161e nego pro\u0161log, a idu\u0107eg vi\u0161e nego ovog&#8230; (\u201eSaff\u201c, br. 295-296, 17. juni 2011. )<\/p>\n<p>Autor: <strong>mr. Fatmir Alispahi\u0107<\/strong><\/p>\n<p>Izvor: <strong>Bosnjaci.net<\/strong><\/p>\n","protected":false},"excerpt":{"rendered":"<p>Nema na dunjaluku otvorenijeg naroda od Bo\u0161njaka. U tog je naroda propuh na sve strane, vrata odmandaljena, prozori pootvarani, krov odletio, i o'zdo i o'zgo pu\u0161e, samo da se vidi ta \u010de\u017enja da se svako i zvan i nezvan raskomoda u bo\u0161nja\u010dkom ko\u0161to bi u svome. &#8230;Ako nas ne vole, nek&#8217; makar vole ono \u0161to [&hellip;]<\/p>\n","protected":false},"author":83,"featured_media":17137,"comment_status":"open","ping_status":"open","sticky":false,"template":"","format":"standard","meta":{"footnotes":""},"categories":[2860,72,3012,398,52,397,2690,327,392,396,2691,393,395,394,399,2692,2693],"tags":[],"class_list":{"0":"post-17136","1":"post","2":"type-post","3":"status-publish","4":"format-standard","5":"has-post-thumbnail","7":"category-bosna-i-hercegovina-gradovi","8":"category-novi-pazar","9":"category-amerika-gradovi","10":"category-rozaje","11":"category-sjenica","12":"category-berane","13":"category-kosovo-gradovi","14":"category-tutin","15":"category-prijepolje_","16":"category-bijelo_polje","17":"category-makedonija","18":"category-priboj","19":"category-pljevlja_","20":"category-nova-varos","21":"category-plav_","22":"category-turska-gradovi","23":"category-dijaspora-gradovi"},"yoast_head":"<!-- This site is optimized with the Yoast SEO Premium plugin v23.1 (Yoast SEO v24.9) - https:\/\/yoast.com\/wordpress\/plugins\/seo\/ -->\n<title>Bo\u0161nja\u010dko ljeto<\/title>\n<meta name=\"robots\" content=\"index, follow, max-snippet:-1, max-image-preview:large, max-video-preview:-1\" \/>\n<link rel=\"canonical\" href=\"https:\/\/sandzakpress.net\/arhiva\/bosnjacko-ljeto\/\" \/>\n<meta property=\"og:locale\" content=\"bs_BA\" \/>\n<meta property=\"og:type\" content=\"article\" \/>\n<meta property=\"og:title\" content=\"Bo\u0161nja\u010dko ljeto\" \/>\n<meta property=\"og:description\" content=\"Nema na dunjaluku otvorenijeg naroda od Bo\u0161njaka. U tog je naroda propuh na sve strane, vrata odmandaljena, prozori pootvarani, krov odletio, i o&#039;zdo i o&#039;zgo pu\u0161e, samo da se vidi ta \u010de\u017enja da se svako i zvan i nezvan raskomoda u bo\u0161nja\u010dkom ko\u0161to bi u svome. &#8230;Ako nas ne vole, nek&#8217; makar vole ono \u0161to [&hellip;]\" \/>\n<meta property=\"og:url\" content=\"https:\/\/sandzakpress.net\/arhiva\/bosnjacko-ljeto\/\" \/>\n<meta property=\"og:site_name\" content=\"Sand\u017eak PRESS\" \/>\n<meta property=\"article:published_time\" content=\"2011-06-24T19:55:52+00:00\" \/>\n<meta property=\"og:image\" content=\"https:\/\/sandzakpress.net\/arhiva\/wp-content\/uploads\/2011\/06\/229163_10150189145926697_69393956696_7412158_3560122_n.jpg\" \/>\n\t<meta property=\"og:image:width\" content=\"616\" \/>\n\t<meta property=\"og:image:height\" content=\"353\" \/>\n\t<meta property=\"og:image:type\" content=\"image\/jpeg\" \/>\n<meta name=\"author\" content=\"bosniak\" \/>\n<meta name=\"twitter:card\" content=\"summary_large_image\" \/>\n<meta name=\"twitter:label1\" content=\"Written by\" \/>\n\t<meta name=\"twitter:data1\" content=\"bosniak\" \/>\n\t<meta name=\"twitter:label2\" content=\"Est. reading time\" \/>\n\t<meta name=\"twitter:data2\" content=\"11 minuta\" \/>\n<script type=\"application\/ld+json\" class=\"yoast-schema-graph\">{\"@context\":\"https:\/\/schema.org\",\"@graph\":[{\"@type\":\"Article\",\"@id\":\"https:\/\/sandzakpress.net\/arhiva\/bosnjacko-ljeto\/#article\",\"isPartOf\":{\"@id\":\"https:\/\/sandzakpress.net\/arhiva\/bosnjacko-ljeto\/\"},\"author\":{\"name\":\"bosniak\",\"@id\":\"https:\/\/sandzakpress.net\/arhiva\/#\/schema\/person\/c8baee722073534b583ea7bdb2e36c02\"},\"headline\":\"Bo\u0161nja\u010dko ljeto\",\"datePublished\":\"2011-06-24T19:55:52+00:00\",\"mainEntityOfPage\":{\"@id\":\"https:\/\/sandzakpress.net\/arhiva\/bosnjacko-ljeto\/\"},\"wordCount\":2112,\"commentCount\":0,\"publisher\":{\"@id\":\"https:\/\/sandzakpress.net\/arhiva\/#\/schema\/person\/6e72b67d6e51910a1117b3b483ba20bd\"},\"image\":{\"@id\":\"https:\/\/sandzakpress.net\/arhiva\/bosnjacko-ljeto\/#primaryimage\"},\"thumbnailUrl\":\"https:\/\/sandzakpress.net\/arhiva\/wp-content\/uploads\/2011\/06\/229163_10150189145926697_69393956696_7412158_3560122_n.jpg\",\"articleSection\":[\"Bosna i Hercegovina\",\"Novi Pazar\",\"Amerika\",\"Ro\u017eaje\",\"Sjenica\",\"Berane\",\"Kosovo\",\"Tutin\",\"Prijepolje\",\"Bijelo Polje\",\"Makedonija\",\"Priboj\",\"Pljevlja\",\"Nova Varo\u0161\",\"Plav\",\"Turska\",\"Evropa\"],\"inLanguage\":\"bs-BA\",\"potentialAction\":[{\"@type\":\"CommentAction\",\"name\":\"Comment\",\"target\":[\"https:\/\/sandzakpress.net\/arhiva\/bosnjacko-ljeto\/#respond\"]}]},{\"@type\":\"WebPage\",\"@id\":\"https:\/\/sandzakpress.net\/arhiva\/bosnjacko-ljeto\/\",\"url\":\"https:\/\/sandzakpress.net\/arhiva\/bosnjacko-ljeto\/\",\"name\":\"Bo\u0161nja\u010dko ljeto\",\"isPartOf\":{\"@id\":\"https:\/\/sandzakpress.net\/arhiva\/#website\"},\"primaryImageOfPage\":{\"@id\":\"https:\/\/sandzakpress.net\/arhiva\/bosnjacko-ljeto\/#primaryimage\"},\"image\":{\"@id\":\"https:\/\/sandzakpress.net\/arhiva\/bosnjacko-ljeto\/#primaryimage\"},\"thumbnailUrl\":\"https:\/\/sandzakpress.net\/arhiva\/wp-content\/uploads\/2011\/06\/229163_10150189145926697_69393956696_7412158_3560122_n.jpg\",\"datePublished\":\"2011-06-24T19:55:52+00:00\",\"breadcrumb\":{\"@id\":\"https:\/\/sandzakpress.net\/arhiva\/bosnjacko-ljeto\/#breadcrumb\"},\"inLanguage\":\"bs-BA\",\"potentialAction\":[{\"@type\":\"ReadAction\",\"target\":[\"https:\/\/sandzakpress.net\/arhiva\/bosnjacko-ljeto\/\"]}]},{\"@type\":\"ImageObject\",\"inLanguage\":\"bs-BA\",\"@id\":\"https:\/\/sandzakpress.net\/arhiva\/bosnjacko-ljeto\/#primaryimage\",\"url\":\"https:\/\/sandzakpress.net\/arhiva\/wp-content\/uploads\/2011\/06\/229163_10150189145926697_69393956696_7412158_3560122_n.jpg\",\"contentUrl\":\"https:\/\/sandzakpress.net\/arhiva\/wp-content\/uploads\/2011\/06\/229163_10150189145926697_69393956696_7412158_3560122_n.jpg\",\"width\":616,\"height\":353},{\"@type\":\"BreadcrumbList\",\"@id\":\"https:\/\/sandzakpress.net\/arhiva\/bosnjacko-ljeto\/#breadcrumb\",\"itemListElement\":[{\"@type\":\"ListItem\",\"position\":1,\"name\":\"Home\",\"item\":\"https:\/\/sandzakpress.net\/arhiva\/\"},{\"@type\":\"ListItem\",\"position\":2,\"name\":\"Bo\u0161nja\u010dko ljeto\"}]},{\"@type\":\"WebSite\",\"@id\":\"https:\/\/sandzakpress.net\/arhiva\/#website\",\"url\":\"https:\/\/sandzakpress.net\/arhiva\/\",\"name\":\"Sand\u017eak PRESS\",\"description\":\"Prve elektronske novine u Sand\u017eaku\",\"publisher\":{\"@id\":\"https:\/\/sandzakpress.net\/arhiva\/#\/schema\/person\/6e72b67d6e51910a1117b3b483ba20bd\"},\"potentialAction\":[{\"@type\":\"SearchAction\",\"target\":{\"@type\":\"EntryPoint\",\"urlTemplate\":\"https:\/\/sandzakpress.net\/arhiva\/?s={search_term_string}\"},\"query-input\":{\"@type\":\"PropertyValueSpecification\",\"valueRequired\":true,\"valueName\":\"search_term_string\"}}],\"inLanguage\":\"bs-BA\"},{\"@type\":[\"Person\",\"Organization\"],\"@id\":\"https:\/\/sandzakpress.net\/arhiva\/#\/schema\/person\/6e72b67d6e51910a1117b3b483ba20bd\",\"name\":\"Kul\",\"image\":{\"@type\":\"ImageObject\",\"inLanguage\":\"bs-BA\",\"@id\":\"https:\/\/sandzakpress.net\/arhiva\/#\/schema\/person\/image\/\",\"url\":\"https:\/\/secure.gravatar.com\/avatar\/42263f39aa27ac04c43cab85c280eb2e?s=96&d=mm&r=pg\",\"contentUrl\":\"https:\/\/secure.gravatar.com\/avatar\/42263f39aa27ac04c43cab85c280eb2e?s=96&d=mm&r=pg\",\"caption\":\"Kul\"},\"logo\":{\"@id\":\"https:\/\/sandzakpress.net\/arhiva\/#\/schema\/person\/image\/\"}},{\"@type\":\"Person\",\"@id\":\"https:\/\/sandzakpress.net\/arhiva\/#\/schema\/person\/c8baee722073534b583ea7bdb2e36c02\",\"name\":\"bosniak\",\"image\":{\"@type\":\"ImageObject\",\"inLanguage\":\"bs-BA\",\"@id\":\"https:\/\/sandzakpress.net\/arhiva\/#\/schema\/person\/image\/\",\"url\":\"https:\/\/secure.gravatar.com\/avatar\/a04fd330bfe3a36a72a0ad4a6d89fca7?s=96&d=mm&r=pg\",\"contentUrl\":\"https:\/\/secure.gravatar.com\/avatar\/a04fd330bfe3a36a72a0ad4a6d89fca7?s=96&d=mm&r=pg\",\"caption\":\"bosniak\"},\"url\":\"https:\/\/sandzakpress.net\/arhiva\/author\/bosniak\/\"}]}<\/script>\n<!-- \/ Yoast SEO Premium plugin. -->","yoast_head_json":{"title":"Bo\u0161nja\u010dko ljeto","robots":{"index":"index","follow":"follow","max-snippet":"max-snippet:-1","max-image-preview":"max-image-preview:large","max-video-preview":"max-video-preview:-1"},"canonical":"https:\/\/sandzakpress.net\/arhiva\/bosnjacko-ljeto\/","og_locale":"bs_BA","og_type":"article","og_title":"Bo\u0161nja\u010dko ljeto","og_description":"Nema na dunjaluku otvorenijeg naroda od Bo\u0161njaka. U tog je naroda propuh na sve strane, vrata odmandaljena, prozori pootvarani, krov odletio, i o'zdo i o'zgo pu\u0161e, samo da se vidi ta \u010de\u017enja da se svako i zvan i nezvan raskomoda u bo\u0161nja\u010dkom ko\u0161to bi u svome. &#8230;Ako nas ne vole, nek&#8217; makar vole ono \u0161to [&hellip;]","og_url":"https:\/\/sandzakpress.net\/arhiva\/bosnjacko-ljeto\/","og_site_name":"Sand\u017eak PRESS","article_published_time":"2011-06-24T19:55:52+00:00","og_image":[{"width":616,"height":353,"url":"https:\/\/sandzakpress.net\/arhiva\/wp-content\/uploads\/2011\/06\/229163_10150189145926697_69393956696_7412158_3560122_n.jpg","type":"image\/jpeg"}],"author":"bosniak","twitter_card":"summary_large_image","twitter_misc":{"Written by":"bosniak","Est. reading time":"11 minuta"},"schema":{"@context":"https:\/\/schema.org","@graph":[{"@type":"Article","@id":"https:\/\/sandzakpress.net\/arhiva\/bosnjacko-ljeto\/#article","isPartOf":{"@id":"https:\/\/sandzakpress.net\/arhiva\/bosnjacko-ljeto\/"},"author":{"name":"bosniak","@id":"https:\/\/sandzakpress.net\/arhiva\/#\/schema\/person\/c8baee722073534b583ea7bdb2e36c02"},"headline":"Bo\u0161nja\u010dko ljeto","datePublished":"2011-06-24T19:55:52+00:00","mainEntityOfPage":{"@id":"https:\/\/sandzakpress.net\/arhiva\/bosnjacko-ljeto\/"},"wordCount":2112,"commentCount":0,"publisher":{"@id":"https:\/\/sandzakpress.net\/arhiva\/#\/schema\/person\/6e72b67d6e51910a1117b3b483ba20bd"},"image":{"@id":"https:\/\/sandzakpress.net\/arhiva\/bosnjacko-ljeto\/#primaryimage"},"thumbnailUrl":"https:\/\/sandzakpress.net\/arhiva\/wp-content\/uploads\/2011\/06\/229163_10150189145926697_69393956696_7412158_3560122_n.jpg","articleSection":["Bosna i Hercegovina","Novi Pazar","Amerika","Ro\u017eaje","Sjenica","Berane","Kosovo","Tutin","Prijepolje","Bijelo Polje","Makedonija","Priboj","Pljevlja","Nova Varo\u0161","Plav","Turska","Evropa"],"inLanguage":"bs-BA","potentialAction":[{"@type":"CommentAction","name":"Comment","target":["https:\/\/sandzakpress.net\/arhiva\/bosnjacko-ljeto\/#respond"]}]},{"@type":"WebPage","@id":"https:\/\/sandzakpress.net\/arhiva\/bosnjacko-ljeto\/","url":"https:\/\/sandzakpress.net\/arhiva\/bosnjacko-ljeto\/","name":"Bo\u0161nja\u010dko ljeto","isPartOf":{"@id":"https:\/\/sandzakpress.net\/arhiva\/#website"},"primaryImageOfPage":{"@id":"https:\/\/sandzakpress.net\/arhiva\/bosnjacko-ljeto\/#primaryimage"},"image":{"@id":"https:\/\/sandzakpress.net\/arhiva\/bosnjacko-ljeto\/#primaryimage"},"thumbnailUrl":"https:\/\/sandzakpress.net\/arhiva\/wp-content\/uploads\/2011\/06\/229163_10150189145926697_69393956696_7412158_3560122_n.jpg","datePublished":"2011-06-24T19:55:52+00:00","breadcrumb":{"@id":"https:\/\/sandzakpress.net\/arhiva\/bosnjacko-ljeto\/#breadcrumb"},"inLanguage":"bs-BA","potentialAction":[{"@type":"ReadAction","target":["https:\/\/sandzakpress.net\/arhiva\/bosnjacko-ljeto\/"]}]},{"@type":"ImageObject","inLanguage":"bs-BA","@id":"https:\/\/sandzakpress.net\/arhiva\/bosnjacko-ljeto\/#primaryimage","url":"https:\/\/sandzakpress.net\/arhiva\/wp-content\/uploads\/2011\/06\/229163_10150189145926697_69393956696_7412158_3560122_n.jpg","contentUrl":"https:\/\/sandzakpress.net\/arhiva\/wp-content\/uploads\/2011\/06\/229163_10150189145926697_69393956696_7412158_3560122_n.jpg","width":616,"height":353},{"@type":"BreadcrumbList","@id":"https:\/\/sandzakpress.net\/arhiva\/bosnjacko-ljeto\/#breadcrumb","itemListElement":[{"@type":"ListItem","position":1,"name":"Home","item":"https:\/\/sandzakpress.net\/arhiva\/"},{"@type":"ListItem","position":2,"name":"Bo\u0161nja\u010dko ljeto"}]},{"@type":"WebSite","@id":"https:\/\/sandzakpress.net\/arhiva\/#website","url":"https:\/\/sandzakpress.net\/arhiva\/","name":"Sand\u017eak PRESS","description":"Prve elektronske novine u Sand\u017eaku","publisher":{"@id":"https:\/\/sandzakpress.net\/arhiva\/#\/schema\/person\/6e72b67d6e51910a1117b3b483ba20bd"},"potentialAction":[{"@type":"SearchAction","target":{"@type":"EntryPoint","urlTemplate":"https:\/\/sandzakpress.net\/arhiva\/?s={search_term_string}"},"query-input":{"@type":"PropertyValueSpecification","valueRequired":true,"valueName":"search_term_string"}}],"inLanguage":"bs-BA"},{"@type":["Person","Organization"],"@id":"https:\/\/sandzakpress.net\/arhiva\/#\/schema\/person\/6e72b67d6e51910a1117b3b483ba20bd","name":"Kul","image":{"@type":"ImageObject","inLanguage":"bs-BA","@id":"https:\/\/sandzakpress.net\/arhiva\/#\/schema\/person\/image\/","url":"https:\/\/secure.gravatar.com\/avatar\/42263f39aa27ac04c43cab85c280eb2e?s=96&d=mm&r=pg","contentUrl":"https:\/\/secure.gravatar.com\/avatar\/42263f39aa27ac04c43cab85c280eb2e?s=96&d=mm&r=pg","caption":"Kul"},"logo":{"@id":"https:\/\/sandzakpress.net\/arhiva\/#\/schema\/person\/image\/"}},{"@type":"Person","@id":"https:\/\/sandzakpress.net\/arhiva\/#\/schema\/person\/c8baee722073534b583ea7bdb2e36c02","name":"bosniak","image":{"@type":"ImageObject","inLanguage":"bs-BA","@id":"https:\/\/sandzakpress.net\/arhiva\/#\/schema\/person\/image\/","url":"https:\/\/secure.gravatar.com\/avatar\/a04fd330bfe3a36a72a0ad4a6d89fca7?s=96&d=mm&r=pg","contentUrl":"https:\/\/secure.gravatar.com\/avatar\/a04fd330bfe3a36a72a0ad4a6d89fca7?s=96&d=mm&r=pg","caption":"bosniak"},"url":"https:\/\/sandzakpress.net\/arhiva\/author\/bosniak\/"}]}},"_links":{"self":[{"href":"https:\/\/sandzakpress.net\/arhiva\/wp-json\/wp\/v2\/posts\/17136"}],"collection":[{"href":"https:\/\/sandzakpress.net\/arhiva\/wp-json\/wp\/v2\/posts"}],"about":[{"href":"https:\/\/sandzakpress.net\/arhiva\/wp-json\/wp\/v2\/types\/post"}],"author":[{"embeddable":true,"href":"https:\/\/sandzakpress.net\/arhiva\/wp-json\/wp\/v2\/users\/83"}],"replies":[{"embeddable":true,"href":"https:\/\/sandzakpress.net\/arhiva\/wp-json\/wp\/v2\/comments?post=17136"}],"version-history":[{"count":0,"href":"https:\/\/sandzakpress.net\/arhiva\/wp-json\/wp\/v2\/posts\/17136\/revisions"}],"wp:featuredmedia":[{"embeddable":true,"href":"https:\/\/sandzakpress.net\/arhiva\/wp-json\/wp\/v2\/media\/17137"}],"wp:attachment":[{"href":"https:\/\/sandzakpress.net\/arhiva\/wp-json\/wp\/v2\/media?parent=17136"}],"wp:term":[{"taxonomy":"category","embeddable":true,"href":"https:\/\/sandzakpress.net\/arhiva\/wp-json\/wp\/v2\/categories?post=17136"},{"taxonomy":"post_tag","embeddable":true,"href":"https:\/\/sandzakpress.net\/arhiva\/wp-json\/wp\/v2\/tags?post=17136"}],"curies":[{"name":"wp","href":"https:\/\/api.w.org\/{rel}","templated":true}]}}