{"id":171320,"date":"2016-10-21T20:06:34","date_gmt":"2016-10-21T18:06:34","guid":{"rendered":"https:\/\/sandzakpress.net\/arhiva\/bosanski-i-albanski-jezik-od-naredne-godine-u-osnovnim-skolama-u-turskoj"},"modified":"2016-10-21T20:06:34","modified_gmt":"2016-10-21T18:06:34","slug":"bosanski-i-albanski-jezik-od-naredne-godine-u-osnovnim-skolama-u-turskoj","status":"publish","type":"post","link":"https:\/\/sandzakpress.net\/arhiva\/bosanski-i-albanski-jezik-od-naredne-godine-u-osnovnim-skolama-u-turskoj\/","title":{"rendered":"Bosanski i albanski jezik od naredne godine u osnovnim \u0161kolama u Turskoj"},"content":{"rendered":"<p><img loading=\"lazy\" decoding=\"async\" class=\"\" src=\"http:\/\/sandzakonline.com\/wp-content\/uploads\/2016\/10\/thumbs_b_c_11a4064448a1540f1e1cd1d30f10dc17-640x360.jpg\" alt=\"\" width=\"601\" height=\"338\" \/><\/p>\n<p><strong>Turska\u00a0\u2013 U Bosni i Hercegovini oko 6.000 u\u010denika u\u010di turski jezik, a mi \u017eelimo da i na\u0161a djeca mogu ljudima iz Bosne re\u0107i dobro nam do\u0161li i ostvariti osnovnu komunikaciju<\/strong><\/p>\n<p>EDIRNE (AA) \u2013 Od naredne \u0161kolske godine u osnovnim \u0161kolama u Turskoj \u0107e se kao izborni strani jezici podu\u010davati bosanski i albanski, javlja Anadolu Agency (AA).<\/p>\n<p>Kao izborni jezici, bosanski i albanski \u0107e se od naredne godine na\u0107i u obrazovnom programu za u\u010denike od petog razreda osnovne \u0161kole, a potrebni nastavni program i literaturu za izu\u010davanje dva jezika priredit \u0107e Univerzitet u Trakiji (TU), javlja Anadolu Agency (AA).<\/p>\n<p>Direktor za osnovno obrazovanje pri Ministarstvu obrazovanja Republike Turske Cem Gencoglu danas je prisustvovao sastanku na Univerzitetu u Trakiji i tom prilikom je potpisan protokol o uvr\u0161tavanju bosanskog i albanskog jezika u nastavni program za \u0161kole u Turskoj.<\/p>\n<p>\u201cMi na bosanski i albanski jezik ne gledamo kao na strane jezike, ve\u0107 su to jezici koji su veza na\u0161e zajedni\u010dke civilizacije. U Bosni i Hercegovini oko 6.000 u\u010denika u\u010di turski jezik, a mi \u017eelimo da i na\u0161a djeca mogu ljudima iz Bosne re\u0107i dobro nam do\u0161li i ostvariti osnovnu komunikaciju. Nadam se da \u0107e ovaj korak biti prepoznat kao korak naprijed u spajanju kultura\u201c, kazao je Gencoglu.<\/p>\n<p>Rektor Univerziteta u Trakiji Erhan Tabakoglu je izrazio zadovoljstvo da \u0107e njegova ustanova biti zadu\u017eena za izradu nastavnog plana i ud\u017ebenika za bosanski i albanski jezik, te je dodao da je to jasan pokazatelj da taj univerzitet provodi misiju otvaranja ka Balkanu.<\/p>\n<p>(sandzakonline.com)<\/p>\n<p>Pogledajte vijest na izvornom sajtu:<\/p>\n<p><a href=\"http:\/\/bosnapress.net\/bosanski-i-albanski-jezik-od-naredne-godine-u-osnovnim-skolama-u-turskoj\/\" target=\"_blank\">Bosanski i albanski jezik od naredne godine u osnovnim \u0161kolama u Turskoj<\/a><\/p>\n","protected":false},"excerpt":{"rendered":"<p>Turska\u00a0\u2013 U Bosni i Hercegovini oko 6.000 u\u010denika u\u010di turski jezik, a mi \u017eelimo da i na\u0161a djeca mogu ljudima iz Bosne re\u0107i dobro nam do\u0161li i ostvariti osnovnu komunikaciju EDIRNE (AA) \u2013 Od naredne \u0161kolske godine u osnovnim \u0161kolama u Turskoj \u0107e se kao izborni strani jezici podu\u010davati bosanski i albanski, javlja Anadolu Agency [&hellip;]<\/p>\n","protected":false},"author":83,"featured_media":171322,"comment_status":"open","ping_status":"open","sticky":false,"template":"","format":"standard","meta":{"footnotes":""},"categories":[10513],"tags":[10466],"class_list":{"0":"post-171320","1":"post","2":"type-post","3":"status-publish","4":"format-standard","5":"has-post-thumbnail","7":"category-bosna-press","8":"tag-bosna-i-hercegovina"},"yoast_head":"<!-- This site is optimized with the Yoast SEO Premium plugin v23.1 (Yoast SEO v24.9) - https:\/\/yoast.com\/wordpress\/plugins\/seo\/ -->\n<title>Bosanski i albanski jezik od naredne godine u osnovnim \u0161kolama u Turskoj<\/title>\n<meta name=\"robots\" content=\"index, follow, max-snippet:-1, max-image-preview:large, max-video-preview:-1\" \/>\n<link rel=\"canonical\" href=\"https:\/\/sandzakpress.net\/arhiva\/bosanski-i-albanski-jezik-od-naredne-godine-u-osnovnim-skolama-u-turskoj\/\" \/>\n<meta property=\"og:locale\" content=\"bs_BA\" \/>\n<meta property=\"og:type\" content=\"article\" \/>\n<meta property=\"og:title\" content=\"Bosanski i albanski jezik od naredne godine u osnovnim \u0161kolama u Turskoj\" \/>\n<meta property=\"og:description\" content=\"Turska\u00a0\u2013 U Bosni i Hercegovini oko 6.000 u\u010denika u\u010di turski jezik, a mi \u017eelimo da i na\u0161a djeca mogu ljudima iz Bosne re\u0107i dobro nam do\u0161li i ostvariti osnovnu komunikaciju EDIRNE (AA) \u2013 Od naredne \u0161kolske godine u osnovnim \u0161kolama u Turskoj \u0107e se kao izborni strani jezici podu\u010davati bosanski i albanski, javlja Anadolu Agency [&hellip;]\" \/>\n<meta property=\"og:url\" content=\"https:\/\/sandzakpress.net\/arhiva\/bosanski-i-albanski-jezik-od-naredne-godine-u-osnovnim-skolama-u-turskoj\/\" \/>\n<meta property=\"og:site_name\" content=\"Sand\u017eak PRESS\" \/>\n<meta property=\"article:published_time\" content=\"2016-10-21T18:06:34+00:00\" \/>\n<meta property=\"og:image\" content=\"https:\/\/sandzakpress.net\/arhiva\/wp-content\/uploads\/2016\/10\/thumbs_b_c_11a4064448a1540f1e1cd1d30f10dc17-640x360-1.jpg\" \/>\n\t<meta property=\"og:image:width\" content=\"640\" \/>\n\t<meta property=\"og:image:height\" content=\"360\" \/>\n\t<meta property=\"og:image:type\" content=\"image\/jpeg\" \/>\n<meta name=\"author\" content=\"bosniak\" \/>\n<meta name=\"twitter:card\" content=\"summary_large_image\" \/>\n<meta name=\"twitter:label1\" content=\"Written by\" \/>\n\t<meta name=\"twitter:data1\" content=\"bosniak\" \/>\n\t<meta name=\"twitter:label2\" content=\"Est. reading time\" \/>\n\t<meta name=\"twitter:data2\" content=\"1 minuta\" \/>\n<script type=\"application\/ld+json\" class=\"yoast-schema-graph\">{\"@context\":\"https:\/\/schema.org\",\"@graph\":[{\"@type\":\"Article\",\"@id\":\"https:\/\/sandzakpress.net\/arhiva\/bosanski-i-albanski-jezik-od-naredne-godine-u-osnovnim-skolama-u-turskoj\/#article\",\"isPartOf\":{\"@id\":\"https:\/\/sandzakpress.net\/arhiva\/bosanski-i-albanski-jezik-od-naredne-godine-u-osnovnim-skolama-u-turskoj\/\"},\"author\":{\"name\":\"bosniak\",\"@id\":\"https:\/\/sandzakpress.net\/arhiva\/#\/schema\/person\/c8baee722073534b583ea7bdb2e36c02\"},\"headline\":\"Bosanski i albanski jezik od naredne godine u osnovnim \u0161kolama u Turskoj\",\"datePublished\":\"2016-10-21T18:06:34+00:00\",\"mainEntityOfPage\":{\"@id\":\"https:\/\/sandzakpress.net\/arhiva\/bosanski-i-albanski-jezik-od-naredne-godine-u-osnovnim-skolama-u-turskoj\/\"},\"wordCount\":293,\"commentCount\":2,\"publisher\":{\"@id\":\"https:\/\/sandzakpress.net\/arhiva\/#\/schema\/person\/6e72b67d6e51910a1117b3b483ba20bd\"},\"image\":{\"@id\":\"https:\/\/sandzakpress.net\/arhiva\/bosanski-i-albanski-jezik-od-naredne-godine-u-osnovnim-skolama-u-turskoj\/#primaryimage\"},\"thumbnailUrl\":\"https:\/\/sandzakpress.net\/arhiva\/wp-content\/uploads\/2016\/10\/thumbs_b_c_11a4064448a1540f1e1cd1d30f10dc17-640x360-1.jpg\",\"keywords\":[\"Bosna i Hercegovina\"],\"articleSection\":[\"Bosna PRESS\"],\"inLanguage\":\"bs-BA\",\"potentialAction\":[{\"@type\":\"CommentAction\",\"name\":\"Comment\",\"target\":[\"https:\/\/sandzakpress.net\/arhiva\/bosanski-i-albanski-jezik-od-naredne-godine-u-osnovnim-skolama-u-turskoj\/#respond\"]}]},{\"@type\":\"WebPage\",\"@id\":\"https:\/\/sandzakpress.net\/arhiva\/bosanski-i-albanski-jezik-od-naredne-godine-u-osnovnim-skolama-u-turskoj\/\",\"url\":\"https:\/\/sandzakpress.net\/arhiva\/bosanski-i-albanski-jezik-od-naredne-godine-u-osnovnim-skolama-u-turskoj\/\",\"name\":\"Bosanski i albanski jezik od naredne godine u osnovnim \u0161kolama u Turskoj\",\"isPartOf\":{\"@id\":\"https:\/\/sandzakpress.net\/arhiva\/#website\"},\"primaryImageOfPage\":{\"@id\":\"https:\/\/sandzakpress.net\/arhiva\/bosanski-i-albanski-jezik-od-naredne-godine-u-osnovnim-skolama-u-turskoj\/#primaryimage\"},\"image\":{\"@id\":\"https:\/\/sandzakpress.net\/arhiva\/bosanski-i-albanski-jezik-od-naredne-godine-u-osnovnim-skolama-u-turskoj\/#primaryimage\"},\"thumbnailUrl\":\"https:\/\/sandzakpress.net\/arhiva\/wp-content\/uploads\/2016\/10\/thumbs_b_c_11a4064448a1540f1e1cd1d30f10dc17-640x360-1.jpg\",\"datePublished\":\"2016-10-21T18:06:34+00:00\",\"breadcrumb\":{\"@id\":\"https:\/\/sandzakpress.net\/arhiva\/bosanski-i-albanski-jezik-od-naredne-godine-u-osnovnim-skolama-u-turskoj\/#breadcrumb\"},\"inLanguage\":\"bs-BA\",\"potentialAction\":[{\"@type\":\"ReadAction\",\"target\":[\"https:\/\/sandzakpress.net\/arhiva\/bosanski-i-albanski-jezik-od-naredne-godine-u-osnovnim-skolama-u-turskoj\/\"]}]},{\"@type\":\"ImageObject\",\"inLanguage\":\"bs-BA\",\"@id\":\"https:\/\/sandzakpress.net\/arhiva\/bosanski-i-albanski-jezik-od-naredne-godine-u-osnovnim-skolama-u-turskoj\/#primaryimage\",\"url\":\"https:\/\/sandzakpress.net\/arhiva\/wp-content\/uploads\/2016\/10\/thumbs_b_c_11a4064448a1540f1e1cd1d30f10dc17-640x360-1.jpg\",\"contentUrl\":\"https:\/\/sandzakpress.net\/arhiva\/wp-content\/uploads\/2016\/10\/thumbs_b_c_11a4064448a1540f1e1cd1d30f10dc17-640x360-1.jpg\",\"width\":640,\"height\":360},{\"@type\":\"BreadcrumbList\",\"@id\":\"https:\/\/sandzakpress.net\/arhiva\/bosanski-i-albanski-jezik-od-naredne-godine-u-osnovnim-skolama-u-turskoj\/#breadcrumb\",\"itemListElement\":[{\"@type\":\"ListItem\",\"position\":1,\"name\":\"Home\",\"item\":\"https:\/\/sandzakpress.net\/arhiva\/\"},{\"@type\":\"ListItem\",\"position\":2,\"name\":\"Bosanski i albanski jezik od naredne godine u osnovnim \u0161kolama u Turskoj\"}]},{\"@type\":\"WebSite\",\"@id\":\"https:\/\/sandzakpress.net\/arhiva\/#website\",\"url\":\"https:\/\/sandzakpress.net\/arhiva\/\",\"name\":\"Sand\u017eak PRESS\",\"description\":\"Prve elektronske novine u Sand\u017eaku\",\"publisher\":{\"@id\":\"https:\/\/sandzakpress.net\/arhiva\/#\/schema\/person\/6e72b67d6e51910a1117b3b483ba20bd\"},\"potentialAction\":[{\"@type\":\"SearchAction\",\"target\":{\"@type\":\"EntryPoint\",\"urlTemplate\":\"https:\/\/sandzakpress.net\/arhiva\/?s={search_term_string}\"},\"query-input\":{\"@type\":\"PropertyValueSpecification\",\"valueRequired\":true,\"valueName\":\"search_term_string\"}}],\"inLanguage\":\"bs-BA\"},{\"@type\":[\"Person\",\"Organization\"],\"@id\":\"https:\/\/sandzakpress.net\/arhiva\/#\/schema\/person\/6e72b67d6e51910a1117b3b483ba20bd\",\"name\":\"Kul\",\"image\":{\"@type\":\"ImageObject\",\"inLanguage\":\"bs-BA\",\"@id\":\"https:\/\/sandzakpress.net\/arhiva\/#\/schema\/person\/image\/\",\"url\":\"https:\/\/secure.gravatar.com\/avatar\/42263f39aa27ac04c43cab85c280eb2e?s=96&d=mm&r=pg\",\"contentUrl\":\"https:\/\/secure.gravatar.com\/avatar\/42263f39aa27ac04c43cab85c280eb2e?s=96&d=mm&r=pg\",\"caption\":\"Kul\"},\"logo\":{\"@id\":\"https:\/\/sandzakpress.net\/arhiva\/#\/schema\/person\/image\/\"}},{\"@type\":\"Person\",\"@id\":\"https:\/\/sandzakpress.net\/arhiva\/#\/schema\/person\/c8baee722073534b583ea7bdb2e36c02\",\"name\":\"bosniak\",\"image\":{\"@type\":\"ImageObject\",\"inLanguage\":\"bs-BA\",\"@id\":\"https:\/\/sandzakpress.net\/arhiva\/#\/schema\/person\/image\/\",\"url\":\"https:\/\/secure.gravatar.com\/avatar\/a04fd330bfe3a36a72a0ad4a6d89fca7?s=96&d=mm&r=pg\",\"contentUrl\":\"https:\/\/secure.gravatar.com\/avatar\/a04fd330bfe3a36a72a0ad4a6d89fca7?s=96&d=mm&r=pg\",\"caption\":\"bosniak\"},\"url\":\"https:\/\/sandzakpress.net\/arhiva\/author\/bosniak\/\"}]}<\/script>\n<!-- \/ Yoast SEO Premium plugin. -->","yoast_head_json":{"title":"Bosanski i albanski jezik od naredne godine u osnovnim \u0161kolama u Turskoj","robots":{"index":"index","follow":"follow","max-snippet":"max-snippet:-1","max-image-preview":"max-image-preview:large","max-video-preview":"max-video-preview:-1"},"canonical":"https:\/\/sandzakpress.net\/arhiva\/bosanski-i-albanski-jezik-od-naredne-godine-u-osnovnim-skolama-u-turskoj\/","og_locale":"bs_BA","og_type":"article","og_title":"Bosanski i albanski jezik od naredne godine u osnovnim \u0161kolama u Turskoj","og_description":"Turska\u00a0\u2013 U Bosni i Hercegovini oko 6.000 u\u010denika u\u010di turski jezik, a mi \u017eelimo da i na\u0161a djeca mogu ljudima iz Bosne re\u0107i dobro nam do\u0161li i ostvariti osnovnu komunikaciju EDIRNE (AA) \u2013 Od naredne \u0161kolske godine u osnovnim \u0161kolama u Turskoj \u0107e se kao izborni strani jezici podu\u010davati bosanski i albanski, javlja Anadolu Agency [&hellip;]","og_url":"https:\/\/sandzakpress.net\/arhiva\/bosanski-i-albanski-jezik-od-naredne-godine-u-osnovnim-skolama-u-turskoj\/","og_site_name":"Sand\u017eak PRESS","article_published_time":"2016-10-21T18:06:34+00:00","og_image":[{"width":640,"height":360,"url":"https:\/\/sandzakpress.net\/arhiva\/wp-content\/uploads\/2016\/10\/thumbs_b_c_11a4064448a1540f1e1cd1d30f10dc17-640x360-1.jpg","type":"image\/jpeg"}],"author":"bosniak","twitter_card":"summary_large_image","twitter_misc":{"Written by":"bosniak","Est. reading time":"1 minuta"},"schema":{"@context":"https:\/\/schema.org","@graph":[{"@type":"Article","@id":"https:\/\/sandzakpress.net\/arhiva\/bosanski-i-albanski-jezik-od-naredne-godine-u-osnovnim-skolama-u-turskoj\/#article","isPartOf":{"@id":"https:\/\/sandzakpress.net\/arhiva\/bosanski-i-albanski-jezik-od-naredne-godine-u-osnovnim-skolama-u-turskoj\/"},"author":{"name":"bosniak","@id":"https:\/\/sandzakpress.net\/arhiva\/#\/schema\/person\/c8baee722073534b583ea7bdb2e36c02"},"headline":"Bosanski i albanski jezik od naredne godine u osnovnim \u0161kolama u Turskoj","datePublished":"2016-10-21T18:06:34+00:00","mainEntityOfPage":{"@id":"https:\/\/sandzakpress.net\/arhiva\/bosanski-i-albanski-jezik-od-naredne-godine-u-osnovnim-skolama-u-turskoj\/"},"wordCount":293,"commentCount":2,"publisher":{"@id":"https:\/\/sandzakpress.net\/arhiva\/#\/schema\/person\/6e72b67d6e51910a1117b3b483ba20bd"},"image":{"@id":"https:\/\/sandzakpress.net\/arhiva\/bosanski-i-albanski-jezik-od-naredne-godine-u-osnovnim-skolama-u-turskoj\/#primaryimage"},"thumbnailUrl":"https:\/\/sandzakpress.net\/arhiva\/wp-content\/uploads\/2016\/10\/thumbs_b_c_11a4064448a1540f1e1cd1d30f10dc17-640x360-1.jpg","keywords":["Bosna i Hercegovina"],"articleSection":["Bosna PRESS"],"inLanguage":"bs-BA","potentialAction":[{"@type":"CommentAction","name":"Comment","target":["https:\/\/sandzakpress.net\/arhiva\/bosanski-i-albanski-jezik-od-naredne-godine-u-osnovnim-skolama-u-turskoj\/#respond"]}]},{"@type":"WebPage","@id":"https:\/\/sandzakpress.net\/arhiva\/bosanski-i-albanski-jezik-od-naredne-godine-u-osnovnim-skolama-u-turskoj\/","url":"https:\/\/sandzakpress.net\/arhiva\/bosanski-i-albanski-jezik-od-naredne-godine-u-osnovnim-skolama-u-turskoj\/","name":"Bosanski i albanski jezik od naredne godine u osnovnim \u0161kolama u Turskoj","isPartOf":{"@id":"https:\/\/sandzakpress.net\/arhiva\/#website"},"primaryImageOfPage":{"@id":"https:\/\/sandzakpress.net\/arhiva\/bosanski-i-albanski-jezik-od-naredne-godine-u-osnovnim-skolama-u-turskoj\/#primaryimage"},"image":{"@id":"https:\/\/sandzakpress.net\/arhiva\/bosanski-i-albanski-jezik-od-naredne-godine-u-osnovnim-skolama-u-turskoj\/#primaryimage"},"thumbnailUrl":"https:\/\/sandzakpress.net\/arhiva\/wp-content\/uploads\/2016\/10\/thumbs_b_c_11a4064448a1540f1e1cd1d30f10dc17-640x360-1.jpg","datePublished":"2016-10-21T18:06:34+00:00","breadcrumb":{"@id":"https:\/\/sandzakpress.net\/arhiva\/bosanski-i-albanski-jezik-od-naredne-godine-u-osnovnim-skolama-u-turskoj\/#breadcrumb"},"inLanguage":"bs-BA","potentialAction":[{"@type":"ReadAction","target":["https:\/\/sandzakpress.net\/arhiva\/bosanski-i-albanski-jezik-od-naredne-godine-u-osnovnim-skolama-u-turskoj\/"]}]},{"@type":"ImageObject","inLanguage":"bs-BA","@id":"https:\/\/sandzakpress.net\/arhiva\/bosanski-i-albanski-jezik-od-naredne-godine-u-osnovnim-skolama-u-turskoj\/#primaryimage","url":"https:\/\/sandzakpress.net\/arhiva\/wp-content\/uploads\/2016\/10\/thumbs_b_c_11a4064448a1540f1e1cd1d30f10dc17-640x360-1.jpg","contentUrl":"https:\/\/sandzakpress.net\/arhiva\/wp-content\/uploads\/2016\/10\/thumbs_b_c_11a4064448a1540f1e1cd1d30f10dc17-640x360-1.jpg","width":640,"height":360},{"@type":"BreadcrumbList","@id":"https:\/\/sandzakpress.net\/arhiva\/bosanski-i-albanski-jezik-od-naredne-godine-u-osnovnim-skolama-u-turskoj\/#breadcrumb","itemListElement":[{"@type":"ListItem","position":1,"name":"Home","item":"https:\/\/sandzakpress.net\/arhiva\/"},{"@type":"ListItem","position":2,"name":"Bosanski i albanski jezik od naredne godine u osnovnim \u0161kolama u Turskoj"}]},{"@type":"WebSite","@id":"https:\/\/sandzakpress.net\/arhiva\/#website","url":"https:\/\/sandzakpress.net\/arhiva\/","name":"Sand\u017eak PRESS","description":"Prve elektronske novine u Sand\u017eaku","publisher":{"@id":"https:\/\/sandzakpress.net\/arhiva\/#\/schema\/person\/6e72b67d6e51910a1117b3b483ba20bd"},"potentialAction":[{"@type":"SearchAction","target":{"@type":"EntryPoint","urlTemplate":"https:\/\/sandzakpress.net\/arhiva\/?s={search_term_string}"},"query-input":{"@type":"PropertyValueSpecification","valueRequired":true,"valueName":"search_term_string"}}],"inLanguage":"bs-BA"},{"@type":["Person","Organization"],"@id":"https:\/\/sandzakpress.net\/arhiva\/#\/schema\/person\/6e72b67d6e51910a1117b3b483ba20bd","name":"Kul","image":{"@type":"ImageObject","inLanguage":"bs-BA","@id":"https:\/\/sandzakpress.net\/arhiva\/#\/schema\/person\/image\/","url":"https:\/\/secure.gravatar.com\/avatar\/42263f39aa27ac04c43cab85c280eb2e?s=96&d=mm&r=pg","contentUrl":"https:\/\/secure.gravatar.com\/avatar\/42263f39aa27ac04c43cab85c280eb2e?s=96&d=mm&r=pg","caption":"Kul"},"logo":{"@id":"https:\/\/sandzakpress.net\/arhiva\/#\/schema\/person\/image\/"}},{"@type":"Person","@id":"https:\/\/sandzakpress.net\/arhiva\/#\/schema\/person\/c8baee722073534b583ea7bdb2e36c02","name":"bosniak","image":{"@type":"ImageObject","inLanguage":"bs-BA","@id":"https:\/\/sandzakpress.net\/arhiva\/#\/schema\/person\/image\/","url":"https:\/\/secure.gravatar.com\/avatar\/a04fd330bfe3a36a72a0ad4a6d89fca7?s=96&d=mm&r=pg","contentUrl":"https:\/\/secure.gravatar.com\/avatar\/a04fd330bfe3a36a72a0ad4a6d89fca7?s=96&d=mm&r=pg","caption":"bosniak"},"url":"https:\/\/sandzakpress.net\/arhiva\/author\/bosniak\/"}]}},"_links":{"self":[{"href":"https:\/\/sandzakpress.net\/arhiva\/wp-json\/wp\/v2\/posts\/171320"}],"collection":[{"href":"https:\/\/sandzakpress.net\/arhiva\/wp-json\/wp\/v2\/posts"}],"about":[{"href":"https:\/\/sandzakpress.net\/arhiva\/wp-json\/wp\/v2\/types\/post"}],"author":[{"embeddable":true,"href":"https:\/\/sandzakpress.net\/arhiva\/wp-json\/wp\/v2\/users\/83"}],"replies":[{"embeddable":true,"href":"https:\/\/sandzakpress.net\/arhiva\/wp-json\/wp\/v2\/comments?post=171320"}],"version-history":[{"count":0,"href":"https:\/\/sandzakpress.net\/arhiva\/wp-json\/wp\/v2\/posts\/171320\/revisions"}],"wp:featuredmedia":[{"embeddable":true,"href":"https:\/\/sandzakpress.net\/arhiva\/wp-json\/wp\/v2\/media\/171322"}],"wp:attachment":[{"href":"https:\/\/sandzakpress.net\/arhiva\/wp-json\/wp\/v2\/media?parent=171320"}],"wp:term":[{"taxonomy":"category","embeddable":true,"href":"https:\/\/sandzakpress.net\/arhiva\/wp-json\/wp\/v2\/categories?post=171320"},{"taxonomy":"post_tag","embeddable":true,"href":"https:\/\/sandzakpress.net\/arhiva\/wp-json\/wp\/v2\/tags?post=171320"}],"curies":[{"name":"wp","href":"https:\/\/api.w.org\/{rel}","templated":true}]}}