{"id":17118,"date":"2011-06-24T17:42:20","date_gmt":"2011-06-24T15:42:20","guid":{"rendered":"https:\/\/sandzakpress.net\/arhiva\/?p=17118"},"modified":"2011-06-24T17:49:10","modified_gmt":"2011-06-24T15:49:10","slug":"ekonomija-i-infrastruktura-su-stvarni-problemi-u-sandzaku","status":"publish","type":"post","link":"https:\/\/sandzakpress.net\/arhiva\/ekonomija-i-infrastruktura-su-stvarni-problemi-u-sandzaku\/","title":{"rendered":"Ekonomija i infrastruktura su stvarni problemi u Sand\u017eaku"},"content":{"rendered":"<figure id=\"attachment_17119\" aria-describedby=\"caption-attachment-17119\" style=\"width: 248px\" class=\"wp-caption alignleft\"><a href=\"https:\/\/sandzakpress.net\/arhiva\/wp-content\/uploads\/2011\/06\/ali-riza-colak.jpg\"><img loading=\"lazy\" decoding=\"async\" class=\"size-full wp-image-17119\" title=\"ali riza colak\" src=\"https:\/\/sandzakpress.net\/arhiva\/wp-content\/uploads\/2011\/06\/ali-riza-colak.jpg\" alt=\"\" width=\"248\" height=\"259\" \/><\/a><figcaption id=\"caption-attachment-17119\" class=\"wp-caption-text\">Ali Riza \u010colak, ambasador Turske u Srbiji<\/figcaption><\/figure>\n<p><strong>\u010cim je ekipa \u201ePolitike\u201d zapo\u010dela intervju u kabinetu ambasadora Turske u Beogradu, Ali Riza \u010colak je izvadio ise\u010dak iz novina sa naslovom \u201eZukorli\u0107 i Zilki\u0107 spremni na pomirenje\u201d i rekao da su se posle boravka delegacije turske u Novom Pazaru u javnosti pojavile neta\u010dne i konfuzne informacije. <\/strong><\/p>\n<div>Ambasador je objasnio da misija nije bila usmerena samo na to da pomiri islamsku zajednicu ve\u0107 da obavi sveobuhvatne razgovore sa svima u Sand\u017eaku i Beogradu. \u201eOva misija je organizovana u veoma otvorenoj i tesnoj koordinaciji sa vlastima u Srbiji. Ideja je bila da saznamo konkretne zahteve i potrebe u Sand\u017eaku. Najva\u017enije je re\u0107i da mi nismo ni za ni protiv bilo koje od politi\u010dkih stranaka ili drugih opcija u Sand\u017eaku niti u Srbiji. Okvir ove misije bio je da sve mora da se odvija u skladu sa zakonima u Srbiji\u201d, kazaoje ambasador \u010colak.<strong>Da li to zna\u010di da ne\u0107ete miriti bo\u0161nja\u010dke verske lidere u Sand\u017eaku?<\/strong><\/p>\n<p>Islamska zajednica je samo jedan problem, ali tamo postoje mnogi drugi problemi: ekonomski i infrastrukturni. Prvi sastanak je bio kod gradona\u010delnika Novog Pazara, na kome je prisustvovalo \u0161est gradona\u010delnika, izuzev \u010delnika iz Ra\u0161ke koji je bio spre\u010den. Dva sata su trajali razgovori o potrebama regiona, \u0161ta za njih treba uraditi, \u0161ta su im prioriteti i koje projekte treba podr\u017eati. Ove nedelje tako\u0111e \u0161aljemo i predstavnika TIKE (Turska agencija za me\u0111unarodnu saradnju).<\/p>\n<p><strong>Reis Adem Zilki\u0107 je rekao da je delegacija iz Turske samo slu\u0161ala, pitala i zapisivala i da ni\u0161ta nije rekla?<\/strong><\/p>\n<p>Ne, nije ta\u010dno da im nismo preneli nikakve poruke. Ba\u0161 naprotiv. Na\u0161a poruka je glasila da je smirivanje strasti i napetosti izuzetno va\u017eno za ovaj region, da oni moraju da po\u0161tuju zakone i propise Srbije, da je Sand\u017eak deo Srbije i da je most prijateljstva izme\u0111u Srbije i Turske. A da su sveop\u0161ti odnosi izme\u0111u Srbije i Turske za nas izuzetno va\u017eni. Ponovili smo da nismo ni za ni protiv bilo koje od strana, da se moraju ujediniti i re\u0161iti svoje probleme i to \u0161to pre. Jer problemi izme\u0111u muftija, koji su privukli najvi\u0161e pa\u017enje javnosti, nisu jedini problem regiona. Za Sand\u017eak su va\u017eni putevi, infrastruktura i mi smo na to skrenuli pa\u017enju i predstavnicima vlade i lokalnih vlasti.<\/p>\n<p><strong>Pri tome vlasti u Srbiji kasne sa projektima.<\/strong><\/p>\n<p>\u0160to se ti\u010de obaveza Srbije vrlo je bitno da se \u0161to pre izradi studija izvodljivosti lokalnih puteva koji su narodu u tom regionu najpotrebniji: Novi Pazar \u2013 Sjenica i Novi Pazar\u2013Tutin. Turska je spremna da po\u010dne sa radovima, ali se \u010deka studija izvodljivosti. Tako\u0111e, Turska je pripremila donaciju od 10 miliona evra za preure\u0111enje aerodroma La\u0111evci kod Kraljeva u civilni aerodrom.<\/p>\n<p><strong>Postoji mnogo izjava turskih politi\u010dara koje unose veliki \u0161um u odnose Srbije i Turske. Poznate su izjave ministra spoljnih poslova Ahmeta Davutoglua, pa \u010dak i njegova knjiga \u201eStrate\u0161ka dubina\u201d, koja u Srbiji nije prevedena, nosi osmanske ideje od kojih Srbija zazire.<\/strong><\/p>\n<p>\u0160ta je osmanizam? Kako vi shvatate osmanizam?<\/p>\n<p><strong>Zar nije logi\u010dno da su to reminiscencije na Otomansku imperiju od koje su Srbi imali mnogo nevolja.<\/strong><\/p>\n<p>Osmansko carstvo je trajalo 600 godina, na po\u010detku je bilo ratovanja da bi se pro\u0161irilo i na kraju ga je bilo kada se imperija osipala. Ali 350 godina su sve nacije unutar imperije zajedno \u017eivele. I nije bilo u pitanju ropstvo pod Turcima, nisu to bile ni kolonije ve\u0107 provincije Osmanskog carstva. Oni su bili samo narodi unutar carstva koji su davali i svoj doprinos. Na primer, Srbija je iznedrila najuspe\u0161nijeg velikog vezira, da spomenemo da je \u0161est sultanija \u2013 majki \u0161estorice sultana bilo iz Srbije.<\/p>\n<p><strong>Ali Srbi su imali svoj nacionalni identitet i pre Otomanskog carstva.<\/strong><\/p>\n<p>Naravno. U doba sumraka carevine ve\u0107 su \u0161irom Evrope oja\u010dali nacionalni pokreti za oslobo\u0111enje. A kada gradite nacionalnu dr\u017eavu i nacionalni identitet, onda vam je potreban neprijatelj. I izbor logi\u010dno pada na onog koji vlada. Tako je Turskoj dodeljena uloga neprijatelja oko koga se gradilo nacionalno jedinstvo. Taj zajedni\u010dki \u017eivot razvio je i zajedni\u010dki mentalitet, tako da se na\u0161i narodi dobro razumeju.<\/p>\n<p><strong>A ono \u0161to je sporno u izjavama va\u0161ih politi\u010dara pripisa\u0107ete \u201eemotivnosti\u201d.<\/strong><\/p>\n<p>\u0160to se ti\u010de emotivnosti turskih politi\u010dara, pomenuli ste turskog ministra Davutoglua, on nijednom nije posetio Kosovo. Srbiju je posetio sedam puta. Zato \u0161to smo svesni da je Srbija klju\u010d za mir i stabilnost na Balkanu.<\/p>\n<p><strong>Za\u0161to ste toliko zainteresovani za Sand\u017eak?<\/strong><\/p>\n<p>Verujte, zato \u0161to Vlada Srbije to tra\u017ei od nas, odnosno \u017eeli da se postaramo za region koji je pun problema. Turska se ne bori da dominira u ovom regionu. Sve \u0161to radi, sve njene poruke su vrlo dobronamerne i otvorene, one dolaze kao prijateljski savet. Mi ne podsti\u010demo Vladu Srbije da uradi svoj deo posla zato \u0161to je to u na\u0161em interesu nego zato \u0161to je va\u017eno da se ti projekti \u0161to pre zavr\u0161e radi ekonomskog razvoja regije Sand\u017eak i radi stabilnosti Srbije. Ako se mi ne zauzmemo, verujte, ne\u0107e niko drugi.<\/p>\n<p><strong>Biljana Mitrinovi\u0107<\/strong><\/p>\n<p><strong>&#8212;&#8212;&#8212;&#8212;&#8212;&#8212;&#8212;&#8212;&#8212;&#8212;&#8212;&#8212;&#8212;&#8212;&#8212;&#8212;&#8212;&#8212;&#8212;&#8211;<\/strong><\/p>\n<p><strong>Morali smo da priznamo Kosovo<\/strong><\/p>\n<p><strong>Pretpostavljam da ste svesni da osetljivost Srbije proizlazi i zbog odnosa Turske prema Kosovu i zbog straha Srbije od dalje dezintegracije.<\/strong><\/p>\n<p>Moram da podvu\u010dem ogromnu razliku izme\u0111u ove dve stvari. Problem Kosova se razvio sam od sebe, mi nismo ni\u0161ta sa tim imali niti smo na to uticali. Jedino smo priznali Kosovo kada je ono ve\u0107 proglasilo svoju nezavisnost. A to smo morali da uradimo, jer imajte u vidu da u Turskoj \u017eivi vi\u0161e Albanaca nego na teritoriji Kosova. Trebalo bi da vas zabrine da nismo priznali, jer to ne bi bio iskren gest. Kada je Sand\u017eak u pitanju, na\u0161a poruka u svim ovim susretima je bila da je Sand\u017eak deo Srbije i da \u0107e jedino prosperirati ako bude imao dobre odnose sa Beogradom. Predstavnici obe islamske zajednice po\u010deli su da daju smiruju\u0107e izjave, ne\u0161to je po\u010delo da se kre\u0107e. Jednostavno, svako mora da uradi svoj deo posla.<\/p>\n<p><strong>Da li je smiruju\u0107a i poruka turskog premijera Taipa Erdogana da je njegovom pobedom pobedilo i Sarajevo?<\/strong><\/p>\n<p>Ja zaista ne bih da komentari\u0161em takvu spontanu izjavu premijera. Nisam u poziciji da znam njegova ose\u0107anja u datom trenutku, pa ne bih da to komentari\u0161em. Ali, pustite to. To je stvar izborne kampanje i trenutnog nadahnu\u0107a. Spoljna politika Turske je usmerena ka tome da uspostavi prsten mira, saradnje i dobrostanja oko na\u0161e zemlje prema devizi Ataturka: Mir u ku\u0107i, mir u svetu.<\/p>\n<p>Izvori:<strong> Politika.rs, BKZ.rs<\/strong><\/p>\n<\/div>\n","protected":false},"excerpt":{"rendered":"<p>\u010cim je ekipa \u201ePolitike\u201d zapo\u010dela intervju u kabinetu ambasadora Turske u Beogradu, Ali Riza \u010colak je izvadio ise\u010dak iz novina sa naslovom \u201eZukorli\u0107 i Zilki\u0107 spremni na pomirenje\u201d i rekao da su se posle boravka delegacije turske u Novom Pazaru u javnosti pojavile neta\u010dne i konfuzne informacije. Ambasador je objasnio da misija nije bila usmerena [&hellip;]<\/p>\n","protected":false},"author":83,"featured_media":17119,"comment_status":"open","ping_status":"open","sticky":false,"template":"","format":"standard","meta":{"footnotes":""},"categories":[72,52,327,392,393,394,2692],"tags":[],"class_list":{"0":"post-17118","1":"post","2":"type-post","3":"status-publish","4":"format-standard","5":"has-post-thumbnail","7":"category-novi-pazar","8":"category-sjenica","9":"category-tutin","10":"category-prijepolje_","11":"category-priboj","12":"category-nova-varos","13":"category-turska-gradovi"},"yoast_head":"<!-- This site is optimized with the Yoast SEO Premium plugin v23.1 (Yoast SEO v24.9) - https:\/\/yoast.com\/wordpress\/plugins\/seo\/ -->\n<title>Ekonomija i infrastruktura su stvarni problemi u Sand\u017eaku<\/title>\n<meta name=\"robots\" content=\"index, follow, max-snippet:-1, max-image-preview:large, max-video-preview:-1\" \/>\n<link rel=\"canonical\" href=\"https:\/\/sandzakpress.net\/arhiva\/ekonomija-i-infrastruktura-su-stvarni-problemi-u-sandzaku\/\" \/>\n<meta property=\"og:locale\" content=\"bs_BA\" \/>\n<meta property=\"og:type\" content=\"article\" \/>\n<meta property=\"og:title\" content=\"Ekonomija i infrastruktura su stvarni problemi u Sand\u017eaku\" \/>\n<meta property=\"og:description\" content=\"\u010cim je ekipa \u201ePolitike\u201d zapo\u010dela intervju u kabinetu ambasadora Turske u Beogradu, Ali Riza \u010colak je izvadio ise\u010dak iz novina sa naslovom \u201eZukorli\u0107 i Zilki\u0107 spremni na pomirenje\u201d i rekao da su se posle boravka delegacije turske u Novom Pazaru u javnosti pojavile neta\u010dne i konfuzne informacije. Ambasador je objasnio da misija nije bila usmerena [&hellip;]\" \/>\n<meta property=\"og:url\" content=\"https:\/\/sandzakpress.net\/arhiva\/ekonomija-i-infrastruktura-su-stvarni-problemi-u-sandzaku\/\" \/>\n<meta property=\"og:site_name\" content=\"Sand\u017eak PRESS\" \/>\n<meta property=\"article:published_time\" content=\"2011-06-24T15:42:20+00:00\" \/>\n<meta property=\"article:modified_time\" content=\"2011-06-24T15:49:10+00:00\" \/>\n<meta property=\"og:image\" content=\"https:\/\/sandzakpress.net\/arhiva\/wp-content\/uploads\/2011\/06\/ali-riza-colak.jpg\" \/>\n\t<meta property=\"og:image:width\" content=\"248\" \/>\n\t<meta property=\"og:image:height\" content=\"259\" \/>\n\t<meta property=\"og:image:type\" content=\"image\/jpeg\" \/>\n<meta name=\"author\" content=\"bosniak\" \/>\n<meta name=\"twitter:card\" content=\"summary_large_image\" \/>\n<meta name=\"twitter:label1\" content=\"Written by\" \/>\n\t<meta name=\"twitter:data1\" content=\"bosniak\" \/>\n\t<meta name=\"twitter:label2\" content=\"Est. reading time\" \/>\n\t<meta name=\"twitter:data2\" content=\"6 minuta\" \/>\n<script type=\"application\/ld+json\" class=\"yoast-schema-graph\">{\"@context\":\"https:\/\/schema.org\",\"@graph\":[{\"@type\":\"Article\",\"@id\":\"https:\/\/sandzakpress.net\/arhiva\/ekonomija-i-infrastruktura-su-stvarni-problemi-u-sandzaku\/#article\",\"isPartOf\":{\"@id\":\"https:\/\/sandzakpress.net\/arhiva\/ekonomija-i-infrastruktura-su-stvarni-problemi-u-sandzaku\/\"},\"author\":{\"name\":\"bosniak\",\"@id\":\"https:\/\/sandzakpress.net\/arhiva\/#\/schema\/person\/c8baee722073534b583ea7bdb2e36c02\"},\"headline\":\"Ekonomija i infrastruktura su stvarni problemi u Sand\u017eaku\",\"datePublished\":\"2011-06-24T15:42:20+00:00\",\"dateModified\":\"2011-06-24T15:49:10+00:00\",\"mainEntityOfPage\":{\"@id\":\"https:\/\/sandzakpress.net\/arhiva\/ekonomija-i-infrastruktura-su-stvarni-problemi-u-sandzaku\/\"},\"wordCount\":1151,\"commentCount\":3,\"publisher\":{\"@id\":\"https:\/\/sandzakpress.net\/arhiva\/#\/schema\/person\/6e72b67d6e51910a1117b3b483ba20bd\"},\"image\":{\"@id\":\"https:\/\/sandzakpress.net\/arhiva\/ekonomija-i-infrastruktura-su-stvarni-problemi-u-sandzaku\/#primaryimage\"},\"thumbnailUrl\":\"https:\/\/sandzakpress.net\/arhiva\/wp-content\/uploads\/2011\/06\/ali-riza-colak.jpg\",\"articleSection\":[\"Novi Pazar\",\"Sjenica\",\"Tutin\",\"Prijepolje\",\"Priboj\",\"Nova Varo\u0161\",\"Turska\"],\"inLanguage\":\"bs-BA\",\"potentialAction\":[{\"@type\":\"CommentAction\",\"name\":\"Comment\",\"target\":[\"https:\/\/sandzakpress.net\/arhiva\/ekonomija-i-infrastruktura-su-stvarni-problemi-u-sandzaku\/#respond\"]}]},{\"@type\":\"WebPage\",\"@id\":\"https:\/\/sandzakpress.net\/arhiva\/ekonomija-i-infrastruktura-su-stvarni-problemi-u-sandzaku\/\",\"url\":\"https:\/\/sandzakpress.net\/arhiva\/ekonomija-i-infrastruktura-su-stvarni-problemi-u-sandzaku\/\",\"name\":\"Ekonomija i infrastruktura su stvarni problemi u Sand\u017eaku\",\"isPartOf\":{\"@id\":\"https:\/\/sandzakpress.net\/arhiva\/#website\"},\"primaryImageOfPage\":{\"@id\":\"https:\/\/sandzakpress.net\/arhiva\/ekonomija-i-infrastruktura-su-stvarni-problemi-u-sandzaku\/#primaryimage\"},\"image\":{\"@id\":\"https:\/\/sandzakpress.net\/arhiva\/ekonomija-i-infrastruktura-su-stvarni-problemi-u-sandzaku\/#primaryimage\"},\"thumbnailUrl\":\"https:\/\/sandzakpress.net\/arhiva\/wp-content\/uploads\/2011\/06\/ali-riza-colak.jpg\",\"datePublished\":\"2011-06-24T15:42:20+00:00\",\"dateModified\":\"2011-06-24T15:49:10+00:00\",\"breadcrumb\":{\"@id\":\"https:\/\/sandzakpress.net\/arhiva\/ekonomija-i-infrastruktura-su-stvarni-problemi-u-sandzaku\/#breadcrumb\"},\"inLanguage\":\"bs-BA\",\"potentialAction\":[{\"@type\":\"ReadAction\",\"target\":[\"https:\/\/sandzakpress.net\/arhiva\/ekonomija-i-infrastruktura-su-stvarni-problemi-u-sandzaku\/\"]}]},{\"@type\":\"ImageObject\",\"inLanguage\":\"bs-BA\",\"@id\":\"https:\/\/sandzakpress.net\/arhiva\/ekonomija-i-infrastruktura-su-stvarni-problemi-u-sandzaku\/#primaryimage\",\"url\":\"https:\/\/sandzakpress.net\/arhiva\/wp-content\/uploads\/2011\/06\/ali-riza-colak.jpg\",\"contentUrl\":\"https:\/\/sandzakpress.net\/arhiva\/wp-content\/uploads\/2011\/06\/ali-riza-colak.jpg\",\"width\":248,\"height\":259},{\"@type\":\"BreadcrumbList\",\"@id\":\"https:\/\/sandzakpress.net\/arhiva\/ekonomija-i-infrastruktura-su-stvarni-problemi-u-sandzaku\/#breadcrumb\",\"itemListElement\":[{\"@type\":\"ListItem\",\"position\":1,\"name\":\"Home\",\"item\":\"https:\/\/sandzakpress.net\/arhiva\/\"},{\"@type\":\"ListItem\",\"position\":2,\"name\":\"Ekonomija i infrastruktura su stvarni problemi u Sand\u017eaku\"}]},{\"@type\":\"WebSite\",\"@id\":\"https:\/\/sandzakpress.net\/arhiva\/#website\",\"url\":\"https:\/\/sandzakpress.net\/arhiva\/\",\"name\":\"Sand\u017eak PRESS\",\"description\":\"Prve elektronske novine u Sand\u017eaku\",\"publisher\":{\"@id\":\"https:\/\/sandzakpress.net\/arhiva\/#\/schema\/person\/6e72b67d6e51910a1117b3b483ba20bd\"},\"potentialAction\":[{\"@type\":\"SearchAction\",\"target\":{\"@type\":\"EntryPoint\",\"urlTemplate\":\"https:\/\/sandzakpress.net\/arhiva\/?s={search_term_string}\"},\"query-input\":{\"@type\":\"PropertyValueSpecification\",\"valueRequired\":true,\"valueName\":\"search_term_string\"}}],\"inLanguage\":\"bs-BA\"},{\"@type\":[\"Person\",\"Organization\"],\"@id\":\"https:\/\/sandzakpress.net\/arhiva\/#\/schema\/person\/6e72b67d6e51910a1117b3b483ba20bd\",\"name\":\"Kul\",\"image\":{\"@type\":\"ImageObject\",\"inLanguage\":\"bs-BA\",\"@id\":\"https:\/\/sandzakpress.net\/arhiva\/#\/schema\/person\/image\/\",\"url\":\"https:\/\/secure.gravatar.com\/avatar\/42263f39aa27ac04c43cab85c280eb2e?s=96&d=mm&r=pg\",\"contentUrl\":\"https:\/\/secure.gravatar.com\/avatar\/42263f39aa27ac04c43cab85c280eb2e?s=96&d=mm&r=pg\",\"caption\":\"Kul\"},\"logo\":{\"@id\":\"https:\/\/sandzakpress.net\/arhiva\/#\/schema\/person\/image\/\"}},{\"@type\":\"Person\",\"@id\":\"https:\/\/sandzakpress.net\/arhiva\/#\/schema\/person\/c8baee722073534b583ea7bdb2e36c02\",\"name\":\"bosniak\",\"image\":{\"@type\":\"ImageObject\",\"inLanguage\":\"bs-BA\",\"@id\":\"https:\/\/sandzakpress.net\/arhiva\/#\/schema\/person\/image\/\",\"url\":\"https:\/\/secure.gravatar.com\/avatar\/a04fd330bfe3a36a72a0ad4a6d89fca7?s=96&d=mm&r=pg\",\"contentUrl\":\"https:\/\/secure.gravatar.com\/avatar\/a04fd330bfe3a36a72a0ad4a6d89fca7?s=96&d=mm&r=pg\",\"caption\":\"bosniak\"},\"url\":\"https:\/\/sandzakpress.net\/arhiva\/author\/bosniak\/\"}]}<\/script>\n<!-- \/ Yoast SEO Premium plugin. -->","yoast_head_json":{"title":"Ekonomija i infrastruktura su stvarni problemi u Sand\u017eaku","robots":{"index":"index","follow":"follow","max-snippet":"max-snippet:-1","max-image-preview":"max-image-preview:large","max-video-preview":"max-video-preview:-1"},"canonical":"https:\/\/sandzakpress.net\/arhiva\/ekonomija-i-infrastruktura-su-stvarni-problemi-u-sandzaku\/","og_locale":"bs_BA","og_type":"article","og_title":"Ekonomija i infrastruktura su stvarni problemi u Sand\u017eaku","og_description":"\u010cim je ekipa \u201ePolitike\u201d zapo\u010dela intervju u kabinetu ambasadora Turske u Beogradu, Ali Riza \u010colak je izvadio ise\u010dak iz novina sa naslovom \u201eZukorli\u0107 i Zilki\u0107 spremni na pomirenje\u201d i rekao da su se posle boravka delegacije turske u Novom Pazaru u javnosti pojavile neta\u010dne i konfuzne informacije. Ambasador je objasnio da misija nije bila usmerena [&hellip;]","og_url":"https:\/\/sandzakpress.net\/arhiva\/ekonomija-i-infrastruktura-su-stvarni-problemi-u-sandzaku\/","og_site_name":"Sand\u017eak PRESS","article_published_time":"2011-06-24T15:42:20+00:00","article_modified_time":"2011-06-24T15:49:10+00:00","og_image":[{"width":248,"height":259,"url":"https:\/\/sandzakpress.net\/arhiva\/wp-content\/uploads\/2011\/06\/ali-riza-colak.jpg","type":"image\/jpeg"}],"author":"bosniak","twitter_card":"summary_large_image","twitter_misc":{"Written by":"bosniak","Est. reading time":"6 minuta"},"schema":{"@context":"https:\/\/schema.org","@graph":[{"@type":"Article","@id":"https:\/\/sandzakpress.net\/arhiva\/ekonomija-i-infrastruktura-su-stvarni-problemi-u-sandzaku\/#article","isPartOf":{"@id":"https:\/\/sandzakpress.net\/arhiva\/ekonomija-i-infrastruktura-su-stvarni-problemi-u-sandzaku\/"},"author":{"name":"bosniak","@id":"https:\/\/sandzakpress.net\/arhiva\/#\/schema\/person\/c8baee722073534b583ea7bdb2e36c02"},"headline":"Ekonomija i infrastruktura su stvarni problemi u Sand\u017eaku","datePublished":"2011-06-24T15:42:20+00:00","dateModified":"2011-06-24T15:49:10+00:00","mainEntityOfPage":{"@id":"https:\/\/sandzakpress.net\/arhiva\/ekonomija-i-infrastruktura-su-stvarni-problemi-u-sandzaku\/"},"wordCount":1151,"commentCount":3,"publisher":{"@id":"https:\/\/sandzakpress.net\/arhiva\/#\/schema\/person\/6e72b67d6e51910a1117b3b483ba20bd"},"image":{"@id":"https:\/\/sandzakpress.net\/arhiva\/ekonomija-i-infrastruktura-su-stvarni-problemi-u-sandzaku\/#primaryimage"},"thumbnailUrl":"https:\/\/sandzakpress.net\/arhiva\/wp-content\/uploads\/2011\/06\/ali-riza-colak.jpg","articleSection":["Novi Pazar","Sjenica","Tutin","Prijepolje","Priboj","Nova Varo\u0161","Turska"],"inLanguage":"bs-BA","potentialAction":[{"@type":"CommentAction","name":"Comment","target":["https:\/\/sandzakpress.net\/arhiva\/ekonomija-i-infrastruktura-su-stvarni-problemi-u-sandzaku\/#respond"]}]},{"@type":"WebPage","@id":"https:\/\/sandzakpress.net\/arhiva\/ekonomija-i-infrastruktura-su-stvarni-problemi-u-sandzaku\/","url":"https:\/\/sandzakpress.net\/arhiva\/ekonomija-i-infrastruktura-su-stvarni-problemi-u-sandzaku\/","name":"Ekonomija i infrastruktura su stvarni problemi u Sand\u017eaku","isPartOf":{"@id":"https:\/\/sandzakpress.net\/arhiva\/#website"},"primaryImageOfPage":{"@id":"https:\/\/sandzakpress.net\/arhiva\/ekonomija-i-infrastruktura-su-stvarni-problemi-u-sandzaku\/#primaryimage"},"image":{"@id":"https:\/\/sandzakpress.net\/arhiva\/ekonomija-i-infrastruktura-su-stvarni-problemi-u-sandzaku\/#primaryimage"},"thumbnailUrl":"https:\/\/sandzakpress.net\/arhiva\/wp-content\/uploads\/2011\/06\/ali-riza-colak.jpg","datePublished":"2011-06-24T15:42:20+00:00","dateModified":"2011-06-24T15:49:10+00:00","breadcrumb":{"@id":"https:\/\/sandzakpress.net\/arhiva\/ekonomija-i-infrastruktura-su-stvarni-problemi-u-sandzaku\/#breadcrumb"},"inLanguage":"bs-BA","potentialAction":[{"@type":"ReadAction","target":["https:\/\/sandzakpress.net\/arhiva\/ekonomija-i-infrastruktura-su-stvarni-problemi-u-sandzaku\/"]}]},{"@type":"ImageObject","inLanguage":"bs-BA","@id":"https:\/\/sandzakpress.net\/arhiva\/ekonomija-i-infrastruktura-su-stvarni-problemi-u-sandzaku\/#primaryimage","url":"https:\/\/sandzakpress.net\/arhiva\/wp-content\/uploads\/2011\/06\/ali-riza-colak.jpg","contentUrl":"https:\/\/sandzakpress.net\/arhiva\/wp-content\/uploads\/2011\/06\/ali-riza-colak.jpg","width":248,"height":259},{"@type":"BreadcrumbList","@id":"https:\/\/sandzakpress.net\/arhiva\/ekonomija-i-infrastruktura-su-stvarni-problemi-u-sandzaku\/#breadcrumb","itemListElement":[{"@type":"ListItem","position":1,"name":"Home","item":"https:\/\/sandzakpress.net\/arhiva\/"},{"@type":"ListItem","position":2,"name":"Ekonomija i infrastruktura su stvarni problemi u Sand\u017eaku"}]},{"@type":"WebSite","@id":"https:\/\/sandzakpress.net\/arhiva\/#website","url":"https:\/\/sandzakpress.net\/arhiva\/","name":"Sand\u017eak PRESS","description":"Prve elektronske novine u Sand\u017eaku","publisher":{"@id":"https:\/\/sandzakpress.net\/arhiva\/#\/schema\/person\/6e72b67d6e51910a1117b3b483ba20bd"},"potentialAction":[{"@type":"SearchAction","target":{"@type":"EntryPoint","urlTemplate":"https:\/\/sandzakpress.net\/arhiva\/?s={search_term_string}"},"query-input":{"@type":"PropertyValueSpecification","valueRequired":true,"valueName":"search_term_string"}}],"inLanguage":"bs-BA"},{"@type":["Person","Organization"],"@id":"https:\/\/sandzakpress.net\/arhiva\/#\/schema\/person\/6e72b67d6e51910a1117b3b483ba20bd","name":"Kul","image":{"@type":"ImageObject","inLanguage":"bs-BA","@id":"https:\/\/sandzakpress.net\/arhiva\/#\/schema\/person\/image\/","url":"https:\/\/secure.gravatar.com\/avatar\/42263f39aa27ac04c43cab85c280eb2e?s=96&d=mm&r=pg","contentUrl":"https:\/\/secure.gravatar.com\/avatar\/42263f39aa27ac04c43cab85c280eb2e?s=96&d=mm&r=pg","caption":"Kul"},"logo":{"@id":"https:\/\/sandzakpress.net\/arhiva\/#\/schema\/person\/image\/"}},{"@type":"Person","@id":"https:\/\/sandzakpress.net\/arhiva\/#\/schema\/person\/c8baee722073534b583ea7bdb2e36c02","name":"bosniak","image":{"@type":"ImageObject","inLanguage":"bs-BA","@id":"https:\/\/sandzakpress.net\/arhiva\/#\/schema\/person\/image\/","url":"https:\/\/secure.gravatar.com\/avatar\/a04fd330bfe3a36a72a0ad4a6d89fca7?s=96&d=mm&r=pg","contentUrl":"https:\/\/secure.gravatar.com\/avatar\/a04fd330bfe3a36a72a0ad4a6d89fca7?s=96&d=mm&r=pg","caption":"bosniak"},"url":"https:\/\/sandzakpress.net\/arhiva\/author\/bosniak\/"}]}},"_links":{"self":[{"href":"https:\/\/sandzakpress.net\/arhiva\/wp-json\/wp\/v2\/posts\/17118"}],"collection":[{"href":"https:\/\/sandzakpress.net\/arhiva\/wp-json\/wp\/v2\/posts"}],"about":[{"href":"https:\/\/sandzakpress.net\/arhiva\/wp-json\/wp\/v2\/types\/post"}],"author":[{"embeddable":true,"href":"https:\/\/sandzakpress.net\/arhiva\/wp-json\/wp\/v2\/users\/83"}],"replies":[{"embeddable":true,"href":"https:\/\/sandzakpress.net\/arhiva\/wp-json\/wp\/v2\/comments?post=17118"}],"version-history":[{"count":0,"href":"https:\/\/sandzakpress.net\/arhiva\/wp-json\/wp\/v2\/posts\/17118\/revisions"}],"wp:featuredmedia":[{"embeddable":true,"href":"https:\/\/sandzakpress.net\/arhiva\/wp-json\/wp\/v2\/media\/17119"}],"wp:attachment":[{"href":"https:\/\/sandzakpress.net\/arhiva\/wp-json\/wp\/v2\/media?parent=17118"}],"wp:term":[{"taxonomy":"category","embeddable":true,"href":"https:\/\/sandzakpress.net\/arhiva\/wp-json\/wp\/v2\/categories?post=17118"},{"taxonomy":"post_tag","embeddable":true,"href":"https:\/\/sandzakpress.net\/arhiva\/wp-json\/wp\/v2\/tags?post=17118"}],"curies":[{"name":"wp","href":"https:\/\/api.w.org\/{rel}","templated":true}]}}