{"id":17104,"date":"2011-06-23T13:16:11","date_gmt":"2011-06-23T11:16:11","guid":{"rendered":"https:\/\/sandzakpress.net\/arhiva\/?p=17104"},"modified":"2011-06-23T13:16:11","modified_gmt":"2011-06-23T11:16:11","slug":"bkz-ugostio-delegacije-republike-turske","status":"publish","type":"post","link":"https:\/\/sandzakpress.net\/arhiva\/bkz-ugostio-delegacije-republike-turske\/","title":{"rendered":"BKZ ugostio delegacije Republike Turske"},"content":{"rendered":"<p><strong><a href=\"https:\/\/sandzakpress.net\/arhiva\/wp-content\/uploads\/2011\/06\/ambasador-turske-u-bkz-1.jpg\"><img loading=\"lazy\" decoding=\"async\" class=\"alignleft size-medium wp-image-17105\" src=\"https:\/\/sandzakpress.net\/arhiva\/wp-content\/uploads\/2011\/06\/ambasador-turske-u-bkz-1-300x193.jpg\" alt=\"\" width=\"300\" height=\"193\" \/><\/a>Turska &#8211; Visoki predstavnici Bo\u0161nja\u010dke kulturne zajednice Samir Tandir,  predsjednik Izvr\u0161nog odbora, Sead ef. \u0160a\u0107irovi\u0107, potpredsjednik  Skup\u0161tine, predovo\u0111eni predsjednikom Jahjom Fehratovi\u0107em primili su  danas, 16. 6. 2011., mngobrojnu delegaciju Republike Turske koju su \u010dini  predstavnici kabineta Premijera, Ministarstva vanjskih poslova,  Dijaneta, TIKA-e i \u201eYunus Emre\u201c fondacije, koju je predvodio ambasador  republike Turske u Srbiji Ali Riza \u010colak.Gosti  su se interesirali za stanje u Sand\u017eaku, unapre\u0111enje u kulturolo\u0161kom,  ekonomskom i svakom drugom smislu, te rje\u0161avanje problema koji gu\u0161e  njegov razvoj. <\/strong><\/p>\n<p><a href=\"http:\/\/www.bkz.org.rs\/wp-content\/uploads\/2011\/06\/ambasador-turske-u-bkz-2.jpg\"><img loading=\"lazy\" decoding=\"async\" src=\"http:\/\/www.bkz.org.rs\/wp-content\/uploads\/2011\/06\/ambasador-turske-u-bkz-2-300x165.jpg\" alt=\"\" width=\"300\" height=\"165\" \/><\/a>Predstavnici  BKZ-a su goste upoznali sa radom Bo\u0161nja\u010dke kulturne zajednice i njenim  aktivnostima na polju afirmacije i za\u0161tite kulturne ba\u0161tine, istakav\u0161i  da i pored ogromnih napora mnoga zajedni\u010dka osmansko-bo\u0161nja\u010dka  kulturno-historijska dobra propadaju zbog nebrige sada\u0161nje i prethodnih  vlasti i namjernog uni\u0161tavanja istih.<\/p>\n<p>Sagovornici su se slo\u017eili da \u0107e ekonomski i kulturolo\u0161ki razvoj  Sand\u017eaka uslijediti uklanjanjem nepravdi prema Bo\u0161njacima i  obezbje\u0111ivanjem minimuma prava koja su zagarantirana Bo\u0161njacima u  Srbiji, a to su: Jedinstvena Islamska zajednica, normalizacija  vjeronauke u \u0161kolama, povra\u0107aj vakufske imovine, odblokiravanje rada  Bo\u0161nja\u010dkog nacionalnog vije\u0107a i akreditacija Internacionalnog  univerziteta u Novom Pazaru.<\/p>\n<p>Izvor: <strong>Bkz.org.rs<\/strong><\/p>\n","protected":false},"excerpt":{"rendered":"<p>Turska &#8211; Visoki predstavnici Bo\u0161nja\u010dke kulturne zajednice Samir Tandir, predsjednik Izvr\u0161nog odbora, Sead ef. \u0160a\u0107irovi\u0107, potpredsjednik Skup\u0161tine, predovo\u0111eni predsjednikom Jahjom Fehratovi\u0107em primili su danas, 16. 6. 2011., mngobrojnu delegaciju Republike Turske koju su \u010dini predstavnici kabineta Premijera, Ministarstva vanjskih poslova, Dijaneta, TIKA-e i \u201eYunus Emre\u201c fondacije, koju je predvodio ambasador republike Turske u Srbiji Ali [&hellip;]<\/p>\n","protected":false},"author":13,"featured_media":17105,"comment_status":"open","ping_status":"open","sticky":false,"template":"","format":"standard","meta":{"footnotes":""},"categories":[2692],"tags":[],"class_list":{"0":"post-17104","1":"post","2":"type-post","3":"status-publish","4":"format-standard","5":"has-post-thumbnail","7":"category-turska-gradovi"},"yoast_head":"<!-- This site is optimized with the Yoast SEO Premium plugin v23.1 (Yoast SEO v24.9) - https:\/\/yoast.com\/wordpress\/plugins\/seo\/ -->\n<title>BKZ ugostio delegacije Republike Turske<\/title>\n<meta name=\"robots\" content=\"index, follow, max-snippet:-1, max-image-preview:large, max-video-preview:-1\" \/>\n<link rel=\"canonical\" href=\"https:\/\/sandzakpress.net\/arhiva\/bkz-ugostio-delegacije-republike-turske\/\" \/>\n<meta property=\"og:locale\" content=\"bs_BA\" \/>\n<meta property=\"og:type\" content=\"article\" \/>\n<meta property=\"og:title\" content=\"BKZ ugostio delegacije Republike Turske\" \/>\n<meta property=\"og:description\" content=\"Turska &#8211; Visoki predstavnici Bo\u0161nja\u010dke kulturne zajednice Samir Tandir, predsjednik Izvr\u0161nog odbora, Sead ef. \u0160a\u0107irovi\u0107, potpredsjednik Skup\u0161tine, predovo\u0111eni predsjednikom Jahjom Fehratovi\u0107em primili su danas, 16. 6. 2011., mngobrojnu delegaciju Republike Turske koju su \u010dini predstavnici kabineta Premijera, Ministarstva vanjskih poslova, Dijaneta, TIKA-e i \u201eYunus Emre\u201c fondacije, koju je predvodio ambasador republike Turske u Srbiji Ali [&hellip;]\" \/>\n<meta property=\"og:url\" content=\"https:\/\/sandzakpress.net\/arhiva\/bkz-ugostio-delegacije-republike-turske\/\" \/>\n<meta property=\"og:site_name\" content=\"Sand\u017eak PRESS\" \/>\n<meta property=\"article:published_time\" content=\"2011-06-23T11:16:11+00:00\" \/>\n<meta property=\"og:image\" content=\"https:\/\/sandzakpress.net\/arhiva\/wp-content\/uploads\/2011\/06\/ambasador-turske-u-bkz-1.jpg\" \/>\n\t<meta property=\"og:image:width\" content=\"600\" \/>\n\t<meta property=\"og:image:height\" content=\"387\" \/>\n\t<meta property=\"og:image:type\" content=\"image\/jpeg\" \/>\n<meta name=\"twitter:card\" content=\"summary_large_image\" \/>\n<meta name=\"twitter:label1\" content=\"Written by\" \/>\n\t<meta name=\"twitter:data1\" content=\"\" \/>\n\t<meta name=\"twitter:label2\" content=\"Est. reading time\" \/>\n\t<meta name=\"twitter:data2\" content=\"1 minuta\" \/>\n<script type=\"application\/ld+json\" class=\"yoast-schema-graph\">{\"@context\":\"https:\/\/schema.org\",\"@graph\":[{\"@type\":\"Article\",\"@id\":\"https:\/\/sandzakpress.net\/arhiva\/bkz-ugostio-delegacije-republike-turske\/#article\",\"isPartOf\":{\"@id\":\"https:\/\/sandzakpress.net\/arhiva\/bkz-ugostio-delegacije-republike-turske\/\"},\"author\":{\"name\":\"\",\"@id\":\"\"},\"headline\":\"BKZ ugostio delegacije Republike Turske\",\"datePublished\":\"2011-06-23T11:16:11+00:00\",\"mainEntityOfPage\":{\"@id\":\"https:\/\/sandzakpress.net\/arhiva\/bkz-ugostio-delegacije-republike-turske\/\"},\"wordCount\":211,\"commentCount\":0,\"publisher\":{\"@id\":\"https:\/\/sandzakpress.net\/arhiva\/#\/schema\/person\/6e72b67d6e51910a1117b3b483ba20bd\"},\"image\":{\"@id\":\"https:\/\/sandzakpress.net\/arhiva\/bkz-ugostio-delegacije-republike-turske\/#primaryimage\"},\"thumbnailUrl\":\"https:\/\/sandzakpress.net\/arhiva\/wp-content\/uploads\/2011\/06\/ambasador-turske-u-bkz-1.jpg\",\"articleSection\":[\"Turska\"],\"inLanguage\":\"bs-BA\",\"potentialAction\":[{\"@type\":\"CommentAction\",\"name\":\"Comment\",\"target\":[\"https:\/\/sandzakpress.net\/arhiva\/bkz-ugostio-delegacije-republike-turske\/#respond\"]}]},{\"@type\":\"WebPage\",\"@id\":\"https:\/\/sandzakpress.net\/arhiva\/bkz-ugostio-delegacije-republike-turske\/\",\"url\":\"https:\/\/sandzakpress.net\/arhiva\/bkz-ugostio-delegacije-republike-turske\/\",\"name\":\"BKZ ugostio delegacije Republike Turske\",\"isPartOf\":{\"@id\":\"https:\/\/sandzakpress.net\/arhiva\/#website\"},\"primaryImageOfPage\":{\"@id\":\"https:\/\/sandzakpress.net\/arhiva\/bkz-ugostio-delegacije-republike-turske\/#primaryimage\"},\"image\":{\"@id\":\"https:\/\/sandzakpress.net\/arhiva\/bkz-ugostio-delegacije-republike-turske\/#primaryimage\"},\"thumbnailUrl\":\"https:\/\/sandzakpress.net\/arhiva\/wp-content\/uploads\/2011\/06\/ambasador-turske-u-bkz-1.jpg\",\"datePublished\":\"2011-06-23T11:16:11+00:00\",\"breadcrumb\":{\"@id\":\"https:\/\/sandzakpress.net\/arhiva\/bkz-ugostio-delegacije-republike-turske\/#breadcrumb\"},\"inLanguage\":\"bs-BA\",\"potentialAction\":[{\"@type\":\"ReadAction\",\"target\":[\"https:\/\/sandzakpress.net\/arhiva\/bkz-ugostio-delegacije-republike-turske\/\"]}]},{\"@type\":\"ImageObject\",\"inLanguage\":\"bs-BA\",\"@id\":\"https:\/\/sandzakpress.net\/arhiva\/bkz-ugostio-delegacije-republike-turske\/#primaryimage\",\"url\":\"https:\/\/sandzakpress.net\/arhiva\/wp-content\/uploads\/2011\/06\/ambasador-turske-u-bkz-1.jpg\",\"contentUrl\":\"https:\/\/sandzakpress.net\/arhiva\/wp-content\/uploads\/2011\/06\/ambasador-turske-u-bkz-1.jpg\",\"width\":600,\"height\":387},{\"@type\":\"BreadcrumbList\",\"@id\":\"https:\/\/sandzakpress.net\/arhiva\/bkz-ugostio-delegacije-republike-turske\/#breadcrumb\",\"itemListElement\":[{\"@type\":\"ListItem\",\"position\":1,\"name\":\"Home\",\"item\":\"https:\/\/sandzakpress.net\/arhiva\/\"},{\"@type\":\"ListItem\",\"position\":2,\"name\":\"BKZ ugostio delegacije Republike Turske\"}]},{\"@type\":\"WebSite\",\"@id\":\"https:\/\/sandzakpress.net\/arhiva\/#website\",\"url\":\"https:\/\/sandzakpress.net\/arhiva\/\",\"name\":\"Sand\u017eak PRESS\",\"description\":\"Prve elektronske novine u Sand\u017eaku\",\"publisher\":{\"@id\":\"https:\/\/sandzakpress.net\/arhiva\/#\/schema\/person\/6e72b67d6e51910a1117b3b483ba20bd\"},\"potentialAction\":[{\"@type\":\"SearchAction\",\"target\":{\"@type\":\"EntryPoint\",\"urlTemplate\":\"https:\/\/sandzakpress.net\/arhiva\/?s={search_term_string}\"},\"query-input\":{\"@type\":\"PropertyValueSpecification\",\"valueRequired\":true,\"valueName\":\"search_term_string\"}}],\"inLanguage\":\"bs-BA\"},{\"@type\":[\"Person\",\"Organization\"],\"@id\":\"https:\/\/sandzakpress.net\/arhiva\/#\/schema\/person\/6e72b67d6e51910a1117b3b483ba20bd\",\"name\":\"Kul\",\"image\":{\"@type\":\"ImageObject\",\"inLanguage\":\"bs-BA\",\"@id\":\"https:\/\/sandzakpress.net\/arhiva\/#\/schema\/person\/image\/\",\"url\":\"https:\/\/secure.gravatar.com\/avatar\/42263f39aa27ac04c43cab85c280eb2e?s=96&d=mm&r=pg\",\"contentUrl\":\"https:\/\/secure.gravatar.com\/avatar\/42263f39aa27ac04c43cab85c280eb2e?s=96&d=mm&r=pg\",\"caption\":\"Kul\"},\"logo\":{\"@id\":\"https:\/\/sandzakpress.net\/arhiva\/#\/schema\/person\/image\/\"}},{\"@type\":\"Person\",\"@id\":\"\",\"url\":\"https:\/\/sandzakpress.net\/arhiva\/author\/\"}]}<\/script>\n<!-- \/ Yoast SEO Premium plugin. -->","yoast_head_json":{"title":"BKZ ugostio delegacije Republike Turske","robots":{"index":"index","follow":"follow","max-snippet":"max-snippet:-1","max-image-preview":"max-image-preview:large","max-video-preview":"max-video-preview:-1"},"canonical":"https:\/\/sandzakpress.net\/arhiva\/bkz-ugostio-delegacije-republike-turske\/","og_locale":"bs_BA","og_type":"article","og_title":"BKZ ugostio delegacije Republike Turske","og_description":"Turska &#8211; Visoki predstavnici Bo\u0161nja\u010dke kulturne zajednice Samir Tandir, predsjednik Izvr\u0161nog odbora, Sead ef. \u0160a\u0107irovi\u0107, potpredsjednik Skup\u0161tine, predovo\u0111eni predsjednikom Jahjom Fehratovi\u0107em primili su danas, 16. 6. 2011., mngobrojnu delegaciju Republike Turske koju su \u010dini predstavnici kabineta Premijera, Ministarstva vanjskih poslova, Dijaneta, TIKA-e i \u201eYunus Emre\u201c fondacije, koju je predvodio ambasador republike Turske u Srbiji Ali [&hellip;]","og_url":"https:\/\/sandzakpress.net\/arhiva\/bkz-ugostio-delegacije-republike-turske\/","og_site_name":"Sand\u017eak PRESS","article_published_time":"2011-06-23T11:16:11+00:00","og_image":[{"width":600,"height":387,"url":"https:\/\/sandzakpress.net\/arhiva\/wp-content\/uploads\/2011\/06\/ambasador-turske-u-bkz-1.jpg","type":"image\/jpeg"}],"twitter_card":"summary_large_image","twitter_misc":{"Written by":"","Est. reading time":"1 minuta"},"schema":{"@context":"https:\/\/schema.org","@graph":[{"@type":"Article","@id":"https:\/\/sandzakpress.net\/arhiva\/bkz-ugostio-delegacije-republike-turske\/#article","isPartOf":{"@id":"https:\/\/sandzakpress.net\/arhiva\/bkz-ugostio-delegacije-republike-turske\/"},"author":{"name":"","@id":""},"headline":"BKZ ugostio delegacije Republike Turske","datePublished":"2011-06-23T11:16:11+00:00","mainEntityOfPage":{"@id":"https:\/\/sandzakpress.net\/arhiva\/bkz-ugostio-delegacije-republike-turske\/"},"wordCount":211,"commentCount":0,"publisher":{"@id":"https:\/\/sandzakpress.net\/arhiva\/#\/schema\/person\/6e72b67d6e51910a1117b3b483ba20bd"},"image":{"@id":"https:\/\/sandzakpress.net\/arhiva\/bkz-ugostio-delegacije-republike-turske\/#primaryimage"},"thumbnailUrl":"https:\/\/sandzakpress.net\/arhiva\/wp-content\/uploads\/2011\/06\/ambasador-turske-u-bkz-1.jpg","articleSection":["Turska"],"inLanguage":"bs-BA","potentialAction":[{"@type":"CommentAction","name":"Comment","target":["https:\/\/sandzakpress.net\/arhiva\/bkz-ugostio-delegacije-republike-turske\/#respond"]}]},{"@type":"WebPage","@id":"https:\/\/sandzakpress.net\/arhiva\/bkz-ugostio-delegacije-republike-turske\/","url":"https:\/\/sandzakpress.net\/arhiva\/bkz-ugostio-delegacije-republike-turske\/","name":"BKZ ugostio delegacije Republike Turske","isPartOf":{"@id":"https:\/\/sandzakpress.net\/arhiva\/#website"},"primaryImageOfPage":{"@id":"https:\/\/sandzakpress.net\/arhiva\/bkz-ugostio-delegacije-republike-turske\/#primaryimage"},"image":{"@id":"https:\/\/sandzakpress.net\/arhiva\/bkz-ugostio-delegacije-republike-turske\/#primaryimage"},"thumbnailUrl":"https:\/\/sandzakpress.net\/arhiva\/wp-content\/uploads\/2011\/06\/ambasador-turske-u-bkz-1.jpg","datePublished":"2011-06-23T11:16:11+00:00","breadcrumb":{"@id":"https:\/\/sandzakpress.net\/arhiva\/bkz-ugostio-delegacije-republike-turske\/#breadcrumb"},"inLanguage":"bs-BA","potentialAction":[{"@type":"ReadAction","target":["https:\/\/sandzakpress.net\/arhiva\/bkz-ugostio-delegacije-republike-turske\/"]}]},{"@type":"ImageObject","inLanguage":"bs-BA","@id":"https:\/\/sandzakpress.net\/arhiva\/bkz-ugostio-delegacije-republike-turske\/#primaryimage","url":"https:\/\/sandzakpress.net\/arhiva\/wp-content\/uploads\/2011\/06\/ambasador-turske-u-bkz-1.jpg","contentUrl":"https:\/\/sandzakpress.net\/arhiva\/wp-content\/uploads\/2011\/06\/ambasador-turske-u-bkz-1.jpg","width":600,"height":387},{"@type":"BreadcrumbList","@id":"https:\/\/sandzakpress.net\/arhiva\/bkz-ugostio-delegacije-republike-turske\/#breadcrumb","itemListElement":[{"@type":"ListItem","position":1,"name":"Home","item":"https:\/\/sandzakpress.net\/arhiva\/"},{"@type":"ListItem","position":2,"name":"BKZ ugostio delegacije Republike Turske"}]},{"@type":"WebSite","@id":"https:\/\/sandzakpress.net\/arhiva\/#website","url":"https:\/\/sandzakpress.net\/arhiva\/","name":"Sand\u017eak PRESS","description":"Prve elektronske novine u Sand\u017eaku","publisher":{"@id":"https:\/\/sandzakpress.net\/arhiva\/#\/schema\/person\/6e72b67d6e51910a1117b3b483ba20bd"},"potentialAction":[{"@type":"SearchAction","target":{"@type":"EntryPoint","urlTemplate":"https:\/\/sandzakpress.net\/arhiva\/?s={search_term_string}"},"query-input":{"@type":"PropertyValueSpecification","valueRequired":true,"valueName":"search_term_string"}}],"inLanguage":"bs-BA"},{"@type":["Person","Organization"],"@id":"https:\/\/sandzakpress.net\/arhiva\/#\/schema\/person\/6e72b67d6e51910a1117b3b483ba20bd","name":"Kul","image":{"@type":"ImageObject","inLanguage":"bs-BA","@id":"https:\/\/sandzakpress.net\/arhiva\/#\/schema\/person\/image\/","url":"https:\/\/secure.gravatar.com\/avatar\/42263f39aa27ac04c43cab85c280eb2e?s=96&d=mm&r=pg","contentUrl":"https:\/\/secure.gravatar.com\/avatar\/42263f39aa27ac04c43cab85c280eb2e?s=96&d=mm&r=pg","caption":"Kul"},"logo":{"@id":"https:\/\/sandzakpress.net\/arhiva\/#\/schema\/person\/image\/"}},{"@type":"Person","@id":"","url":"https:\/\/sandzakpress.net\/arhiva\/author\/"}]}},"_links":{"self":[{"href":"https:\/\/sandzakpress.net\/arhiva\/wp-json\/wp\/v2\/posts\/17104"}],"collection":[{"href":"https:\/\/sandzakpress.net\/arhiva\/wp-json\/wp\/v2\/posts"}],"about":[{"href":"https:\/\/sandzakpress.net\/arhiva\/wp-json\/wp\/v2\/types\/post"}],"author":[{"embeddable":true,"href":"https:\/\/sandzakpress.net\/arhiva\/wp-json\/wp\/v2\/users\/13"}],"replies":[{"embeddable":true,"href":"https:\/\/sandzakpress.net\/arhiva\/wp-json\/wp\/v2\/comments?post=17104"}],"version-history":[{"count":0,"href":"https:\/\/sandzakpress.net\/arhiva\/wp-json\/wp\/v2\/posts\/17104\/revisions"}],"wp:featuredmedia":[{"embeddable":true,"href":"https:\/\/sandzakpress.net\/arhiva\/wp-json\/wp\/v2\/media\/17105"}],"wp:attachment":[{"href":"https:\/\/sandzakpress.net\/arhiva\/wp-json\/wp\/v2\/media?parent=17104"}],"wp:term":[{"taxonomy":"category","embeddable":true,"href":"https:\/\/sandzakpress.net\/arhiva\/wp-json\/wp\/v2\/categories?post=17104"},{"taxonomy":"post_tag","embeddable":true,"href":"https:\/\/sandzakpress.net\/arhiva\/wp-json\/wp\/v2\/tags?post=17104"}],"curies":[{"name":"wp","href":"https:\/\/api.w.org\/{rel}","templated":true}]}}