{"id":170945,"date":"2016-10-18T12:26:12","date_gmt":"2016-10-18T10:26:12","guid":{"rendered":"https:\/\/sandzakpress.net\/arhiva\/?p=170945"},"modified":"2016-10-18T12:26:12","modified_gmt":"2016-10-18T10:26:12","slug":"blic-dikic-za-100-000-e-glumio-teroristu-angazovao-ga-vrh-cg","status":"publish","type":"post","link":"https:\/\/sandzakpress.net\/arhiva\/blic-dikic-za-100-000-e-glumio-teroristu-angazovao-ga-vrh-cg\/","title":{"rendered":"Blic: \u201cDiki\u0107 za 100.000 \u20ac glumio teroristu, anga\u017eovao ga vrh CG\u201d"},"content":{"rendered":"<p><img decoding=\"async\" src=\"http:\/\/www.sandzacke.rs\/wp-content\/uploads\/2016\/10\/bratislav-dikic-3-660x330.jpg\" alt=\"bratislav-dikic-3\" \/><\/p>\n<p><strong>Penzionisanog generala srpske \u017eandarmerije Bratislava Diki\u0107a, koji je uhap\u0161en u Crnoj Gori u no\u0107i pred izbore, anga\u017eovao je dr\u017eavnih vrh Crne Gore, pi\u0161e \u201cBlic\u201d.<\/strong><\/p>\n<p>Cilj je bio da se polarizuje glasa\u010dko tijelo i time umjereni procrnogorski glasovi iznova odu DPS-u, pi\u0161e list.<\/p>\n<p>Navode\u0107i da formulacije policije i tu\u017eila\u0161tva da je 20 srpskih dr\u017eavljana uhap\u0161eno kada su krenuli po oru\u017eje, Blic ka\u017ee da ta ista policija oru\u017eje za \u201cprevrat i hap\u0161enje\u201d Mila \u0110ukanovi\u0107a nije prona\u0161la.<\/p>\n<p>\u201cJednostavno je cilj bio razbuktati strasti u izbornom danu i polarizovati Crnu Goru na srpske opcije i \u0110ukanovi\u0107ev DPS. Formula je \u2018ne\u0107e nama ovde Srbi da izvode teroristi\u010dke kacije\u2019, koja je izazvala emocije\u201d, rekao je sagovornik \u201cBlica\u201d.<\/p>\n<p>Niko nije mogao da precizira da li je i za koju sumu Diki\u0107 u\u010destvovao u skandalu koji je uzdrmao Crnu Goru, pi\u0161e list i tvrdi da \u201cPodgoricom kru\u017ei pri\u010da da suma nije velika, ali ni ispod 100.000 eura\u201d.<\/p>\n<p>\u201cSigurno je, me\u0111utim, da je akcija svima trebalo da djeluje kao scenario spskih opcija, prvenstveno \u0161to se za Diki\u0107a vezuju radikalni prosrpski stavovi. Upravo to je i trebalo da bude garant da pojavljivanje \u2018terorista\u2019 nema veze sa dr\u017eavnim vrhiom\u201d, pi\u0161e list.<\/p>\n<p>\u201cBratislav Diki\u0107 ima ozbiljne zdravstvene probleme i veoma je diskutabilno da li mo\u017ee da izvede bilo koju akciju, a posebno zauzimanje Skup\u0161tine. Me\u0111utim, prijatelj je sa Slavkom Stojanovi\u0107em, direktorom policije Crne Gore, i biv\u0161im direktorom policije Veselinom Veljovi\u0107em\u201d, rekao je izvor \u201cBlica\u201d.<\/p>\n<p>(Tanjug)<\/p>\n","protected":false},"excerpt":{"rendered":"<p>Penzionisanog generala srpske \u017eandarmerije Bratislava Diki\u0107a, koji je uhap\u0161en u Crnoj Gori u no\u0107i pred izbore, anga\u017eovao je dr\u017eavnih vrh Crne Gore, pi\u0161e \u201cBlic\u201d. Cilj je bio da se polarizuje glasa\u010dko tijelo i time umjereni procrnogorski glasovi iznova odu DPS-u, pi\u0161e list. Navode\u0107i da formulacije policije i tu\u017eila\u0161tva da je 20 srpskih dr\u017eavljana uhap\u0161eno kada [&hellip;]<\/p>\n","protected":false},"author":83,"featured_media":170950,"comment_status":"open","ping_status":"open","sticky":false,"template":"","format":"standard","meta":{"footnotes":""},"categories":[1,10307,10308,10429],"tags":[],"class_list":{"0":"post-170945","1":"post","2":"type-post","3":"status-publish","4":"format-standard","5":"has-post-thumbnail","7":"category-politika","8":"category-srbija","9":"category-crna-gora","10":"category-vazno"},"yoast_head":"<!-- This site is optimized with the Yoast SEO Premium plugin v23.1 (Yoast SEO v24.9) - https:\/\/yoast.com\/wordpress\/plugins\/seo\/ -->\n<title>Blic: \u201cDiki\u0107 za 100.000 \u20ac glumio teroristu, anga\u017eovao ga vrh CG\u201d<\/title>\n<meta name=\"robots\" content=\"index, follow, max-snippet:-1, max-image-preview:large, max-video-preview:-1\" \/>\n<link rel=\"canonical\" href=\"https:\/\/sandzakpress.net\/arhiva\/blic-dikic-za-100-000-e-glumio-teroristu-angazovao-ga-vrh-cg\/\" \/>\n<meta property=\"og:locale\" content=\"bs_BA\" \/>\n<meta property=\"og:type\" content=\"article\" \/>\n<meta property=\"og:title\" content=\"Blic: \u201cDiki\u0107 za 100.000 \u20ac glumio teroristu, anga\u017eovao ga vrh CG\u201d\" \/>\n<meta property=\"og:description\" content=\"Penzionisanog generala srpske \u017eandarmerije Bratislava Diki\u0107a, koji je uhap\u0161en u Crnoj Gori u no\u0107i pred izbore, anga\u017eovao je dr\u017eavnih vrh Crne Gore, pi\u0161e \u201cBlic\u201d. Cilj je bio da se polarizuje glasa\u010dko tijelo i time umjereni procrnogorski glasovi iznova odu DPS-u, pi\u0161e list. Navode\u0107i da formulacije policije i tu\u017eila\u0161tva da je 20 srpskih dr\u017eavljana uhap\u0161eno kada [&hellip;]\" \/>\n<meta property=\"og:url\" content=\"https:\/\/sandzakpress.net\/arhiva\/blic-dikic-za-100-000-e-glumio-teroristu-angazovao-ga-vrh-cg\/\" \/>\n<meta property=\"og:site_name\" content=\"Sand\u017eak PRESS\" \/>\n<meta property=\"article:published_time\" content=\"2016-10-18T10:26:12+00:00\" \/>\n<meta property=\"og:image\" content=\"https:\/\/sandzakpress.net\/arhiva\/wp-content\/uploads\/2016\/10\/bratislav-dikic-3-660x330.jpg\" \/>\n\t<meta property=\"og:image:width\" content=\"660\" \/>\n\t<meta property=\"og:image:height\" content=\"330\" \/>\n\t<meta property=\"og:image:type\" content=\"image\/jpeg\" \/>\n<meta name=\"author\" content=\"bosniak\" \/>\n<meta name=\"twitter:card\" content=\"summary_large_image\" \/>\n<meta name=\"twitter:label1\" content=\"Written by\" \/>\n\t<meta name=\"twitter:data1\" content=\"bosniak\" \/>\n\t<meta name=\"twitter:label2\" content=\"Est. reading time\" \/>\n\t<meta name=\"twitter:data2\" content=\"1 minuta\" \/>\n<script type=\"application\/ld+json\" class=\"yoast-schema-graph\">{\"@context\":\"https:\/\/schema.org\",\"@graph\":[{\"@type\":\"Article\",\"@id\":\"https:\/\/sandzakpress.net\/arhiva\/blic-dikic-za-100-000-e-glumio-teroristu-angazovao-ga-vrh-cg\/#article\",\"isPartOf\":{\"@id\":\"https:\/\/sandzakpress.net\/arhiva\/blic-dikic-za-100-000-e-glumio-teroristu-angazovao-ga-vrh-cg\/\"},\"author\":{\"name\":\"bosniak\",\"@id\":\"https:\/\/sandzakpress.net\/arhiva\/#\/schema\/person\/c8baee722073534b583ea7bdb2e36c02\"},\"headline\":\"Blic: \u201cDiki\u0107 za 100.000 \u20ac glumio teroristu, anga\u017eovao ga vrh CG\u201d\",\"datePublished\":\"2016-10-18T10:26:12+00:00\",\"mainEntityOfPage\":{\"@id\":\"https:\/\/sandzakpress.net\/arhiva\/blic-dikic-za-100-000-e-glumio-teroristu-angazovao-ga-vrh-cg\/\"},\"wordCount\":277,\"commentCount\":9,\"publisher\":{\"@id\":\"https:\/\/sandzakpress.net\/arhiva\/#\/schema\/person\/6e72b67d6e51910a1117b3b483ba20bd\"},\"image\":{\"@id\":\"https:\/\/sandzakpress.net\/arhiva\/blic-dikic-za-100-000-e-glumio-teroristu-angazovao-ga-vrh-cg\/#primaryimage\"},\"thumbnailUrl\":\"https:\/\/sandzakpress.net\/arhiva\/wp-content\/uploads\/2016\/10\/bratislav-dikic-3-660x330.jpg\",\"articleSection\":[\"Politika\",\"Srbija\",\"Crna Gora\",\"VA\u017dNO!\"],\"inLanguage\":\"bs-BA\",\"potentialAction\":[{\"@type\":\"CommentAction\",\"name\":\"Comment\",\"target\":[\"https:\/\/sandzakpress.net\/arhiva\/blic-dikic-za-100-000-e-glumio-teroristu-angazovao-ga-vrh-cg\/#respond\"]}]},{\"@type\":\"WebPage\",\"@id\":\"https:\/\/sandzakpress.net\/arhiva\/blic-dikic-za-100-000-e-glumio-teroristu-angazovao-ga-vrh-cg\/\",\"url\":\"https:\/\/sandzakpress.net\/arhiva\/blic-dikic-za-100-000-e-glumio-teroristu-angazovao-ga-vrh-cg\/\",\"name\":\"Blic: \u201cDiki\u0107 za 100.000 \u20ac glumio teroristu, anga\u017eovao ga vrh CG\u201d\",\"isPartOf\":{\"@id\":\"https:\/\/sandzakpress.net\/arhiva\/#website\"},\"primaryImageOfPage\":{\"@id\":\"https:\/\/sandzakpress.net\/arhiva\/blic-dikic-za-100-000-e-glumio-teroristu-angazovao-ga-vrh-cg\/#primaryimage\"},\"image\":{\"@id\":\"https:\/\/sandzakpress.net\/arhiva\/blic-dikic-za-100-000-e-glumio-teroristu-angazovao-ga-vrh-cg\/#primaryimage\"},\"thumbnailUrl\":\"https:\/\/sandzakpress.net\/arhiva\/wp-content\/uploads\/2016\/10\/bratislav-dikic-3-660x330.jpg\",\"datePublished\":\"2016-10-18T10:26:12+00:00\",\"breadcrumb\":{\"@id\":\"https:\/\/sandzakpress.net\/arhiva\/blic-dikic-za-100-000-e-glumio-teroristu-angazovao-ga-vrh-cg\/#breadcrumb\"},\"inLanguage\":\"bs-BA\",\"potentialAction\":[{\"@type\":\"ReadAction\",\"target\":[\"https:\/\/sandzakpress.net\/arhiva\/blic-dikic-za-100-000-e-glumio-teroristu-angazovao-ga-vrh-cg\/\"]}]},{\"@type\":\"ImageObject\",\"inLanguage\":\"bs-BA\",\"@id\":\"https:\/\/sandzakpress.net\/arhiva\/blic-dikic-za-100-000-e-glumio-teroristu-angazovao-ga-vrh-cg\/#primaryimage\",\"url\":\"https:\/\/sandzakpress.net\/arhiva\/wp-content\/uploads\/2016\/10\/bratislav-dikic-3-660x330.jpg\",\"contentUrl\":\"https:\/\/sandzakpress.net\/arhiva\/wp-content\/uploads\/2016\/10\/bratislav-dikic-3-660x330.jpg\",\"width\":660,\"height\":330},{\"@type\":\"BreadcrumbList\",\"@id\":\"https:\/\/sandzakpress.net\/arhiva\/blic-dikic-za-100-000-e-glumio-teroristu-angazovao-ga-vrh-cg\/#breadcrumb\",\"itemListElement\":[{\"@type\":\"ListItem\",\"position\":1,\"name\":\"Home\",\"item\":\"https:\/\/sandzakpress.net\/arhiva\/\"},{\"@type\":\"ListItem\",\"position\":2,\"name\":\"Blic: \u201cDiki\u0107 za 100.000 \u20ac glumio teroristu, anga\u017eovao ga vrh CG\u201d\"}]},{\"@type\":\"WebSite\",\"@id\":\"https:\/\/sandzakpress.net\/arhiva\/#website\",\"url\":\"https:\/\/sandzakpress.net\/arhiva\/\",\"name\":\"Sand\u017eak PRESS\",\"description\":\"Prve elektronske novine u Sand\u017eaku\",\"publisher\":{\"@id\":\"https:\/\/sandzakpress.net\/arhiva\/#\/schema\/person\/6e72b67d6e51910a1117b3b483ba20bd\"},\"potentialAction\":[{\"@type\":\"SearchAction\",\"target\":{\"@type\":\"EntryPoint\",\"urlTemplate\":\"https:\/\/sandzakpress.net\/arhiva\/?s={search_term_string}\"},\"query-input\":{\"@type\":\"PropertyValueSpecification\",\"valueRequired\":true,\"valueName\":\"search_term_string\"}}],\"inLanguage\":\"bs-BA\"},{\"@type\":[\"Person\",\"Organization\"],\"@id\":\"https:\/\/sandzakpress.net\/arhiva\/#\/schema\/person\/6e72b67d6e51910a1117b3b483ba20bd\",\"name\":\"Kul\",\"image\":{\"@type\":\"ImageObject\",\"inLanguage\":\"bs-BA\",\"@id\":\"https:\/\/sandzakpress.net\/arhiva\/#\/schema\/person\/image\/\",\"url\":\"https:\/\/secure.gravatar.com\/avatar\/42263f39aa27ac04c43cab85c280eb2e?s=96&d=mm&r=pg\",\"contentUrl\":\"https:\/\/secure.gravatar.com\/avatar\/42263f39aa27ac04c43cab85c280eb2e?s=96&d=mm&r=pg\",\"caption\":\"Kul\"},\"logo\":{\"@id\":\"https:\/\/sandzakpress.net\/arhiva\/#\/schema\/person\/image\/\"}},{\"@type\":\"Person\",\"@id\":\"https:\/\/sandzakpress.net\/arhiva\/#\/schema\/person\/c8baee722073534b583ea7bdb2e36c02\",\"name\":\"bosniak\",\"image\":{\"@type\":\"ImageObject\",\"inLanguage\":\"bs-BA\",\"@id\":\"https:\/\/sandzakpress.net\/arhiva\/#\/schema\/person\/image\/\",\"url\":\"https:\/\/secure.gravatar.com\/avatar\/a04fd330bfe3a36a72a0ad4a6d89fca7?s=96&d=mm&r=pg\",\"contentUrl\":\"https:\/\/secure.gravatar.com\/avatar\/a04fd330bfe3a36a72a0ad4a6d89fca7?s=96&d=mm&r=pg\",\"caption\":\"bosniak\"},\"url\":\"https:\/\/sandzakpress.net\/arhiva\/author\/bosniak\/\"}]}<\/script>\n<!-- \/ Yoast SEO Premium plugin. -->","yoast_head_json":{"title":"Blic: \u201cDiki\u0107 za 100.000 \u20ac glumio teroristu, anga\u017eovao ga vrh CG\u201d","robots":{"index":"index","follow":"follow","max-snippet":"max-snippet:-1","max-image-preview":"max-image-preview:large","max-video-preview":"max-video-preview:-1"},"canonical":"https:\/\/sandzakpress.net\/arhiva\/blic-dikic-za-100-000-e-glumio-teroristu-angazovao-ga-vrh-cg\/","og_locale":"bs_BA","og_type":"article","og_title":"Blic: \u201cDiki\u0107 za 100.000 \u20ac glumio teroristu, anga\u017eovao ga vrh CG\u201d","og_description":"Penzionisanog generala srpske \u017eandarmerije Bratislava Diki\u0107a, koji je uhap\u0161en u Crnoj Gori u no\u0107i pred izbore, anga\u017eovao je dr\u017eavnih vrh Crne Gore, pi\u0161e \u201cBlic\u201d. Cilj je bio da se polarizuje glasa\u010dko tijelo i time umjereni procrnogorski glasovi iznova odu DPS-u, pi\u0161e list. Navode\u0107i da formulacije policije i tu\u017eila\u0161tva da je 20 srpskih dr\u017eavljana uhap\u0161eno kada [&hellip;]","og_url":"https:\/\/sandzakpress.net\/arhiva\/blic-dikic-za-100-000-e-glumio-teroristu-angazovao-ga-vrh-cg\/","og_site_name":"Sand\u017eak PRESS","article_published_time":"2016-10-18T10:26:12+00:00","og_image":[{"width":660,"height":330,"url":"https:\/\/sandzakpress.net\/arhiva\/wp-content\/uploads\/2016\/10\/bratislav-dikic-3-660x330.jpg","type":"image\/jpeg"}],"author":"bosniak","twitter_card":"summary_large_image","twitter_misc":{"Written by":"bosniak","Est. reading time":"1 minuta"},"schema":{"@context":"https:\/\/schema.org","@graph":[{"@type":"Article","@id":"https:\/\/sandzakpress.net\/arhiva\/blic-dikic-za-100-000-e-glumio-teroristu-angazovao-ga-vrh-cg\/#article","isPartOf":{"@id":"https:\/\/sandzakpress.net\/arhiva\/blic-dikic-za-100-000-e-glumio-teroristu-angazovao-ga-vrh-cg\/"},"author":{"name":"bosniak","@id":"https:\/\/sandzakpress.net\/arhiva\/#\/schema\/person\/c8baee722073534b583ea7bdb2e36c02"},"headline":"Blic: \u201cDiki\u0107 za 100.000 \u20ac glumio teroristu, anga\u017eovao ga vrh CG\u201d","datePublished":"2016-10-18T10:26:12+00:00","mainEntityOfPage":{"@id":"https:\/\/sandzakpress.net\/arhiva\/blic-dikic-za-100-000-e-glumio-teroristu-angazovao-ga-vrh-cg\/"},"wordCount":277,"commentCount":9,"publisher":{"@id":"https:\/\/sandzakpress.net\/arhiva\/#\/schema\/person\/6e72b67d6e51910a1117b3b483ba20bd"},"image":{"@id":"https:\/\/sandzakpress.net\/arhiva\/blic-dikic-za-100-000-e-glumio-teroristu-angazovao-ga-vrh-cg\/#primaryimage"},"thumbnailUrl":"https:\/\/sandzakpress.net\/arhiva\/wp-content\/uploads\/2016\/10\/bratislav-dikic-3-660x330.jpg","articleSection":["Politika","Srbija","Crna Gora","VA\u017dNO!"],"inLanguage":"bs-BA","potentialAction":[{"@type":"CommentAction","name":"Comment","target":["https:\/\/sandzakpress.net\/arhiva\/blic-dikic-za-100-000-e-glumio-teroristu-angazovao-ga-vrh-cg\/#respond"]}]},{"@type":"WebPage","@id":"https:\/\/sandzakpress.net\/arhiva\/blic-dikic-za-100-000-e-glumio-teroristu-angazovao-ga-vrh-cg\/","url":"https:\/\/sandzakpress.net\/arhiva\/blic-dikic-za-100-000-e-glumio-teroristu-angazovao-ga-vrh-cg\/","name":"Blic: \u201cDiki\u0107 za 100.000 \u20ac glumio teroristu, anga\u017eovao ga vrh CG\u201d","isPartOf":{"@id":"https:\/\/sandzakpress.net\/arhiva\/#website"},"primaryImageOfPage":{"@id":"https:\/\/sandzakpress.net\/arhiva\/blic-dikic-za-100-000-e-glumio-teroristu-angazovao-ga-vrh-cg\/#primaryimage"},"image":{"@id":"https:\/\/sandzakpress.net\/arhiva\/blic-dikic-za-100-000-e-glumio-teroristu-angazovao-ga-vrh-cg\/#primaryimage"},"thumbnailUrl":"https:\/\/sandzakpress.net\/arhiva\/wp-content\/uploads\/2016\/10\/bratislav-dikic-3-660x330.jpg","datePublished":"2016-10-18T10:26:12+00:00","breadcrumb":{"@id":"https:\/\/sandzakpress.net\/arhiva\/blic-dikic-za-100-000-e-glumio-teroristu-angazovao-ga-vrh-cg\/#breadcrumb"},"inLanguage":"bs-BA","potentialAction":[{"@type":"ReadAction","target":["https:\/\/sandzakpress.net\/arhiva\/blic-dikic-za-100-000-e-glumio-teroristu-angazovao-ga-vrh-cg\/"]}]},{"@type":"ImageObject","inLanguage":"bs-BA","@id":"https:\/\/sandzakpress.net\/arhiva\/blic-dikic-za-100-000-e-glumio-teroristu-angazovao-ga-vrh-cg\/#primaryimage","url":"https:\/\/sandzakpress.net\/arhiva\/wp-content\/uploads\/2016\/10\/bratislav-dikic-3-660x330.jpg","contentUrl":"https:\/\/sandzakpress.net\/arhiva\/wp-content\/uploads\/2016\/10\/bratislav-dikic-3-660x330.jpg","width":660,"height":330},{"@type":"BreadcrumbList","@id":"https:\/\/sandzakpress.net\/arhiva\/blic-dikic-za-100-000-e-glumio-teroristu-angazovao-ga-vrh-cg\/#breadcrumb","itemListElement":[{"@type":"ListItem","position":1,"name":"Home","item":"https:\/\/sandzakpress.net\/arhiva\/"},{"@type":"ListItem","position":2,"name":"Blic: \u201cDiki\u0107 za 100.000 \u20ac glumio teroristu, anga\u017eovao ga vrh CG\u201d"}]},{"@type":"WebSite","@id":"https:\/\/sandzakpress.net\/arhiva\/#website","url":"https:\/\/sandzakpress.net\/arhiva\/","name":"Sand\u017eak PRESS","description":"Prve elektronske novine u Sand\u017eaku","publisher":{"@id":"https:\/\/sandzakpress.net\/arhiva\/#\/schema\/person\/6e72b67d6e51910a1117b3b483ba20bd"},"potentialAction":[{"@type":"SearchAction","target":{"@type":"EntryPoint","urlTemplate":"https:\/\/sandzakpress.net\/arhiva\/?s={search_term_string}"},"query-input":{"@type":"PropertyValueSpecification","valueRequired":true,"valueName":"search_term_string"}}],"inLanguage":"bs-BA"},{"@type":["Person","Organization"],"@id":"https:\/\/sandzakpress.net\/arhiva\/#\/schema\/person\/6e72b67d6e51910a1117b3b483ba20bd","name":"Kul","image":{"@type":"ImageObject","inLanguage":"bs-BA","@id":"https:\/\/sandzakpress.net\/arhiva\/#\/schema\/person\/image\/","url":"https:\/\/secure.gravatar.com\/avatar\/42263f39aa27ac04c43cab85c280eb2e?s=96&d=mm&r=pg","contentUrl":"https:\/\/secure.gravatar.com\/avatar\/42263f39aa27ac04c43cab85c280eb2e?s=96&d=mm&r=pg","caption":"Kul"},"logo":{"@id":"https:\/\/sandzakpress.net\/arhiva\/#\/schema\/person\/image\/"}},{"@type":"Person","@id":"https:\/\/sandzakpress.net\/arhiva\/#\/schema\/person\/c8baee722073534b583ea7bdb2e36c02","name":"bosniak","image":{"@type":"ImageObject","inLanguage":"bs-BA","@id":"https:\/\/sandzakpress.net\/arhiva\/#\/schema\/person\/image\/","url":"https:\/\/secure.gravatar.com\/avatar\/a04fd330bfe3a36a72a0ad4a6d89fca7?s=96&d=mm&r=pg","contentUrl":"https:\/\/secure.gravatar.com\/avatar\/a04fd330bfe3a36a72a0ad4a6d89fca7?s=96&d=mm&r=pg","caption":"bosniak"},"url":"https:\/\/sandzakpress.net\/arhiva\/author\/bosniak\/"}]}},"_links":{"self":[{"href":"https:\/\/sandzakpress.net\/arhiva\/wp-json\/wp\/v2\/posts\/170945"}],"collection":[{"href":"https:\/\/sandzakpress.net\/arhiva\/wp-json\/wp\/v2\/posts"}],"about":[{"href":"https:\/\/sandzakpress.net\/arhiva\/wp-json\/wp\/v2\/types\/post"}],"author":[{"embeddable":true,"href":"https:\/\/sandzakpress.net\/arhiva\/wp-json\/wp\/v2\/users\/83"}],"replies":[{"embeddable":true,"href":"https:\/\/sandzakpress.net\/arhiva\/wp-json\/wp\/v2\/comments?post=170945"}],"version-history":[{"count":0,"href":"https:\/\/sandzakpress.net\/arhiva\/wp-json\/wp\/v2\/posts\/170945\/revisions"}],"wp:featuredmedia":[{"embeddable":true,"href":"https:\/\/sandzakpress.net\/arhiva\/wp-json\/wp\/v2\/media\/170950"}],"wp:attachment":[{"href":"https:\/\/sandzakpress.net\/arhiva\/wp-json\/wp\/v2\/media?parent=170945"}],"wp:term":[{"taxonomy":"category","embeddable":true,"href":"https:\/\/sandzakpress.net\/arhiva\/wp-json\/wp\/v2\/categories?post=170945"},{"taxonomy":"post_tag","embeddable":true,"href":"https:\/\/sandzakpress.net\/arhiva\/wp-json\/wp\/v2\/tags?post=170945"}],"curies":[{"name":"wp","href":"https:\/\/api.w.org\/{rel}","templated":true}]}}