{"id":170936,"date":"2016-10-18T10:15:12","date_gmt":"2016-10-18T08:15:12","guid":{"rendered":"https:\/\/sandzakpress.net\/arhiva\/?p=170936"},"modified":"2016-10-18T10:15:12","modified_gmt":"2016-10-18T08:15:12","slug":"zajednicka-odluka-opozicija-ne-priznaje-rezultate-izbora","status":"publish","type":"post","link":"https:\/\/sandzakpress.net\/arhiva\/zajednicka-odluka-opozicija-ne-priznaje-rezultate-izbora\/","title":{"rendered":"Zajedni\u010dka odluka: Opozicija ne priznaje rezultate izbora!"},"content":{"rendered":"<p><img decoding=\"async\" src=\"http:\/\/www.vijesti.me\/media\/cache\/e0\/cb\/e0cb192d3fb9e98df4ce2d9423ba63a5.jpg\" alt=\"Zajedni\u010dka odluka: Opozicija ne priznaje rezultate izbora!\" \/><\/p>\n<p><strong>Koalicija Klju\u010d, SDP, Demokratski front i Demokrate osporava\u0107e rezultat nedjeljnih izbora, potvr\u0111eno je \u201cVijestima\u201d.<\/strong><\/p>\n<p>Te partije dogovorile su da ne priznaju rezultat jer se na izborni dan, kako ka\u017eu, desio poku\u0161aj dr\u017eavnog udara, \u0161to je prema njima uticalo na rezultat.<\/p>\n<p>Ju\u010de je, na izborni dan, objavljeno da je uhap\u0161eno 20 dr\u017eavljana Srbije koji su osumnji\u010deni da su imali namjeru da zauzumu institucije, pucaju po gra\u0111anima i uhapse premijera Mila \u0110ukanovi\u0107a.<\/p>\n<p>Kako Vijesti saznaju, u Skup\u0161tini je odr\u017ean sastanak Klju\u010da, SDP-a, Demokrata i DF-a koji su saglasni da se rezultat izbora ne prizna.<\/p>\n<p>Oni su usaglasili da rezultate ne treba priznati, \u201cimaju\u0107i u vidu da su ovaj izborni proces pratile takve zloupotrebe, koje su po sadr\u017eaju i broju nadma\u0161ile sve prethodne izborne procese u istoriji parlamentarizma Crne Gore\u201d.<\/p>\n<p>Tako\u0111e, Klju\u010d, SDP, DF i Demokrate saglasni su da posebno treba imati u vidu \u010dinjenicu da su pojedini mediji ve\u0107 u subotu najavili, a dr\u017eavni organi Crne Gore u nedjelju saop\u0161tili da se tokom izbornog dana desio poku\u0161aj dr\u017eavnog udara.<\/p>\n<p>\u201cJasno je, da se u atmosferi dr\u017eavnog udara na sam dan izbora ne mogu odr\u017eati slobodni, fer i po\u0161teni izbori\u201d, naveo je izvor \u201cVijesti\u201d sa sastanka.<\/p>\n<p>\u201cVijesti\u201d saznaju da opozicija insistira da nezavisna komisija u okviru koje treba uklju\u010diti i predstavnike me\u0111unarodne zajednice konstatuje i ispita sve \u010dinjenice u vezi sa navedenim dr\u017eavnim udarom i javnosti saop\u0161ti ko su izvr\u0161ioci, a ko nalogodavci ovog krivi\u010dnog djela.<\/p>\n<p>Opoziciju interesuje i za\u0161to u tom slu\u010daju nije zasijedala Vlada, Savjet za odbranu ili Savjet za nacionalnu bezbjednost, dok premijer tvrdi da je za to saznao iz medija.<\/p>\n<p>(Vijesti)<\/p>\n","protected":false},"excerpt":{"rendered":"<p>Koalicija Klju\u010d, SDP, Demokratski front i Demokrate osporava\u0107e rezultat nedjeljnih izbora, potvr\u0111eno je \u201cVijestima\u201d. Te partije dogovorile su da ne priznaju rezultat jer se na izborni dan, kako ka\u017eu, desio poku\u0161aj dr\u017eavnog udara, \u0161to je prema njima uticalo na rezultat. Ju\u010de je, na izborni dan, objavljeno da je uhap\u0161eno 20 dr\u017eavljana Srbije koji su osumnji\u010deni [&hellip;]<\/p>\n","protected":false},"author":83,"featured_media":170940,"comment_status":"open","ping_status":"open","sticky":false,"template":"","format":"standard","meta":{"footnotes":""},"categories":[398,1,397,10174,396,395,399,10173,8957],"tags":[],"class_list":{"0":"post-170936","1":"post","2":"type-post","3":"status-publish","4":"format-standard","5":"has-post-thumbnail","7":"category-rozaje","8":"category-politika","9":"category-berane","10":"category-petnjica-vase-vijesti","11":"category-bijelo_polje","12":"category-pljevlja_","13":"category-plav_","14":"category-gusinje-vase-vijesti","15":"category-vijesti-dana"},"yoast_head":"<!-- This site is optimized with the Yoast SEO Premium plugin v23.1 (Yoast SEO v24.9) - https:\/\/yoast.com\/wordpress\/plugins\/seo\/ -->\n<title>Zajedni\u010dka odluka: Opozicija ne priznaje rezultate izbora!<\/title>\n<meta name=\"robots\" content=\"index, follow, max-snippet:-1, max-image-preview:large, max-video-preview:-1\" \/>\n<link rel=\"canonical\" href=\"https:\/\/sandzakpress.net\/arhiva\/zajednicka-odluka-opozicija-ne-priznaje-rezultate-izbora\/\" \/>\n<meta property=\"og:locale\" content=\"bs_BA\" \/>\n<meta property=\"og:type\" content=\"article\" \/>\n<meta property=\"og:title\" content=\"Zajedni\u010dka odluka: Opozicija ne priznaje rezultate izbora!\" \/>\n<meta property=\"og:description\" content=\"Koalicija Klju\u010d, SDP, Demokratski front i Demokrate osporava\u0107e rezultat nedjeljnih izbora, potvr\u0111eno je \u201cVijestima\u201d. Te partije dogovorile su da ne priznaju rezultat jer se na izborni dan, kako ka\u017eu, desio poku\u0161aj dr\u017eavnog udara, \u0161to je prema njima uticalo na rezultat. Ju\u010de je, na izborni dan, objavljeno da je uhap\u0161eno 20 dr\u017eavljana Srbije koji su osumnji\u010deni [&hellip;]\" \/>\n<meta property=\"og:url\" content=\"https:\/\/sandzakpress.net\/arhiva\/zajednicka-odluka-opozicija-ne-priznaje-rezultate-izbora\/\" \/>\n<meta property=\"og:site_name\" content=\"Sand\u017eak PRESS\" \/>\n<meta property=\"article:published_time\" content=\"2016-10-18T08:15:12+00:00\" \/>\n<meta property=\"og:image\" content=\"https:\/\/sandzakpress.net\/arhiva\/wp-content\/uploads\/2016\/10\/e0cb192d3fb9e98df4ce2d9423ba63a5.jpg\" \/>\n\t<meta property=\"og:image:width\" content=\"560\" \/>\n\t<meta property=\"og:image:height\" content=\"352\" \/>\n\t<meta property=\"og:image:type\" content=\"image\/jpeg\" \/>\n<meta name=\"author\" content=\"bosniak\" \/>\n<meta name=\"twitter:card\" content=\"summary_large_image\" \/>\n<meta name=\"twitter:label1\" content=\"Written by\" \/>\n\t<meta name=\"twitter:data1\" content=\"bosniak\" \/>\n\t<meta name=\"twitter:label2\" content=\"Est. reading time\" \/>\n\t<meta name=\"twitter:data2\" content=\"1 minuta\" \/>\n<script type=\"application\/ld+json\" class=\"yoast-schema-graph\">{\"@context\":\"https:\/\/schema.org\",\"@graph\":[{\"@type\":\"Article\",\"@id\":\"https:\/\/sandzakpress.net\/arhiva\/zajednicka-odluka-opozicija-ne-priznaje-rezultate-izbora\/#article\",\"isPartOf\":{\"@id\":\"https:\/\/sandzakpress.net\/arhiva\/zajednicka-odluka-opozicija-ne-priznaje-rezultate-izbora\/\"},\"author\":{\"name\":\"bosniak\",\"@id\":\"https:\/\/sandzakpress.net\/arhiva\/#\/schema\/person\/c8baee722073534b583ea7bdb2e36c02\"},\"headline\":\"Zajedni\u010dka odluka: Opozicija ne priznaje rezultate izbora!\",\"datePublished\":\"2016-10-18T08:15:12+00:00\",\"mainEntityOfPage\":{\"@id\":\"https:\/\/sandzakpress.net\/arhiva\/zajednicka-odluka-opozicija-ne-priznaje-rezultate-izbora\/\"},\"wordCount\":302,\"commentCount\":3,\"publisher\":{\"@id\":\"https:\/\/sandzakpress.net\/arhiva\/#\/schema\/person\/6e72b67d6e51910a1117b3b483ba20bd\"},\"image\":{\"@id\":\"https:\/\/sandzakpress.net\/arhiva\/zajednicka-odluka-opozicija-ne-priznaje-rezultate-izbora\/#primaryimage\"},\"thumbnailUrl\":\"https:\/\/sandzakpress.net\/arhiva\/wp-content\/uploads\/2016\/10\/e0cb192d3fb9e98df4ce2d9423ba63a5.jpg\",\"articleSection\":[\"Ro\u017eaje\",\"Politika\",\"Berane\",\"Petnjica\",\"Bijelo Polje\",\"Pljevlja\",\"Plav\",\"Gusinje\",\"VIJESTI DANA\"],\"inLanguage\":\"bs-BA\",\"potentialAction\":[{\"@type\":\"CommentAction\",\"name\":\"Comment\",\"target\":[\"https:\/\/sandzakpress.net\/arhiva\/zajednicka-odluka-opozicija-ne-priznaje-rezultate-izbora\/#respond\"]}]},{\"@type\":\"WebPage\",\"@id\":\"https:\/\/sandzakpress.net\/arhiva\/zajednicka-odluka-opozicija-ne-priznaje-rezultate-izbora\/\",\"url\":\"https:\/\/sandzakpress.net\/arhiva\/zajednicka-odluka-opozicija-ne-priznaje-rezultate-izbora\/\",\"name\":\"Zajedni\u010dka odluka: Opozicija ne priznaje rezultate izbora!\",\"isPartOf\":{\"@id\":\"https:\/\/sandzakpress.net\/arhiva\/#website\"},\"primaryImageOfPage\":{\"@id\":\"https:\/\/sandzakpress.net\/arhiva\/zajednicka-odluka-opozicija-ne-priznaje-rezultate-izbora\/#primaryimage\"},\"image\":{\"@id\":\"https:\/\/sandzakpress.net\/arhiva\/zajednicka-odluka-opozicija-ne-priznaje-rezultate-izbora\/#primaryimage\"},\"thumbnailUrl\":\"https:\/\/sandzakpress.net\/arhiva\/wp-content\/uploads\/2016\/10\/e0cb192d3fb9e98df4ce2d9423ba63a5.jpg\",\"datePublished\":\"2016-10-18T08:15:12+00:00\",\"breadcrumb\":{\"@id\":\"https:\/\/sandzakpress.net\/arhiva\/zajednicka-odluka-opozicija-ne-priznaje-rezultate-izbora\/#breadcrumb\"},\"inLanguage\":\"bs-BA\",\"potentialAction\":[{\"@type\":\"ReadAction\",\"target\":[\"https:\/\/sandzakpress.net\/arhiva\/zajednicka-odluka-opozicija-ne-priznaje-rezultate-izbora\/\"]}]},{\"@type\":\"ImageObject\",\"inLanguage\":\"bs-BA\",\"@id\":\"https:\/\/sandzakpress.net\/arhiva\/zajednicka-odluka-opozicija-ne-priznaje-rezultate-izbora\/#primaryimage\",\"url\":\"https:\/\/sandzakpress.net\/arhiva\/wp-content\/uploads\/2016\/10\/e0cb192d3fb9e98df4ce2d9423ba63a5.jpg\",\"contentUrl\":\"https:\/\/sandzakpress.net\/arhiva\/wp-content\/uploads\/2016\/10\/e0cb192d3fb9e98df4ce2d9423ba63a5.jpg\",\"width\":560,\"height\":352},{\"@type\":\"BreadcrumbList\",\"@id\":\"https:\/\/sandzakpress.net\/arhiva\/zajednicka-odluka-opozicija-ne-priznaje-rezultate-izbora\/#breadcrumb\",\"itemListElement\":[{\"@type\":\"ListItem\",\"position\":1,\"name\":\"Home\",\"item\":\"https:\/\/sandzakpress.net\/arhiva\/\"},{\"@type\":\"ListItem\",\"position\":2,\"name\":\"Zajedni\u010dka odluka: Opozicija ne priznaje rezultate izbora!\"}]},{\"@type\":\"WebSite\",\"@id\":\"https:\/\/sandzakpress.net\/arhiva\/#website\",\"url\":\"https:\/\/sandzakpress.net\/arhiva\/\",\"name\":\"Sand\u017eak PRESS\",\"description\":\"Prve elektronske novine u Sand\u017eaku\",\"publisher\":{\"@id\":\"https:\/\/sandzakpress.net\/arhiva\/#\/schema\/person\/6e72b67d6e51910a1117b3b483ba20bd\"},\"potentialAction\":[{\"@type\":\"SearchAction\",\"target\":{\"@type\":\"EntryPoint\",\"urlTemplate\":\"https:\/\/sandzakpress.net\/arhiva\/?s={search_term_string}\"},\"query-input\":{\"@type\":\"PropertyValueSpecification\",\"valueRequired\":true,\"valueName\":\"search_term_string\"}}],\"inLanguage\":\"bs-BA\"},{\"@type\":[\"Person\",\"Organization\"],\"@id\":\"https:\/\/sandzakpress.net\/arhiva\/#\/schema\/person\/6e72b67d6e51910a1117b3b483ba20bd\",\"name\":\"Kul\",\"image\":{\"@type\":\"ImageObject\",\"inLanguage\":\"bs-BA\",\"@id\":\"https:\/\/sandzakpress.net\/arhiva\/#\/schema\/person\/image\/\",\"url\":\"https:\/\/secure.gravatar.com\/avatar\/42263f39aa27ac04c43cab85c280eb2e?s=96&d=mm&r=pg\",\"contentUrl\":\"https:\/\/secure.gravatar.com\/avatar\/42263f39aa27ac04c43cab85c280eb2e?s=96&d=mm&r=pg\",\"caption\":\"Kul\"},\"logo\":{\"@id\":\"https:\/\/sandzakpress.net\/arhiva\/#\/schema\/person\/image\/\"}},{\"@type\":\"Person\",\"@id\":\"https:\/\/sandzakpress.net\/arhiva\/#\/schema\/person\/c8baee722073534b583ea7bdb2e36c02\",\"name\":\"bosniak\",\"image\":{\"@type\":\"ImageObject\",\"inLanguage\":\"bs-BA\",\"@id\":\"https:\/\/sandzakpress.net\/arhiva\/#\/schema\/person\/image\/\",\"url\":\"https:\/\/secure.gravatar.com\/avatar\/a04fd330bfe3a36a72a0ad4a6d89fca7?s=96&d=mm&r=pg\",\"contentUrl\":\"https:\/\/secure.gravatar.com\/avatar\/a04fd330bfe3a36a72a0ad4a6d89fca7?s=96&d=mm&r=pg\",\"caption\":\"bosniak\"},\"url\":\"https:\/\/sandzakpress.net\/arhiva\/author\/bosniak\/\"}]}<\/script>\n<!-- \/ Yoast SEO Premium plugin. -->","yoast_head_json":{"title":"Zajedni\u010dka odluka: Opozicija ne priznaje rezultate izbora!","robots":{"index":"index","follow":"follow","max-snippet":"max-snippet:-1","max-image-preview":"max-image-preview:large","max-video-preview":"max-video-preview:-1"},"canonical":"https:\/\/sandzakpress.net\/arhiva\/zajednicka-odluka-opozicija-ne-priznaje-rezultate-izbora\/","og_locale":"bs_BA","og_type":"article","og_title":"Zajedni\u010dka odluka: Opozicija ne priznaje rezultate izbora!","og_description":"Koalicija Klju\u010d, SDP, Demokratski front i Demokrate osporava\u0107e rezultat nedjeljnih izbora, potvr\u0111eno je \u201cVijestima\u201d. Te partije dogovorile su da ne priznaju rezultat jer se na izborni dan, kako ka\u017eu, desio poku\u0161aj dr\u017eavnog udara, \u0161to je prema njima uticalo na rezultat. Ju\u010de je, na izborni dan, objavljeno da je uhap\u0161eno 20 dr\u017eavljana Srbije koji su osumnji\u010deni [&hellip;]","og_url":"https:\/\/sandzakpress.net\/arhiva\/zajednicka-odluka-opozicija-ne-priznaje-rezultate-izbora\/","og_site_name":"Sand\u017eak PRESS","article_published_time":"2016-10-18T08:15:12+00:00","og_image":[{"width":560,"height":352,"url":"https:\/\/sandzakpress.net\/arhiva\/wp-content\/uploads\/2016\/10\/e0cb192d3fb9e98df4ce2d9423ba63a5.jpg","type":"image\/jpeg"}],"author":"bosniak","twitter_card":"summary_large_image","twitter_misc":{"Written by":"bosniak","Est. reading time":"1 minuta"},"schema":{"@context":"https:\/\/schema.org","@graph":[{"@type":"Article","@id":"https:\/\/sandzakpress.net\/arhiva\/zajednicka-odluka-opozicija-ne-priznaje-rezultate-izbora\/#article","isPartOf":{"@id":"https:\/\/sandzakpress.net\/arhiva\/zajednicka-odluka-opozicija-ne-priznaje-rezultate-izbora\/"},"author":{"name":"bosniak","@id":"https:\/\/sandzakpress.net\/arhiva\/#\/schema\/person\/c8baee722073534b583ea7bdb2e36c02"},"headline":"Zajedni\u010dka odluka: Opozicija ne priznaje rezultate izbora!","datePublished":"2016-10-18T08:15:12+00:00","mainEntityOfPage":{"@id":"https:\/\/sandzakpress.net\/arhiva\/zajednicka-odluka-opozicija-ne-priznaje-rezultate-izbora\/"},"wordCount":302,"commentCount":3,"publisher":{"@id":"https:\/\/sandzakpress.net\/arhiva\/#\/schema\/person\/6e72b67d6e51910a1117b3b483ba20bd"},"image":{"@id":"https:\/\/sandzakpress.net\/arhiva\/zajednicka-odluka-opozicija-ne-priznaje-rezultate-izbora\/#primaryimage"},"thumbnailUrl":"https:\/\/sandzakpress.net\/arhiva\/wp-content\/uploads\/2016\/10\/e0cb192d3fb9e98df4ce2d9423ba63a5.jpg","articleSection":["Ro\u017eaje","Politika","Berane","Petnjica","Bijelo Polje","Pljevlja","Plav","Gusinje","VIJESTI DANA"],"inLanguage":"bs-BA","potentialAction":[{"@type":"CommentAction","name":"Comment","target":["https:\/\/sandzakpress.net\/arhiva\/zajednicka-odluka-opozicija-ne-priznaje-rezultate-izbora\/#respond"]}]},{"@type":"WebPage","@id":"https:\/\/sandzakpress.net\/arhiva\/zajednicka-odluka-opozicija-ne-priznaje-rezultate-izbora\/","url":"https:\/\/sandzakpress.net\/arhiva\/zajednicka-odluka-opozicija-ne-priznaje-rezultate-izbora\/","name":"Zajedni\u010dka odluka: Opozicija ne priznaje rezultate izbora!","isPartOf":{"@id":"https:\/\/sandzakpress.net\/arhiva\/#website"},"primaryImageOfPage":{"@id":"https:\/\/sandzakpress.net\/arhiva\/zajednicka-odluka-opozicija-ne-priznaje-rezultate-izbora\/#primaryimage"},"image":{"@id":"https:\/\/sandzakpress.net\/arhiva\/zajednicka-odluka-opozicija-ne-priznaje-rezultate-izbora\/#primaryimage"},"thumbnailUrl":"https:\/\/sandzakpress.net\/arhiva\/wp-content\/uploads\/2016\/10\/e0cb192d3fb9e98df4ce2d9423ba63a5.jpg","datePublished":"2016-10-18T08:15:12+00:00","breadcrumb":{"@id":"https:\/\/sandzakpress.net\/arhiva\/zajednicka-odluka-opozicija-ne-priznaje-rezultate-izbora\/#breadcrumb"},"inLanguage":"bs-BA","potentialAction":[{"@type":"ReadAction","target":["https:\/\/sandzakpress.net\/arhiva\/zajednicka-odluka-opozicija-ne-priznaje-rezultate-izbora\/"]}]},{"@type":"ImageObject","inLanguage":"bs-BA","@id":"https:\/\/sandzakpress.net\/arhiva\/zajednicka-odluka-opozicija-ne-priznaje-rezultate-izbora\/#primaryimage","url":"https:\/\/sandzakpress.net\/arhiva\/wp-content\/uploads\/2016\/10\/e0cb192d3fb9e98df4ce2d9423ba63a5.jpg","contentUrl":"https:\/\/sandzakpress.net\/arhiva\/wp-content\/uploads\/2016\/10\/e0cb192d3fb9e98df4ce2d9423ba63a5.jpg","width":560,"height":352},{"@type":"BreadcrumbList","@id":"https:\/\/sandzakpress.net\/arhiva\/zajednicka-odluka-opozicija-ne-priznaje-rezultate-izbora\/#breadcrumb","itemListElement":[{"@type":"ListItem","position":1,"name":"Home","item":"https:\/\/sandzakpress.net\/arhiva\/"},{"@type":"ListItem","position":2,"name":"Zajedni\u010dka odluka: Opozicija ne priznaje rezultate izbora!"}]},{"@type":"WebSite","@id":"https:\/\/sandzakpress.net\/arhiva\/#website","url":"https:\/\/sandzakpress.net\/arhiva\/","name":"Sand\u017eak PRESS","description":"Prve elektronske novine u Sand\u017eaku","publisher":{"@id":"https:\/\/sandzakpress.net\/arhiva\/#\/schema\/person\/6e72b67d6e51910a1117b3b483ba20bd"},"potentialAction":[{"@type":"SearchAction","target":{"@type":"EntryPoint","urlTemplate":"https:\/\/sandzakpress.net\/arhiva\/?s={search_term_string}"},"query-input":{"@type":"PropertyValueSpecification","valueRequired":true,"valueName":"search_term_string"}}],"inLanguage":"bs-BA"},{"@type":["Person","Organization"],"@id":"https:\/\/sandzakpress.net\/arhiva\/#\/schema\/person\/6e72b67d6e51910a1117b3b483ba20bd","name":"Kul","image":{"@type":"ImageObject","inLanguage":"bs-BA","@id":"https:\/\/sandzakpress.net\/arhiva\/#\/schema\/person\/image\/","url":"https:\/\/secure.gravatar.com\/avatar\/42263f39aa27ac04c43cab85c280eb2e?s=96&d=mm&r=pg","contentUrl":"https:\/\/secure.gravatar.com\/avatar\/42263f39aa27ac04c43cab85c280eb2e?s=96&d=mm&r=pg","caption":"Kul"},"logo":{"@id":"https:\/\/sandzakpress.net\/arhiva\/#\/schema\/person\/image\/"}},{"@type":"Person","@id":"https:\/\/sandzakpress.net\/arhiva\/#\/schema\/person\/c8baee722073534b583ea7bdb2e36c02","name":"bosniak","image":{"@type":"ImageObject","inLanguage":"bs-BA","@id":"https:\/\/sandzakpress.net\/arhiva\/#\/schema\/person\/image\/","url":"https:\/\/secure.gravatar.com\/avatar\/a04fd330bfe3a36a72a0ad4a6d89fca7?s=96&d=mm&r=pg","contentUrl":"https:\/\/secure.gravatar.com\/avatar\/a04fd330bfe3a36a72a0ad4a6d89fca7?s=96&d=mm&r=pg","caption":"bosniak"},"url":"https:\/\/sandzakpress.net\/arhiva\/author\/bosniak\/"}]}},"_links":{"self":[{"href":"https:\/\/sandzakpress.net\/arhiva\/wp-json\/wp\/v2\/posts\/170936"}],"collection":[{"href":"https:\/\/sandzakpress.net\/arhiva\/wp-json\/wp\/v2\/posts"}],"about":[{"href":"https:\/\/sandzakpress.net\/arhiva\/wp-json\/wp\/v2\/types\/post"}],"author":[{"embeddable":true,"href":"https:\/\/sandzakpress.net\/arhiva\/wp-json\/wp\/v2\/users\/83"}],"replies":[{"embeddable":true,"href":"https:\/\/sandzakpress.net\/arhiva\/wp-json\/wp\/v2\/comments?post=170936"}],"version-history":[{"count":0,"href":"https:\/\/sandzakpress.net\/arhiva\/wp-json\/wp\/v2\/posts\/170936\/revisions"}],"wp:featuredmedia":[{"embeddable":true,"href":"https:\/\/sandzakpress.net\/arhiva\/wp-json\/wp\/v2\/media\/170940"}],"wp:attachment":[{"href":"https:\/\/sandzakpress.net\/arhiva\/wp-json\/wp\/v2\/media?parent=170936"}],"wp:term":[{"taxonomy":"category","embeddable":true,"href":"https:\/\/sandzakpress.net\/arhiva\/wp-json\/wp\/v2\/categories?post=170936"},{"taxonomy":"post_tag","embeddable":true,"href":"https:\/\/sandzakpress.net\/arhiva\/wp-json\/wp\/v2\/tags?post=170936"}],"curies":[{"name":"wp","href":"https:\/\/api.w.org\/{rel}","templated":true}]}}